{"id":17515,"date":"2021-10-31T09:28:08","date_gmt":"2021-10-31T08:28:08","guid":{"rendered":"https:\/\/thomasvino.ch\/?p=17515"},"modified":"2021-10-31T09:28:08","modified_gmt":"2021-10-31T08:28:08","slug":"vins-de-lavaux-le-retour-de-larbalete","status":"publish","type":"post","link":"https:\/\/thomasvino.ch\/?p=17515","title":{"rendered":"Vins de Lavaux\u00a0: le retour de l\u2019arbal\u00e8te"},"content":{"rendered":"<p><strong>La <a href=\"https:\/\/thomasvino.ch\/?p=16732\">nouvelle direction du groupe Schenk<\/a> met de l\u2019ordre dans la belle endormie de Rolle. Et veut mieux profiler ses marques\u00a0: Testuz, et son embl\u00e8me, l\u2019arbal\u00e8te, est de retour \u00e0 Lavaux.<\/strong><\/p>\n<p><em>Par Pierre Thomas<\/em><\/p>\n<p>Le coup de <em>\u00abL\u2019Aigle Les Murailles\u00bb<\/em>, AOC Chablais, de Badoux, le chasselas le mieux vendu de Suisses, \u00e0 plus d\u2019un million de cols, dit-on, puis \u00abd\u00e9clin\u00e9\u00bb en rouge, ros\u00e9 et mousseux, Schenk veut le r\u00e9it\u00e9rer avec <em>\u00abLe Coup de l\u2019Etrier\u00bb<\/em>, (future) locomotive des vins de Lavaux.<\/p>\n<p><a href=\"https:\/\/thomasvino.ch\/?attachment_id=17516\" rel=\"attachment wp-att-17516\"><img data-attachment-id=\"17516\" data-permalink=\"https:\/\/thomasvino.ch\/?attachment_id=17516\" data-orig-file=\"https:\/\/i0.wp.com\/thomasvino.ch\/wp-content\/uploads\/2021\/10\/Daniel-Dufaux-\u00a9Clement-Grandjean-scaled.jpg?fit=1707%2C2560&amp;ssl=1\" data-orig-size=\"1707,2560\" data-comments-opened=\"0\" data-image-meta=\"{&quot;aperture&quot;:&quot;3.9&quot;,&quot;credit&quot;:&quot;&quot;,&quot;camera&quot;:&quot;LEICA SL (Typ 601)&quot;,&quot;caption&quot;:&quot;&quot;,&quot;created_timestamp&quot;:&quot;1617866894&quot;,&quot;copyright&quot;:&quot;&quot;,&quot;focal_length&quot;:&quot;83&quot;,&quot;iso&quot;:&quot;50&quot;,&quot;shutter_speed&quot;:&quot;0.004&quot;,&quot;title&quot;:&quot;&quot;,&quot;orientation&quot;:&quot;0&quot;}\" data-image-title=\"Daniel Dufaux \u00a9Cl\u00e9ment Grandjean\" data-image-description=\"\" data-image-caption=\"\" data-medium-file=\"https:\/\/i0.wp.com\/thomasvino.ch\/wp-content\/uploads\/2021\/10\/Daniel-Dufaux-\u00a9Clement-Grandjean-scaled.jpg?fit=200%2C300&amp;ssl=1\" data-large-file=\"https:\/\/i0.wp.com\/thomasvino.ch\/wp-content\/uploads\/2021\/10\/Daniel-Dufaux-\u00a9Clement-Grandjean-scaled.jpg?fit=683%2C1024&amp;ssl=1\" loading=\"lazy\" class=\"alignleft size-medium wp-image-17516\" src=\"https:\/\/i0.wp.com\/thomasvino.ch\/wp-content\/uploads\/2021\/10\/Daniel-Dufaux-\u00a9Clement-Grandjean.jpg?resize=200%2C300&#038;ssl=1\" alt=\"\" width=\"200\" height=\"300\" srcset=\"https:\/\/i0.wp.com\/thomasvino.ch\/wp-content\/uploads\/2021\/10\/Daniel-Dufaux-\u00a9Clement-Grandjean-scaled.jpg?resize=200%2C300&amp;ssl=1 200w, https:\/\/i0.wp.com\/thomasvino.ch\/wp-content\/uploads\/2021\/10\/Daniel-Dufaux-\u00a9Clement-Grandjean-scaled.jpg?resize=683%2C1024&amp;ssl=1 683w, https:\/\/i0.wp.com\/thomasvino.ch\/wp-content\/uploads\/2021\/10\/Daniel-Dufaux-\u00a9Clement-Grandjean-scaled.jpg?resize=768%2C1152&amp;ssl=1 768w, https:\/\/i0.wp.com\/thomasvino.ch\/wp-content\/uploads\/2021\/10\/Daniel-Dufaux-\u00a9Clement-Grandjean-scaled.jpg?resize=1024%2C1536&amp;ssl=1 1024w, https:\/\/i0.wp.com\/thomasvino.ch\/wp-content\/uploads\/2021\/10\/Daniel-Dufaux-\u00a9Clement-Grandjean-scaled.jpg?resize=1365%2C2048&amp;ssl=1 1365w, https:\/\/i0.wp.com\/thomasvino.ch\/wp-content\/uploads\/2021\/10\/Daniel-Dufaux-\u00a9Clement-Grandjean-scaled.jpg?w=1707&amp;ssl=1 1707w\" sizes=\"(max-width: 200px) 100vw, 200px\" data-recalc-dims=\"1\" \/><\/a>Propuls\u00e9 <em>\u00abdirecteur g\u00e9n\u00e9ral des op\u00e9rations\u00bb<\/em> du groupe Schenk, l\u2019\u0153nologue <strong>Daniel Dufaux<\/strong>\u00a0<em>(ci-contre)<\/em>, \u00e0 l\u2019origine du renouveau de Badoux, revient pour remonter la maison qui l\u2019a vu \u0153uvrer durant douze vendanges, \u00e0 la fin des ann\u00e9es 1990. Jadis tir\u00e9 jusqu\u2019\u00e0 300&rsquo;000 cols, quand l\u2019ap\u00e9ritif au chasselas vaudois \u00e9tait encore la r\u00e8gle, <em>\u00abLe Coup de l\u2019Etrier\u00bb<\/em>, AOC Lavaux, refait surface. Ensemble, les ventes de tous les vins de Testuz, repris via le Veveysan Obrist, autre enseigne du groupe, en 2015, ne totalisent plus que 100&rsquo;000 bouteilles&#8230; D\u00e9sormais, le groupe rollois vise la Suisse al\u00e9manique, comme pour Badoux, qui y \u00e9coule 70% de ses vins. Une vaste campagne d\u2019affichage \u2014 pr\u00e8s de 500 panneaux \u2014, au d\u00e9but de l\u2019hiver, remettra en avant la fameuse arbal\u00e8te, l\u2019embl\u00e8me de la marque, assortie de la date de1538, dans les villes al\u00e9maniques. Une nouvelle structure de vente s\u2019adressera au secteur Horeca.<\/p>\n<p><strong>Une \u00abmarque\u00bb de Lavaux<\/strong><\/p>\n<p>Fils d\u2019h\u00f4telier de Montreux, pass\u00e9 notamment par le commerce en ligne en Russie, le directeur g\u00e9n\u00e9ral du groupe, <strong>Bernard Lukey<\/strong>, insiste sur le recentrage des vins sur le <em>\u00abc\u0153ur de Lavaux\u00bb<\/em>. L\u2019encavage de Treytorrens-en-D\u00e9zaley va \u00eatre modernis\u00e9. C\u2019est l\u00e0 qu\u2019un jeune \u0153nologue, <strong>Lionel Chevalley<\/strong>, pr\u00e9sident du Caveau des vignerons de Chardonne, jusqu\u2019ici chez Obrist, va se d\u00e9dier aux vins de Testuz. Hormis <em>\u00abLe Coup de l\u2019Etrier\u00bb<\/em>, un <em>\u00abcarr\u00e9 magique\u00bb<\/em> comprend les deux AOC Grand Cru, D\u00e9zaley, avec <em>\u00abL\u2019Arbal\u00e8te\u00bb<\/em>, et Calamin, avec <em>\u00abLe Puin\u00e9\u00bb<\/em>, puis un Epesses grand cru, <em>\u00abLe Cent-Suisse\u00bb<\/em> (<strong>Bernard Lukey<\/strong> en fut un \u00e0 la derni\u00e8re F\u00eate des vignerons&#8230;), et le Saint-Saphorin, AOC Lavaux, <em>\u00abRoche Ronde\u00bb<\/em>.<\/p>\n<p>Venu il y a un an des groupes Pernod-Ricard et LVMH, le fils de vigneron lig\u00e9rien <strong>Christophe Chauvet,<\/strong> nomm\u00e9 directeur g\u00e9n\u00e9ral des marques et domaines du groupe Schenk, s\u2019extasie devant le <em>\u00abstorytelling\u00bb<\/em> li\u00e9s aux terrasses de Lavaux. Et n\u2019exclut pas d\u2019affiner encore <em>\u00abdu parcellaire de parcellaire\u00bb<\/em>, pour proposer des vins de haut de gamme \u00e0 base de chasselas. D\u00e9j\u00e0, <em>\u00abLe Coup de l\u2019Etrier\u00bb<\/em>, comme <em>\u00abLes Murailles\u00bb<\/em>, est propos\u00e9 en assemblage rouge et en ros\u00e9, pour accentuer l\u2019effet de marque.<\/p>\n<p><strong>Chantiers bloqu\u00e9&#8230; et d\u00e9bloqu\u00e9<\/strong><\/p>\n<p>Les travaux \u00e0 Treytorrens sont conditionn\u00e9s par l\u2019avancement du chantier des b\u00e2timents voisins, ex-Testuz, dont les plans de l\u2019entrepreneur Orllati sont contest\u00e9s au Tribunal f\u00e9d\u00e9ral par Helvetia Nostra, dans le droit fil de feu Franz Weber et de <em>\u00abSauver Lavaux\u00bb<\/em> (fond\u00e9 il y a 50 ans l\u2019an prochain). Dans ce projet, qui comprend un h\u00f4tel, un restaurant et des locaux commerciaux, Schenk se verrait bien am\u00e9nager une <em>\u00abTestuzth\u00e8que\u00bb<\/em>, sur le mod\u00e8le de la Badouxth\u00e8que, au pied du coteau d\u2019Yvorne, \u00e0 l\u2019entr\u00e9e d\u2019Aigle. Ces deux lieux de production, r\u00e9nov\u00e9s et r\u00e9am\u00e9nag\u00e9s, serviront de d\u00e9gagement lors de la construction de <em>\u00abCit\u00e9 du vin\u00bb<\/em> \u00e0 Rolle. Redimensionn\u00e9, avec un impact r\u00e9duit sur l\u2019environnement, le nouveau projet de r\u00e9am\u00e9nagement complet des installations rolloises n\u2019a, lui, rencontr\u00e9 aucune opposition, de sorte que ce vaste chantier devrait d\u00e9marrer au printemps 2022, pour plus de deux ans de travaux.<\/p>\n<p><a href=\"https:\/\/thomasvino.ch\/?attachment_id=17518\" rel=\"attachment wp-att-17518\"><img data-attachment-id=\"17518\" data-permalink=\"https:\/\/thomasvino.ch\/?attachment_id=17518\" data-orig-file=\"https:\/\/i0.wp.com\/thomasvino.ch\/wp-content\/uploads\/2021\/10\/Lavaux-photo4.jpg?fit=997%2C663&amp;ssl=1\" data-orig-size=\"997,663\" data-comments-opened=\"0\" data-image-meta=\"{&quot;aperture&quot;:&quot;3.5&quot;,&quot;credit&quot;:&quot;&quot;,&quot;camera&quot;:&quot;DSC-R1&quot;,&quot;caption&quot;:&quot;&quot;,&quot;created_timestamp&quot;:&quot;1161883870&quot;,&quot;copyright&quot;:&quot;&quot;,&quot;focal_length&quot;:&quot;14.3&quot;,&quot;iso&quot;:&quot;160&quot;,&quot;shutter_speed&quot;:&quot;0.004&quot;,&quot;title&quot;:&quot;&quot;,&quot;orientation&quot;:&quot;1&quot;}\" data-image-title=\"Lavaux photo4\" data-image-description=\"\" data-image-caption=\"\" data-medium-file=\"https:\/\/i0.wp.com\/thomasvino.ch\/wp-content\/uploads\/2021\/10\/Lavaux-photo4.jpg?fit=300%2C199&amp;ssl=1\" data-large-file=\"https:\/\/i0.wp.com\/thomasvino.ch\/wp-content\/uploads\/2021\/10\/Lavaux-photo4.jpg?fit=997%2C663&amp;ssl=1\" loading=\"lazy\" class=\"aligncenter size-medium wp-image-17518\" src=\"https:\/\/i0.wp.com\/thomasvino.ch\/wp-content\/uploads\/2021\/10\/Lavaux-photo4.jpg?resize=300%2C199&#038;ssl=1\" alt=\"\" width=\"300\" height=\"199\" srcset=\"https:\/\/i0.wp.com\/thomasvino.ch\/wp-content\/uploads\/2021\/10\/Lavaux-photo4.jpg?resize=300%2C199&amp;ssl=1 300w, https:\/\/i0.wp.com\/thomasvino.ch\/wp-content\/uploads\/2021\/10\/Lavaux-photo4.jpg?resize=768%2C511&amp;ssl=1 768w, https:\/\/i0.wp.com\/thomasvino.ch\/wp-content\/uploads\/2021\/10\/Lavaux-photo4.jpg?resize=207%2C136&amp;ssl=1 207w, https:\/\/i0.wp.com\/thomasvino.ch\/wp-content\/uploads\/2021\/10\/Lavaux-photo4.jpg?resize=140%2C94&amp;ssl=1 140w, https:\/\/i0.wp.com\/thomasvino.ch\/wp-content\/uploads\/2021\/10\/Lavaux-photo4.jpg?w=997&amp;ssl=1 997w\" sizes=\"(max-width: 300px) 100vw, 300px\" data-recalc-dims=\"1\" \/><\/a><\/p>\n<p><strong>Lavaux et le \u00abmod\u00e8le vaudois\u00bb<\/strong><\/p>\n<p>Ces (bonnes) nouvelles, salu\u00e9es comme telles tant par <strong>Blaise Duboux<\/strong>, au nom des vignerons de Lavaux, que par <strong>Vincent Bailly<\/strong>, nouveau directeur du tout r\u00e9cent <em>\u00abcentre d\u2019interpr\u00e9tation\u00bb<\/em> du site Lavaux, inscrit au Patrimoine mondial de l\u2019UNESCO depuis 2007, inaugur\u00e9 fin ao\u00fbt dans la magnifique maison Buttin-de-Lo\u00ebs, \u00e0 Grandvaux, devraient avoir des r\u00e9percussions positives pour les vignerons. En effet, la maison rolloise n\u2019est propri\u00e9taire que d\u2019une quinzaine d\u2019hectares \u00e0 Lavaux (sur les 736 ha de Pully \u00e0 Veytaux). Elle ach\u00e8tera donc du raisin \u00e0 une quarantaine de fournisseurs, \u00e0 un prix inconnu \u00e0 ce jour, et en fonction du succ\u00e8s de la relance de Testuz. Ce printemps, avant un mill\u00e9sime jug\u00e9 calamiteux, alignant gel, gr\u00eale et mildiou, les vignerons de Lavaux avaient refus\u00e9 les \u00abprix indicatifs\u00bb avanc\u00e9s par le groupement des gros acheteurs, le GENAL. Les projets de Schenk au c\u0153ur de Lavaux tendent \u00e0 p\u00e9renniser le <em>\u00abmod\u00e8le vaudois\u00bb<\/em> de la possibilit\u00e9 d\u2019une vente, par les vignerons-encaveurs, d\u2019une partie de leur r\u00e9colte pour assurer du <em>\u00abcash\u00bb<\/em>. Testuz, qui vise la qualit\u00e9 par le contr\u00f4le de la mati\u00e8re premi\u00e8re, privil\u00e9giera l\u2019achat en raisin (et non en mo\u00fbt ou en vin), \u00e0 des <em>\u00abvignerons partenaires\u00bb<\/em> dans la perspective d\u2019un passage \u00e0 une viticulture bio pour l\u2019ensemble du groupe Schenk. <em>\u00abA l\u2019horizon 2030\u00bb<\/em>, a pr\u00e9cis\u00e9 le nouveau directeur g\u00e9n\u00e9ral de Testuz, <strong>Daniel Dufaux<\/strong>. Avec quelques b\u00e9mols pragmatiques sur la nature de cette viticulture en bio, quitte \u00e0 annexer le label IP, qui veut se donner, via Vinatura, une sorte de HVE (\u00abhaute valeur environnementale\u00bb) \u00e0 la suisse, sans craindre le m\u00e9lange des genres&#8230;<\/p>\n<p><em>Version \u00e9lectronique d&rsquo;un article paru dans <\/em>H\u00f4tellerie &amp; Gastronomie Hebdo<em> du 27.10.2021.<\/em><\/p>\n<p>&nbsp;<\/p>\n","protected":false},"excerpt":{"rendered":"<p>La nouvelle direction du groupe Schenk met de l\u2019ordre dans la belle endormie de Rolle. Et veut mieux profiler ses marques\u00a0: Testuz, et son embl\u00e8me, l\u2019arbal\u00e8te, est de retour \u00e0 Lavaux. Par Pierre Thomas Le coup de \u00abL\u2019Aigle Les Murailles\u00bb, AOC Chablais, de Badoux, le chasselas le mieux vendu de Suisses, \u00e0 plus d\u2019un million [&hellip;]<\/p>\n","protected":false},"author":3,"featured_media":0,"comment_status":"closed","ping_status":"open","sticky":false,"template":"","format":"standard","meta":{"_monsterinsights_skip_tracking":false,"_monsterinsights_sitenote_active":false,"_monsterinsights_sitenote_note":"","_monsterinsights_sitenote_category":0,"jetpack_post_was_ever_published":false,"jetpack_publicize_message":"","jetpack_is_tweetstorm":false,"jetpack_publicize_feature_enabled":true,"jetpack_social_post_already_shared":true,"jetpack_social_options":{"image_generator_settings":{"template":"highway","enabled":false}}},"categories":[29],"tags":[],"jetpack_publicize_connections":[],"yoast_head":"<!-- This site is optimized with the Yoast SEO plugin v20.6 - https:\/\/yoast.com\/wordpress\/plugins\/seo\/ -->\n<title>Vins de Lavaux\u00a0: le retour de l\u2019arbal\u00e8te - thomasvino<\/title>\n<meta name=\"robots\" content=\"index, follow, max-snippet:-1, max-image-preview:large, max-video-preview:-1\" \/>\n<link rel=\"canonical\" href=\"https:\/\/thomasvino.ch\/?p=17515\" \/>\n<meta property=\"og:locale\" content=\"fr_FR\" \/>\n<meta property=\"og:type\" content=\"article\" \/>\n<meta property=\"og:title\" content=\"Vins de Lavaux\u00a0: le retour de l\u2019arbal\u00e8te - thomasvino\" \/>\n<meta property=\"og:description\" content=\"La nouvelle direction du groupe Schenk met de l\u2019ordre dans la belle endormie de Rolle. Et veut mieux profiler ses marques\u00a0: Testuz, et son embl\u00e8me, l\u2019arbal\u00e8te, est de retour \u00e0 Lavaux. Par Pierre Thomas Le coup de \u00abL\u2019Aigle Les Murailles\u00bb, AOC Chablais, de Badoux, le chasselas le mieux vendu de Suisses, \u00e0 plus d\u2019un million [&hellip;]\" \/>\n<meta property=\"og:url\" content=\"https:\/\/thomasvino.ch\/?p=17515\" \/>\n<meta property=\"og:site_name\" content=\"thomasvino\" \/>\n<meta property=\"article:published_time\" content=\"2021-10-31T08:28:08+00:00\" \/>\n<meta property=\"og:image\" content=\"https:\/\/thomasvino.ch\/wp-content\/uploads\/2021\/10\/Lavaux-photo4-300x199.jpg\" \/>\n<meta name=\"author\" content=\"Pierre Thomas\" \/>\n<meta name=\"twitter:label1\" content=\"\u00c9crit par\" \/>\n\t<meta name=\"twitter:data1\" content=\"Pierre Thomas\" \/>\n\t<meta name=\"twitter:label2\" content=\"Dur\u00e9e de lecture estim\u00e9e\" \/>\n\t<meta name=\"twitter:data2\" content=\"5 minutes\" \/>\n<script type=\"application\/ld+json\" class=\"yoast-schema-graph\">{\"@context\":\"https:\/\/schema.org\",\"@graph\":[{\"@type\":\"WebPage\",\"@id\":\"https:\/\/thomasvino.ch\/?p=17515\",\"url\":\"https:\/\/thomasvino.ch\/?p=17515\",\"name\":\"Vins de Lavaux\u00a0: le retour de l\u2019arbal\u00e8te - thomasvino\",\"isPartOf\":{\"@id\":\"https:\/\/thomasvino.ch\/#website\"},\"datePublished\":\"2021-10-31T08:28:08+00:00\",\"dateModified\":\"2021-10-31T08:28:08+00:00\",\"author\":{\"@id\":\"https:\/\/thomasvino.ch\/#\/schema\/person\/670bf4486fe81152cf1d68bd585e062e\"},\"breadcrumb\":{\"@id\":\"https:\/\/thomasvino.ch\/?p=17515#breadcrumb\"},\"inLanguage\":\"fr-FR\",\"potentialAction\":[{\"@type\":\"ReadAction\",\"target\":[\"https:\/\/thomasvino.ch\/?p=17515\"]}]},{\"@type\":\"BreadcrumbList\",\"@id\":\"https:\/\/thomasvino.ch\/?p=17515#breadcrumb\",\"itemListElement\":[{\"@type\":\"ListItem\",\"position\":1,\"name\":\"Accueil\",\"item\":\"https:\/\/thomasvino.ch\/\"},{\"@type\":\"ListItem\",\"position\":2,\"name\":\"Vins de Lavaux\u00a0: le retour de l\u2019arbal\u00e8te\"}]},{\"@type\":\"WebSite\",\"@id\":\"https:\/\/thomasvino.ch\/#website\",\"url\":\"https:\/\/thomasvino.ch\/\",\"name\":\"thomasvino\",\"description\":\"Vins &amp; Gastronomie\",\"potentialAction\":[{\"@type\":\"SearchAction\",\"target\":{\"@type\":\"EntryPoint\",\"urlTemplate\":\"https:\/\/thomasvino.ch\/?s={search_term_string}\"},\"query-input\":\"required name=search_term_string\"}],\"inLanguage\":\"fr-FR\"},{\"@type\":\"Person\",\"@id\":\"https:\/\/thomasvino.ch\/#\/schema\/person\/670bf4486fe81152cf1d68bd585e062e\",\"name\":\"Pierre Thomas\",\"image\":{\"@type\":\"ImageObject\",\"inLanguage\":\"fr-FR\",\"@id\":\"https:\/\/thomasvino.ch\/#\/schema\/person\/image\/\",\"url\":\"https:\/\/secure.gravatar.com\/avatar\/91fd5a76647f140e53db987a0dead4d7?s=96&d=mm&r=g\",\"contentUrl\":\"https:\/\/secure.gravatar.com\/avatar\/91fd5a76647f140e53db987a0dead4d7?s=96&d=mm&r=g\",\"caption\":\"Pierre Thomas\"},\"url\":\"https:\/\/thomasvino.ch\/?author=3\"}]}<\/script>\n<!-- \/ Yoast SEO plugin. -->","yoast_head_json":{"title":"Vins de Lavaux\u00a0: le retour de l\u2019arbal\u00e8te - thomasvino","robots":{"index":"index","follow":"follow","max-snippet":"max-snippet:-1","max-image-preview":"max-image-preview:large","max-video-preview":"max-video-preview:-1"},"canonical":"https:\/\/thomasvino.ch\/?p=17515","og_locale":"fr_FR","og_type":"article","og_title":"Vins de Lavaux\u00a0: le retour de l\u2019arbal\u00e8te - thomasvino","og_description":"La nouvelle direction du groupe Schenk met de l\u2019ordre dans la belle endormie de Rolle. Et veut mieux profiler ses marques\u00a0: Testuz, et son embl\u00e8me, l\u2019arbal\u00e8te, est de retour \u00e0 Lavaux. Par Pierre Thomas Le coup de \u00abL\u2019Aigle Les Murailles\u00bb, AOC Chablais, de Badoux, le chasselas le mieux vendu de Suisses, \u00e0 plus d\u2019un million [&hellip;]","og_url":"https:\/\/thomasvino.ch\/?p=17515","og_site_name":"thomasvino","article_published_time":"2021-10-31T08:28:08+00:00","og_image":[{"url":"https:\/\/thomasvino.ch\/wp-content\/uploads\/2021\/10\/Lavaux-photo4-300x199.jpg"}],"author":"Pierre Thomas","twitter_misc":{"\u00c9crit par":"Pierre Thomas","Dur\u00e9e de lecture estim\u00e9e":"5 minutes"},"schema":{"@context":"https:\/\/schema.org","@graph":[{"@type":"WebPage","@id":"https:\/\/thomasvino.ch\/?p=17515","url":"https:\/\/thomasvino.ch\/?p=17515","name":"Vins de Lavaux\u00a0: le retour de l\u2019arbal\u00e8te - thomasvino","isPartOf":{"@id":"https:\/\/thomasvino.ch\/#website"},"datePublished":"2021-10-31T08:28:08+00:00","dateModified":"2021-10-31T08:28:08+00:00","author":{"@id":"https:\/\/thomasvino.ch\/#\/schema\/person\/670bf4486fe81152cf1d68bd585e062e"},"breadcrumb":{"@id":"https:\/\/thomasvino.ch\/?p=17515#breadcrumb"},"inLanguage":"fr-FR","potentialAction":[{"@type":"ReadAction","target":["https:\/\/thomasvino.ch\/?p=17515"]}]},{"@type":"BreadcrumbList","@id":"https:\/\/thomasvino.ch\/?p=17515#breadcrumb","itemListElement":[{"@type":"ListItem","position":1,"name":"Accueil","item":"https:\/\/thomasvino.ch\/"},{"@type":"ListItem","position":2,"name":"Vins de Lavaux\u00a0: le retour de l\u2019arbal\u00e8te"}]},{"@type":"WebSite","@id":"https:\/\/thomasvino.ch\/#website","url":"https:\/\/thomasvino.ch\/","name":"thomasvino","description":"Vins &amp; Gastronomie","potentialAction":[{"@type":"SearchAction","target":{"@type":"EntryPoint","urlTemplate":"https:\/\/thomasvino.ch\/?s={search_term_string}"},"query-input":"required name=search_term_string"}],"inLanguage":"fr-FR"},{"@type":"Person","@id":"https:\/\/thomasvino.ch\/#\/schema\/person\/670bf4486fe81152cf1d68bd585e062e","name":"Pierre Thomas","image":{"@type":"ImageObject","inLanguage":"fr-FR","@id":"https:\/\/thomasvino.ch\/#\/schema\/person\/image\/","url":"https:\/\/secure.gravatar.com\/avatar\/91fd5a76647f140e53db987a0dead4d7?s=96&d=mm&r=g","contentUrl":"https:\/\/secure.gravatar.com\/avatar\/91fd5a76647f140e53db987a0dead4d7?s=96&d=mm&r=g","caption":"Pierre Thomas"},"url":"https:\/\/thomasvino.ch\/?author=3"}]}},"jetpack_featured_media_url":"","jetpack_sharing_enabled":true,"jetpack_shortlink":"https:\/\/wp.me\/p3m4tZ-4yv","jetpack_likes_enabled":false,"jetpack-related-posts":[{"id":12914,"url":"https:\/\/thomasvino.ch\/?p=12914","url_meta":{"origin":17515,"position":0},"title":"Schenk vole au secours de Testuz","date":"30 juillet 2015","format":false,"excerpt":"Il n'y aura pas de faillite de Jean & Pierre Testuz SA, \u00e0 Treytorrens, comme le redoutait le milieu vitivinicole de Lavaux. Obrist SA, \u00e0 Vevey, soci\u00e9t\u00e9 de la galaxie familiale Schenk SA \u00e0 Rolle, reprend les activit\u00e9s, l'immeuble et les marques de la soci\u00e9t\u00e9 anonyme Testuz. Un communiqu\u00e9, dat\u00e9\u2026","rel":"","context":"Dans &quot;Actus - News&quot;","img":{"alt_text":"","src":"","width":0,"height":0},"classes":[]},{"id":8766,"url":"https:\/\/thomasvino.ch\/?p=8766","url_meta":{"origin":17515,"position":1},"title":"Vaud \u2014 Le retour de l&rsquo;arbal\u00e8te en Lavaux","date":"31 juillet 2008","format":false,"excerpt":"Testuz \u00e0 Treytorrens en D\u00e9zaley Le retour de l\u2019arbal\u00e8te Gr\u00e2ce \u00e0 ses marques populaires, Testuz veut rester un fleuron \u2014 ind\u00e9pendant \u2014 du vignoble vaudois. Le point avec son nouveau directeur (valaisan) Tobias Mathier. (Le 8 avril 2015, annon\u00e7ait 24 Heures, Tobias Mathier \u00e9tait licenci\u00e9 avec effet imm\u00e9diat et suspendu\u2026","rel":"","context":"Dans &quot;Vins suisses&quot;","img":{"alt_text":"","src":"","width":0,"height":0},"classes":[]},{"id":13302,"url":"https:\/\/thomasvino.ch\/?p=13302","url_meta":{"origin":17515,"position":2},"title":"Badoux et Provins: pros de l&rsquo;\u0153no promus","date":"5 janvier 2016","format":false,"excerpt":"C'est l'\u0153nologue maison, Daniel Dufaux, 52 ans, qui succ\u00e8de, chez Badoux, \u00e0 Aigle, au directeur Kurt Egli, plus de 40 ans dans la maison, mais depuis 7 ans directeur. Chez Provins, l'\u0153nologue valaisan Marc-Andr\u00e9 Devanth\u00e9ry, 48 ans, acc\u00e8de \u00e0 la direction technique, apr\u00e8s le d\u00e9part abrupt\u00a0l'\u00e9t\u00e9 dernier du Valaisan G\u00e9rald\u2026","rel":"","context":"Dans &quot;Actus - News&quot;","img":{"alt_text":"","src":"","width":0,"height":0},"classes":[]},{"id":16732,"url":"https:\/\/thomasvino.ch\/?p=16732","url_meta":{"origin":17515,"position":3},"title":"Promotions et nouvelles priorit\u00e9s chez Schenk \u00e0 Rolle","date":"11 juillet 2020","format":false,"excerpt":"A son si\u00e8ge de Rolle et dans ses soci\u00e9t\u00e9s vaudoises filles, le groupe vitivinicole a proc\u00e9d\u00e9 \u00e0 plusieurs changements, nous explique le pr\u00e9sident de la direction g\u00e9n\u00e9rale de Schenk Holding SA depuis septembre 2019, apr\u00e8s avoir \u00e9t\u00e9 membre du conseil d\u2019administration pendant un an, Bernard Lukey, et le directeur g\u00e9n\u00e9ral\u2026","rel":"","context":"Dans &quot;Actus - News&quot;","img":{"alt_text":"","src":"","width":0,"height":0},"classes":[]},{"id":12068,"url":"https:\/\/thomasvino.ch\/?p=12068","url_meta":{"origin":17515,"position":4},"title":"Mondial du Chasselas 2014  La surprise vient du Vully","date":"4 juillet 2014","format":false,"excerpt":"Quel est le meilleur chasselas du monde \u2014 n'ayons pas peur des mots? Un vin du Vully (fribourgeois), le Chasselas S\u00e9lection 2013 du Domaine Chervet, \u00e0 Praz. Ainsi en a d\u00e9cid\u00e9 une des tables des 71 jur\u00e9s (dont 35 non Suisses) qui ont d\u00e9gust\u00e9, les 13 et 14 juin 2014,\u2026","rel":"","context":"Dans &quot;Vins suisses&quot;","img":{"alt_text":"","src":"","width":0,"height":0},"classes":[]},{"id":12668,"url":"https:\/\/thomasvino.ch\/?p=12668","url_meta":{"origin":17515,"position":5},"title":"Chapoutier-Vaucher \u00e0 l\u2019EHL sur fond d&rsquo;AOC f\u00e9d\u00e9rale","date":"29 mars 2015","format":false,"excerpt":"En lever de rideau de la comp\u00e9tition inter-\u00e9coles We Wine 2015, \u00e0 l\u2019Ecole h\u00f4teli\u00e8re de Lausanne, l\u2019Office des vins vaudois avait invit\u00e9, samedi 28 mars, deux personnalit\u00e9s du monde du vin \u00e0 casquettes multiples\u00a0: le Rhodanien Michel Chapoutier et le Vaudois Jean-Claude Vaucher. Quelques pistes d\u2019un d\u00e9bat technico-\u00e9conomico-politique autour des\u2026","rel":"","context":"Dans &quot;Vins suisses&quot;","img":{"alt_text":"","src":"https:\/\/i0.wp.com\/www.thomasvino.ch\/wp-content\/uploads\/2015\/03\/site_Vaucher_Chapoutier-300x200.jpg?resize=350%2C200","width":350,"height":200},"classes":[]}],"_links":{"self":[{"href":"https:\/\/thomasvino.ch\/index.php?rest_route=\/wp\/v2\/posts\/17515"}],"collection":[{"href":"https:\/\/thomasvino.ch\/index.php?rest_route=\/wp\/v2\/posts"}],"about":[{"href":"https:\/\/thomasvino.ch\/index.php?rest_route=\/wp\/v2\/types\/post"}],"author":[{"embeddable":true,"href":"https:\/\/thomasvino.ch\/index.php?rest_route=\/wp\/v2\/users\/3"}],"replies":[{"embeddable":true,"href":"https:\/\/thomasvino.ch\/index.php?rest_route=%2Fwp%2Fv2%2Fcomments&post=17515"}],"version-history":[{"count":2,"href":"https:\/\/thomasvino.ch\/index.php?rest_route=\/wp\/v2\/posts\/17515\/revisions"}],"predecessor-version":[{"id":17519,"href":"https:\/\/thomasvino.ch\/index.php?rest_route=\/wp\/v2\/posts\/17515\/revisions\/17519"}],"wp:attachment":[{"href":"https:\/\/thomasvino.ch\/index.php?rest_route=%2Fwp%2Fv2%2Fmedia&parent=17515"}],"wp:term":[{"taxonomy":"category","embeddable":true,"href":"https:\/\/thomasvino.ch\/index.php?rest_route=%2Fwp%2Fv2%2Fcategories&post=17515"},{"taxonomy":"post_tag","embeddable":true,"href":"https:\/\/thomasvino.ch\/index.php?rest_route=%2Fwp%2Fv2%2Ftags&post=17515"}],"curies":[{"name":"wp","href":"https:\/\/api.w.org\/{rel}","templated":true}]}}