{"id":17580,"date":"2021-11-22T17:19:58","date_gmt":"2021-11-22T16:19:58","guid":{"rendered":"https:\/\/thomasvino.ch\/?p=17580"},"modified":"2021-11-22T17:40:52","modified_gmt":"2021-11-22T16:40:52","slug":"le-clos-du-chatelard-2020-vin-2022-du-conseil-detat-vaudois","status":"publish","type":"post","link":"https:\/\/thomasvino.ch\/?p=17580","title":{"rendered":"Le  Clos du Ch\u00e2telard 2020, vin 2022 du Conseil d\u2019Etat vaudois"},"content":{"rendered":"<p><strong>C\u2019est le Clos du Ch\u00e2telard 2020, perch\u00e9 au-dessus de Villeneuve, 1<sup>er<\/sup> Grand Cru en AOC Chablais, qui a \u00e9t\u00e9 d\u00e9sign\u00e9 par le Conseil d\u2019Etat, d\u00e9but novembre, comme \u00abvin officiel 2022\u00bb de l&rsquo;Etat de Vaud. Il sera accompagn\u00e9 d\u2019un gruy\u00e8re AOP du Jura vaudois, de Vincent Tyrode, \u00e0 L\u2019Auberson.<\/strong><\/p>\n<p>Les sept ministres n\u2019ont pas eu \u00e0 d\u00e9guster les 21 vins d\u00fbment certifi\u00e9s 1ers grands crus, ni les 15 gruy\u00e8res ayant obtenu 19\/20 au moins dans la taxation\u00a0: des fonctionnaires z\u00e9l\u00e9s avaient d\u00e9blay\u00e9 le terrain, c\u00f4t\u00e9 vin et fromage, en restreignant le choix \u00e0 trois \u00e9chantillons.<\/p>\n<p>On ignore ainsi de quels deux autres 1<sup>er<\/sup> GC le Clos du Ch\u00e2telard 2020 a triomph\u00e9, sachant que <strong><a href=\"https:\/\/thomasvino.ch\/?p=17576\">Lavaux s\u2019est largement impos\u00e9<\/a> <\/strong>en mati\u00e8re de chasselas vaudois, cette ann\u00e9e&#8230; Ce Clos appartient \u00e0 Hammel, dont le patron, <strong>Charles Rolaz,<\/strong> ne propose pas seulement de remarquables vins rouges, comme la <em>Cuv\u00e9e Charles-Auguste <\/em>(un assemblage rouge de La C\u00f4te \u00e0 majorit\u00e9 de syrah), figurant \u00e0 la <em>M\u00e9moire des vins suisses<\/em> (que le Rollois a pr\u00e9sid\u00e9e&#8230;), ou ce marselan, <strong><a href=\"https:\/\/thomasvino.ch\/?p=17571\">pr\u00e9sent\u00e9 r\u00e9cemment<\/a><\/strong>, mais aussi des chasselas, de La C\u00f4te \u00e0 Yvorne, en passant par Lavaux et le reste du Chablais.<\/p>\n<p>Si l&rsquo;Office des vins vaudois (OVV) ne va pas avec ses 1ers Grands Crus au Swiss Wine Tasting, <strong>Hammel<\/strong> sera \u00e0 la d\u00e9gustation du <em><strong>tr\u00e9sor de la M\u00e9moire des vins suisses, de 14 \u00e0 18 h, dimanche 28 novembre, et le lendemain, lundi 29, de 11 h. \u00e0 19 h. 30 au Swiss Wine Tasting, tous deux au Kongresshaus de Zurich.<\/strong><\/em><\/p>\n<p>Quant \u00e0 la fromagerie de <strong>Vincent Tyrode<\/strong>, \u00e0 L\u2019Auberson, elle ne produit pas que du gruy\u00e8re, non plus, mais un excellent vacherin Mont-d\u2019Or, fabriqu\u00e9 dans des conditions modernes. On avait pu le constater il y a quelques ann\u00e9es, pour <strong><a href=\"https:\/\/thomasvino.ch\/?p=11050\">un reportage<\/a><\/strong> paru dans le quotidien fribourgeois <em>La Libert\u00e9<\/em>.<\/p>\n<p><em>\u00a9thomasvino.ch<\/em><\/p>\n","protected":false},"excerpt":{"rendered":"<p>C\u2019est le Clos du Ch\u00e2telard 2020, perch\u00e9 au-dessus de Villeneuve, 1er Grand Cru en AOC Chablais, qui a \u00e9t\u00e9 d\u00e9sign\u00e9 par le Conseil d\u2019Etat, d\u00e9but novembre, comme \u00abvin officiel 2022\u00bb de l&rsquo;Etat de Vaud. Il sera accompagn\u00e9 d\u2019un gruy\u00e8re AOP du Jura vaudois, de Vincent Tyrode, \u00e0 L\u2019Auberson. Les sept ministres n\u2019ont pas eu \u00e0 [&hellip;]<\/p>\n","protected":false},"author":3,"featured_media":0,"comment_status":"closed","ping_status":"open","sticky":false,"template":"","format":"standard","meta":{"_monsterinsights_skip_tracking":false,"_monsterinsights_sitenote_active":false,"_monsterinsights_sitenote_note":"","_monsterinsights_sitenote_category":0,"jetpack_post_was_ever_published":false,"jetpack_publicize_message":"","jetpack_is_tweetstorm":false,"jetpack_publicize_feature_enabled":true,"jetpack_social_post_already_shared":true,"jetpack_social_options":{"image_generator_settings":{"template":"highway","enabled":false}}},"categories":[15],"tags":[],"jetpack_publicize_connections":[],"yoast_head":"<!-- This site is optimized with the Yoast SEO plugin v20.6 - https:\/\/yoast.com\/wordpress\/plugins\/seo\/ -->\n<title>Le Clos du Ch\u00e2telard 2020, vin 2022 du Conseil d\u2019Etat vaudois - thomasvino<\/title>\n<meta name=\"robots\" content=\"index, follow, max-snippet:-1, max-image-preview:large, max-video-preview:-1\" \/>\n<link rel=\"canonical\" href=\"https:\/\/thomasvino.ch\/?p=17580\" \/>\n<meta property=\"og:locale\" content=\"fr_FR\" \/>\n<meta property=\"og:type\" content=\"article\" \/>\n<meta property=\"og:title\" content=\"Le Clos du Ch\u00e2telard 2020, vin 2022 du Conseil d\u2019Etat vaudois - thomasvino\" \/>\n<meta property=\"og:description\" content=\"C\u2019est le Clos du Ch\u00e2telard 2020, perch\u00e9 au-dessus de Villeneuve, 1er Grand Cru en AOC Chablais, qui a \u00e9t\u00e9 d\u00e9sign\u00e9 par le Conseil d\u2019Etat, d\u00e9but novembre, comme \u00abvin officiel 2022\u00bb de l&rsquo;Etat de Vaud. Il sera accompagn\u00e9 d\u2019un gruy\u00e8re AOP du Jura vaudois, de Vincent Tyrode, \u00e0 L\u2019Auberson. Les sept ministres n\u2019ont pas eu \u00e0 [&hellip;]\" \/>\n<meta property=\"og:url\" content=\"https:\/\/thomasvino.ch\/?p=17580\" \/>\n<meta property=\"og:site_name\" content=\"thomasvino\" \/>\n<meta property=\"article:published_time\" content=\"2021-11-22T16:19:58+00:00\" \/>\n<meta property=\"article:modified_time\" content=\"2021-11-22T16:40:52+00:00\" \/>\n<meta name=\"author\" content=\"Pierre Thomas\" \/>\n<meta name=\"twitter:label1\" content=\"\u00c9crit par\" \/>\n\t<meta name=\"twitter:data1\" content=\"Pierre Thomas\" \/>\n\t<meta name=\"twitter:label2\" content=\"Dur\u00e9e de lecture estim\u00e9e\" \/>\n\t<meta name=\"twitter:data2\" content=\"2 minutes\" \/>\n<script type=\"application\/ld+json\" class=\"yoast-schema-graph\">{\"@context\":\"https:\/\/schema.org\",\"@graph\":[{\"@type\":\"WebPage\",\"@id\":\"https:\/\/thomasvino.ch\/?p=17580\",\"url\":\"https:\/\/thomasvino.ch\/?p=17580\",\"name\":\"Le Clos du Ch\u00e2telard 2020, vin 2022 du Conseil d\u2019Etat vaudois - thomasvino\",\"isPartOf\":{\"@id\":\"https:\/\/thomasvino.ch\/#website\"},\"datePublished\":\"2021-11-22T16:19:58+00:00\",\"dateModified\":\"2021-11-22T16:40:52+00:00\",\"author\":{\"@id\":\"https:\/\/thomasvino.ch\/#\/schema\/person\/670bf4486fe81152cf1d68bd585e062e\"},\"breadcrumb\":{\"@id\":\"https:\/\/thomasvino.ch\/?p=17580#breadcrumb\"},\"inLanguage\":\"fr-FR\",\"potentialAction\":[{\"@type\":\"ReadAction\",\"target\":[\"https:\/\/thomasvino.ch\/?p=17580\"]}]},{\"@type\":\"BreadcrumbList\",\"@id\":\"https:\/\/thomasvino.ch\/?p=17580#breadcrumb\",\"itemListElement\":[{\"@type\":\"ListItem\",\"position\":1,\"name\":\"Accueil\",\"item\":\"https:\/\/thomasvino.ch\/\"},{\"@type\":\"ListItem\",\"position\":2,\"name\":\"Le Clos du Ch\u00e2telard 2020, vin 2022 du Conseil d\u2019Etat vaudois\"}]},{\"@type\":\"WebSite\",\"@id\":\"https:\/\/thomasvino.ch\/#website\",\"url\":\"https:\/\/thomasvino.ch\/\",\"name\":\"thomasvino\",\"description\":\"Vins &amp; Gastronomie\",\"potentialAction\":[{\"@type\":\"SearchAction\",\"target\":{\"@type\":\"EntryPoint\",\"urlTemplate\":\"https:\/\/thomasvino.ch\/?s={search_term_string}\"},\"query-input\":\"required name=search_term_string\"}],\"inLanguage\":\"fr-FR\"},{\"@type\":\"Person\",\"@id\":\"https:\/\/thomasvino.ch\/#\/schema\/person\/670bf4486fe81152cf1d68bd585e062e\",\"name\":\"Pierre Thomas\",\"image\":{\"@type\":\"ImageObject\",\"inLanguage\":\"fr-FR\",\"@id\":\"https:\/\/thomasvino.ch\/#\/schema\/person\/image\/\",\"url\":\"https:\/\/secure.gravatar.com\/avatar\/91fd5a76647f140e53db987a0dead4d7?s=96&d=mm&r=g\",\"contentUrl\":\"https:\/\/secure.gravatar.com\/avatar\/91fd5a76647f140e53db987a0dead4d7?s=96&d=mm&r=g\",\"caption\":\"Pierre Thomas\"},\"url\":\"https:\/\/thomasvino.ch\/?author=3\"}]}<\/script>\n<!-- \/ Yoast SEO plugin. -->","yoast_head_json":{"title":"Le Clos du Ch\u00e2telard 2020, vin 2022 du Conseil d\u2019Etat vaudois - thomasvino","robots":{"index":"index","follow":"follow","max-snippet":"max-snippet:-1","max-image-preview":"max-image-preview:large","max-video-preview":"max-video-preview:-1"},"canonical":"https:\/\/thomasvino.ch\/?p=17580","og_locale":"fr_FR","og_type":"article","og_title":"Le Clos du Ch\u00e2telard 2020, vin 2022 du Conseil d\u2019Etat vaudois - thomasvino","og_description":"C\u2019est le Clos du Ch\u00e2telard 2020, perch\u00e9 au-dessus de Villeneuve, 1er Grand Cru en AOC Chablais, qui a \u00e9t\u00e9 d\u00e9sign\u00e9 par le Conseil d\u2019Etat, d\u00e9but novembre, comme \u00abvin officiel 2022\u00bb de l&rsquo;Etat de Vaud. Il sera accompagn\u00e9 d\u2019un gruy\u00e8re AOP du Jura vaudois, de Vincent Tyrode, \u00e0 L\u2019Auberson. Les sept ministres n\u2019ont pas eu \u00e0 [&hellip;]","og_url":"https:\/\/thomasvino.ch\/?p=17580","og_site_name":"thomasvino","article_published_time":"2021-11-22T16:19:58+00:00","article_modified_time":"2021-11-22T16:40:52+00:00","author":"Pierre Thomas","twitter_misc":{"\u00c9crit par":"Pierre Thomas","Dur\u00e9e de lecture estim\u00e9e":"2 minutes"},"schema":{"@context":"https:\/\/schema.org","@graph":[{"@type":"WebPage","@id":"https:\/\/thomasvino.ch\/?p=17580","url":"https:\/\/thomasvino.ch\/?p=17580","name":"Le Clos du Ch\u00e2telard 2020, vin 2022 du Conseil d\u2019Etat vaudois - thomasvino","isPartOf":{"@id":"https:\/\/thomasvino.ch\/#website"},"datePublished":"2021-11-22T16:19:58+00:00","dateModified":"2021-11-22T16:40:52+00:00","author":{"@id":"https:\/\/thomasvino.ch\/#\/schema\/person\/670bf4486fe81152cf1d68bd585e062e"},"breadcrumb":{"@id":"https:\/\/thomasvino.ch\/?p=17580#breadcrumb"},"inLanguage":"fr-FR","potentialAction":[{"@type":"ReadAction","target":["https:\/\/thomasvino.ch\/?p=17580"]}]},{"@type":"BreadcrumbList","@id":"https:\/\/thomasvino.ch\/?p=17580#breadcrumb","itemListElement":[{"@type":"ListItem","position":1,"name":"Accueil","item":"https:\/\/thomasvino.ch\/"},{"@type":"ListItem","position":2,"name":"Le Clos du Ch\u00e2telard 2020, vin 2022 du Conseil d\u2019Etat vaudois"}]},{"@type":"WebSite","@id":"https:\/\/thomasvino.ch\/#website","url":"https:\/\/thomasvino.ch\/","name":"thomasvino","description":"Vins &amp; Gastronomie","potentialAction":[{"@type":"SearchAction","target":{"@type":"EntryPoint","urlTemplate":"https:\/\/thomasvino.ch\/?s={search_term_string}"},"query-input":"required name=search_term_string"}],"inLanguage":"fr-FR"},{"@type":"Person","@id":"https:\/\/thomasvino.ch\/#\/schema\/person\/670bf4486fe81152cf1d68bd585e062e","name":"Pierre Thomas","image":{"@type":"ImageObject","inLanguage":"fr-FR","@id":"https:\/\/thomasvino.ch\/#\/schema\/person\/image\/","url":"https:\/\/secure.gravatar.com\/avatar\/91fd5a76647f140e53db987a0dead4d7?s=96&d=mm&r=g","contentUrl":"https:\/\/secure.gravatar.com\/avatar\/91fd5a76647f140e53db987a0dead4d7?s=96&d=mm&r=g","caption":"Pierre Thomas"},"url":"https:\/\/thomasvino.ch\/?author=3"}]}},"jetpack_featured_media_url":"","jetpack_sharing_enabled":true,"jetpack_shortlink":"https:\/\/wp.me\/p3m4tZ-4zy","jetpack_likes_enabled":false,"jetpack-related-posts":[{"id":14024,"url":"https:\/\/thomasvino.ch\/?p=14024","url_meta":{"origin":17580,"position":0},"title":"Le vin et le fromage du Gouvernement vaudois et 1ers GC 2015","date":"16 d\u00e9cembre 2016","format":false,"excerpt":"Comme chaque fin d'ann\u00e9e, le Conseil d'Etat vaudois s'est choisi un vin et un fromage. Pour le breuvage, le choix \u00e9tait limit\u00e9 \u00e0 l'un des quatre chasselas 1ers Grands Crus 2015 pr\u00e9-s\u00e9lectionn\u00e9s. L'heureux \u00e9lu\u00a0est le Domaine de Autecour, \u00e0 Mont-sur-Rolle, appartenant \u00e0 la famille Schenk-Bach. Quant au fromage, c'est un\u2026","rel":"","context":"Dans &quot;Actus - News&quot;","img":{"alt_text":"","src":"https:\/\/i0.wp.com\/www.thomasvino.ch\/wp-content\/uploads\/2016\/12\/Philippe-Schenk-a-gauche-et-Michael-Monnier-a-droite-300x200.jpg?resize=350%2C200","width":350,"height":200},"classes":[]},{"id":15500,"url":"https:\/\/thomasvino.ch\/?p=15500","url_meta":{"origin":17580,"position":1},"title":"Un 1er GC \u00abpublic\u00bb pour le Conseil d&rsquo;Etat vaudois","date":"14 d\u00e9cembre 2018","format":false,"excerpt":"C'est le chasselas 1er Grand Cru Clos de l'Abbaye 2017\u00a0de la Commune d'Yvorne qui sera le vin d'honneur du Conseil d'Etat vaudois en 2019. Ainsi en a d\u00e9cid\u00e9 le Gouvernement, apr\u00e8s avoir d\u00e9gust\u00e9 une s\u00e9lection de quatre chasselas, choisis parmi une pr\u00e9s\u00e9lection de 20, faite par l'\u0153nologue cantonal Samuel Panchard.\u2026","rel":"","context":"Dans &quot;Actus - News&quot;","img":{"alt_text":"","src":"","width":0,"height":0},"classes":[]},{"id":9471,"url":"https:\/\/thomasvino.ch\/?p=9471","url_meta":{"origin":17580,"position":2},"title":"Les 1ers Grands Crus vaudois \u00e0 Expovina","date":"19 octobre 2012","format":false,"excerpt":"A Zurich, les 12 et 13 novembre 1ers Grands Crus vaudois \u00e0 Expovina Les douze 1ers Grands Crus vaudois, tous des chasselas du mill\u00e9sime 2011, pourront \u00eatre d\u00e9gust\u00e9s \u00e0 Expovina, \u00e0 Zurich, dans le salon du forum du vin, les lundi 12 et mardi 13 novembre prochains, annonce Nicolas Joss,\u2026","rel":"","context":"Dans &quot;Actus - News&quot;","img":{"alt_text":"","src":"","width":0,"height":0},"classes":[]},{"id":17780,"url":"https:\/\/thomasvino.ch\/?p=17780","url_meta":{"origin":17580,"position":3},"title":"DWWA 2022\u00a0: les blancs valaisans en vedette","date":"10 juin 2022","format":false,"excerpt":"Les vins blancs valaisans, en barriques ou liquoreux, se situent au sommet de la pyramide des \u00abawards\u00bb d\u00e9cern\u00e9s par le magazine Decanter, \u00e0 Londres, qui n\u2019assure aucune communication d\u00e9cente. Voici donc quelques d\u00e9tails. Le syst\u00e8me anglais est g\u00e9n\u00e9reux et pyramidal, dans sa notation. Pour une m\u00e9daille de platine, il faut\u2026","rel":"","context":"Dans &quot;Actus - News&quot;","img":{"alt_text":"","src":"","width":0,"height":0},"classes":[]},{"id":18341,"url":"https:\/\/thomasvino.ch\/?p=18341","url_meta":{"origin":17580,"position":4},"title":"Il faut sauver le soldat Gamay\u00a0!","date":"6 d\u00e9cembre 2023","format":false,"excerpt":"Au moment o\u00f9 sort de cave le \u00abbeaujolais nouveau\u00bb, les Vaudois seraient bien inspir\u00e9s de mettre en valeur le gamay, qui aime le chaud et le sec. Pour un r\u00e9sultat souvent remarquable... Pierre Thomas Tout occup\u00e9s \u00e0 promouvoir l\u2019assemblage d\u2019entr\u00e9e de gamme et sucrotant, \u00abl\u2019Escargot rouge\u00bb, qui avance lentement comme\u2026","rel":"","context":"Dans &quot;Tendance&quot;","img":{"alt_text":"","src":"https:\/\/i0.wp.com\/thomasvino.ch\/wp-content\/uploads\/2023\/11\/IMG_9041-300x202.jpeg?resize=350%2C200&ssl=1","width":350,"height":200},"classes":[]},{"id":11738,"url":"https:\/\/thomasvino.ch\/?p=11738","url_meta":{"origin":17580,"position":5},"title":"1ers Grands Crus vaudois 2012  En attendant les rouges\u2026","date":"13 f\u00e9vrier 2014","format":false,"excerpt":"Le titre n\u2019a pas de connotation politique. Pourtant, les 1ers Grands Crus vaudois, mill\u00e9sime 2012, ont \u00e9t\u00e9 pr\u00e9sent\u00e9s au Grand Conseil vaudois, mardi 11 f\u00e9vrier. Ils restent monocolores (blancs), en attendant les rouges pour le mill\u00e9sime 2013\u00a0: trois merlots du Domaine de Crochet, \u00e0 Mont-sur-Rolle, du Domaine du Ch\u00e2telard, \u00e0\u2026","rel":"","context":"Dans &quot;Actus - News&quot;","img":{"alt_text":"","src":"","width":0,"height":0},"classes":[]}],"_links":{"self":[{"href":"https:\/\/thomasvino.ch\/index.php?rest_route=\/wp\/v2\/posts\/17580"}],"collection":[{"href":"https:\/\/thomasvino.ch\/index.php?rest_route=\/wp\/v2\/posts"}],"about":[{"href":"https:\/\/thomasvino.ch\/index.php?rest_route=\/wp\/v2\/types\/post"}],"author":[{"embeddable":true,"href":"https:\/\/thomasvino.ch\/index.php?rest_route=\/wp\/v2\/users\/3"}],"replies":[{"embeddable":true,"href":"https:\/\/thomasvino.ch\/index.php?rest_route=%2Fwp%2Fv2%2Fcomments&post=17580"}],"version-history":[{"count":4,"href":"https:\/\/thomasvino.ch\/index.php?rest_route=\/wp\/v2\/posts\/17580\/revisions"}],"predecessor-version":[{"id":17584,"href":"https:\/\/thomasvino.ch\/index.php?rest_route=\/wp\/v2\/posts\/17580\/revisions\/17584"}],"wp:attachment":[{"href":"https:\/\/thomasvino.ch\/index.php?rest_route=%2Fwp%2Fv2%2Fmedia&parent=17580"}],"wp:term":[{"taxonomy":"category","embeddable":true,"href":"https:\/\/thomasvino.ch\/index.php?rest_route=%2Fwp%2Fv2%2Fcategories&post=17580"},{"taxonomy":"post_tag","embeddable":true,"href":"https:\/\/thomasvino.ch\/index.php?rest_route=%2Fwp%2Fv2%2Ftags&post=17580"}],"curies":[{"name":"wp","href":"https:\/\/api.w.org\/{rel}","templated":true}]}}