{"id":17604,"date":"2021-12-05T12:00:17","date_gmt":"2021-12-05T11:00:17","guid":{"rendered":"https:\/\/thomasvino.ch\/?p=17604"},"modified":"2021-12-07T09:31:35","modified_gmt":"2021-12-07T08:31:35","slug":"219eme-mise-des-vins-de-lausanne-samedi-11-12-21","status":"publish","type":"post","link":"https:\/\/thomasvino.ch\/?p=17604","title":{"rendered":"219\u00e8me mise des vins de Lausanne\u00a0: samedi 11.12.21"},"content":{"rendered":"<p><strong>La vente aux ench\u00e8res des vins en primeurs des cinq domaines de la Ville de Lausanne (deux \u00e0 La C\u00f4te, trois \u00e0 Lavaux) aura lieu <em>samedi matin 11 d\u00e9cembre, \u00e0 8 h., \u00e0 l\u2019H\u00f4tel-de-Ville, place de la Palud<\/em>. Des lots de 24 \u00e0 120 bouteilles seront soumis aux ench\u00e8res du public. Acc\u00e8s 2G (vaccin\u00e9 ou gu\u00e9ri) exclusivement.<\/strong><\/p>\n<p><a href=\"https:\/\/thomasvino.ch\/?attachment_id=17605\" rel=\"attachment wp-att-17605\"><img data-attachment-id=\"17605\" data-permalink=\"https:\/\/thomasvino.ch\/?attachment_id=17605\" data-orig-file=\"https:\/\/i0.wp.com\/thomasvino.ch\/wp-content\/uploads\/2021\/12\/dezaley_de_la_ville_clos_des_abbyes_web.jpg?fit=240%2C300&amp;ssl=1\" data-orig-size=\"240,300\" data-comments-opened=\"0\" data-image-meta=\"{&quot;aperture&quot;:&quot;0&quot;,&quot;credit&quot;:&quot;&quot;,&quot;camera&quot;:&quot;&quot;,&quot;caption&quot;:&quot;&quot;,&quot;created_timestamp&quot;:&quot;0&quot;,&quot;copyright&quot;:&quot;&quot;,&quot;focal_length&quot;:&quot;0&quot;,&quot;iso&quot;:&quot;0&quot;,&quot;shutter_speed&quot;:&quot;0&quot;,&quot;title&quot;:&quot;&quot;,&quot;orientation&quot;:&quot;0&quot;}\" data-image-title=\"dezaley_de_la_ville_clos_des_abbyes_web\" data-image-description=\"\" data-image-caption=\"\" data-medium-file=\"https:\/\/i0.wp.com\/thomasvino.ch\/wp-content\/uploads\/2021\/12\/dezaley_de_la_ville_clos_des_abbyes_web.jpg?fit=240%2C300&amp;ssl=1\" data-large-file=\"https:\/\/i0.wp.com\/thomasvino.ch\/wp-content\/uploads\/2021\/12\/dezaley_de_la_ville_clos_des_abbyes_web.jpg?fit=240%2C300&amp;ssl=1\" loading=\"lazy\" src=\"https:\/\/i0.wp.com\/thomasvino.ch\/wp-content\/uploads\/2021\/12\/dezaley_de_la_ville_clos_des_abbyes_web.jpg?resize=240%2C300&#038;ssl=1\" class=\"alignleft size-full wp-image-17605\" alt=\"\" width=\"240\" height=\"300\"  data-recalc-dims=\"1\"><\/a>L\u2019ann\u00e9e 2021 est une petite ann\u00e9e&nbsp;: les lots sont notablement moins nombreux. Ils figurent sur le carnet de mise \u00e0 t\u00e9l\u00e9charger sur le site <strong><a href=\"https:\/\/www.lausanne.ch\/vie-pratique\/nature\/produits-ville\/vins-de-lausanne\/mise-aux-encheres-publique\">www.lausanne.ch\/encheres-vins<\/a><\/strong>. Une vente au public d\u2019une s\u00e9lection de vins via le site QoQa devrait aussi avoir lieu. Seuls les principaux vins de 2021 des domaines, rev\u00eatus des \u00e9tiquettes <em>\u00abhistoriques\u00bb<\/em> de <strong>Fr\u00e9d\u00e9ric Rouge<\/strong> et <strong>Fortun\u00e9 Bovard<\/strong>, sont propos\u00e9s \u00e0 la vente publique. Les bouteilles, d\u00fbment pay\u00e9es \u00e0 30 jours, pourront \u00eatre retir\u00e9es \u00e0 l\u2019Abbaye de Mont(-sur-Rolle) en avril et mai 2022.<\/p>\n<p>Apr\u00e8s la vente aux ench\u00e8res, il sera possible d&rsquo;acheter ces bouteilles aux \u00e9tiquettes historiques sur le site Internet des vins de la Ville (d&rsquo;o\u00f9 est tir\u00e9e la photo de ce D\u00e9zaley).<\/p>\n<p>La Ville de Lausanne affiche d\u00e9sormais comme slogan <em>\u00abVigneron-ne-s encaveur-euse-s depuis 1536\u00bb<\/em> sur sa communication. La Bourgeoisie de Fribourg, quant \u00e0 elle, pr\u00e9sente dans sa cave r\u00e9nov\u00e9e de Riex, fait remonter son histoire \u00e0 1362.<\/p>\n<p>Possibilit\u00e9 de d\u00e9guster les vins au nouveau local Pop-up du bas des escaliers du March\u00e9 (juste derri\u00e8re la place de la Palud), <strong>jeudi 9 d\u00e9cembre de 17h-19h.<\/strong><\/p>\n<p><em>\u00a9thomasvino.ch<\/em><\/p>\n","protected":false},"excerpt":{"rendered":"<p>La vente aux ench\u00e8res des vins en primeurs des cinq domaines de la Ville de Lausanne (deux \u00e0 La C\u00f4te, trois \u00e0 Lavaux) aura lieu samedi matin 11 d\u00e9cembre, \u00e0 8 h., \u00e0 l\u2019H\u00f4tel-de-Ville, place de la Palud. Des lots de 24 \u00e0 120 bouteilles seront soumis aux ench\u00e8res du public. Acc\u00e8s 2G (vaccin\u00e9 ou [&hellip;]<\/p>\n","protected":false},"author":3,"featured_media":0,"comment_status":"closed","ping_status":"open","sticky":false,"template":"","format":"standard","meta":{"_monsterinsights_skip_tracking":false,"_monsterinsights_sitenote_active":false,"_monsterinsights_sitenote_note":"","_monsterinsights_sitenote_category":0,"jetpack_post_was_ever_published":false,"jetpack_publicize_message":"","jetpack_is_tweetstorm":false,"jetpack_publicize_feature_enabled":true,"jetpack_social_post_already_shared":true,"jetpack_social_options":{"image_generator_settings":{"template":"highway","enabled":false}}},"categories":[15],"tags":[],"jetpack_publicize_connections":[],"yoast_head":"<!-- This site is optimized with the Yoast SEO plugin v20.6 - https:\/\/yoast.com\/wordpress\/plugins\/seo\/ -->\n<title>219\u00e8me mise des vins de Lausanne\u00a0: samedi 11.12.21 - thomasvino<\/title>\n<meta name=\"robots\" content=\"index, follow, max-snippet:-1, max-image-preview:large, max-video-preview:-1\" \/>\n<link rel=\"canonical\" href=\"https:\/\/thomasvino.ch\/?p=17604\" \/>\n<meta property=\"og:locale\" content=\"fr_FR\" \/>\n<meta property=\"og:type\" content=\"article\" \/>\n<meta property=\"og:title\" content=\"219\u00e8me mise des vins de Lausanne\u00a0: samedi 11.12.21 - thomasvino\" \/>\n<meta property=\"og:description\" content=\"La vente aux ench\u00e8res des vins en primeurs des cinq domaines de la Ville de Lausanne (deux \u00e0 La C\u00f4te, trois \u00e0 Lavaux) aura lieu samedi matin 11 d\u00e9cembre, \u00e0 8 h., \u00e0 l\u2019H\u00f4tel-de-Ville, place de la Palud. Des lots de 24 \u00e0 120 bouteilles seront soumis aux ench\u00e8res du public. Acc\u00e8s 2G (vaccin\u00e9 ou [&hellip;]\" \/>\n<meta property=\"og:url\" content=\"https:\/\/thomasvino.ch\/?p=17604\" \/>\n<meta property=\"og:site_name\" content=\"thomasvino\" \/>\n<meta property=\"article:published_time\" content=\"2021-12-05T11:00:17+00:00\" \/>\n<meta property=\"article:modified_time\" content=\"2021-12-07T08:31:35+00:00\" \/>\n<meta property=\"og:image\" content=\"https:\/\/thomasvino.ch\/wp-content\/uploads\/2021\/12\/dezaley_de_la_ville_clos_des_abbyes_web.jpg\" \/>\n<meta name=\"author\" content=\"Pierre Thomas\" \/>\n<meta name=\"twitter:label1\" content=\"\u00c9crit par\" \/>\n\t<meta name=\"twitter:data1\" content=\"Pierre Thomas\" \/>\n\t<meta name=\"twitter:label2\" content=\"Dur\u00e9e de lecture estim\u00e9e\" \/>\n\t<meta name=\"twitter:data2\" content=\"2 minutes\" \/>\n<script type=\"application\/ld+json\" class=\"yoast-schema-graph\">{\"@context\":\"https:\/\/schema.org\",\"@graph\":[{\"@type\":\"WebPage\",\"@id\":\"https:\/\/thomasvino.ch\/?p=17604\",\"url\":\"https:\/\/thomasvino.ch\/?p=17604\",\"name\":\"219\u00e8me mise des vins de Lausanne\u00a0: samedi 11.12.21 - thomasvino\",\"isPartOf\":{\"@id\":\"https:\/\/thomasvino.ch\/#website\"},\"datePublished\":\"2021-12-05T11:00:17+00:00\",\"dateModified\":\"2021-12-07T08:31:35+00:00\",\"author\":{\"@id\":\"https:\/\/thomasvino.ch\/#\/schema\/person\/670bf4486fe81152cf1d68bd585e062e\"},\"breadcrumb\":{\"@id\":\"https:\/\/thomasvino.ch\/?p=17604#breadcrumb\"},\"inLanguage\":\"fr-FR\",\"potentialAction\":[{\"@type\":\"ReadAction\",\"target\":[\"https:\/\/thomasvino.ch\/?p=17604\"]}]},{\"@type\":\"BreadcrumbList\",\"@id\":\"https:\/\/thomasvino.ch\/?p=17604#breadcrumb\",\"itemListElement\":[{\"@type\":\"ListItem\",\"position\":1,\"name\":\"Accueil\",\"item\":\"https:\/\/thomasvino.ch\/\"},{\"@type\":\"ListItem\",\"position\":2,\"name\":\"219\u00e8me mise des vins de Lausanne\u00a0: samedi 11.12.21\"}]},{\"@type\":\"WebSite\",\"@id\":\"https:\/\/thomasvino.ch\/#website\",\"url\":\"https:\/\/thomasvino.ch\/\",\"name\":\"thomasvino\",\"description\":\"Vins &amp; Gastronomie\",\"potentialAction\":[{\"@type\":\"SearchAction\",\"target\":{\"@type\":\"EntryPoint\",\"urlTemplate\":\"https:\/\/thomasvino.ch\/?s={search_term_string}\"},\"query-input\":\"required name=search_term_string\"}],\"inLanguage\":\"fr-FR\"},{\"@type\":\"Person\",\"@id\":\"https:\/\/thomasvino.ch\/#\/schema\/person\/670bf4486fe81152cf1d68bd585e062e\",\"name\":\"Pierre Thomas\",\"image\":{\"@type\":\"ImageObject\",\"inLanguage\":\"fr-FR\",\"@id\":\"https:\/\/thomasvino.ch\/#\/schema\/person\/image\/\",\"url\":\"https:\/\/secure.gravatar.com\/avatar\/91fd5a76647f140e53db987a0dead4d7?s=96&d=mm&r=g\",\"contentUrl\":\"https:\/\/secure.gravatar.com\/avatar\/91fd5a76647f140e53db987a0dead4d7?s=96&d=mm&r=g\",\"caption\":\"Pierre Thomas\"},\"url\":\"https:\/\/thomasvino.ch\/?author=3\"}]}<\/script>\n<!-- \/ Yoast SEO plugin. -->","yoast_head_json":{"title":"219\u00e8me mise des vins de Lausanne\u00a0: samedi 11.12.21 - thomasvino","robots":{"index":"index","follow":"follow","max-snippet":"max-snippet:-1","max-image-preview":"max-image-preview:large","max-video-preview":"max-video-preview:-1"},"canonical":"https:\/\/thomasvino.ch\/?p=17604","og_locale":"fr_FR","og_type":"article","og_title":"219\u00e8me mise des vins de Lausanne\u00a0: samedi 11.12.21 - thomasvino","og_description":"La vente aux ench\u00e8res des vins en primeurs des cinq domaines de la Ville de Lausanne (deux \u00e0 La C\u00f4te, trois \u00e0 Lavaux) aura lieu samedi matin 11 d\u00e9cembre, \u00e0 8 h., \u00e0 l\u2019H\u00f4tel-de-Ville, place de la Palud. Des lots de 24 \u00e0 120 bouteilles seront soumis aux ench\u00e8res du public. Acc\u00e8s 2G (vaccin\u00e9 ou [&hellip;]","og_url":"https:\/\/thomasvino.ch\/?p=17604","og_site_name":"thomasvino","article_published_time":"2021-12-05T11:00:17+00:00","article_modified_time":"2021-12-07T08:31:35+00:00","og_image":[{"url":"https:\/\/thomasvino.ch\/wp-content\/uploads\/2021\/12\/dezaley_de_la_ville_clos_des_abbyes_web.jpg"}],"author":"Pierre Thomas","twitter_misc":{"\u00c9crit par":"Pierre Thomas","Dur\u00e9e de lecture estim\u00e9e":"2 minutes"},"schema":{"@context":"https:\/\/schema.org","@graph":[{"@type":"WebPage","@id":"https:\/\/thomasvino.ch\/?p=17604","url":"https:\/\/thomasvino.ch\/?p=17604","name":"219\u00e8me mise des vins de Lausanne\u00a0: samedi 11.12.21 - thomasvino","isPartOf":{"@id":"https:\/\/thomasvino.ch\/#website"},"datePublished":"2021-12-05T11:00:17+00:00","dateModified":"2021-12-07T08:31:35+00:00","author":{"@id":"https:\/\/thomasvino.ch\/#\/schema\/person\/670bf4486fe81152cf1d68bd585e062e"},"breadcrumb":{"@id":"https:\/\/thomasvino.ch\/?p=17604#breadcrumb"},"inLanguage":"fr-FR","potentialAction":[{"@type":"ReadAction","target":["https:\/\/thomasvino.ch\/?p=17604"]}]},{"@type":"BreadcrumbList","@id":"https:\/\/thomasvino.ch\/?p=17604#breadcrumb","itemListElement":[{"@type":"ListItem","position":1,"name":"Accueil","item":"https:\/\/thomasvino.ch\/"},{"@type":"ListItem","position":2,"name":"219\u00e8me mise des vins de Lausanne\u00a0: samedi 11.12.21"}]},{"@type":"WebSite","@id":"https:\/\/thomasvino.ch\/#website","url":"https:\/\/thomasvino.ch\/","name":"thomasvino","description":"Vins &amp; Gastronomie","potentialAction":[{"@type":"SearchAction","target":{"@type":"EntryPoint","urlTemplate":"https:\/\/thomasvino.ch\/?s={search_term_string}"},"query-input":"required name=search_term_string"}],"inLanguage":"fr-FR"},{"@type":"Person","@id":"https:\/\/thomasvino.ch\/#\/schema\/person\/670bf4486fe81152cf1d68bd585e062e","name":"Pierre Thomas","image":{"@type":"ImageObject","inLanguage":"fr-FR","@id":"https:\/\/thomasvino.ch\/#\/schema\/person\/image\/","url":"https:\/\/secure.gravatar.com\/avatar\/91fd5a76647f140e53db987a0dead4d7?s=96&d=mm&r=g","contentUrl":"https:\/\/secure.gravatar.com\/avatar\/91fd5a76647f140e53db987a0dead4d7?s=96&d=mm&r=g","caption":"Pierre Thomas"},"url":"https:\/\/thomasvino.ch\/?author=3"}]}},"jetpack_featured_media_url":"","jetpack_sharing_enabled":true,"jetpack_shortlink":"https:\/\/wp.me\/p3m4tZ-4zW","jetpack_likes_enabled":false,"jetpack-related-posts":[{"id":13145,"url":"https:\/\/thomasvino.ch\/?p=13145","url_meta":{"origin":17604,"position":0},"title":"La 213\u00e8me vente des vins de la Ville  De petits lots pour les Lausannois","date":"4 novembre 2015","format":false,"excerpt":"\u00abEt si nous rendions cette mise aux Lausannois\u00a0?\u00bb La question est pos\u00e9e sur une page d\u00e9di\u00e9e de Facebook par les cinq domaines de la Ville de Lausanne. Tenue depuis 1803, la 213\u00e8me \u00e9dition de la mise aux ench\u00e8res publique des vins de la Ville de Lausanne aura lieu le samedi\u2026","rel":"","context":"Dans &quot;Actus - News&quot;","img":{"alt_text":"","src":"","width":0,"height":0},"classes":[]},{"id":11513,"url":"https:\/\/thomasvino.ch\/?p=11513","url_meta":{"origin":17604,"position":1},"title":"40% de vin en moins \u00e0 la vente aux ench\u00e8res de la Ville de Lausanne","date":"3 d\u00e9cembre 2013","format":false,"excerpt":"Plus important propri\u00e9taire public de domaines viticoles en Suisse, la Ville de Lausanne mettra ses vins en vente aux ench\u00e8res le samedi 14 d\u00e9cembre 2013, d\u00e8s 9 h., \u00e0 l'H\u00f4tel-de-Ville, pour la 211\u00e8me fois. S'il y aura de petits lots, pour les priv\u00e9s, sur l'ensemble, le mill\u00e9sime 2013 est inf\u00e9rieur\u2026","rel":"","context":"Dans &quot;Actus - News&quot;","img":{"alt_text":"","src":"","width":0,"height":0},"classes":[]},{"id":9288,"url":"https:\/\/thomasvino.ch\/?p=9288","url_meta":{"origin":17604,"position":2},"title":"Renouveau \u00e0 la t\u00eate des vins de la Ville de Lausanne","date":"30 novembre 2011","format":false,"excerpt":"Vente des vins de la ville de Lausanne Tradition et nouveaut\u00e9s 2011 Chambardement \u00e0 la gestion des domaines viticoles de la Ville de Lausanne. On en verra les effets \u00e0 la vente aux ench\u00e8res publiques du samedi 10 d\u00e9cembre 2011, d\u00e8s 9 h., \u00e0 l'H\u00f4tel-de-Ville, place de la Palud. Difficile\u2026","rel":"","context":"Dans &quot;Vins suisses&quot;","img":{"alt_text":"","src":"","width":0,"height":0},"classes":[]},{"id":13935,"url":"https:\/\/thomasvino.ch\/?p=13935","url_meta":{"origin":17604,"position":3},"title":"Mise des vins de la Ville  Plus pr\u00e8s des Lausannois(es)","date":"21 novembre 2016","format":false,"excerpt":"C\u2019est la plus ancienne mise aux ench\u00e8res publique de vins d\u2019Europe, selon Tania Gfeller, la cheffe du service des vins de la Ville de Lausanne. Sa 214\u00e8me \u00e9dition aura lieu le samedi 10 d\u00e9cembre 2016, d\u00e8s 10 h., \u00e0 l\u2019H\u00f4tel-de-Ville, pour \u00e9couler le \u00abvin nouveau\u00bb 2016 du plus grand propri\u00e9taire\u2026","rel":"","context":"Dans &quot;Actus - News&quot;","img":{"alt_text":"","src":"https:\/\/i0.wp.com\/www.thomasvino.ch\/wp-content\/uploads\/2016\/11\/dezaley_cully-300x225.jpg?resize=350%2C200","width":350,"height":200},"classes":[]},{"id":14705,"url":"https:\/\/thomasvino.ch\/?p=14705","url_meta":{"origin":17604,"position":4},"title":"Les vins de Lausanne misent sur l\u2019Histoire","date":"15 novembre 2017","format":false,"excerpt":"Le samedi 9 d\u00e9cembre, \u00e0 l\u2019H\u00f4tel-de-Ville, place de la Palud, aura lieu la 215\u00e8me mise des vins de la Ville de Lausanne. Les vins mis\u00e9s par le public porteront d\u2019anciennes \u00e9tiquettes \u00abcollector\u00bb. Cette mise a \u00e9t\u00e9 inscrite depuis 2014 au Patrimoine culturel immat\u00e9riel vaudois et est consid\u00e9r\u00e9e comme la plus\u2026","rel":"","context":"Dans &quot;Actus - News&quot;","img":{"alt_text":"","src":"","width":0,"height":0},"classes":[]},{"id":16269,"url":"https:\/\/thomasvino.ch\/?p=16269","url_meta":{"origin":17604,"position":5},"title":"217e mise aux ench\u00e8res des vins de Lausanne: tout est parti!","date":"14 d\u00e9cembre 2019","format":false,"excerpt":"On n'y \u00e9tait pas \u2013 pour une fois! Mais, selon un communiqu\u00e9 officiel, la 217e Mise aux ench\u00e8res des Vins de Lausanne, qui s\u2019est tenue ce samedi 14 d\u00e9cembre \u00e0 l\u2019H\u00f4tel de Ville, a rencontr\u00e9 un franc succ\u00e8s. Orient\u00e9s grand public, l\u2019int\u00e9gralit\u00e9 des lots propos\u00e9s \u00e0 la vente, soit 22\u2019687\u2026","rel":"","context":"Dans &quot;Actus - News&quot;","img":{"alt_text":"","src":"","width":0,"height":0},"classes":[]}],"_links":{"self":[{"href":"https:\/\/thomasvino.ch\/index.php?rest_route=\/wp\/v2\/posts\/17604"}],"collection":[{"href":"https:\/\/thomasvino.ch\/index.php?rest_route=\/wp\/v2\/posts"}],"about":[{"href":"https:\/\/thomasvino.ch\/index.php?rest_route=\/wp\/v2\/types\/post"}],"author":[{"embeddable":true,"href":"https:\/\/thomasvino.ch\/index.php?rest_route=\/wp\/v2\/users\/3"}],"replies":[{"embeddable":true,"href":"https:\/\/thomasvino.ch\/index.php?rest_route=%2Fwp%2Fv2%2Fcomments&post=17604"}],"version-history":[{"count":3,"href":"https:\/\/thomasvino.ch\/index.php?rest_route=\/wp\/v2\/posts\/17604\/revisions"}],"predecessor-version":[{"id":17608,"href":"https:\/\/thomasvino.ch\/index.php?rest_route=\/wp\/v2\/posts\/17604\/revisions\/17608"}],"wp:attachment":[{"href":"https:\/\/thomasvino.ch\/index.php?rest_route=%2Fwp%2Fv2%2Fmedia&parent=17604"}],"wp:term":[{"taxonomy":"category","embeddable":true,"href":"https:\/\/thomasvino.ch\/index.php?rest_route=%2Fwp%2Fv2%2Fcategories&post=17604"},{"taxonomy":"post_tag","embeddable":true,"href":"https:\/\/thomasvino.ch\/index.php?rest_route=%2Fwp%2Fv2%2Ftags&post=17604"}],"curies":[{"name":"wp","href":"https:\/\/api.w.org\/{rel}","templated":true}]}}