{"id":17702,"date":"2022-04-04T09:18:33","date_gmt":"2022-04-04T08:18:33","guid":{"rendered":"https:\/\/thomasvino.ch\/?p=17702"},"modified":"2022-04-04T09:19:31","modified_gmt":"2022-04-04T08:19:31","slug":"le-gap-autrichien-un-million-de-litres-en-desherence","status":"publish","type":"post","link":"https:\/\/thomasvino.ch\/?p=17702","title":{"rendered":"Le \u00abgap\u00bb autrichien\u00a0: 1,5 million de litres en d\u00e9sh\u00e9rence\u00a0!"},"content":{"rendered":"<p><strong>On le sait\u00a0: les statistiques sont l\u2019addition exacte de chiffres g\u00e9n\u00e9ralement faux. Une fois de plus, l\u2019Autriche vitivinicole pavoise\u00a0: la Suisse est son deuxi\u00e8me march\u00e9 d\u2019exportation, en belle progression. Mais pr\u00e8s d\u2019un million et demi de litres figurant sur le papier \u00e0 Vienne se balade ailleurs qu\u2019\u00e0 Berne&#8230; <\/strong><\/p>\n<p>L\u2019ann\u00e9e viticole 2020, publi\u00e9e par l\u2019Office f\u00e9d\u00e9ral de l\u2019agriculture (OFAG), pr\u00e9cise reprendre les statistiques du commerce ext\u00e9rieur suisse en date de mars 2021. Selon ces chiffres, l\u2019Autriche avait livr\u00e9 \u00e0 la Suisse un peu moins de 3,1 millions de litres de vin (dont 1,1 million de vin blanc \u2014 seulement, surprise\u00a0!) et pointe au 8<sup>\u00e8me<\/sup> rang des pays dont on importe le vin, repr\u00e9sentant 1,7% du total des importations suisses, tr\u00e8s loin, bien s\u00fbr, de l\u2019Italie (42,6%, soit plus que la France, 21,7% et l\u2019Espagne, 15%, r\u00e9unies&#8230;).<\/p>\n<h4><strong>Un gap de pr\u00e8s de 40%\u00a0!<\/strong><\/h4>\n<p><em>Austrian Wine<\/em> publie, de son c\u00f4t\u00e9, des chiffres oppos\u00e9s. Pour 2021, Vienne affiche donc 4,5 millions de litres en hausse de 6%, pour une valeur de 23,5 millions d\u2019euros, en hausse de 16%\u00a0!<\/p>\n<p>Avec une part \u00e0 l\u2019export des vins autrichiens de pr\u00e8s de 11%, la Suisse figure ni plus ni moins au 2<sup>\u00e8me<\/sup> rang des march\u00e9s d\u2019exportation, loin derri\u00e8re l\u2019Allemagne (44%), mais devant la Scandinavie (Su\u00e8de, Norv\u00e8ge, Danemark, Finlande), \u00e0 9,3% du total des exportations, les Etats-Unis, \u00e0 8,72% et les Pays-Bas, \u00e0 8,29%\u00a0; tous les autres pays sont \u00e0 une part inf\u00e9rieure \u00e0 5%.<\/p>\n<p>Selon Vienne, la Suisse a bien \u00a0import\u00e9 3 millions de litres de vins autrichiens, pour une valeur de 13,5 millions d\u2019euros, mais c\u2019\u00e9tait en 2009. Depuis, la courbe a d\u00e9cru en 2012 et 2015, puis a pass\u00e9 la barre des 4 millions de litres en 2020, avec 4,283 millions de litres. Soit pr\u00e8s de 40% de plus que les chiffres enregistr\u00e9s par Berne pour la m\u00eame ann\u00e9e.<\/p>\n<p>Le tableau d\u2019<em>Austrian Wine<\/em> mentionne bien, au bas de ses statistiques, que les chiffres incluent le r\u00e9-export de vins non-autrichiens. Et peut-\u00eatre les vins autrichiens r\u00e9export\u00e9s par des op\u00e9rateurs identifi\u00e9s comme suisses\u00a0? On imagine dans la foul\u00e9e de l\u2019impact sur la valeur des vins, s\u2019il s\u2019agit de crus de bordeaux ou de Toscane&#8230;<\/p>\n<p><em>\u00a9thomasvino.ch<\/em><\/p>\n","protected":false},"excerpt":{"rendered":"<p>On le sait\u00a0: les statistiques sont l\u2019addition exacte de chiffres g\u00e9n\u00e9ralement faux. Une fois de plus, l\u2019Autriche vitivinicole pavoise\u00a0: la Suisse est son deuxi\u00e8me march\u00e9 d\u2019exportation, en belle progression. Mais pr\u00e8s d\u2019un million et demi de litres figurant sur le papier \u00e0 Vienne se balade ailleurs qu\u2019\u00e0 Berne&#8230; L\u2019ann\u00e9e viticole 2020, publi\u00e9e par l\u2019Office f\u00e9d\u00e9ral [&hellip;]<\/p>\n","protected":false},"author":3,"featured_media":0,"comment_status":"closed","ping_status":"open","sticky":false,"template":"","format":"standard","meta":{"_monsterinsights_skip_tracking":false,"_monsterinsights_sitenote_active":false,"_monsterinsights_sitenote_note":"","_monsterinsights_sitenote_category":0,"jetpack_post_was_ever_published":false,"jetpack_publicize_message":"","jetpack_is_tweetstorm":false,"jetpack_publicize_feature_enabled":true,"jetpack_social_post_already_shared":true,"jetpack_social_options":{"image_generator_settings":{"template":"highway","enabled":false}}},"categories":[29],"tags":[],"jetpack_publicize_connections":[],"yoast_head":"<!-- This site is optimized with the Yoast SEO plugin v20.6 - https:\/\/yoast.com\/wordpress\/plugins\/seo\/ -->\n<title>Le \u00abgap\u00bb autrichien\u00a0: 1,5 million de litres en d\u00e9sh\u00e9rence\u00a0! - thomasvino<\/title>\n<meta name=\"robots\" content=\"index, follow, max-snippet:-1, max-image-preview:large, max-video-preview:-1\" \/>\n<link rel=\"canonical\" href=\"https:\/\/thomasvino.ch\/?p=17702\" \/>\n<meta property=\"og:locale\" content=\"fr_FR\" \/>\n<meta property=\"og:type\" content=\"article\" \/>\n<meta property=\"og:title\" content=\"Le \u00abgap\u00bb autrichien\u00a0: 1,5 million de litres en d\u00e9sh\u00e9rence\u00a0! - thomasvino\" \/>\n<meta property=\"og:description\" content=\"On le sait\u00a0: les statistiques sont l\u2019addition exacte de chiffres g\u00e9n\u00e9ralement faux. Une fois de plus, l\u2019Autriche vitivinicole pavoise\u00a0: la Suisse est son deuxi\u00e8me march\u00e9 d\u2019exportation, en belle progression. Mais pr\u00e8s d\u2019un million et demi de litres figurant sur le papier \u00e0 Vienne se balade ailleurs qu\u2019\u00e0 Berne&#8230; L\u2019ann\u00e9e viticole 2020, publi\u00e9e par l\u2019Office f\u00e9d\u00e9ral [&hellip;]\" \/>\n<meta property=\"og:url\" content=\"https:\/\/thomasvino.ch\/?p=17702\" \/>\n<meta property=\"og:site_name\" content=\"thomasvino\" \/>\n<meta property=\"article:published_time\" content=\"2022-04-04T08:18:33+00:00\" \/>\n<meta property=\"article:modified_time\" content=\"2022-04-04T08:19:31+00:00\" \/>\n<meta name=\"author\" content=\"Pierre Thomas\" \/>\n<meta name=\"twitter:label1\" content=\"\u00c9crit par\" \/>\n\t<meta name=\"twitter:data1\" content=\"Pierre Thomas\" \/>\n\t<meta name=\"twitter:label2\" content=\"Dur\u00e9e de lecture estim\u00e9e\" \/>\n\t<meta name=\"twitter:data2\" content=\"2 minutes\" \/>\n<script type=\"application\/ld+json\" class=\"yoast-schema-graph\">{\"@context\":\"https:\/\/schema.org\",\"@graph\":[{\"@type\":\"WebPage\",\"@id\":\"https:\/\/thomasvino.ch\/?p=17702\",\"url\":\"https:\/\/thomasvino.ch\/?p=17702\",\"name\":\"Le \u00abgap\u00bb autrichien\u00a0: 1,5 million de litres en d\u00e9sh\u00e9rence\u00a0! - thomasvino\",\"isPartOf\":{\"@id\":\"https:\/\/thomasvino.ch\/#website\"},\"datePublished\":\"2022-04-04T08:18:33+00:00\",\"dateModified\":\"2022-04-04T08:19:31+00:00\",\"author\":{\"@id\":\"https:\/\/thomasvino.ch\/#\/schema\/person\/670bf4486fe81152cf1d68bd585e062e\"},\"breadcrumb\":{\"@id\":\"https:\/\/thomasvino.ch\/?p=17702#breadcrumb\"},\"inLanguage\":\"fr-FR\",\"potentialAction\":[{\"@type\":\"ReadAction\",\"target\":[\"https:\/\/thomasvino.ch\/?p=17702\"]}]},{\"@type\":\"BreadcrumbList\",\"@id\":\"https:\/\/thomasvino.ch\/?p=17702#breadcrumb\",\"itemListElement\":[{\"@type\":\"ListItem\",\"position\":1,\"name\":\"Accueil\",\"item\":\"https:\/\/thomasvino.ch\/\"},{\"@type\":\"ListItem\",\"position\":2,\"name\":\"Le \u00abgap\u00bb autrichien\u00a0: 1,5 million de litres en d\u00e9sh\u00e9rence\u00a0!\"}]},{\"@type\":\"WebSite\",\"@id\":\"https:\/\/thomasvino.ch\/#website\",\"url\":\"https:\/\/thomasvino.ch\/\",\"name\":\"thomasvino\",\"description\":\"Vins &amp; Gastronomie\",\"potentialAction\":[{\"@type\":\"SearchAction\",\"target\":{\"@type\":\"EntryPoint\",\"urlTemplate\":\"https:\/\/thomasvino.ch\/?s={search_term_string}\"},\"query-input\":\"required name=search_term_string\"}],\"inLanguage\":\"fr-FR\"},{\"@type\":\"Person\",\"@id\":\"https:\/\/thomasvino.ch\/#\/schema\/person\/670bf4486fe81152cf1d68bd585e062e\",\"name\":\"Pierre Thomas\",\"image\":{\"@type\":\"ImageObject\",\"inLanguage\":\"fr-FR\",\"@id\":\"https:\/\/thomasvino.ch\/#\/schema\/person\/image\/\",\"url\":\"https:\/\/secure.gravatar.com\/avatar\/91fd5a76647f140e53db987a0dead4d7?s=96&d=mm&r=g\",\"contentUrl\":\"https:\/\/secure.gravatar.com\/avatar\/91fd5a76647f140e53db987a0dead4d7?s=96&d=mm&r=g\",\"caption\":\"Pierre Thomas\"},\"url\":\"https:\/\/thomasvino.ch\/?author=3\"}]}<\/script>\n<!-- \/ Yoast SEO plugin. -->","yoast_head_json":{"title":"Le \u00abgap\u00bb autrichien\u00a0: 1,5 million de litres en d\u00e9sh\u00e9rence\u00a0! - thomasvino","robots":{"index":"index","follow":"follow","max-snippet":"max-snippet:-1","max-image-preview":"max-image-preview:large","max-video-preview":"max-video-preview:-1"},"canonical":"https:\/\/thomasvino.ch\/?p=17702","og_locale":"fr_FR","og_type":"article","og_title":"Le \u00abgap\u00bb autrichien\u00a0: 1,5 million de litres en d\u00e9sh\u00e9rence\u00a0! - thomasvino","og_description":"On le sait\u00a0: les statistiques sont l\u2019addition exacte de chiffres g\u00e9n\u00e9ralement faux. Une fois de plus, l\u2019Autriche vitivinicole pavoise\u00a0: la Suisse est son deuxi\u00e8me march\u00e9 d\u2019exportation, en belle progression. Mais pr\u00e8s d\u2019un million et demi de litres figurant sur le papier \u00e0 Vienne se balade ailleurs qu\u2019\u00e0 Berne&#8230; L\u2019ann\u00e9e viticole 2020, publi\u00e9e par l\u2019Office f\u00e9d\u00e9ral [&hellip;]","og_url":"https:\/\/thomasvino.ch\/?p=17702","og_site_name":"thomasvino","article_published_time":"2022-04-04T08:18:33+00:00","article_modified_time":"2022-04-04T08:19:31+00:00","author":"Pierre Thomas","twitter_misc":{"\u00c9crit par":"Pierre Thomas","Dur\u00e9e de lecture estim\u00e9e":"2 minutes"},"schema":{"@context":"https:\/\/schema.org","@graph":[{"@type":"WebPage","@id":"https:\/\/thomasvino.ch\/?p=17702","url":"https:\/\/thomasvino.ch\/?p=17702","name":"Le \u00abgap\u00bb autrichien\u00a0: 1,5 million de litres en d\u00e9sh\u00e9rence\u00a0! - thomasvino","isPartOf":{"@id":"https:\/\/thomasvino.ch\/#website"},"datePublished":"2022-04-04T08:18:33+00:00","dateModified":"2022-04-04T08:19:31+00:00","author":{"@id":"https:\/\/thomasvino.ch\/#\/schema\/person\/670bf4486fe81152cf1d68bd585e062e"},"breadcrumb":{"@id":"https:\/\/thomasvino.ch\/?p=17702#breadcrumb"},"inLanguage":"fr-FR","potentialAction":[{"@type":"ReadAction","target":["https:\/\/thomasvino.ch\/?p=17702"]}]},{"@type":"BreadcrumbList","@id":"https:\/\/thomasvino.ch\/?p=17702#breadcrumb","itemListElement":[{"@type":"ListItem","position":1,"name":"Accueil","item":"https:\/\/thomasvino.ch\/"},{"@type":"ListItem","position":2,"name":"Le \u00abgap\u00bb autrichien\u00a0: 1,5 million de litres en d\u00e9sh\u00e9rence\u00a0!"}]},{"@type":"WebSite","@id":"https:\/\/thomasvino.ch\/#website","url":"https:\/\/thomasvino.ch\/","name":"thomasvino","description":"Vins &amp; Gastronomie","potentialAction":[{"@type":"SearchAction","target":{"@type":"EntryPoint","urlTemplate":"https:\/\/thomasvino.ch\/?s={search_term_string}"},"query-input":"required name=search_term_string"}],"inLanguage":"fr-FR"},{"@type":"Person","@id":"https:\/\/thomasvino.ch\/#\/schema\/person\/670bf4486fe81152cf1d68bd585e062e","name":"Pierre Thomas","image":{"@type":"ImageObject","inLanguage":"fr-FR","@id":"https:\/\/thomasvino.ch\/#\/schema\/person\/image\/","url":"https:\/\/secure.gravatar.com\/avatar\/91fd5a76647f140e53db987a0dead4d7?s=96&d=mm&r=g","contentUrl":"https:\/\/secure.gravatar.com\/avatar\/91fd5a76647f140e53db987a0dead4d7?s=96&d=mm&r=g","caption":"Pierre Thomas"},"url":"https:\/\/thomasvino.ch\/?author=3"}]}},"jetpack_featured_media_url":"","jetpack_sharing_enabled":true,"jetpack_shortlink":"https:\/\/wp.me\/p3m4tZ-4Bw","jetpack_likes_enabled":false,"jetpack-related-posts":[{"id":17248,"url":"https:\/\/thomasvino.ch\/?p=17248","url_meta":{"origin":17702,"position":0},"title":"Consommation en baisse, mais les vins suisses r\u00e9sistent!","date":"29 avril 2021","format":false,"excerpt":"On n\u2019a jamais aussi peu bu de vin en Suisse qu\u2019en 2020. Tel est le verdict des chiffres publi\u00e9s par l\u2019Office f\u00e9d\u00e9ral de l\u2019agriculture (OFAG) \u00e0 fin avril 2021. La consommation des vins, blancs et rouges, s\u2019est contract\u00e9e de 6% par rapport \u00e0 2019, qui avait marqu\u00e9 une embellie. Mais\u2026","rel":"","context":"Dans &quot;Actus - News&quot;","img":{"alt_text":"","src":"","width":0,"height":0},"classes":[]},{"id":8836,"url":"https:\/\/thomasvino.ch\/?p=8836","url_meta":{"origin":17702,"position":1},"title":"Tout va tr\u00e8s bien pour le vin","date":"14 janvier 2009","format":false,"excerpt":"Production en baisse et conso en hausseLes bons chiffres du vinDouble bonne nouvelle en deux mois pour le monde globalis\u00e9 du vin. A fin janvier 2009, l\u2019Organisation internationale de la vigne et du vin (OIV), \u00e0 Paris, annon\u00e7ait une stabilisation de la r\u00e9colte 2008, tandis que le 13 janvier 2009,\u2026","rel":"","context":"Dans &quot;Actus - News&quot;","img":{"alt_text":"","src":"","width":0,"height":0},"classes":[]},{"id":14408,"url":"https:\/\/thomasvino.ch\/?p=14408","url_meta":{"origin":17702,"position":2},"title":"OIV 2017\u00a0: ce que disent les chiffres","date":"14 juin 2017","format":false,"excerpt":"Chaque ann\u00e9e, l\u2019Organisation internationale de la vigne et du vin (OIV), dont le si\u00e8ge est \u00e0 Paris, publie ses statistiques de la vitiviniculture mondiale. D\u00e9codage de la derni\u00e8re livraison, 2017, sur les chiffres 2016 et les \u00e9volutions des cinq pr\u00e9c\u00e9dentes ann\u00e9es. Que produit la vigne dans le monde\u00a0? Eh bien,\u2026","rel":"","context":"Dans &quot;Conso&quot;","img":{"alt_text":"","src":"","width":0,"height":0},"classes":[]},{"id":10784,"url":"https:\/\/thomasvino.ch\/?p=10784","url_meta":{"origin":17702,"position":3},"title":"March\u00e9 mondial du vin : le poids de la Suisse","date":"5 juin 2013","format":false,"excerpt":"L\u2019Organisation internationale de la vigne et du vin (OIV) a publi\u00e9 ses chiffres pour 2013. La Suisse, membre de l\u2019OIV, mais qui publie ses statistiques tardivement, n\u2019appara\u00eet pas dans le tableau de la consommation \u00abper capita\u00bb. Si l\u2019on divise la consommation 2012 (267 millions de litres) par le nombre d\u2019habitants\u2026","rel":"","context":"Dans &quot;Tendance&quot;","img":{"alt_text":"","src":"","width":0,"height":0},"classes":[]},{"id":9950,"url":"https:\/\/thomasvino.ch\/?p=9950","url_meta":{"origin":17702,"position":4},"title":"Les Suisses boivent plus de rouge indig\u00e8ne que de blanc","date":"6 avril 2007","format":false,"excerpt":"Les chiffres du vin suisse 2006Les Helv\u00e8tes boivent plus de vin rouge indig\u00e8ne que de blancTournant historique: pour la premi\u00e8re fois, les Suisses ont consomm\u00e9 un peu plus de vin rouge du pays que de blanc. Dans la baisse de la consommation, qui se confirme, c\u2019est encore le blanc local\u2026","rel":"","context":"Dans &quot;Tendance&quot;","img":{"alt_text":"","src":"","width":0,"height":0},"classes":[]},{"id":8856,"url":"https:\/\/thomasvino.ch\/?p=8856","url_meta":{"origin":17702,"position":5},"title":"Import et export suisses reculent en 2008","date":"13 mars 2009","format":false,"excerpt":"Import & exportLa Suisse importe un peu moins de vinEn 2008, l\u2019importation des vins en Suisse a l\u00e9g\u00e8rement fl\u00e9chi, \u00e0 174,5 millions de litres. Rappel\u00a0: les importations repr\u00e9sentent pr\u00e8s de 60% de la consommation totale de vins en Suisse. Des chiffres tir\u00e9s de Wine & Spirits, le nouvel organe officiel\u2026","rel":"","context":"Dans &quot;Actus - News&quot;","img":{"alt_text":"","src":"","width":0,"height":0},"classes":[]}],"_links":{"self":[{"href":"https:\/\/thomasvino.ch\/index.php?rest_route=\/wp\/v2\/posts\/17702"}],"collection":[{"href":"https:\/\/thomasvino.ch\/index.php?rest_route=\/wp\/v2\/posts"}],"about":[{"href":"https:\/\/thomasvino.ch\/index.php?rest_route=\/wp\/v2\/types\/post"}],"author":[{"embeddable":true,"href":"https:\/\/thomasvino.ch\/index.php?rest_route=\/wp\/v2\/users\/3"}],"replies":[{"embeddable":true,"href":"https:\/\/thomasvino.ch\/index.php?rest_route=%2Fwp%2Fv2%2Fcomments&post=17702"}],"version-history":[{"count":2,"href":"https:\/\/thomasvino.ch\/index.php?rest_route=\/wp\/v2\/posts\/17702\/revisions"}],"predecessor-version":[{"id":17705,"href":"https:\/\/thomasvino.ch\/index.php?rest_route=\/wp\/v2\/posts\/17702\/revisions\/17705"}],"wp:attachment":[{"href":"https:\/\/thomasvino.ch\/index.php?rest_route=%2Fwp%2Fv2%2Fmedia&parent=17702"}],"wp:term":[{"taxonomy":"category","embeddable":true,"href":"https:\/\/thomasvino.ch\/index.php?rest_route=%2Fwp%2Fv2%2Fcategories&post=17702"},{"taxonomy":"post_tag","embeddable":true,"href":"https:\/\/thomasvino.ch\/index.php?rest_route=%2Fwp%2Fv2%2Ftags&post=17702"}],"curies":[{"name":"wp","href":"https:\/\/api.w.org\/{rel}","templated":true}]}}