{"id":17857,"date":"2022-08-22T09:51:10","date_gmt":"2022-08-22T08:51:10","guid":{"rendered":"https:\/\/thomasvino.ch\/?p=17857"},"modified":"2022-08-22T09:52:16","modified_gmt":"2022-08-22T08:52:16","slug":"championnat-de-degustation-on-prend-les-memes","status":"publish","type":"post","link":"https:\/\/thomasvino.ch\/?p=17857","title":{"rendered":"Championnat de d\u00e9gustation:  on prend les m\u00eames&#8230;"},"content":{"rendered":"<p style=\"font-weight: 400;\">Le quatuor avait termin\u00e9 au 16<sup>\u00e8me<\/sup> rang l\u2019an pass\u00e9, apr\u00e8s une 1<sup>\u00e8re<\/sup> mi-temps d\u00e9sastreuse et une belle remont\u00e9e dans la seconde&#8230; Fera-t-il mieux cette ann\u00e9e, au championnat du monde de la d\u00e9gustation \u00e0 l\u2019aveugle par \u00e9quipes, organis\u00e9 par la <em>Revue du vin de France (RVF)<\/em>\u00a0?<\/p>\n<p style=\"font-weight: 400;\">Les quatre Genevois, d\u00e9j\u00e0 victorieux dans les caves d&rsquo;Obrist \u00e0 Vevey en 2021, ont remis \u00e7a au championnat suisse, le 21 ao\u00fbt\u00a0: l\u2019\u0153nologue <strong>Dorian Pajic<\/strong> (au prometteur Domaine des 3Etoiles, \u00e0 Peissy), le chroniqueur de vins <strong>Pierre-Emmanuel Fehr<\/strong>, le vigneron <strong>Damien Mermoud<\/strong> (fervent cultivateur de la mondeuse) et l\u2019enseignant <strong>Tristan Fr\u00e9sard.<\/strong><\/p>\n<p style=\"font-weight: 400;\">Le quatuor s\u2019entra\u00eene depuis trois ans assid\u00fbment, <em>\u00aben axant toujours leurs rencontres sur le plaisir\u00bb<\/em>, assure l\u2019organisateur de la manche nationale, l\u2019\u0153nologue-parfumeur et consultant\u00a0<strong>Richard Pfister<\/strong>. La finale du 10<sup>\u00e8me<\/sup> championnat du monde aura lieu dans les caves du champagne Ayala, \u00e0 A\u00ff, le 8 octobre prochain. Bonne chance aux Genevois. Et que la fameuse phrase du cycliste <strong>Ferdi Kubler<\/strong> \u00e0 l\u2019issue de sa victoire au Tour de France 1950 les inspire\u00a0: <em>\u00abJ\u2019essaierai de faire mieux la prochaine fois&#8230;\u00bb<\/em><\/p>\n<p style=\"font-weight: 400;\"><em>\u00a9thomasvino.ch<\/em><\/p>\n","protected":false},"excerpt":{"rendered":"<p>Le quatuor avait termin\u00e9 au 16\u00e8me rang l\u2019an pass\u00e9, apr\u00e8s une 1\u00e8re mi-temps d\u00e9sastreuse et une belle remont\u00e9e dans la seconde&#8230; Fera-t-il mieux cette ann\u00e9e, au championnat du monde de la d\u00e9gustation \u00e0 l\u2019aveugle par \u00e9quipes, organis\u00e9 par la Revue du vin de France (RVF)\u00a0? Les quatre Genevois, d\u00e9j\u00e0 victorieux dans les caves d&rsquo;Obrist \u00e0 [&hellip;]<\/p>\n","protected":false},"author":3,"featured_media":0,"comment_status":"closed","ping_status":"open","sticky":false,"template":"","format":"standard","meta":{"_monsterinsights_skip_tracking":false,"_monsterinsights_sitenote_active":false,"_monsterinsights_sitenote_note":"","_monsterinsights_sitenote_category":0,"jetpack_post_was_ever_published":false,"jetpack_publicize_message":"","jetpack_is_tweetstorm":false,"jetpack_publicize_feature_enabled":true,"jetpack_social_post_already_shared":true,"jetpack_social_options":{"image_generator_settings":{"template":"highway","enabled":false}}},"categories":[15],"tags":[],"jetpack_publicize_connections":[],"yoast_head":"<!-- This site is optimized with the Yoast SEO plugin v20.6 - https:\/\/yoast.com\/wordpress\/plugins\/seo\/ -->\n<title>Championnat de d\u00e9gustation: on prend les m\u00eames... - thomasvino<\/title>\n<meta name=\"robots\" content=\"index, follow, max-snippet:-1, max-image-preview:large, max-video-preview:-1\" \/>\n<link rel=\"canonical\" href=\"https:\/\/thomasvino.ch\/?p=17857\" \/>\n<meta property=\"og:locale\" content=\"fr_FR\" \/>\n<meta property=\"og:type\" content=\"article\" \/>\n<meta property=\"og:title\" content=\"Championnat de d\u00e9gustation: on prend les m\u00eames... - thomasvino\" \/>\n<meta property=\"og:description\" content=\"Le quatuor avait termin\u00e9 au 16\u00e8me rang l\u2019an pass\u00e9, apr\u00e8s une 1\u00e8re mi-temps d\u00e9sastreuse et une belle remont\u00e9e dans la seconde&#8230; Fera-t-il mieux cette ann\u00e9e, au championnat du monde de la d\u00e9gustation \u00e0 l\u2019aveugle par \u00e9quipes, organis\u00e9 par la Revue du vin de France (RVF)\u00a0? Les quatre Genevois, d\u00e9j\u00e0 victorieux dans les caves d&rsquo;Obrist \u00e0 [&hellip;]\" \/>\n<meta property=\"og:url\" content=\"https:\/\/thomasvino.ch\/?p=17857\" \/>\n<meta property=\"og:site_name\" content=\"thomasvino\" \/>\n<meta property=\"article:published_time\" content=\"2022-08-22T08:51:10+00:00\" \/>\n<meta property=\"article:modified_time\" content=\"2022-08-22T08:52:16+00:00\" \/>\n<meta name=\"author\" content=\"Pierre Thomas\" \/>\n<meta name=\"twitter:label1\" content=\"\u00c9crit par\" \/>\n\t<meta name=\"twitter:data1\" content=\"Pierre Thomas\" \/>\n\t<meta name=\"twitter:label2\" content=\"Dur\u00e9e de lecture estim\u00e9e\" \/>\n\t<meta name=\"twitter:data2\" content=\"1 minute\" \/>\n<script type=\"application\/ld+json\" class=\"yoast-schema-graph\">{\"@context\":\"https:\/\/schema.org\",\"@graph\":[{\"@type\":\"WebPage\",\"@id\":\"https:\/\/thomasvino.ch\/?p=17857\",\"url\":\"https:\/\/thomasvino.ch\/?p=17857\",\"name\":\"Championnat de d\u00e9gustation: on prend les m\u00eames... - thomasvino\",\"isPartOf\":{\"@id\":\"https:\/\/thomasvino.ch\/#website\"},\"datePublished\":\"2022-08-22T08:51:10+00:00\",\"dateModified\":\"2022-08-22T08:52:16+00:00\",\"author\":{\"@id\":\"https:\/\/thomasvino.ch\/#\/schema\/person\/670bf4486fe81152cf1d68bd585e062e\"},\"breadcrumb\":{\"@id\":\"https:\/\/thomasvino.ch\/?p=17857#breadcrumb\"},\"inLanguage\":\"fr-FR\",\"potentialAction\":[{\"@type\":\"ReadAction\",\"target\":[\"https:\/\/thomasvino.ch\/?p=17857\"]}]},{\"@type\":\"BreadcrumbList\",\"@id\":\"https:\/\/thomasvino.ch\/?p=17857#breadcrumb\",\"itemListElement\":[{\"@type\":\"ListItem\",\"position\":1,\"name\":\"Accueil\",\"item\":\"https:\/\/thomasvino.ch\/\"},{\"@type\":\"ListItem\",\"position\":2,\"name\":\"Championnat de d\u00e9gustation: on prend les m\u00eames&#8230;\"}]},{\"@type\":\"WebSite\",\"@id\":\"https:\/\/thomasvino.ch\/#website\",\"url\":\"https:\/\/thomasvino.ch\/\",\"name\":\"thomasvino\",\"description\":\"Vins &amp; Gastronomie\",\"potentialAction\":[{\"@type\":\"SearchAction\",\"target\":{\"@type\":\"EntryPoint\",\"urlTemplate\":\"https:\/\/thomasvino.ch\/?s={search_term_string}\"},\"query-input\":\"required name=search_term_string\"}],\"inLanguage\":\"fr-FR\"},{\"@type\":\"Person\",\"@id\":\"https:\/\/thomasvino.ch\/#\/schema\/person\/670bf4486fe81152cf1d68bd585e062e\",\"name\":\"Pierre Thomas\",\"image\":{\"@type\":\"ImageObject\",\"inLanguage\":\"fr-FR\",\"@id\":\"https:\/\/thomasvino.ch\/#\/schema\/person\/image\/\",\"url\":\"https:\/\/secure.gravatar.com\/avatar\/91fd5a76647f140e53db987a0dead4d7?s=96&d=mm&r=g\",\"contentUrl\":\"https:\/\/secure.gravatar.com\/avatar\/91fd5a76647f140e53db987a0dead4d7?s=96&d=mm&r=g\",\"caption\":\"Pierre Thomas\"},\"url\":\"https:\/\/thomasvino.ch\/?author=3\"}]}<\/script>\n<!-- \/ Yoast SEO plugin. -->","yoast_head_json":{"title":"Championnat de d\u00e9gustation: on prend les m\u00eames... - thomasvino","robots":{"index":"index","follow":"follow","max-snippet":"max-snippet:-1","max-image-preview":"max-image-preview:large","max-video-preview":"max-video-preview:-1"},"canonical":"https:\/\/thomasvino.ch\/?p=17857","og_locale":"fr_FR","og_type":"article","og_title":"Championnat de d\u00e9gustation: on prend les m\u00eames... - thomasvino","og_description":"Le quatuor avait termin\u00e9 au 16\u00e8me rang l\u2019an pass\u00e9, apr\u00e8s une 1\u00e8re mi-temps d\u00e9sastreuse et une belle remont\u00e9e dans la seconde&#8230; Fera-t-il mieux cette ann\u00e9e, au championnat du monde de la d\u00e9gustation \u00e0 l\u2019aveugle par \u00e9quipes, organis\u00e9 par la Revue du vin de France (RVF)\u00a0? Les quatre Genevois, d\u00e9j\u00e0 victorieux dans les caves d&rsquo;Obrist \u00e0 [&hellip;]","og_url":"https:\/\/thomasvino.ch\/?p=17857","og_site_name":"thomasvino","article_published_time":"2022-08-22T08:51:10+00:00","article_modified_time":"2022-08-22T08:52:16+00:00","author":"Pierre Thomas","twitter_misc":{"\u00c9crit par":"Pierre Thomas","Dur\u00e9e de lecture estim\u00e9e":"1 minute"},"schema":{"@context":"https:\/\/schema.org","@graph":[{"@type":"WebPage","@id":"https:\/\/thomasvino.ch\/?p=17857","url":"https:\/\/thomasvino.ch\/?p=17857","name":"Championnat de d\u00e9gustation: on prend les m\u00eames... - thomasvino","isPartOf":{"@id":"https:\/\/thomasvino.ch\/#website"},"datePublished":"2022-08-22T08:51:10+00:00","dateModified":"2022-08-22T08:52:16+00:00","author":{"@id":"https:\/\/thomasvino.ch\/#\/schema\/person\/670bf4486fe81152cf1d68bd585e062e"},"breadcrumb":{"@id":"https:\/\/thomasvino.ch\/?p=17857#breadcrumb"},"inLanguage":"fr-FR","potentialAction":[{"@type":"ReadAction","target":["https:\/\/thomasvino.ch\/?p=17857"]}]},{"@type":"BreadcrumbList","@id":"https:\/\/thomasvino.ch\/?p=17857#breadcrumb","itemListElement":[{"@type":"ListItem","position":1,"name":"Accueil","item":"https:\/\/thomasvino.ch\/"},{"@type":"ListItem","position":2,"name":"Championnat de d\u00e9gustation: on prend les m\u00eames&#8230;"}]},{"@type":"WebSite","@id":"https:\/\/thomasvino.ch\/#website","url":"https:\/\/thomasvino.ch\/","name":"thomasvino","description":"Vins &amp; Gastronomie","potentialAction":[{"@type":"SearchAction","target":{"@type":"EntryPoint","urlTemplate":"https:\/\/thomasvino.ch\/?s={search_term_string}"},"query-input":"required name=search_term_string"}],"inLanguage":"fr-FR"},{"@type":"Person","@id":"https:\/\/thomasvino.ch\/#\/schema\/person\/670bf4486fe81152cf1d68bd585e062e","name":"Pierre Thomas","image":{"@type":"ImageObject","inLanguage":"fr-FR","@id":"https:\/\/thomasvino.ch\/#\/schema\/person\/image\/","url":"https:\/\/secure.gravatar.com\/avatar\/91fd5a76647f140e53db987a0dead4d7?s=96&d=mm&r=g","contentUrl":"https:\/\/secure.gravatar.com\/avatar\/91fd5a76647f140e53db987a0dead4d7?s=96&d=mm&r=g","caption":"Pierre Thomas"},"url":"https:\/\/thomasvino.ch\/?author=3"}]}},"jetpack_featured_media_url":"","jetpack_sharing_enabled":true,"jetpack_shortlink":"https:\/\/wp.me\/p3m4tZ-4E1","jetpack_likes_enabled":false,"jetpack-related-posts":[{"id":17901,"url":"https:\/\/thomasvino.ch\/?p=17901","url_meta":{"origin":17857,"position":0},"title":"La Suisse 9\u00e8me au Championnat du monde de d\u00e9gustation","date":"11 octobre 2022","format":false,"excerpt":"C'est l'\u00e9quipe du Luxembourg qui a remport\u00e9 le \u00abchampionnat du monde de d\u00e9gustation par \u00e9quipes de la Revue du vin de France\u00bb, le 8 octobre, en Champagne. Elle a totalis\u00e9 139 points, devant le Portugal, 123 points, et l'Espagne, 122 points. La Suisse se classe 9\u00e8me, avec 111 points. Six\u2026","rel":"","context":"Dans &quot;Actus - News&quot;","img":{"alt_text":"","src":"","width":0,"height":0},"classes":[]},{"id":18221,"url":"https:\/\/thomasvino.ch\/?p=18221","url_meta":{"origin":17857,"position":1},"title":"Championnat suisse de d\u00e9gustation par \u00e9quipes 2023  \u2014 L\u2019\u00e9quipe genevoise, pour la 3\u00e8me fois\u00a0!","date":"25 juin 2023","format":false,"excerpt":"Le quatuor genevois, form\u00e9 par le chroniqueur de vins Pierre-Emmanuel Fehr, l\u2019enseignant Tristan Fr\u00e9sard, le vigneron Damien Mermoud et l\u2019\u0153nologue Dorian Pajic, a remport\u00e9 pour la troisi\u00e8me fois cons\u00e9cutive le Championnat suisse de d\u00e9gustation \u00e0 l\u2019aveugle par \u00e9quipes. L\u2019\u00e9quipe repr\u00e9sentera en septembre la Suisse au championnat du monde, organis\u00e9 en\u2026","rel":"","context":"Dans &quot;Actus - News&quot;","img":{"alt_text":"","src":"https:\/\/i0.wp.com\/thomasvino.ch\/wp-content\/uploads\/2023\/06\/IMG_4628-300x225.jpeg?resize=350%2C200&ssl=1","width":350,"height":200},"classes":[]},{"id":9761,"url":"https:\/\/thomasvino.ch\/?p=9761","url_meta":{"origin":17857,"position":2},"title":"Vins suisses \u2014 Le championnat de d\u00e9gustation 2001","date":"10 mai 2006","format":false,"excerpt":"Vins suisses \u2014 Championnat au Chalet-\u00e0-Gobet La d\u00e9gustation? Un v\u00e9ritable sport! Ils \u00e9taient une soixantaine, non pas dans les starting-blocks, mais face \u00e0 des verres, hier matin, \u00e0 l'Ecole h\u00f4teli\u00e8re de Lausanne. Soixante-quatre, soit un sur sept, de ces pr\u00e9qualifi\u00e9s au Championnat suisse de d\u00e9gustation iront en finale, vraisemblablement \u00abjou\u00e9e\u00bb\u2026","rel":"","context":"Dans &quot;Tendance&quot;","img":{"alt_text":"","src":"","width":0,"height":0},"classes":[]},{"id":16113,"url":"https:\/\/thomasvino.ch\/?p=16113","url_meta":{"origin":17857,"position":3},"title":"D\u00e9gustation: un \u00abchapeau noir\u00bb \u00e0 conqu\u00e9rir!","date":"8 octobre 2019","format":false,"excerpt":"On a toujours eu l\u2019impression que les concours de d\u00e9gustation, sp\u00e9cialit\u00e9 \u00e9minemment vaudoise, dans la veine du fameux \u00abconcours Jean-Louis\u00bb, \u00e9taient r\u00e9serv\u00e9s \u00e0 un cercle restreint de d\u00e9gustateurs, une petite centaine\u2026 H\u00e9las, l\u2019impression perdure quand on voit qu\u2019un communiqu\u00e9 de presse est exp\u00e9di\u00e9 par mail deux jours avant le d\u00e9lai\u2026","rel":"","context":"Dans &quot;Actus - News&quot;","img":{"alt_text":"","src":"","width":0,"height":0},"classes":[]},{"id":13087,"url":"https:\/\/thomasvino.ch\/?p=13087","url_meta":{"origin":17857,"position":4},"title":"Le Verre d&rsquo;Or \u00e0 Cossonay 2015 et \u00e0 Arvinis 2016","date":"7 octobre 2015","format":false,"excerpt":"Le mardi 13 octobre 2015 \u00e0 18h00, au Restaurant de l\u2019Expo de Cossonay se tiendra la remise des prix du 74\u00e8me concours Jean-Louis et du Verre d'Or, le championnat vaudois de d\u00e9gustation. Ce concours sera aussi l'h\u00f4te d'honneur du prochain Arvinis \u00e0 Morges, du 13 au18 avril 2016. Lors de\u2026","rel":"","context":"Dans &quot;Actus - News&quot;","img":{"alt_text":"","src":"","width":0,"height":0},"classes":[]},{"id":15376,"url":"https:\/\/thomasvino.ch\/?p=15376","url_meta":{"origin":17857,"position":5},"title":"D\u00e9gustation\u00a0: hop Suisse\u00a0!","date":"5 novembre 2018","format":false,"excerpt":"Il n\u2019y a pas qu\u2019au foot que les Belges battent l\u2019\u00e9quipe de Suisse. Quelques jours apr\u00e8s cette d\u00e9faite sur le terrain, les Helv\u00e8tes, tous Romands, se sont inclin\u00e9s pr\u00e8s de Montpellier, dans le championnat du monde de d\u00e9gustation, organis\u00e9 par la Revue du Vin de France. Mais ils ont sign\u00e9\u2026","rel":"","context":"Dans &quot;Actus - News&quot;","img":{"alt_text":"","src":"https:\/\/i0.wp.com\/thomasvino.ch\/wp-content\/uploads\/2018\/11\/chemp_deg-300x254.jpg?resize=350%2C200&ssl=1","width":350,"height":200},"classes":[]}],"_links":{"self":[{"href":"https:\/\/thomasvino.ch\/index.php?rest_route=\/wp\/v2\/posts\/17857"}],"collection":[{"href":"https:\/\/thomasvino.ch\/index.php?rest_route=\/wp\/v2\/posts"}],"about":[{"href":"https:\/\/thomasvino.ch\/index.php?rest_route=\/wp\/v2\/types\/post"}],"author":[{"embeddable":true,"href":"https:\/\/thomasvino.ch\/index.php?rest_route=\/wp\/v2\/users\/3"}],"replies":[{"embeddable":true,"href":"https:\/\/thomasvino.ch\/index.php?rest_route=%2Fwp%2Fv2%2Fcomments&post=17857"}],"version-history":[{"count":3,"href":"https:\/\/thomasvino.ch\/index.php?rest_route=\/wp\/v2\/posts\/17857\/revisions"}],"predecessor-version":[{"id":17900,"href":"https:\/\/thomasvino.ch\/index.php?rest_route=\/wp\/v2\/posts\/17857\/revisions\/17900"}],"wp:attachment":[{"href":"https:\/\/thomasvino.ch\/index.php?rest_route=%2Fwp%2Fv2%2Fmedia&parent=17857"}],"wp:term":[{"taxonomy":"category","embeddable":true,"href":"https:\/\/thomasvino.ch\/index.php?rest_route=%2Fwp%2Fv2%2Fcategories&post=17857"},{"taxonomy":"post_tag","embeddable":true,"href":"https:\/\/thomasvino.ch\/index.php?rest_route=%2Fwp%2Fv2%2Ftags&post=17857"}],"curies":[{"name":"wp","href":"https:\/\/api.w.org\/{rel}","templated":true}]}}