{"id":17866,"date":"2022-08-30T16:31:13","date_gmt":"2022-08-30T15:31:13","guid":{"rendered":"https:\/\/thomasvino.ch\/?p=17866"},"modified":"2022-09-13T07:19:38","modified_gmt":"2022-09-13T06:19:38","slug":"selections-des-vins-vaudois-2022-philippe-bovet-et-la-cote-au-sommet","status":"publish","type":"post","link":"https:\/\/thomasvino.ch\/?p=17866","title":{"rendered":"S\u00e9lection des vins vaudois 2022:  Philippe Bovet et La C\u00f4te au sommet"},"content":{"rendered":"<p style=\"font-weight: 400;\"><strong>La s\u00e9lection des vins vaudois 2022, dont les r\u00e9sultats ont \u00e9t\u00e9 proclam\u00e9s \u00e0 l\u2019Ecole h\u00f4teli\u00e8re de Lausanne le jour du Swiss Wine Tasting de Zurich (!), a couronn\u00e9 l\u2019encaveur de Givrins, Philippe Bovet, <em>\u00abmaster\u00bb<\/em> 2022 avec une de ses grandes cuv\u00e9es, longuement \u00e9lev\u00e9e sous bois, le <em>L\u00e9man noir Dark line 2017<\/em>, meilleur vin du concours \u00e0 92,8\/100, et la coop\u00e9rative Cave de La C\u00f4te, notamment pour son mousseux ros\u00e9 le <em>P\u00e9teux ros\u00e9 Cuv\u00e9e des P\u00e8dzes<\/em>, \u00e9galement AOC Vaud, troph\u00e9e de Bio-Vaud. Sur les 644 vins d\u00e9gust\u00e9s d\u00e9but juin \u00e0 Froideville, 68 ont obtenu une m\u00e9daille d\u2019or (\u00e0 90\/100 points et plus) et 127 l\u2019argent.<\/strong><\/p>\n<p style=\"font-weight: 400;\"><strong>Philippe Bovet<\/strong> a f\u00eat\u00e9 les 20 ans de sa cave cette ann\u00e9e. Il d\u00e9croche la meilleure note du concours et du coup, la 1<sup>\u00e8re<\/sup> place des assemblages rouges, avec ce <em>L\u00e9man noir 2017<\/em>, mais aussi la 1<sup>\u00e8re<\/sup> place en gamay, avec son <em>Pacifique 2021<\/em>, et, dans les <em>\u00abautres c\u00e9pages blancs\u00bb<\/em>, le 1<sup>er<\/sup> rang avec son <em>sauvignon blanc 2021<\/em>&#8230; et le 3<sup>\u00e8me<\/sup> avec son <em>viognier<\/em>. Il rate de peu le troph\u00e9e en \u00abautres c\u00e9pages rouges purs\u00bb avec son merlot 2020. Tous ses vins sont en AOC (cantonale) Vaud&#8230;<\/p>\n<p style=\"font-weight: 400;\"><strong>La Cave de La C\u00f4te<\/strong> s\u2019impose non seulement parmi les mousseux, mais aussi dans les chasselas jeunes (du seul mill\u00e9sime 2021), avec le <em>Morges Tradition<\/em> (son <em>Morges vieilles vignes<\/em> figure en m\u00e9daille d\u2019or), devant le champion du monde des chasselas couronn\u00e9 \u00e0 Aigle, le Villeneuve <em>Les Moines Tradition Grand Cru<\/em> de Serge Diserens. Parmi les chasselas plus anciens (tout est relatif, des mill\u00e9simes 2019 et 2020), <strong>Obrist<\/strong> s\u2019impose avec son <em>D\u00e9zaley Les Egralets 2020<\/em>, devant le <em>Roche Ronde 2020<\/em> de <strong>Testuz<\/strong> et le <em>1er grand cru<\/em>\u00a0<em>2020<\/em> du <strong>Domaine de Autecour<\/strong> \u2014 trois \u00e9tiquettes du groupe Schenk!<\/p>\n<p>En ros\u00e9, la <strong style=\"font-weight: 400;\">Cave des Rossillonnes<\/strong> est 1<sup style=\"font-weight: 400;\">\u00e8re<\/sup>, avec son \u0153il-de-perdrix <em style=\"font-weight: 400;\">Dominelle 2021<\/em>. Beau r\u00e9sultat pour\u00a0<strong style=\"font-weight: 400;\">\u00a0Bolle &amp; Cie SA<\/strong>\u00a0qui s&rsquo;impose en solitaire en <em style=\"font-weight: 400;\">\u00abautres c\u00e9pages rouges purs\u00bb<\/em> avec son <i style=\"font-weight: 400;\">Galotta La Licorne 2020 <\/i>et\u00a0partage, avec le <em>PN\u00a0<\/em><em style=\"font-weight: 400;\">La Licorne 2020\u00a0<\/em>le titre des pinots noirs, avec le <em style=\"font-weight: 400;\">Confidentiel 2020<\/em> du <strong style=\"font-weight: 400;\">Ch\u00e2teau de Valeyres<\/strong> (sous-Rances), en C\u00f4tes-de-l\u2019Orbe, d\u2019o\u00f9 vient la <strong style=\"font-weight: 400;\">Cave des 13 Coteaux<\/strong>, qui s\u2019impose, elle, en vins liquoreux avec son <em style=\"font-weight: 400;\">Riesling sylvaner doux 2018<\/em>.<\/p>\n<p style=\"font-weight: 400;\">Tous les r\u00e9sultats sur le site d\u00e9di\u00e9\u00a0: <a href=\"https:\/\/www.selection-vins-vaudois.ch\/vins-primes\">www.selection-vins-vaudois.ch<\/a><\/p>\n<p style=\"font-weight: 400;\">L\u2019OVV a d\u00e9cern\u00e9 son titre de commandeur de l\u2019Ordre des vins vaudois \u00e0 <strong>Alexandre Truffer<\/strong>, ex-r\u00e9dacteur en chef de <em>Vinum<\/em>, magazine qu\u2019il vient de quitter pour la communication des paysans vaudois \u00e0 <em>Prom\u00e9terre<\/em>, mais qui reste pr\u00e9sident du <em>Mondial du Chasselas<\/em> \u00e0 Aigle.<\/p>\n<p style=\"font-weight: 400;\"><em>\u00a9thomasvino.ch<\/em><\/p>\n","protected":false},"excerpt":{"rendered":"<p>La s\u00e9lection des vins vaudois 2022, dont les r\u00e9sultats ont \u00e9t\u00e9 proclam\u00e9s \u00e0 l\u2019Ecole h\u00f4teli\u00e8re de Lausanne le jour du Swiss Wine Tasting de Zurich (!), a couronn\u00e9 l\u2019encaveur de Givrins, Philippe Bovet, \u00abmaster\u00bb 2022 avec une de ses grandes cuv\u00e9es, longuement \u00e9lev\u00e9e sous bois, le L\u00e9man noir Dark line 2017, meilleur vin du concours [&hellip;]<\/p>\n","protected":false},"author":3,"featured_media":0,"comment_status":"closed","ping_status":"open","sticky":false,"template":"","format":"standard","meta":{"_monsterinsights_skip_tracking":false,"_monsterinsights_sitenote_active":false,"_monsterinsights_sitenote_note":"","_monsterinsights_sitenote_category":0,"jetpack_post_was_ever_published":false,"jetpack_publicize_message":"","jetpack_is_tweetstorm":false,"jetpack_publicize_feature_enabled":true,"jetpack_social_post_already_shared":true,"jetpack_social_options":{"image_generator_settings":{"template":"highway","enabled":false}}},"categories":[15],"tags":[],"jetpack_publicize_connections":[],"yoast_head":"<!-- This site is optimized with the Yoast SEO plugin v20.6 - https:\/\/yoast.com\/wordpress\/plugins\/seo\/ -->\n<title>S\u00e9lection des vins vaudois 2022: Philippe Bovet et La C\u00f4te au sommet - thomasvino<\/title>\n<meta name=\"robots\" content=\"index, follow, max-snippet:-1, max-image-preview:large, max-video-preview:-1\" \/>\n<link rel=\"canonical\" href=\"https:\/\/thomasvino.ch\/?p=17866\" \/>\n<meta property=\"og:locale\" content=\"fr_FR\" \/>\n<meta property=\"og:type\" content=\"article\" \/>\n<meta property=\"og:title\" content=\"S\u00e9lection des vins vaudois 2022: Philippe Bovet et La C\u00f4te au sommet - thomasvino\" \/>\n<meta property=\"og:description\" content=\"La s\u00e9lection des vins vaudois 2022, dont les r\u00e9sultats ont \u00e9t\u00e9 proclam\u00e9s \u00e0 l\u2019Ecole h\u00f4teli\u00e8re de Lausanne le jour du Swiss Wine Tasting de Zurich (!), a couronn\u00e9 l\u2019encaveur de Givrins, Philippe Bovet, \u00abmaster\u00bb 2022 avec une de ses grandes cuv\u00e9es, longuement \u00e9lev\u00e9e sous bois, le L\u00e9man noir Dark line 2017, meilleur vin du concours [&hellip;]\" \/>\n<meta property=\"og:url\" content=\"https:\/\/thomasvino.ch\/?p=17866\" \/>\n<meta property=\"og:site_name\" content=\"thomasvino\" \/>\n<meta property=\"article:published_time\" content=\"2022-08-30T15:31:13+00:00\" \/>\n<meta property=\"article:modified_time\" content=\"2022-09-13T06:19:38+00:00\" \/>\n<meta name=\"author\" content=\"Pierre Thomas\" \/>\n<meta name=\"twitter:label1\" content=\"\u00c9crit par\" \/>\n\t<meta name=\"twitter:data1\" content=\"Pierre Thomas\" \/>\n\t<meta name=\"twitter:label2\" content=\"Dur\u00e9e de lecture estim\u00e9e\" \/>\n\t<meta name=\"twitter:data2\" content=\"3 minutes\" \/>\n<script type=\"application\/ld+json\" class=\"yoast-schema-graph\">{\"@context\":\"https:\/\/schema.org\",\"@graph\":[{\"@type\":\"WebPage\",\"@id\":\"https:\/\/thomasvino.ch\/?p=17866\",\"url\":\"https:\/\/thomasvino.ch\/?p=17866\",\"name\":\"S\u00e9lection des vins vaudois 2022: Philippe Bovet et La C\u00f4te au sommet - thomasvino\",\"isPartOf\":{\"@id\":\"https:\/\/thomasvino.ch\/#website\"},\"datePublished\":\"2022-08-30T15:31:13+00:00\",\"dateModified\":\"2022-09-13T06:19:38+00:00\",\"author\":{\"@id\":\"https:\/\/thomasvino.ch\/#\/schema\/person\/670bf4486fe81152cf1d68bd585e062e\"},\"breadcrumb\":{\"@id\":\"https:\/\/thomasvino.ch\/?p=17866#breadcrumb\"},\"inLanguage\":\"fr-FR\",\"potentialAction\":[{\"@type\":\"ReadAction\",\"target\":[\"https:\/\/thomasvino.ch\/?p=17866\"]}]},{\"@type\":\"BreadcrumbList\",\"@id\":\"https:\/\/thomasvino.ch\/?p=17866#breadcrumb\",\"itemListElement\":[{\"@type\":\"ListItem\",\"position\":1,\"name\":\"Accueil\",\"item\":\"https:\/\/thomasvino.ch\/\"},{\"@type\":\"ListItem\",\"position\":2,\"name\":\"S\u00e9lection des vins vaudois 2022: Philippe Bovet et La C\u00f4te au sommet\"}]},{\"@type\":\"WebSite\",\"@id\":\"https:\/\/thomasvino.ch\/#website\",\"url\":\"https:\/\/thomasvino.ch\/\",\"name\":\"thomasvino\",\"description\":\"Vins &amp; Gastronomie\",\"potentialAction\":[{\"@type\":\"SearchAction\",\"target\":{\"@type\":\"EntryPoint\",\"urlTemplate\":\"https:\/\/thomasvino.ch\/?s={search_term_string}\"},\"query-input\":\"required name=search_term_string\"}],\"inLanguage\":\"fr-FR\"},{\"@type\":\"Person\",\"@id\":\"https:\/\/thomasvino.ch\/#\/schema\/person\/670bf4486fe81152cf1d68bd585e062e\",\"name\":\"Pierre Thomas\",\"image\":{\"@type\":\"ImageObject\",\"inLanguage\":\"fr-FR\",\"@id\":\"https:\/\/thomasvino.ch\/#\/schema\/person\/image\/\",\"url\":\"https:\/\/secure.gravatar.com\/avatar\/91fd5a76647f140e53db987a0dead4d7?s=96&d=mm&r=g\",\"contentUrl\":\"https:\/\/secure.gravatar.com\/avatar\/91fd5a76647f140e53db987a0dead4d7?s=96&d=mm&r=g\",\"caption\":\"Pierre Thomas\"},\"url\":\"https:\/\/thomasvino.ch\/?author=3\"}]}<\/script>\n<!-- \/ Yoast SEO plugin. -->","yoast_head_json":{"title":"S\u00e9lection des vins vaudois 2022: Philippe Bovet et La C\u00f4te au sommet - thomasvino","robots":{"index":"index","follow":"follow","max-snippet":"max-snippet:-1","max-image-preview":"max-image-preview:large","max-video-preview":"max-video-preview:-1"},"canonical":"https:\/\/thomasvino.ch\/?p=17866","og_locale":"fr_FR","og_type":"article","og_title":"S\u00e9lection des vins vaudois 2022: Philippe Bovet et La C\u00f4te au sommet - thomasvino","og_description":"La s\u00e9lection des vins vaudois 2022, dont les r\u00e9sultats ont \u00e9t\u00e9 proclam\u00e9s \u00e0 l\u2019Ecole h\u00f4teli\u00e8re de Lausanne le jour du Swiss Wine Tasting de Zurich (!), a couronn\u00e9 l\u2019encaveur de Givrins, Philippe Bovet, \u00abmaster\u00bb 2022 avec une de ses grandes cuv\u00e9es, longuement \u00e9lev\u00e9e sous bois, le L\u00e9man noir Dark line 2017, meilleur vin du concours [&hellip;]","og_url":"https:\/\/thomasvino.ch\/?p=17866","og_site_name":"thomasvino","article_published_time":"2022-08-30T15:31:13+00:00","article_modified_time":"2022-09-13T06:19:38+00:00","author":"Pierre Thomas","twitter_misc":{"\u00c9crit par":"Pierre Thomas","Dur\u00e9e de lecture estim\u00e9e":"3 minutes"},"schema":{"@context":"https:\/\/schema.org","@graph":[{"@type":"WebPage","@id":"https:\/\/thomasvino.ch\/?p=17866","url":"https:\/\/thomasvino.ch\/?p=17866","name":"S\u00e9lection des vins vaudois 2022: Philippe Bovet et La C\u00f4te au sommet - thomasvino","isPartOf":{"@id":"https:\/\/thomasvino.ch\/#website"},"datePublished":"2022-08-30T15:31:13+00:00","dateModified":"2022-09-13T06:19:38+00:00","author":{"@id":"https:\/\/thomasvino.ch\/#\/schema\/person\/670bf4486fe81152cf1d68bd585e062e"},"breadcrumb":{"@id":"https:\/\/thomasvino.ch\/?p=17866#breadcrumb"},"inLanguage":"fr-FR","potentialAction":[{"@type":"ReadAction","target":["https:\/\/thomasvino.ch\/?p=17866"]}]},{"@type":"BreadcrumbList","@id":"https:\/\/thomasvino.ch\/?p=17866#breadcrumb","itemListElement":[{"@type":"ListItem","position":1,"name":"Accueil","item":"https:\/\/thomasvino.ch\/"},{"@type":"ListItem","position":2,"name":"S\u00e9lection des vins vaudois 2022: Philippe Bovet et La C\u00f4te au sommet"}]},{"@type":"WebSite","@id":"https:\/\/thomasvino.ch\/#website","url":"https:\/\/thomasvino.ch\/","name":"thomasvino","description":"Vins &amp; Gastronomie","potentialAction":[{"@type":"SearchAction","target":{"@type":"EntryPoint","urlTemplate":"https:\/\/thomasvino.ch\/?s={search_term_string}"},"query-input":"required name=search_term_string"}],"inLanguage":"fr-FR"},{"@type":"Person","@id":"https:\/\/thomasvino.ch\/#\/schema\/person\/670bf4486fe81152cf1d68bd585e062e","name":"Pierre Thomas","image":{"@type":"ImageObject","inLanguage":"fr-FR","@id":"https:\/\/thomasvino.ch\/#\/schema\/person\/image\/","url":"https:\/\/secure.gravatar.com\/avatar\/91fd5a76647f140e53db987a0dead4d7?s=96&d=mm&r=g","contentUrl":"https:\/\/secure.gravatar.com\/avatar\/91fd5a76647f140e53db987a0dead4d7?s=96&d=mm&r=g","caption":"Pierre Thomas"},"url":"https:\/\/thomasvino.ch\/?author=3"}]}},"jetpack_featured_media_url":"","jetpack_sharing_enabled":true,"jetpack_shortlink":"https:\/\/wp.me\/p3m4tZ-4Ea","jetpack_likes_enabled":false,"jetpack-related-posts":[{"id":9292,"url":"https:\/\/thomasvino.ch\/?p=9292","url_meta":{"origin":17866,"position":0},"title":"Philippe Bovet: dix ans d&rsquo;encavage","date":"9 d\u00e9cembre 2011","format":false,"excerpt":"Philippe Bovet: dix ans d'encavage Le 17 d\u00e9cembre 2011 de 10 h \u00e0 18 h aura lieu la Crois\u00e9e des Saveurs \u00e0 la grande salle de Givrins \u2014 pr\u00e8s de Nyon (VD) . L'occasion de d\u00e9couvrir des produits d'artisans locaux, mais aussi des vins vinifi\u00e9s par Philippe Bovet: Domaine de\u2026","rel":"","context":"Dans &quot;Actus - News&quot;","img":{"alt_text":"","src":"","width":0,"height":0},"classes":[]},{"id":17995,"url":"https:\/\/thomasvino.ch\/?p=17995","url_meta":{"origin":17866,"position":1},"title":"Bien boire: un \u00e9talon noir vaudois","date":"12 d\u00e9cembre 2022","format":false,"excerpt":"Les vins rouges vaudois ne sont pas tous des mollusques de la campagne publicitaire autour de L'Escargot rouge : le L\u00e9man Noir Dark Line 2017 s\u2019est impos\u00e9 comme le champion le mieux not\u00e9 (92,8\/100) de la S\u00e9lection cantonale 2022. Une apoth\u00e9ose pour Philippe Bovet qui c\u00e9l\u00e9brait cette ann\u00e9e le vingti\u00e8me\u2026","rel":"","context":"Dans &quot;Bonne bouche \u2014 encore!&quot;","img":{"alt_text":"","src":"https:\/\/i0.wp.com\/thomasvino.ch\/wp-content\/uploads\/2022\/12\/encore_lemannoir_bovet-203x300.jpg?resize=350%2C200&ssl=1","width":350,"height":200},"classes":[]},{"id":9166,"url":"https:\/\/thomasvino.ch\/?p=9166","url_meta":{"origin":17866,"position":2},"title":"Vaud \u2014 Philippe Bovet, un fonceur sur La C\u00f4te","date":"30 avril 2011","format":false,"excerpt":"Philippe Bovet, Givrins Un fonceur, t\u00eate baiss\u00e9e La quarantaine rugissante, Philippe Bovet est un fonceur. Au pied de la D\u00f4le, il n\u2019\u00e9labore pas moins de 91 vins dans sa jeune cave. Dont 21 sous son nom. Par Pierre Thomas On s\u2019\u00e9tait rencontr\u00e9 la premi\u00e8re fois en 1994, quand il avait\u2026","rel":"","context":"Dans &quot;Vins suisses&quot;","img":{"alt_text":"","src":"","width":0,"height":0},"classes":[]},{"id":9371,"url":"https:\/\/thomasvino.ch\/?p=9371","url_meta":{"origin":17866,"position":3},"title":"Philippe Bovet \u00e0 l&rsquo;unisson des Valaisans","date":"10 mai 2012","format":false,"excerpt":"Philippe Bovet, le plus Valaisan des Vaudois? Cette ann\u00e9e, Philippe Bovet, jeune vigneron parfois iconoclaste, toujours fonceur (lire son portrait) f\u00eate les 10 ans de sa cave. Les 17, 18, 19 et 20 mai, \u00e0 l\u2019Ascension, il l\u2019ouvre tout grand, avant les caves ouvertes vaudoises de la Pentec\u00f4te. Est-ce parce\u2026","rel":"","context":"Dans &quot;Actus - News&quot;","img":{"alt_text":"","src":"","width":0,"height":0},"classes":[]},{"id":17440,"url":"https:\/\/thomasvino.ch\/?p=17440","url_meta":{"origin":17866,"position":4},"title":"S\u00e9lection des vins vaudois 2021\u00a0: les chasselas en force","date":"31 ao\u00fbt 2021","format":false,"excerpt":"Sur les vingt vins les mieux not\u00e9s de la S\u00e9lection des vins vaudois 2021, figurent dix crus de chasselas 2020. Et c\u2019est le mieux not\u00e9 d\u2019entre eux, le Coteaux de Vincy 2020 d\u2019Alexandre Rolaz, \u00e0 Gilly, qui emporte le troph\u00e9e Master du vin le mieux not\u00e9 du concours, seul \u00e0\u2026","rel":"","context":"Dans &quot;Actus - News&quot;","img":{"alt_text":"","src":"","width":0,"height":0},"classes":[]},{"id":11009,"url":"https:\/\/thomasvino.ch\/?p=11009","url_meta":{"origin":17866,"position":5},"title":"Une s\u00e9lection vaudoise 2013 tr\u00e8s \u00e9clectique","date":"25 juillet 2013","format":false,"excerpt":"Elargie \u00e0 dix cat\u00e9gories (au lieu de six) et dot\u00e9e de quatre prix sp\u00e9ciaux, la S\u00e9lection des vins vaudois 2013, organis\u00e9e par l\u2019OVV, a ratiss\u00e9 plus large et r\u00e9compens\u00e9 davantage de vignerons. Ils ont re\u00e7u leurs troph\u00e9es le 18 juillet \u00e0 Montreux, en marge du Montreux Jazz Festival o\u00f9 l'Office\u2026","rel":"","context":"Dans &quot;Vins suisses&quot;","img":{"alt_text":"","src":"","width":0,"height":0},"classes":[]}],"_links":{"self":[{"href":"https:\/\/thomasvino.ch\/index.php?rest_route=\/wp\/v2\/posts\/17866"}],"collection":[{"href":"https:\/\/thomasvino.ch\/index.php?rest_route=\/wp\/v2\/posts"}],"about":[{"href":"https:\/\/thomasvino.ch\/index.php?rest_route=\/wp\/v2\/types\/post"}],"author":[{"embeddable":true,"href":"https:\/\/thomasvino.ch\/index.php?rest_route=\/wp\/v2\/users\/3"}],"replies":[{"embeddable":true,"href":"https:\/\/thomasvino.ch\/index.php?rest_route=%2Fwp%2Fv2%2Fcomments&post=17866"}],"version-history":[{"count":4,"href":"https:\/\/thomasvino.ch\/index.php?rest_route=\/wp\/v2\/posts\/17866\/revisions"}],"predecessor-version":[{"id":17874,"href":"https:\/\/thomasvino.ch\/index.php?rest_route=\/wp\/v2\/posts\/17866\/revisions\/17874"}],"wp:attachment":[{"href":"https:\/\/thomasvino.ch\/index.php?rest_route=%2Fwp%2Fv2%2Fmedia&parent=17866"}],"wp:term":[{"taxonomy":"category","embeddable":true,"href":"https:\/\/thomasvino.ch\/index.php?rest_route=%2Fwp%2Fv2%2Fcategories&post=17866"},{"taxonomy":"post_tag","embeddable":true,"href":"https:\/\/thomasvino.ch\/index.php?rest_route=%2Fwp%2Fv2%2Ftags&post=17866"}],"curies":[{"name":"wp","href":"https:\/\/api.w.org\/{rel}","templated":true}]}}