{"id":17972,"date":"2022-11-17T09:24:58","date_gmt":"2022-11-17T08:24:58","guid":{"rendered":"https:\/\/thomasvino.ch\/?p=17972"},"modified":"2022-11-17T09:24:58","modified_gmt":"2022-11-17T08:24:58","slug":"un-rare-cepage-blanc-qui-franchit-les-alpes","status":"publish","type":"post","link":"https:\/\/thomasvino.ch\/?p=17972","title":{"rendered":"Un rare c\u00e9page blanc qui franchit les Alpes"},"content":{"rendered":"<p style=\"font-weight: 400;\"><em>Ma chronique hebdomadaire du 17 novembre 2022 sur le blog <\/em>les5duvin<em>, qui reprend les propos de ma colonne dans <\/em>encore!<em>, parue le 13 novembre. <\/em><\/p>\n<p style=\"font-weight: 400;\"><em>A noter que\u00a0<strong>Sacha Pelossi<\/strong> sera \u00e0 Festivins, \u00e0 Belfaux (FR), ce week-end , 19 et 20 novembre (<strong><a href=\"https:\/\/www.festivins.ch\">www.festivins.ch<\/a><\/strong>).<\/em><\/p>\n<p style=\"font-weight: 400;\">Sauf chez les Romains, jusqu\u2019au 19<sup>\u00e8me<\/sup> si\u00e8cle, on mentionnait peu les c\u00e9pages, se contentant, au mieux de blanc et de rouge. Dans son livre <em>\u00abC\u00e9pages suisses, histoires et origines\u00bb<\/em> (paru chez Favre, 2017), le g\u00e9n\u00e9ticien de la vigne, <strong>Jos\u00e9 Vouillamoz<\/strong>, en cite treize reconnus comme \u00abpatrimoniaux\u00bb et propres \u00e0 la Suisse. Onze blancs, et deux rouges seulement, \u00e0 partir de 1313 et un manuscrit du Val d\u2019Anniviers (Valais). Juste apr\u00e8s, appara\u00eet dans les archives de l\u2019\u00e9v\u00each\u00e9 de Coire, le completer, qui fait son grand retour dans le vignoble suisse.<\/p>\n<p style=\"font-weight: 400;\"><a href=\"https:\/\/thomasvino.ch\/?attachment_id=17973\" rel=\"attachment wp-att-17973\"><img data-attachment-id=\"17973\" data-permalink=\"https:\/\/thomasvino.ch\/?attachment_id=17973\" data-orig-file=\"https:\/\/i0.wp.com\/thomasvino.ch\/wp-content\/uploads\/2022\/11\/encore_completerTI-scaled.jpg?fit=1760%2C2560&amp;ssl=1\" data-orig-size=\"1760,2560\" data-comments-opened=\"0\" data-image-meta=\"{&quot;aperture&quot;:&quot;22&quot;,&quot;credit&quot;:&quot;&quot;,&quot;camera&quot;:&quot;NIKON D700&quot;,&quot;caption&quot;:&quot;&quot;,&quot;created_timestamp&quot;:&quot;1664884732&quot;,&quot;copyright&quot;:&quot;&quot;,&quot;focal_length&quot;:&quot;58&quot;,&quot;iso&quot;:&quot;200&quot;,&quot;shutter_speed&quot;:&quot;0.00625&quot;,&quot;title&quot;:&quot;&quot;,&quot;orientation&quot;:&quot;1&quot;}\" data-image-title=\"encore_completerTI\" data-image-description=\"\" data-image-caption=\"\" data-medium-file=\"https:\/\/i0.wp.com\/thomasvino.ch\/wp-content\/uploads\/2022\/11\/encore_completerTI-scaled.jpg?fit=206%2C300&amp;ssl=1\" data-large-file=\"https:\/\/i0.wp.com\/thomasvino.ch\/wp-content\/uploads\/2022\/11\/encore_completerTI-scaled.jpg?fit=704%2C1024&amp;ssl=1\" loading=\"lazy\" class=\"alignleft size-medium wp-image-17973\" src=\"https:\/\/i0.wp.com\/thomasvino.ch\/wp-content\/uploads\/2022\/11\/encore_completerTI.jpg?resize=206%2C300&#038;ssl=1\" alt=\"\" width=\"206\" height=\"300\" srcset=\"https:\/\/i0.wp.com\/thomasvino.ch\/wp-content\/uploads\/2022\/11\/encore_completerTI-scaled.jpg?resize=206%2C300&amp;ssl=1 206w, https:\/\/i0.wp.com\/thomasvino.ch\/wp-content\/uploads\/2022\/11\/encore_completerTI-scaled.jpg?resize=704%2C1024&amp;ssl=1 704w, https:\/\/i0.wp.com\/thomasvino.ch\/wp-content\/uploads\/2022\/11\/encore_completerTI-scaled.jpg?resize=768%2C1117&amp;ssl=1 768w, https:\/\/i0.wp.com\/thomasvino.ch\/wp-content\/uploads\/2022\/11\/encore_completerTI-scaled.jpg?resize=1056%2C1536&amp;ssl=1 1056w, https:\/\/i0.wp.com\/thomasvino.ch\/wp-content\/uploads\/2022\/11\/encore_completerTI-scaled.jpg?resize=1408%2C2048&amp;ssl=1 1408w, https:\/\/i0.wp.com\/thomasvino.ch\/wp-content\/uploads\/2022\/11\/encore_completerTI-scaled.jpg?w=1760&amp;ssl=1 1760w\" sizes=\"(max-width: 206px) 100vw, 206px\" data-recalc-dims=\"1\" \/><\/a>Son nom vient des <em>\u00abcomplies\u00bb<\/em>, les derni\u00e8res pri\u00e8res de la journ\u00e9e. L\u2019automne pass\u00e9, le g\u00e9n\u00e9ticien de la vigne avait organis\u00e9 un \u00absommet\u00bb pour le 700\u00e8me anniversaire du c\u00e9page, au Ch\u00e2teau de Reichnau (GR). A cette occasion, on avait pu d\u00e9guster diverses expressions de ce vin blanc, flatteur et bien structur\u00e9 dans sa jeunesse, qui, gr\u00e2ce \u00e0 son acidit\u00e9, <em>\u00abtient\u00bb<\/em> dans le temps, voire s\u2019am\u00e9liore, ou du moins s\u2019exprime sous un nouveau jour. Sa raret\u00e9 (un peu moins de 10 hectares en production) fait aussi que chaque vinificateur l\u2019interpr\u00e8te \u00e0 sa fa\u00e7on&#8230;<\/p>\n<p style=\"font-weight: 400;\">De La C\u00f4te vaudoise en passant par Zurich, le Valais et la Vall\u00e9e d\u2019Aoste, on rencontre d\u00e9sormais le completer un peu partout. Des pionniers l\u2019avaient d\u00e9j\u00e0 implant\u00e9 au Tessin. <strong>Sacha Pelossi<\/strong>, vigneron-encaveur de 54 ans, form\u00e9 \u00e0 Changins, puis au service du Fribourgeois <strong>Meinrad Perler<\/strong> au Sud du Tessin, avant de se mettre \u00e0 son compte en 2010, en a fait planter mille pieds par le viticulteur <strong>Nevio Poli<\/strong>, au pied du Monte San Giorgio, sur terrain calcaire, au bord du lac de Lugano, d\u2019o\u00f9 son nom <em>\u00abVigna al Lago\u00bb<\/em>.<\/p>\n<p style=\"font-weight: 400;\">Le deuxi\u00e8me mill\u00e9sime (2021) vient d\u2019\u00eatre mis en bouteille (900 flacons), apr\u00e8s un \u00e9levage d\u2019un an en barriques usag\u00e9es. Il en r\u00e9sulte un vin d\u2019une belle densit\u00e9, gras, aux notes balsamiques, puissant et souple \u00e0 la fois, avec une finale sur le zeste de citron confit.<\/p>\n<p style=\"font-weight: 400;\">R\u00e9colt\u00e9 en m\u00eame temps que le merlot, soit apr\u00e8s les autres blancs plant\u00e9s au Tessin, le completer supporte une certaine surmaturit\u00e9\u00a0: <em>\u00abOn le cueille quand il fl\u00e9trit, quand il \u00abcaille\u00bb, comme on dit en Valais\u00bb<\/em>, explique le vigneron luganais. Le c\u00e9page se justifie d\u2019autant que le <strong>Dr Vouillamoz<\/strong> a d\u00e9montr\u00e9 que si le completer est orphelin de p\u00e8re et de m\u00e8re (comme le chasselas\u00a0!), il a une prolifique descendance. Au Tessin, crois\u00e9 \u00e0 la bondola locale (signal\u00e9e en 1785), il a engendr\u00e9 la bondoletta (identifi\u00e9e en 1989), deux rouges indig\u00e8nes plus rustiques que leur g\u00e9niteur blanc et que l\u2019encaveur luganais tient en pi\u00e8tre estime&#8230;<\/p>\n<p><em> (photo \u00a9Martine\u00a0Dutruit)\u00a0<\/em><\/p>\n<p><em>\u00a9thomasvino.ch<\/em><\/p>\n<p style=\"font-weight: 400;\">\n","protected":false},"excerpt":{"rendered":"<p>Ma chronique hebdomadaire du 17 novembre 2022 sur le blog les5duvin, qui reprend les propos de ma colonne dans encore!, parue le 13 novembre. A noter que\u00a0Sacha Pelossi sera \u00e0 Festivins, \u00e0 Belfaux (FR), ce week-end , 19 et 20 novembre (www.festivins.ch). Sauf chez les Romains, jusqu\u2019au 19\u00e8me si\u00e8cle, on mentionnait peu les c\u00e9pages, se [&hellip;]<\/p>\n","protected":false},"author":3,"featured_media":0,"comment_status":"closed","ping_status":"open","sticky":false,"template":"","format":"standard","meta":{"_monsterinsights_skip_tracking":false,"_monsterinsights_sitenote_active":false,"_monsterinsights_sitenote_note":"","_monsterinsights_sitenote_category":0,"jetpack_post_was_ever_published":false,"jetpack_publicize_message":"","jetpack_is_tweetstorm":false,"jetpack_publicize_feature_enabled":true,"jetpack_social_post_already_shared":true,"jetpack_social_options":{"image_generator_settings":{"template":"highway","enabled":false}}},"categories":[1434],"tags":[],"jetpack_publicize_connections":[],"yoast_head":"<!-- This site is optimized with the Yoast SEO plugin v20.6 - https:\/\/yoast.com\/wordpress\/plugins\/seo\/ -->\n<title>Un rare c\u00e9page blanc qui franchit les Alpes - thomasvino<\/title>\n<meta name=\"robots\" content=\"index, follow, max-snippet:-1, max-image-preview:large, max-video-preview:-1\" \/>\n<link rel=\"canonical\" href=\"https:\/\/thomasvino.ch\/?p=17972\" \/>\n<meta property=\"og:locale\" content=\"fr_FR\" \/>\n<meta property=\"og:type\" content=\"article\" \/>\n<meta property=\"og:title\" content=\"Un rare c\u00e9page blanc qui franchit les Alpes - thomasvino\" \/>\n<meta property=\"og:description\" content=\"Ma chronique hebdomadaire du 17 novembre 2022 sur le blog les5duvin, qui reprend les propos de ma colonne dans encore!, parue le 13 novembre. A noter que\u00a0Sacha Pelossi sera \u00e0 Festivins, \u00e0 Belfaux (FR), ce week-end , 19 et 20 novembre (www.festivins.ch). Sauf chez les Romains, jusqu\u2019au 19\u00e8me si\u00e8cle, on mentionnait peu les c\u00e9pages, se [&hellip;]\" \/>\n<meta property=\"og:url\" content=\"https:\/\/thomasvino.ch\/?p=17972\" \/>\n<meta property=\"og:site_name\" content=\"thomasvino\" \/>\n<meta property=\"article:published_time\" content=\"2022-11-17T08:24:58+00:00\" \/>\n<meta property=\"og:image\" content=\"https:\/\/thomasvino.ch\/wp-content\/uploads\/2022\/11\/encore_completerTI-206x300.jpg\" \/>\n<meta name=\"author\" content=\"Pierre Thomas\" \/>\n<meta name=\"twitter:label1\" content=\"\u00c9crit par\" \/>\n\t<meta name=\"twitter:data1\" content=\"Pierre Thomas\" \/>\n\t<meta name=\"twitter:label2\" content=\"Dur\u00e9e de lecture estim\u00e9e\" \/>\n\t<meta name=\"twitter:data2\" content=\"3 minutes\" \/>\n<script type=\"application\/ld+json\" class=\"yoast-schema-graph\">{\"@context\":\"https:\/\/schema.org\",\"@graph\":[{\"@type\":\"WebPage\",\"@id\":\"https:\/\/thomasvino.ch\/?p=17972\",\"url\":\"https:\/\/thomasvino.ch\/?p=17972\",\"name\":\"Un rare c\u00e9page blanc qui franchit les Alpes - thomasvino\",\"isPartOf\":{\"@id\":\"https:\/\/thomasvino.ch\/#website\"},\"datePublished\":\"2022-11-17T08:24:58+00:00\",\"dateModified\":\"2022-11-17T08:24:58+00:00\",\"author\":{\"@id\":\"https:\/\/thomasvino.ch\/#\/schema\/person\/670bf4486fe81152cf1d68bd585e062e\"},\"breadcrumb\":{\"@id\":\"https:\/\/thomasvino.ch\/?p=17972#breadcrumb\"},\"inLanguage\":\"fr-FR\",\"potentialAction\":[{\"@type\":\"ReadAction\",\"target\":[\"https:\/\/thomasvino.ch\/?p=17972\"]}]},{\"@type\":\"BreadcrumbList\",\"@id\":\"https:\/\/thomasvino.ch\/?p=17972#breadcrumb\",\"itemListElement\":[{\"@type\":\"ListItem\",\"position\":1,\"name\":\"Accueil\",\"item\":\"https:\/\/thomasvino.ch\/\"},{\"@type\":\"ListItem\",\"position\":2,\"name\":\"Un rare c\u00e9page blanc qui franchit les Alpes\"}]},{\"@type\":\"WebSite\",\"@id\":\"https:\/\/thomasvino.ch\/#website\",\"url\":\"https:\/\/thomasvino.ch\/\",\"name\":\"thomasvino\",\"description\":\"Vins &amp; Gastronomie\",\"potentialAction\":[{\"@type\":\"SearchAction\",\"target\":{\"@type\":\"EntryPoint\",\"urlTemplate\":\"https:\/\/thomasvino.ch\/?s={search_term_string}\"},\"query-input\":\"required name=search_term_string\"}],\"inLanguage\":\"fr-FR\"},{\"@type\":\"Person\",\"@id\":\"https:\/\/thomasvino.ch\/#\/schema\/person\/670bf4486fe81152cf1d68bd585e062e\",\"name\":\"Pierre Thomas\",\"image\":{\"@type\":\"ImageObject\",\"inLanguage\":\"fr-FR\",\"@id\":\"https:\/\/thomasvino.ch\/#\/schema\/person\/image\/\",\"url\":\"https:\/\/secure.gravatar.com\/avatar\/91fd5a76647f140e53db987a0dead4d7?s=96&d=mm&r=g\",\"contentUrl\":\"https:\/\/secure.gravatar.com\/avatar\/91fd5a76647f140e53db987a0dead4d7?s=96&d=mm&r=g\",\"caption\":\"Pierre Thomas\"},\"url\":\"https:\/\/thomasvino.ch\/?author=3\"}]}<\/script>\n<!-- \/ Yoast SEO plugin. -->","yoast_head_json":{"title":"Un rare c\u00e9page blanc qui franchit les Alpes - thomasvino","robots":{"index":"index","follow":"follow","max-snippet":"max-snippet:-1","max-image-preview":"max-image-preview:large","max-video-preview":"max-video-preview:-1"},"canonical":"https:\/\/thomasvino.ch\/?p=17972","og_locale":"fr_FR","og_type":"article","og_title":"Un rare c\u00e9page blanc qui franchit les Alpes - thomasvino","og_description":"Ma chronique hebdomadaire du 17 novembre 2022 sur le blog les5duvin, qui reprend les propos de ma colonne dans encore!, parue le 13 novembre. A noter que\u00a0Sacha Pelossi sera \u00e0 Festivins, \u00e0 Belfaux (FR), ce week-end , 19 et 20 novembre (www.festivins.ch). Sauf chez les Romains, jusqu\u2019au 19\u00e8me si\u00e8cle, on mentionnait peu les c\u00e9pages, se [&hellip;]","og_url":"https:\/\/thomasvino.ch\/?p=17972","og_site_name":"thomasvino","article_published_time":"2022-11-17T08:24:58+00:00","og_image":[{"url":"https:\/\/thomasvino.ch\/wp-content\/uploads\/2022\/11\/encore_completerTI-206x300.jpg"}],"author":"Pierre Thomas","twitter_misc":{"\u00c9crit par":"Pierre Thomas","Dur\u00e9e de lecture estim\u00e9e":"3 minutes"},"schema":{"@context":"https:\/\/schema.org","@graph":[{"@type":"WebPage","@id":"https:\/\/thomasvino.ch\/?p=17972","url":"https:\/\/thomasvino.ch\/?p=17972","name":"Un rare c\u00e9page blanc qui franchit les Alpes - thomasvino","isPartOf":{"@id":"https:\/\/thomasvino.ch\/#website"},"datePublished":"2022-11-17T08:24:58+00:00","dateModified":"2022-11-17T08:24:58+00:00","author":{"@id":"https:\/\/thomasvino.ch\/#\/schema\/person\/670bf4486fe81152cf1d68bd585e062e"},"breadcrumb":{"@id":"https:\/\/thomasvino.ch\/?p=17972#breadcrumb"},"inLanguage":"fr-FR","potentialAction":[{"@type":"ReadAction","target":["https:\/\/thomasvino.ch\/?p=17972"]}]},{"@type":"BreadcrumbList","@id":"https:\/\/thomasvino.ch\/?p=17972#breadcrumb","itemListElement":[{"@type":"ListItem","position":1,"name":"Accueil","item":"https:\/\/thomasvino.ch\/"},{"@type":"ListItem","position":2,"name":"Un rare c\u00e9page blanc qui franchit les Alpes"}]},{"@type":"WebSite","@id":"https:\/\/thomasvino.ch\/#website","url":"https:\/\/thomasvino.ch\/","name":"thomasvino","description":"Vins &amp; Gastronomie","potentialAction":[{"@type":"SearchAction","target":{"@type":"EntryPoint","urlTemplate":"https:\/\/thomasvino.ch\/?s={search_term_string}"},"query-input":"required name=search_term_string"}],"inLanguage":"fr-FR"},{"@type":"Person","@id":"https:\/\/thomasvino.ch\/#\/schema\/person\/670bf4486fe81152cf1d68bd585e062e","name":"Pierre Thomas","image":{"@type":"ImageObject","inLanguage":"fr-FR","@id":"https:\/\/thomasvino.ch\/#\/schema\/person\/image\/","url":"https:\/\/secure.gravatar.com\/avatar\/91fd5a76647f140e53db987a0dead4d7?s=96&d=mm&r=g","contentUrl":"https:\/\/secure.gravatar.com\/avatar\/91fd5a76647f140e53db987a0dead4d7?s=96&d=mm&r=g","caption":"Pierre Thomas"},"url":"https:\/\/thomasvino.ch\/?author=3"}]}},"jetpack_featured_media_url":"","jetpack_sharing_enabled":true,"jetpack_shortlink":"https:\/\/wp.me\/p3m4tZ-4FS","jetpack_likes_enabled":false,"jetpack-related-posts":[{"id":18620,"url":"https:\/\/thomasvino.ch\/?p=18620","url_meta":{"origin":17972,"position":0},"title":"France et Suisse : c\u00e9pages \u00e0 la page","date":"23 ao\u00fbt 2025","format":false,"excerpt":"Le Dr Jos\u00e9 Vouillamoz, docteur en sciences de l\u2019Universit\u00e9 de Lausanne et non en m\u00e9decine, est une personnalit\u00e9 reconnue dans le paysage viticole mondial. Son passage \u00e0 l\u2019Universit\u00e9 de Davis, en Californie, aupr\u00e8s de Caroline Meredith, surnomm\u00e9e \u00abDr DNA\u00bb a \u00e9t\u00e9 un coup de ma\u00eetre. Car il y a un\u2026","rel":"","context":"Dans &quot;Tendance&quot;","img":{"alt_text":"","src":"https:\/\/i0.wp.com\/thomasvino.ch\/wp-content\/uploads\/2025\/08\/IMG_6735-273x300.jpeg?resize=350%2C200&ssl=1","width":350,"height":200},"classes":[]},{"id":16721,"url":"https:\/\/thomasvino.ch\/?p=16721","url_meta":{"origin":17972,"position":1},"title":"Belles vendanges&#8230; et mauvaises nouvelles","date":"8 juillet 2020","format":false,"excerpt":"Bient\u00f4t le mi-septembre et le temps attendu des vendanges, entre mildiou mena\u00e7ant et canicule estivale, qu'on dit excellentes en quantit\u00e9 et en qualit\u00e9, pour la seconde ann\u00e9e cons\u00e9cutive... Ce fut aussi, pour moi, l'occasion de passer un cap: un demi-si\u00e8cle de journalisme professionnel \u00e0 plein temps, \u00e0 peu pr\u00e8s pour\u2026","rel":"","context":"Dans &quot;Edito&quot;","img":{"alt_text":"","src":"","width":0,"height":0},"classes":[]},{"id":8866,"url":"https:\/\/thomasvino.ch\/?p=8866","url_meta":{"origin":17972,"position":2},"title":"Six nouveaux membres de la MDVS","date":"28 mars 2009","format":false,"excerpt":"Six nouveaux membres \u00e0 la MDVSLe tr\u00e9sor des vins suisses s\u2019enrichitLe projet de la M\u00e9moire des vins suisses (MDVS) se pr\u00e9sente comme le \u00abtr\u00e9sor du vin suisse\u00bb. A Gen\u00e8ve, il s\u2019est enrichi de six nouveaux membres.Par Pierre ThomasL\u2019id\u00e9e a jailli d\u2019une conversation entre le journaliste Stefan Keller et le producteur\u2026","rel":"","context":"Dans &quot;Vins suisses&quot;","img":{"alt_text":"","src":"","width":0,"height":0},"classes":[]},{"id":15157,"url":"https:\/\/thomasvino.ch\/?p=15157","url_meta":{"origin":17972,"position":3},"title":"Concours de vins \u2014 Le bio voit double","date":"31 mai 2018","format":false,"excerpt":"C\u2019est aussi stupide que d\u2019avoir deux foires aux vins au printemps sur l\u2019Arc l\u00e9manique et qui se canibalisent forc\u00e9ment\u00a0: les vins bios, en ce mois de juin, connaissent un double palmar\u00e8s, l\u2019un proclam\u00e9 \u00e0 Zurich, l\u2019autre \u00e0 Berne. Une aberration\u00a0! Et de premiers r\u00e9sultats... Soutenu par Bio Suisse, organis\u00e9 par\u2026","rel":"","context":"Dans &quot;Tendance&quot;","img":{"alt_text":"","src":"","width":0,"height":0},"classes":[]},{"id":16825,"url":"https:\/\/thomasvino.ch\/?p=16825","url_meta":{"origin":17972,"position":4},"title":"La diolle reste exp\u00e9rimentale et confidentielle","date":"3 octobre 2020","format":false,"excerpt":"Pour le g\u00e9n\u00e9ticien Jos\u00e9 Vouillamoz et le vigneron de Chamoson Didier Joris, qui la cultivent, la \u00abdiolle\u00bb qu\u2019ils ont \u00abressuscit\u00e9e\u00bb en Valais, reste une chasse gard\u00e9e. Mais, vu ses qualit\u00e9s historiques et organoleptiques, elle devrait se (re)d\u00e9velopper. Le Sierrois Nicolas Zufferey en a notamment plant\u00e9. Par Pierre Thomas Elle reste,\u2026","rel":"","context":"Dans &quot;Vins suisses&quot;","img":{"alt_text":"","src":"https:\/\/i0.wp.com\/thomasvino.ch\/wp-content\/uploads\/2020\/09\/diolle-300x242.jpeg?resize=350%2C200&ssl=1","width":350,"height":200},"classes":[]},{"id":12727,"url":"https:\/\/thomasvino.ch\/?p=12727","url_meta":{"origin":17972,"position":5},"title":"Vully et lac de Bienne : la rel\u00e8ve en pointe!","date":"30 avril 2015","format":false,"excerpt":"Dans deux vignobles de la r\u00e9gion des Trois-Lacs, \u00e0 la fronti\u00e8re des langues, la rel\u00e8ve monte au front. Les jeunes vignerons du Vully viennent de lancer, avec le mill\u00e9sime 2014, une charte de qualit\u00e9 pour leurs deux c\u00e9pages f\u00e9tiches, le Freiburger et le Traminer. Ceux du lac de Bienne reprennent\u2026","rel":"","context":"Dans &quot;Vins suisses&quot;","img":{"alt_text":"","src":"","width":0,"height":0},"classes":[]}],"_links":{"self":[{"href":"https:\/\/thomasvino.ch\/index.php?rest_route=\/wp\/v2\/posts\/17972"}],"collection":[{"href":"https:\/\/thomasvino.ch\/index.php?rest_route=\/wp\/v2\/posts"}],"about":[{"href":"https:\/\/thomasvino.ch\/index.php?rest_route=\/wp\/v2\/types\/post"}],"author":[{"embeddable":true,"href":"https:\/\/thomasvino.ch\/index.php?rest_route=\/wp\/v2\/users\/3"}],"replies":[{"embeddable":true,"href":"https:\/\/thomasvino.ch\/index.php?rest_route=%2Fwp%2Fv2%2Fcomments&post=17972"}],"version-history":[{"count":1,"href":"https:\/\/thomasvino.ch\/index.php?rest_route=\/wp\/v2\/posts\/17972\/revisions"}],"predecessor-version":[{"id":17974,"href":"https:\/\/thomasvino.ch\/index.php?rest_route=\/wp\/v2\/posts\/17972\/revisions\/17974"}],"wp:attachment":[{"href":"https:\/\/thomasvino.ch\/index.php?rest_route=%2Fwp%2Fv2%2Fmedia&parent=17972"}],"wp:term":[{"taxonomy":"category","embeddable":true,"href":"https:\/\/thomasvino.ch\/index.php?rest_route=%2Fwp%2Fv2%2Fcategories&post=17972"},{"taxonomy":"post_tag","embeddable":true,"href":"https:\/\/thomasvino.ch\/index.php?rest_route=%2Fwp%2Fv2%2Ftags&post=17972"}],"curies":[{"name":"wp","href":"https:\/\/api.w.org\/{rel}","templated":true}]}}