{"id":18090,"date":"2023-03-26T14:08:52","date_gmt":"2023-03-26T13:08:52","guid":{"rendered":"https:\/\/thomasvino.ch\/?p=18090"},"modified":"2023-03-27T16:03:08","modified_gmt":"2023-03-27T15:03:08","slug":"un-banquier-a-la-tete-du-guillon","status":"publish","type":"post","link":"https:\/\/thomasvino.ch\/?p=18090","title":{"rendered":"Un banquier \u00e0 la t\u00eate du Guillon"},"content":{"rendered":"<p style=\"font-weight: 400;\"><strong>Apr\u00e8s quatre personnalit\u00e9s issues du milieu vitivinicole vaudois, c\u2019est un banquier du Gros-de-Vaud, Eric Loup, qui devient le septi\u00e8me <em>\u00abgouverneur\u00bb<\/em> de la Confr\u00e9rie du Guillon, fond\u00e9e en 1954, vingt ans apr\u00e8s celle, bourguignonne, des Chevaliers du Tastevin.<\/strong><\/p>\n<p style=\"font-weight: 400;\">Pr\u00e9sident de la direction de la Banque Raiffeisen du Gros-de-Vaud, Eric Loup a \u00e9t\u00e9 \u00e9lev\u00e9 au rang de gouverneur par le <em>\u00abministre de l\u2019\u00e9conomie\u00bb<\/em>, le conseiller f\u00e9d\u00e9ral, vaudois et UDC,<strong> Guy Parmelin<\/strong>, lors d\u2019un <em>\u00abressat\u00bb<\/em> au Ch\u00e2teau de Chillon, samedi 25 mars 2023 (<em>photo ci-dessous<\/em>).<\/p>\n<div id=\"attachment_18092\" style=\"width: 310px\" class=\"wp-caption aligncenter\"><a href=\"https:\/\/thomasvino.ch\/?attachment_id=18092\" rel=\"attachment wp-att-18092\"><img aria-describedby=\"caption-attachment-18092\" data-attachment-id=\"18092\" data-permalink=\"https:\/\/thomasvino.ch\/?attachment_id=18092\" data-orig-file=\"https:\/\/i0.wp.com\/thomasvino.ch\/wp-content\/uploads\/2023\/03\/13_GUILLON_INTRONISATION_GOUVERNEUR_23_\ufffdYVES_LERESCHE_Z1010076.jpeg?fit=2553%2C1676&amp;ssl=1\" data-orig-size=\"2553,1676\" data-comments-opened=\"0\" data-image-meta=\"{&quot;aperture&quot;:&quot;3.5&quot;,&quot;credit&quot;:&quot;\\u00a9 Yves Leresche&quot;,&quot;camera&quot;:&quot;LEICA SL2&quot;,&quot;caption&quot;:&quot;Intronisation du nouveau gouverneur, Eric Loup\\r\\rConfr\\u00e9rie du Guillon, ch\\u00e2teau de Chillion\\r25 mars 23\\r\\rPhotographie\\u00a9Yves Leresche\\rwww.yvesleresche.ch\\r\\rE-mail: yves.leresche@bluewin.ch\\r\\rAll rights reserved\\r\\u00a9 Yves Leresche +41 (0)78 772 17 82&quot;,&quot;created_timestamp&quot;:&quot;1679762241&quot;,&quot;copyright&quot;:&quot;\\u00a9 Yves Leresche&quot;,&quot;focal_length&quot;:&quot;24&quot;,&quot;iso&quot;:&quot;6400&quot;,&quot;shutter_speed&quot;:&quot;0.004&quot;,&quot;title&quot;:&quot;&quot;,&quot;orientation&quot;:&quot;1&quot;}\" data-image-title=\"13_GUILLON_INTRONISATION_GOUVERNEUR_23_\ufffdYVES_LERESCHE_Z1010076\" data-image-description=\"\" data-image-caption=\"&lt;p&gt;Intronisation du nouveau gouverneur, Eric Loup&lt;\/p&gt;\n&lt;p&gt;Confr\u00e9rie du Guillon, ch\u00e2teau de Chillion&lt;br \/&gt;\n25 mars 23&lt;\/p&gt;\n&lt;p&gt;Photographie\u00a9Yves Leresche&lt;br \/&gt;\nwww.yvesleresche.ch&lt;\/p&gt;\n&lt;p&gt;E-mail: yves.leresche@bluewin.ch&lt;\/p&gt;\n&lt;p&gt;All rights reserved&lt;br \/&gt;\n\u00a9 Yves Leresche +41 (0)78 772 17 82&lt;\/p&gt;\n\" data-medium-file=\"https:\/\/i0.wp.com\/thomasvino.ch\/wp-content\/uploads\/2023\/03\/13_GUILLON_INTRONISATION_GOUVERNEUR_23_\ufffdYVES_LERESCHE_Z1010076.jpeg?fit=300%2C197&amp;ssl=1\" data-large-file=\"https:\/\/i0.wp.com\/thomasvino.ch\/wp-content\/uploads\/2023\/03\/13_GUILLON_INTRONISATION_GOUVERNEUR_23_\ufffdYVES_LERESCHE_Z1010076.jpeg?fit=1024%2C672&amp;ssl=1\" loading=\"lazy\" class=\"size-medium wp-image-18092\" src=\"https:\/\/i0.wp.com\/thomasvino.ch\/wp-content\/uploads\/2023\/03\/13_GUILLON_INTRONISATION_GOUVERNEUR_23_\ufffdYVES_LERESCHE_Z1010076.jpeg?resize=300%2C197&#038;ssl=1\" alt=\"\" width=\"300\" height=\"197\" srcset=\"https:\/\/i0.wp.com\/thomasvino.ch\/wp-content\/uploads\/2023\/03\/13_GUILLON_INTRONISATION_GOUVERNEUR_23_\ufffdYVES_LERESCHE_Z1010076.jpeg?resize=300%2C197&amp;ssl=1 300w, https:\/\/i0.wp.com\/thomasvino.ch\/wp-content\/uploads\/2023\/03\/13_GUILLON_INTRONISATION_GOUVERNEUR_23_\ufffdYVES_LERESCHE_Z1010076.jpeg?resize=1024%2C672&amp;ssl=1 1024w, https:\/\/i0.wp.com\/thomasvino.ch\/wp-content\/uploads\/2023\/03\/13_GUILLON_INTRONISATION_GOUVERNEUR_23_\ufffdYVES_LERESCHE_Z1010076.jpeg?resize=768%2C504&amp;ssl=1 768w, https:\/\/i0.wp.com\/thomasvino.ch\/wp-content\/uploads\/2023\/03\/13_GUILLON_INTRONISATION_GOUVERNEUR_23_\ufffdYVES_LERESCHE_Z1010076.jpeg?resize=1536%2C1008&amp;ssl=1 1536w, https:\/\/i0.wp.com\/thomasvino.ch\/wp-content\/uploads\/2023\/03\/13_GUILLON_INTRONISATION_GOUVERNEUR_23_\ufffdYVES_LERESCHE_Z1010076.jpeg?resize=2048%2C1344&amp;ssl=1 2048w, https:\/\/i0.wp.com\/thomasvino.ch\/wp-content\/uploads\/2023\/03\/13_GUILLON_INTRONISATION_GOUVERNEUR_23_\ufffdYVES_LERESCHE_Z1010076.jpeg?resize=207%2C136&amp;ssl=1 207w, https:\/\/i0.wp.com\/thomasvino.ch\/wp-content\/uploads\/2023\/03\/13_GUILLON_INTRONISATION_GOUVERNEUR_23_\ufffdYVES_LERESCHE_Z1010076.jpeg?resize=260%2C170&amp;ssl=1 260w, https:\/\/i0.wp.com\/thomasvino.ch\/wp-content\/uploads\/2023\/03\/13_GUILLON_INTRONISATION_GOUVERNEUR_23_\ufffdYVES_LERESCHE_Z1010076.jpeg?resize=430%2C283&amp;ssl=1 430w\" sizes=\"(max-width: 300px) 100vw, 300px\" data-recalc-dims=\"1\" \/><\/a><p id=\"caption-attachment-18092\" class=\"wp-caption-text\"><em>\u00a9Yves Leresche pour le Guillon<\/em><\/p><\/div>\n<p style=\"font-weight: 400;\">S\u2019il n\u2019est pas <em>\u00abdu milieu\u00bb<\/em>, au contraire de son pr\u00e9d\u00e9cesseur, <strong>Jean-Claude Vaucher<\/strong>, PDG du groupe Schenk, aujourd\u2019hui retrait\u00e9, le nouveau patron du Guillon s\u2019est investi dans de nombreuses activit\u00e9s vaudoises\u00a0: secr\u00e9taire g\u00e9n\u00e9ral de la F\u00eate du bl\u00e9 et du pain, \u00e0 Echallens, pr\u00e9sident d\u2019honneur de la F\u00e9d\u00e9ration des jeunesses campagnardes, abb\u00e9-pr\u00e9sident d\u2019une <em>\u00ababbaye\u00bb<\/em>, La Pers\u00e9v\u00e9rante, \u00e0 Montheron. N\u00e9 en 1962, dont un communiqu\u00e9 de presse affirme que ce fut <em>\u00abun tr\u00e8s bon mill\u00e9sime\u00bb<\/em>, M. Loup \u00e9tait jusqu\u2019ici lieutenant-gouvernal. La Confr\u00e9rie du Guillon compte 4&rsquo;000 compagnons et <em>\u00abdames compagnons\u00bb<\/em>. <em>\u00abConsacr\u00e9e par essence \u00e0 la d\u00e9fense et \u00e0 la promotion des vins vaudois, elle est la principale corporation de ce genre en Suisse\u00bb<\/em>, souligne le communiqu\u00e9. Elle compte dix <em>\u00abambassades\u00bb<\/em>, nomm\u00e9es <em>\u00abcotterds\u00bb<\/em>, \u00e0 Fribourg, Berne, Saint-Gall, Argovie, Zurich, Lucerne, B\u00e2le, Tessin, Jura et m\u00eame de l\u2019autre c\u00f4t\u00e9 du lac L\u00e9man, en Savoie&#8230;<\/p>\n<p>Les quatre derniers gouverneurs furent successivement <strong>Andr\u00e9 Perey,<\/strong> vigneron et conseiller national radical de Vufflens-le-Ch\u00e2teau, <strong>Louis Ormond<\/strong>, de la m\u00eame r\u00e9gion de La C\u00f4te, <strong>Philippe Gex<\/strong>, ex-syndic d&rsquo;Yvorne et <strong>Jean-Claude Vaucher<\/strong>.<\/p>\n<p><a href=\"https:\/\/thomasvino.ch\/?attachment_id=18094\" rel=\"attachment wp-att-18094\"><img data-attachment-id=\"18094\" data-permalink=\"https:\/\/thomasvino.ch\/?attachment_id=18094\" data-orig-file=\"https:\/\/i0.wp.com\/thomasvino.ch\/wp-content\/uploads\/2023\/03\/11_GUILLON_INTRONISATION_GOUVERNEUR_23_\ufffdYVES_LERESCHE_Z1010051.jpeg?fit=1755%2C1144&amp;ssl=1\" data-orig-size=\"1755,1144\" data-comments-opened=\"0\" data-image-meta=\"{&quot;aperture&quot;:&quot;3.3&quot;,&quot;credit&quot;:&quot;\\u00a9 Yves Leresche&quot;,&quot;camera&quot;:&quot;LEICA SL2&quot;,&quot;caption&quot;:&quot;Intronisation du nouveau gouverneur, Eric Loup\\r\\rConfr\\u00e9rie du Guillon, ch\\u00e2teau de Chillion\\r25 mars 23\\r\\rPhotographie\\u00a9Yves Leresche\\rwww.yvesleresche.ch\\r\\rE-mail: yves.leresche@bluewin.ch\\r\\rAll rights reserved\\r\\u00a9 Yves Leresche +41 (0)78 772 17 82&quot;,&quot;created_timestamp&quot;:&quot;1679761866&quot;,&quot;copyright&quot;:&quot;\\u00a9 Yves Leresche&quot;,&quot;focal_length&quot;:&quot;38&quot;,&quot;iso&quot;:&quot;6400&quot;,&quot;shutter_speed&quot;:&quot;0.005&quot;,&quot;title&quot;:&quot;&quot;,&quot;orientation&quot;:&quot;1&quot;}\" data-image-title=\"11_GUILLON_INTRONISATION_GOUVERNEUR_23_\ufffdYVES_LERESCHE_Z1010051\" data-image-description=\"\" data-image-caption=\"&lt;p&gt;Intronisation du nouveau gouverneur, Eric Loup&lt;\/p&gt;\n&lt;p&gt;Confr\u00e9rie du Guillon, ch\u00e2teau de Chillion&lt;br \/&gt;\n25 mars 23&lt;\/p&gt;\n&lt;p&gt;Photographie\u00a9Yves Leresche&lt;br \/&gt;\nwww.yvesleresche.ch&lt;\/p&gt;\n&lt;p&gt;E-mail: yves.leresche@bluewin.ch&lt;\/p&gt;\n&lt;p&gt;All rights reserved&lt;br \/&gt;\n\u00a9 Yves Leresche +41 (0)78 772 17 82&lt;\/p&gt;\n\" data-medium-file=\"https:\/\/i0.wp.com\/thomasvino.ch\/wp-content\/uploads\/2023\/03\/11_GUILLON_INTRONISATION_GOUVERNEUR_23_\ufffdYVES_LERESCHE_Z1010051.jpeg?fit=300%2C196&amp;ssl=1\" data-large-file=\"https:\/\/i0.wp.com\/thomasvino.ch\/wp-content\/uploads\/2023\/03\/11_GUILLON_INTRONISATION_GOUVERNEUR_23_\ufffdYVES_LERESCHE_Z1010051.jpeg?fit=1024%2C667&amp;ssl=1\" loading=\"lazy\" class=\"size-medium wp-image-18094 aligncenter\" src=\"https:\/\/i0.wp.com\/thomasvino.ch\/wp-content\/uploads\/2023\/03\/11_GUILLON_INTRONISATION_GOUVERNEUR_23_\ufffdYVES_LERESCHE_Z1010051.jpeg?resize=300%2C196&#038;ssl=1\" alt=\"\" width=\"300\" height=\"196\" srcset=\"https:\/\/i0.wp.com\/thomasvino.ch\/wp-content\/uploads\/2023\/03\/11_GUILLON_INTRONISATION_GOUVERNEUR_23_\ufffdYVES_LERESCHE_Z1010051.jpeg?resize=300%2C196&amp;ssl=1 300w, https:\/\/i0.wp.com\/thomasvino.ch\/wp-content\/uploads\/2023\/03\/11_GUILLON_INTRONISATION_GOUVERNEUR_23_\ufffdYVES_LERESCHE_Z1010051.jpeg?resize=1024%2C667&amp;ssl=1 1024w, https:\/\/i0.wp.com\/thomasvino.ch\/wp-content\/uploads\/2023\/03\/11_GUILLON_INTRONISATION_GOUVERNEUR_23_\ufffdYVES_LERESCHE_Z1010051.jpeg?resize=768%2C501&amp;ssl=1 768w, https:\/\/i0.wp.com\/thomasvino.ch\/wp-content\/uploads\/2023\/03\/11_GUILLON_INTRONISATION_GOUVERNEUR_23_\ufffdYVES_LERESCHE_Z1010051.jpeg?resize=1536%2C1001&amp;ssl=1 1536w, https:\/\/i0.wp.com\/thomasvino.ch\/wp-content\/uploads\/2023\/03\/11_GUILLON_INTRONISATION_GOUVERNEUR_23_\ufffdYVES_LERESCHE_Z1010051.jpeg?resize=207%2C136&amp;ssl=1 207w, https:\/\/i0.wp.com\/thomasvino.ch\/wp-content\/uploads\/2023\/03\/11_GUILLON_INTRONISATION_GOUVERNEUR_23_\ufffdYVES_LERESCHE_Z1010051.jpeg?resize=260%2C170&amp;ssl=1 260w, https:\/\/i0.wp.com\/thomasvino.ch\/wp-content\/uploads\/2023\/03\/11_GUILLON_INTRONISATION_GOUVERNEUR_23_\ufffdYVES_LERESCHE_Z1010051.jpeg?resize=430%2C283&amp;ssl=1 430w, https:\/\/i0.wp.com\/thomasvino.ch\/wp-content\/uploads\/2023\/03\/11_GUILLON_INTRONISATION_GOUVERNEUR_23_\ufffdYVES_LERESCHE_Z1010051.jpeg?w=1755&amp;ssl=1 1755w\" sizes=\"(max-width: 300px) 100vw, 300px\" data-recalc-dims=\"1\" \/><\/a><\/p>\n<p style=\"font-weight: 400;\"><em>\u00a9thomasvino.ch<\/em><\/p>\n<p style=\"font-weight: 400;\">\n","protected":false},"excerpt":{"rendered":"<p>Apr\u00e8s quatre personnalit\u00e9s issues du milieu vitivinicole vaudois, c\u2019est un banquier du Gros-de-Vaud, Eric Loup, qui devient le septi\u00e8me \u00abgouverneur\u00bb de la Confr\u00e9rie du Guillon, fond\u00e9e en 1954, vingt ans apr\u00e8s celle, bourguignonne, des Chevaliers du Tastevin. Pr\u00e9sident de la direction de la Banque Raiffeisen du Gros-de-Vaud, Eric Loup a \u00e9t\u00e9 \u00e9lev\u00e9 au rang de [&hellip;]<\/p>\n","protected":false},"author":3,"featured_media":0,"comment_status":"closed","ping_status":"open","sticky":false,"template":"","format":"standard","meta":{"_monsterinsights_skip_tracking":false,"_monsterinsights_sitenote_active":false,"_monsterinsights_sitenote_note":"","_monsterinsights_sitenote_category":0,"jetpack_post_was_ever_published":false,"jetpack_publicize_message":"","jetpack_is_tweetstorm":false,"jetpack_publicize_feature_enabled":true,"jetpack_social_post_already_shared":true,"jetpack_social_options":{"image_generator_settings":{"template":"highway","enabled":false}}},"categories":[15],"tags":[],"jetpack_publicize_connections":[],"yoast_head":"<!-- This site is optimized with the Yoast SEO plugin v20.6 - https:\/\/yoast.com\/wordpress\/plugins\/seo\/ -->\n<title>Un banquier \u00e0 la t\u00eate du Guillon - thomasvino<\/title>\n<meta name=\"robots\" content=\"index, follow, max-snippet:-1, max-image-preview:large, max-video-preview:-1\" \/>\n<link rel=\"canonical\" href=\"https:\/\/thomasvino.ch\/?p=18090\" \/>\n<meta property=\"og:locale\" content=\"fr_FR\" \/>\n<meta property=\"og:type\" content=\"article\" \/>\n<meta property=\"og:title\" content=\"Un banquier \u00e0 la t\u00eate du Guillon - thomasvino\" \/>\n<meta property=\"og:description\" content=\"Apr\u00e8s quatre personnalit\u00e9s issues du milieu vitivinicole vaudois, c\u2019est un banquier du Gros-de-Vaud, Eric Loup, qui devient le septi\u00e8me \u00abgouverneur\u00bb de la Confr\u00e9rie du Guillon, fond\u00e9e en 1954, vingt ans apr\u00e8s celle, bourguignonne, des Chevaliers du Tastevin. Pr\u00e9sident de la direction de la Banque Raiffeisen du Gros-de-Vaud, Eric Loup a \u00e9t\u00e9 \u00e9lev\u00e9 au rang de [&hellip;]\" \/>\n<meta property=\"og:url\" content=\"https:\/\/thomasvino.ch\/?p=18090\" \/>\n<meta property=\"og:site_name\" content=\"thomasvino\" \/>\n<meta property=\"article:published_time\" content=\"2023-03-26T13:08:52+00:00\" \/>\n<meta property=\"article:modified_time\" content=\"2023-03-27T15:03:08+00:00\" \/>\n<meta name=\"author\" content=\"Pierre Thomas\" \/>\n<meta name=\"twitter:label1\" content=\"\u00c9crit par\" \/>\n\t<meta name=\"twitter:data1\" content=\"Pierre Thomas\" \/>\n\t<meta name=\"twitter:label2\" content=\"Dur\u00e9e de lecture estim\u00e9e\" \/>\n\t<meta name=\"twitter:data2\" content=\"2 minutes\" \/>\n<script type=\"application\/ld+json\" class=\"yoast-schema-graph\">{\"@context\":\"https:\/\/schema.org\",\"@graph\":[{\"@type\":\"WebPage\",\"@id\":\"https:\/\/thomasvino.ch\/?p=18090\",\"url\":\"https:\/\/thomasvino.ch\/?p=18090\",\"name\":\"Un banquier \u00e0 la t\u00eate du Guillon - thomasvino\",\"isPartOf\":{\"@id\":\"https:\/\/thomasvino.ch\/#website\"},\"datePublished\":\"2023-03-26T13:08:52+00:00\",\"dateModified\":\"2023-03-27T15:03:08+00:00\",\"author\":{\"@id\":\"https:\/\/thomasvino.ch\/#\/schema\/person\/670bf4486fe81152cf1d68bd585e062e\"},\"breadcrumb\":{\"@id\":\"https:\/\/thomasvino.ch\/?p=18090#breadcrumb\"},\"inLanguage\":\"fr-FR\",\"potentialAction\":[{\"@type\":\"ReadAction\",\"target\":[\"https:\/\/thomasvino.ch\/?p=18090\"]}]},{\"@type\":\"BreadcrumbList\",\"@id\":\"https:\/\/thomasvino.ch\/?p=18090#breadcrumb\",\"itemListElement\":[{\"@type\":\"ListItem\",\"position\":1,\"name\":\"Accueil\",\"item\":\"https:\/\/thomasvino.ch\/\"},{\"@type\":\"ListItem\",\"position\":2,\"name\":\"Un banquier \u00e0 la t\u00eate du Guillon\"}]},{\"@type\":\"WebSite\",\"@id\":\"https:\/\/thomasvino.ch\/#website\",\"url\":\"https:\/\/thomasvino.ch\/\",\"name\":\"thomasvino\",\"description\":\"Vins &amp; Gastronomie\",\"potentialAction\":[{\"@type\":\"SearchAction\",\"target\":{\"@type\":\"EntryPoint\",\"urlTemplate\":\"https:\/\/thomasvino.ch\/?s={search_term_string}\"},\"query-input\":\"required name=search_term_string\"}],\"inLanguage\":\"fr-FR\"},{\"@type\":\"Person\",\"@id\":\"https:\/\/thomasvino.ch\/#\/schema\/person\/670bf4486fe81152cf1d68bd585e062e\",\"name\":\"Pierre Thomas\",\"image\":{\"@type\":\"ImageObject\",\"inLanguage\":\"fr-FR\",\"@id\":\"https:\/\/thomasvino.ch\/#\/schema\/person\/image\/\",\"url\":\"https:\/\/secure.gravatar.com\/avatar\/91fd5a76647f140e53db987a0dead4d7?s=96&d=mm&r=g\",\"contentUrl\":\"https:\/\/secure.gravatar.com\/avatar\/91fd5a76647f140e53db987a0dead4d7?s=96&d=mm&r=g\",\"caption\":\"Pierre Thomas\"},\"url\":\"https:\/\/thomasvino.ch\/?author=3\"}]}<\/script>\n<!-- \/ Yoast SEO plugin. -->","yoast_head_json":{"title":"Un banquier \u00e0 la t\u00eate du Guillon - thomasvino","robots":{"index":"index","follow":"follow","max-snippet":"max-snippet:-1","max-image-preview":"max-image-preview:large","max-video-preview":"max-video-preview:-1"},"canonical":"https:\/\/thomasvino.ch\/?p=18090","og_locale":"fr_FR","og_type":"article","og_title":"Un banquier \u00e0 la t\u00eate du Guillon - thomasvino","og_description":"Apr\u00e8s quatre personnalit\u00e9s issues du milieu vitivinicole vaudois, c\u2019est un banquier du Gros-de-Vaud, Eric Loup, qui devient le septi\u00e8me \u00abgouverneur\u00bb de la Confr\u00e9rie du Guillon, fond\u00e9e en 1954, vingt ans apr\u00e8s celle, bourguignonne, des Chevaliers du Tastevin. Pr\u00e9sident de la direction de la Banque Raiffeisen du Gros-de-Vaud, Eric Loup a \u00e9t\u00e9 \u00e9lev\u00e9 au rang de [&hellip;]","og_url":"https:\/\/thomasvino.ch\/?p=18090","og_site_name":"thomasvino","article_published_time":"2023-03-26T13:08:52+00:00","article_modified_time":"2023-03-27T15:03:08+00:00","author":"Pierre Thomas","twitter_misc":{"\u00c9crit par":"Pierre Thomas","Dur\u00e9e de lecture estim\u00e9e":"2 minutes"},"schema":{"@context":"https:\/\/schema.org","@graph":[{"@type":"WebPage","@id":"https:\/\/thomasvino.ch\/?p=18090","url":"https:\/\/thomasvino.ch\/?p=18090","name":"Un banquier \u00e0 la t\u00eate du Guillon - thomasvino","isPartOf":{"@id":"https:\/\/thomasvino.ch\/#website"},"datePublished":"2023-03-26T13:08:52+00:00","dateModified":"2023-03-27T15:03:08+00:00","author":{"@id":"https:\/\/thomasvino.ch\/#\/schema\/person\/670bf4486fe81152cf1d68bd585e062e"},"breadcrumb":{"@id":"https:\/\/thomasvino.ch\/?p=18090#breadcrumb"},"inLanguage":"fr-FR","potentialAction":[{"@type":"ReadAction","target":["https:\/\/thomasvino.ch\/?p=18090"]}]},{"@type":"BreadcrumbList","@id":"https:\/\/thomasvino.ch\/?p=18090#breadcrumb","itemListElement":[{"@type":"ListItem","position":1,"name":"Accueil","item":"https:\/\/thomasvino.ch\/"},{"@type":"ListItem","position":2,"name":"Un banquier \u00e0 la t\u00eate du Guillon"}]},{"@type":"WebSite","@id":"https:\/\/thomasvino.ch\/#website","url":"https:\/\/thomasvino.ch\/","name":"thomasvino","description":"Vins &amp; Gastronomie","potentialAction":[{"@type":"SearchAction","target":{"@type":"EntryPoint","urlTemplate":"https:\/\/thomasvino.ch\/?s={search_term_string}"},"query-input":"required name=search_term_string"}],"inLanguage":"fr-FR"},{"@type":"Person","@id":"https:\/\/thomasvino.ch\/#\/schema\/person\/670bf4486fe81152cf1d68bd585e062e","name":"Pierre Thomas","image":{"@type":"ImageObject","inLanguage":"fr-FR","@id":"https:\/\/thomasvino.ch\/#\/schema\/person\/image\/","url":"https:\/\/secure.gravatar.com\/avatar\/91fd5a76647f140e53db987a0dead4d7?s=96&d=mm&r=g","contentUrl":"https:\/\/secure.gravatar.com\/avatar\/91fd5a76647f140e53db987a0dead4d7?s=96&d=mm&r=g","caption":"Pierre Thomas"},"url":"https:\/\/thomasvino.ch\/?author=3"}]}},"jetpack_featured_media_url":"","jetpack_sharing_enabled":true,"jetpack_shortlink":"https:\/\/wp.me\/p3m4tZ-4HM","jetpack_likes_enabled":false,"jetpack-related-posts":[{"id":9512,"url":"https:\/\/thomasvino.ch\/?p=9512","url_meta":{"origin":18090,"position":0},"title":"Comit\u00e9 de l&rsquo;OVV: le retour d&rsquo;un \u00abgouverneur\u00bb","date":"13 d\u00e9cembre 2012","format":false,"excerpt":"Comit\u00e9 de l\u2019OVV Le retour du \u00abgouverneur\u00bb Gex Selon nos informations, l\u2019ancien gouverneur de la Confr\u00e9rie du Guillon (jusqu\u2019au d\u00e9but 2012), le vigneron d\u2019Yvorne Philippe Gex a \u00e9t\u00e9 pressenti pour rejoindre le comit\u00e9 de direction de l\u2019Office des vins vaudois, pr\u00e9sid\u00e9 par Pierre Keller, dont il est proche. Il remplace,\u2026","rel":"","context":"Dans &quot;Actus - News&quot;","img":{"alt_text":"","src":"","width":0,"height":0},"classes":[]},{"id":9243,"url":"https:\/\/thomasvino.ch\/?p=9243","url_meta":{"origin":18090,"position":1},"title":"Vaud \u2014 Le patron de l&rsquo;EPFL, premier Guillon d&rsquo;Or 2011","date":"26 septembre 2011","format":false,"excerpt":"Guillon d\u2019Or 2011 La foi dans les alicaments Premier r\u00e9cipiendaire du Guillon d\u2019Or, le pr\u00e9sident de l\u2019EPFL, Patrick Aebischer, est aussi le contemporain de la confr\u00e9rie d\u00e9vou\u00e9e \u00e0 la cause des vins vaudois, fond\u00e9e en 1954. Ce scientifique, doubl\u00e9 d\u2019un manager, n\u00e9 en basse ville de Fribourg, est convaincu de\u2026","rel":"","context":"Dans &quot;Vins suisses&quot;","img":{"alt_text":"site_guildor1.jpg","src":"img\/site_guildor1.jpg","width":350,"height":200},"classes":[]},{"id":9291,"url":"https:\/\/thomasvino.ch\/?p=9291","url_meta":{"origin":18090,"position":2},"title":"Changement de Gouverneur au Guillon","date":"8 d\u00e9cembre 2011","format":false,"excerpt":"Confr\u00e9rie du Guillon Vaucher apr\u00e8s Gex Apr\u00e8s onze ans de fonction, Philippe Gex, propri\u00e9taire-vigneron du Domaine de la Pierre latine et syndic d\u2019Yvorne, et r\u00e9cent candidat malheureux au Conseil national, o\u00f9 s\u2019il fait souffler, pour 279 suffrages, le si\u00e8ge lib\u00e9ral par le nouveau venu Fahti Derder, c\u00e8de sa robe d\u2019azur\u2026","rel":"","context":"Dans &quot;Actus - News&quot;","img":{"alt_text":"site_vaucher.jpg","src":"img\/site_vaucher.jpg","width":350,"height":200},"classes":[]},{"id":12668,"url":"https:\/\/thomasvino.ch\/?p=12668","url_meta":{"origin":18090,"position":3},"title":"Chapoutier-Vaucher \u00e0 l\u2019EHL sur fond d&rsquo;AOC f\u00e9d\u00e9rale","date":"29 mars 2015","format":false,"excerpt":"En lever de rideau de la comp\u00e9tition inter-\u00e9coles We Wine 2015, \u00e0 l\u2019Ecole h\u00f4teli\u00e8re de Lausanne, l\u2019Office des vins vaudois avait invit\u00e9, samedi 28 mars, deux personnalit\u00e9s du monde du vin \u00e0 casquettes multiples\u00a0: le Rhodanien Michel Chapoutier et le Vaudois Jean-Claude Vaucher. Quelques pistes d\u2019un d\u00e9bat technico-\u00e9conomico-politique autour des\u2026","rel":"","context":"Dans &quot;Vins suisses&quot;","img":{"alt_text":"","src":"https:\/\/i0.wp.com\/www.thomasvino.ch\/wp-content\/uploads\/2015\/03\/site_Vaucher_Chapoutier-300x200.jpg?resize=350%2C200","width":350,"height":200},"classes":[]},{"id":9259,"url":"https:\/\/thomasvino.ch\/?p=9259","url_meta":{"origin":18090,"position":4},"title":"Elus vitioeno \u00e0 Berne: pas de tourn\u00e9e g\u00e9n\u00e9rale!","date":"24 octobre 2011","format":false,"excerpt":"Elus viti-vinicoles \u00e0 Berne Pas de tourn\u00e9e g\u00e9n\u00e9rale Les pr\u00e9sidents des deux instances de promotion des vins du Valais et du pays de Vaud ne si\u00e8geront pas (ou plus) \u00e0 Berne. Conseiller national depuis le milieu de la l\u00e9gislature, le d\u00e9mocrate-chr\u00e9tien valaisan Paul-Andr\u00e9 Roux, pr\u00e9sident de l\u2019IVV depuis ce printemps,\u2026","rel":"","context":"Dans &quot;Actus - News&quot;","img":{"alt_text":"","src":"","width":0,"height":0},"classes":[]},{"id":13062,"url":"https:\/\/thomasvino.ch\/?p=13062","url_meta":{"origin":18090,"position":5},"title":"Un architecte anglais couronn\u00e9  par une construction vaudoise","date":"8 octobre 2015","format":false,"excerpt":"La Confr\u00e9rie du Guillon a d\u00e9cern\u00e9 son Guillon d\u2019Or au prestigieux architecte Lord Norman Foster, 80 ans depuis juin, un des r\u00e9sidents des 42 ch\u00e2teaux viticoles que compte le Pays de Vaud, celui de Vincy. Il aura droit durant un an \u00e0 une livraison r\u00e9guli\u00e8re de bouteilles de vins de\u2026","rel":"","context":"Dans &quot;Vins suisses&quot;","img":{"alt_text":"","src":"","width":0,"height":0},"classes":[]}],"_links":{"self":[{"href":"https:\/\/thomasvino.ch\/index.php?rest_route=\/wp\/v2\/posts\/18090"}],"collection":[{"href":"https:\/\/thomasvino.ch\/index.php?rest_route=\/wp\/v2\/posts"}],"about":[{"href":"https:\/\/thomasvino.ch\/index.php?rest_route=\/wp\/v2\/types\/post"}],"author":[{"embeddable":true,"href":"https:\/\/thomasvino.ch\/index.php?rest_route=\/wp\/v2\/users\/3"}],"replies":[{"embeddable":true,"href":"https:\/\/thomasvino.ch\/index.php?rest_route=%2Fwp%2Fv2%2Fcomments&post=18090"}],"version-history":[{"count":4,"href":"https:\/\/thomasvino.ch\/index.php?rest_route=\/wp\/v2\/posts\/18090\/revisions"}],"predecessor-version":[{"id":18096,"href":"https:\/\/thomasvino.ch\/index.php?rest_route=\/wp\/v2\/posts\/18090\/revisions\/18096"}],"wp:attachment":[{"href":"https:\/\/thomasvino.ch\/index.php?rest_route=%2Fwp%2Fv2%2Fmedia&parent=18090"}],"wp:term":[{"taxonomy":"category","embeddable":true,"href":"https:\/\/thomasvino.ch\/index.php?rest_route=%2Fwp%2Fv2%2Fcategories&post=18090"},{"taxonomy":"post_tag","embeddable":true,"href":"https:\/\/thomasvino.ch\/index.php?rest_route=%2Fwp%2Fv2%2Ftags&post=18090"}],"curies":[{"name":"wp","href":"https:\/\/api.w.org\/{rel}","templated":true}]}}