{"id":18166,"date":"2023-05-18T15:42:33","date_gmt":"2023-05-18T14:42:33","guid":{"rendered":"https:\/\/thomasvino.ch\/?p=18166"},"modified":"2023-05-21T17:13:59","modified_gmt":"2023-05-21T16:13:59","slug":"bio-co-medailles-en-tous-genres","status":"publish","type":"post","link":"https:\/\/thomasvino.ch\/?p=18166","title":{"rendered":"Bio &#038; co, m\u00e9dailles en tous genres"},"content":{"rendered":"<p style=\"font-weight: 400\"><strong>La saison des concours bat son plein&nbsp;: Concours Mondial de Bruxelles (r\u00e9sultats le 23 mai), les suisses, Mondial du Merlot, Mondial du Chasselas, Mondial des Pinots, en attendant l\u2019unique Grand Prix des vins suisses (davantage de cat\u00e9gories). Et de prix sp\u00e9ciaux, y compris un focus sur le bio, tendance, alors que le bio a d\u00e9j\u00e0 eu son concours d\u00e9di\u00e9&nbsp;! Qui n\u2019a pas sa m\u00e9daille, hein&nbsp;?<\/strong><\/p>\n<p style=\"font-weight: 400\">Les r\u00e9sultats du Concours des vins bios, qui n\u2019a plus le magazine <em>Vinum<\/em> pour sponsor, d\u2019o\u00f9 la concurrence de cet automne avec le palmar\u00e8s du GPVS, ont \u00e9t\u00e9 proclam\u00e9s \u00e0 Moudon, le 13 mai, lors que la kermesse de Bio-Vaud. 101 m\u00e9dailles ont \u00e9t\u00e9 attribu\u00e9es, toutes cat\u00e9gories confondues, en vinifications traditionnelles et en nature (deux cat\u00e9gories seulement, les petnat n\u2019\u00e9tant pas assez nombreux). Des vins en labels bourgeon, demeter (biodynamie), bio f\u00e9d\u00e9ral (O-Bio) et \u00e9galement en reconversion bio ont \u00e9t\u00e9 jug\u00e9s.<\/p>\n<h4>Des r\u00e9cidivistes notoires<\/h4>\n<p style=\"font-weight: 400\">Le palmar\u00e8s est tr\u00e8s \u2014 trop ! \u2014 vaste, mais les vainqueurs sont pour la plupart des vignerons d\u00e9j\u00e0 reconnus. Ainsi <strong>La Maison Carre\u0301e<\/strong>, de <strong>Jean-Denis et Alexandre Perrochet<\/strong>, qui travaillent en demeter, \u00e0 Auvernier (NE), proclam\u00e9e <em>\u00abmeilleur vigneron suisse bio 2023\u00bb<\/em>, alors qu\u2019il l\u2019ont d\u00e9j\u00e0 \u00e9t\u00e9 en 2016, avec leur pinot noir d\u2019Auvernier 2020 (\u00e9galement meilleur pinot noir du concours et avec 91,4\/100, meilleur vin bio de l\u2019ann\u00e9e), le vin qui figure au tr\u00e9sor de la <em>M\u00e9moire des vins suisses<\/em>, et leur vin Fl\u00e9tri 2021, sacr\u00e9 meilleur liquoreux.<\/p>\n<p style=\"font-weight: 400\">Dans les bios, le titre du meilleur chasselas revient \u00e0 la <strong>Cave de La C\u00f4te<\/strong>, pour son <strong>Cha\u0302teau d\u2019Es Bons<\/strong> Aubonne 2022 (bio bourgeon), celui de meilleur monoc\u00e9page blanc, \u00e0 la Petite Arvine 2022, de la <strong>Cave Sandrine Caloz<\/strong> \u00e0 Mi\u00e8ge (VS), qui fut \u00e9galement meilleur.e vigneron.ne bio suisse (bourgeon), le meilleur assemblage blanc, au <em>Nez Noir<\/em> 2021, des fr\u00e8res et soeur <strong>Rouvinez<\/strong> \u00e0 Sierre (VS), en reconversion, gros succ\u00e8s commercial; en rouge, meilleur monoc\u00e9page pour le cornalin <em>Trong<\/em> 2022 (bio f\u00e9d\u00e9ral), d\u2019<strong>Olivier Mounir<\/strong>, de la <strong>Cave du Rhodan<\/strong>, \u00e0 Salquenen, vainqueur du dernier Grand Prix du Vin Suisse 2023 et membre de la <em>M\u00e9moire des vins suisses<\/em>, meilleur assemblage pour le pinot noir et merlot de la marque <em>Bibacchus<\/em> 2022 (bourgeon), des <strong>Celliers de Sion<\/strong>, et meilleur ros\u00e9, pour l\u2019oeil-de-perdrix 2022 de la <strong>Cave de Chambleau<\/strong> (NE), bourgeon, membre de la <em>M\u00e9moire des vins suisses<\/em>, et le meilleur efferverscent pour le mousseux ros\u00e9 2021, demeter, du Vaudois <strong>Reynald Parmelin<\/strong>, <strong>Domaine de la Capitaine<\/strong>, de nombreuses fois victorieux de la cat\u00e9gorie bio au GPVS.<\/p>\n<p style=\"font-weight: 400\">Le titre de <em>\u00abmeilleur vigneron suisse nature 2023\u00bb<\/em> revient \u00e0 l\u2019Islandais <strong>Hoss Hauksson<\/strong>, \u00e9tabli en Argovie, pour son kerner 2022 et son pinot noir Alpberg 2020, le titre de meilleur vin nature et orange du concours, au chasselas <em>Tout Nu<\/em> 2021 (demeter), du Ch\u00e2teau Rochefort, \u00e0 Allaman, appartenant \u00e0 la Ville de Lausanne, \u00e9galement meilleur vin blanc nature, not\u00e9 90,4\/100, tandis que le pionnier neuch\u00e2telois de la biodynamie (demeter) <strong>Christian Rossel<\/strong>, de Hauterive, d\u00e9croche le titre en vin rouge, pour son pinot noir nature 2022.<\/p>\n<p style=\"font-weight: 400\">Pas la moindre surprise&nbsp;: ce ne sont que des vignerons confirm\u00e9s qui s\u2019imposent&nbsp;!<\/p>\n<h4 style=\"font-weight: 400\"><strong>Les C\u00f4tes-de-l&rsquo;Orbe meilleurs rouges vaudois!<\/strong><\/h4>\n<p style=\"font-weight: 400\">M\u00eame confirmation au label vaudois Terravin, avec les Lauriers de Platine rouge, jou\u00e9s \u00e0 Soleure, le 11 mai. C\u2019est le vainqueur de l\u2019\u00e9dition 2021 qui r\u00e9cidive, <strong>Bernard Gauthey<\/strong>, d\u2019Arnex-sur-Orbe, pass\u00e9 en bio Bourgeon en 2021, avec son gamaret 2022. Le podium est enti\u00e8rement occup\u00e9 par les C\u00f4tes-de-l\u2019Orbe, avec le <strong>Ch\u00e2teau de Valeyres<\/strong> et sa cuv\u00e9e <em>De Gall\u00e9ra<\/em> 2021 (les tripl\u00e9s gamaret, garanoir, mara compl\u00e9t\u00e9 par du galotta), devant&#8230; <strong>Bernard Gauthey<\/strong> encore, avec son gamaret-garanoir-pinot 2022. Cocorico des C\u00f4tes-de-l&rsquo;Orbe, donc !<\/p>\n<h3>Et un revers pour les syrahs valaisannes<\/h3>\n<p style=\"font-weight: 400\">Mais que vaudraient ces vins encens\u00e9s par des d\u00e9gustateurs du pays, cette fois \u00e0 l\u2019\u00e9tranger&nbsp;? Eh bien, pour une des premi\u00e8res fois en 17 \u00e9ditions, il n\u2019y a <strong>aucun vin suisse parmi les 34 m\u00e9dailles d\u2019or de la confrontation Syrah du Monde<\/strong>, mais cinq m\u00e9dailles d\u2019argent (sur les 46 attribu\u00e9es). Un tiers des vins ont \u00e9t\u00e9 m\u00e9daill\u00e9s sur seulement 241 \u00e9chantillons en concours. Pourtant, plusieurs producteurs valaisans qui avaient brill\u00e9 par le pass\u00e9 avaient pr\u00e9sent\u00e9 des \u00e9chantillons et n&rsquo;ont obtenu que l&rsquo;argent.<\/p>\n<p style=\"font-weight: 400\">Chaque concours am\u00e8ne son lot de surprises et c\u2019est bien pour cela que les comp\u00e9titions se multiplient&#8230;<\/p>\n<p style=\"font-weight: 400\"><em>\u00a9thomasvino.ch<\/em><\/p>\n","protected":false},"excerpt":{"rendered":"<p>La saison des concours bat son plein&nbsp;: Concours Mondial de Bruxelles (r\u00e9sultats le 23 mai), les suisses, Mondial du Merlot, Mondial du Chasselas, Mondial des Pinots, en attendant l\u2019unique Grand Prix des vins suisses (davantage de cat\u00e9gories). Et de prix sp\u00e9ciaux, y compris un focus sur le bio, tendance, alors que le bio a d\u00e9j\u00e0 [&hellip;]<\/p>\n","protected":false},"author":3,"featured_media":0,"comment_status":"closed","ping_status":"open","sticky":false,"template":"","format":"standard","meta":{"_monsterinsights_skip_tracking":false,"_monsterinsights_sitenote_active":false,"_monsterinsights_sitenote_note":"","_monsterinsights_sitenote_category":0,"jetpack_post_was_ever_published":false,"jetpack_publicize_message":"","jetpack_is_tweetstorm":false,"jetpack_publicize_feature_enabled":true,"jetpack_social_post_already_shared":true,"jetpack_social_options":{"image_generator_settings":{"template":"highway","enabled":false}}},"categories":[15],"tags":[],"jetpack_publicize_connections":[],"yoast_head":"<!-- This site is optimized with the Yoast SEO plugin v20.6 - https:\/\/yoast.com\/wordpress\/plugins\/seo\/ -->\n<title>Bio &amp; co, m\u00e9dailles en tous genres - thomasvino<\/title>\n<meta name=\"robots\" content=\"index, follow, max-snippet:-1, max-image-preview:large, max-video-preview:-1\" \/>\n<link rel=\"canonical\" href=\"https:\/\/thomasvino.ch\/?p=18166\" \/>\n<meta property=\"og:locale\" content=\"fr_FR\" \/>\n<meta property=\"og:type\" content=\"article\" \/>\n<meta property=\"og:title\" content=\"Bio &amp; co, m\u00e9dailles en tous genres - thomasvino\" \/>\n<meta property=\"og:description\" content=\"La saison des concours bat son plein&nbsp;: Concours Mondial de Bruxelles (r\u00e9sultats le 23 mai), les suisses, Mondial du Merlot, Mondial du Chasselas, Mondial des Pinots, en attendant l\u2019unique Grand Prix des vins suisses (davantage de cat\u00e9gories). Et de prix sp\u00e9ciaux, y compris un focus sur le bio, tendance, alors que le bio a d\u00e9j\u00e0 [&hellip;]\" \/>\n<meta property=\"og:url\" content=\"https:\/\/thomasvino.ch\/?p=18166\" \/>\n<meta property=\"og:site_name\" content=\"thomasvino\" \/>\n<meta property=\"article:published_time\" content=\"2023-05-18T14:42:33+00:00\" \/>\n<meta property=\"article:modified_time\" content=\"2023-05-21T16:13:59+00:00\" \/>\n<meta name=\"author\" content=\"Pierre Thomas\" \/>\n<meta name=\"twitter:label1\" content=\"\u00c9crit par\" \/>\n\t<meta name=\"twitter:data1\" content=\"Pierre Thomas\" \/>\n\t<meta name=\"twitter:label2\" content=\"Dur\u00e9e de lecture estim\u00e9e\" \/>\n\t<meta name=\"twitter:data2\" content=\"4 minutes\" \/>\n<script type=\"application\/ld+json\" class=\"yoast-schema-graph\">{\"@context\":\"https:\/\/schema.org\",\"@graph\":[{\"@type\":\"WebPage\",\"@id\":\"https:\/\/thomasvino.ch\/?p=18166\",\"url\":\"https:\/\/thomasvino.ch\/?p=18166\",\"name\":\"Bio & co, m\u00e9dailles en tous genres - thomasvino\",\"isPartOf\":{\"@id\":\"https:\/\/thomasvino.ch\/#website\"},\"datePublished\":\"2023-05-18T14:42:33+00:00\",\"dateModified\":\"2023-05-21T16:13:59+00:00\",\"author\":{\"@id\":\"https:\/\/thomasvino.ch\/#\/schema\/person\/670bf4486fe81152cf1d68bd585e062e\"},\"breadcrumb\":{\"@id\":\"https:\/\/thomasvino.ch\/?p=18166#breadcrumb\"},\"inLanguage\":\"fr-FR\",\"potentialAction\":[{\"@type\":\"ReadAction\",\"target\":[\"https:\/\/thomasvino.ch\/?p=18166\"]}]},{\"@type\":\"BreadcrumbList\",\"@id\":\"https:\/\/thomasvino.ch\/?p=18166#breadcrumb\",\"itemListElement\":[{\"@type\":\"ListItem\",\"position\":1,\"name\":\"Accueil\",\"item\":\"https:\/\/thomasvino.ch\/\"},{\"@type\":\"ListItem\",\"position\":2,\"name\":\"Bio &#038; co, m\u00e9dailles en tous genres\"}]},{\"@type\":\"WebSite\",\"@id\":\"https:\/\/thomasvino.ch\/#website\",\"url\":\"https:\/\/thomasvino.ch\/\",\"name\":\"thomasvino\",\"description\":\"Vins &amp; Gastronomie\",\"potentialAction\":[{\"@type\":\"SearchAction\",\"target\":{\"@type\":\"EntryPoint\",\"urlTemplate\":\"https:\/\/thomasvino.ch\/?s={search_term_string}\"},\"query-input\":\"required name=search_term_string\"}],\"inLanguage\":\"fr-FR\"},{\"@type\":\"Person\",\"@id\":\"https:\/\/thomasvino.ch\/#\/schema\/person\/670bf4486fe81152cf1d68bd585e062e\",\"name\":\"Pierre Thomas\",\"image\":{\"@type\":\"ImageObject\",\"inLanguage\":\"fr-FR\",\"@id\":\"https:\/\/thomasvino.ch\/#\/schema\/person\/image\/\",\"url\":\"https:\/\/secure.gravatar.com\/avatar\/91fd5a76647f140e53db987a0dead4d7?s=96&d=mm&r=g\",\"contentUrl\":\"https:\/\/secure.gravatar.com\/avatar\/91fd5a76647f140e53db987a0dead4d7?s=96&d=mm&r=g\",\"caption\":\"Pierre Thomas\"},\"url\":\"https:\/\/thomasvino.ch\/?author=3\"}]}<\/script>\n<!-- \/ Yoast SEO plugin. -->","yoast_head_json":{"title":"Bio & co, m\u00e9dailles en tous genres - thomasvino","robots":{"index":"index","follow":"follow","max-snippet":"max-snippet:-1","max-image-preview":"max-image-preview:large","max-video-preview":"max-video-preview:-1"},"canonical":"https:\/\/thomasvino.ch\/?p=18166","og_locale":"fr_FR","og_type":"article","og_title":"Bio & co, m\u00e9dailles en tous genres - thomasvino","og_description":"La saison des concours bat son plein&nbsp;: Concours Mondial de Bruxelles (r\u00e9sultats le 23 mai), les suisses, Mondial du Merlot, Mondial du Chasselas, Mondial des Pinots, en attendant l\u2019unique Grand Prix des vins suisses (davantage de cat\u00e9gories). Et de prix sp\u00e9ciaux, y compris un focus sur le bio, tendance, alors que le bio a d\u00e9j\u00e0 [&hellip;]","og_url":"https:\/\/thomasvino.ch\/?p=18166","og_site_name":"thomasvino","article_published_time":"2023-05-18T14:42:33+00:00","article_modified_time":"2023-05-21T16:13:59+00:00","author":"Pierre Thomas","twitter_misc":{"\u00c9crit par":"Pierre Thomas","Dur\u00e9e de lecture estim\u00e9e":"4 minutes"},"schema":{"@context":"https:\/\/schema.org","@graph":[{"@type":"WebPage","@id":"https:\/\/thomasvino.ch\/?p=18166","url":"https:\/\/thomasvino.ch\/?p=18166","name":"Bio & co, m\u00e9dailles en tous genres - thomasvino","isPartOf":{"@id":"https:\/\/thomasvino.ch\/#website"},"datePublished":"2023-05-18T14:42:33+00:00","dateModified":"2023-05-21T16:13:59+00:00","author":{"@id":"https:\/\/thomasvino.ch\/#\/schema\/person\/670bf4486fe81152cf1d68bd585e062e"},"breadcrumb":{"@id":"https:\/\/thomasvino.ch\/?p=18166#breadcrumb"},"inLanguage":"fr-FR","potentialAction":[{"@type":"ReadAction","target":["https:\/\/thomasvino.ch\/?p=18166"]}]},{"@type":"BreadcrumbList","@id":"https:\/\/thomasvino.ch\/?p=18166#breadcrumb","itemListElement":[{"@type":"ListItem","position":1,"name":"Accueil","item":"https:\/\/thomasvino.ch\/"},{"@type":"ListItem","position":2,"name":"Bio &#038; co, m\u00e9dailles en tous genres"}]},{"@type":"WebSite","@id":"https:\/\/thomasvino.ch\/#website","url":"https:\/\/thomasvino.ch\/","name":"thomasvino","description":"Vins &amp; Gastronomie","potentialAction":[{"@type":"SearchAction","target":{"@type":"EntryPoint","urlTemplate":"https:\/\/thomasvino.ch\/?s={search_term_string}"},"query-input":"required name=search_term_string"}],"inLanguage":"fr-FR"},{"@type":"Person","@id":"https:\/\/thomasvino.ch\/#\/schema\/person\/670bf4486fe81152cf1d68bd585e062e","name":"Pierre Thomas","image":{"@type":"ImageObject","inLanguage":"fr-FR","@id":"https:\/\/thomasvino.ch\/#\/schema\/person\/image\/","url":"https:\/\/secure.gravatar.com\/avatar\/91fd5a76647f140e53db987a0dead4d7?s=96&d=mm&r=g","contentUrl":"https:\/\/secure.gravatar.com\/avatar\/91fd5a76647f140e53db987a0dead4d7?s=96&d=mm&r=g","caption":"Pierre Thomas"},"url":"https:\/\/thomasvino.ch\/?author=3"}]}},"jetpack_featured_media_url":"","jetpack_sharing_enabled":true,"jetpack_shortlink":"https:\/\/wp.me\/p3m4tZ-4J0","jetpack_likes_enabled":false,"jetpack-related-posts":[{"id":15826,"url":"https:\/\/thomasvino.ch\/?p=15826","url_meta":{"origin":18166,"position":0},"title":"Concours\u00a0: palmar\u00e8s des syrahs et merlots \u00abdu monde\u00bb","date":"22 mai 2019","format":false,"excerpt":"En attendant les r\u00e9sultats du Mondial du Chasselas, qui se tiendra ce week-end sur les hauts de Lausanne, deux autres concours de c\u00e9pages ont livr\u00e9 leur verdict en ce mois de mai. A Syrah-du-Monde, pr\u00e8s de Lyon, les vins suisses n\u2019ont remport\u00e9 \u00abque\u00bb quatre m\u00e9dailles d\u2019or, toutes valaisannes, mais surtout\u2026","rel":"","context":"Dans &quot;Actus - News&quot;","img":{"alt_text":"","src":"","width":0,"height":0},"classes":[]},{"id":18136,"url":"https:\/\/thomasvino.ch\/?p=18136","url_meta":{"origin":18166,"position":1},"title":"Le GPVS remet un unique couvert\u00a0!","date":"28 avril 2023","format":false,"excerpt":"Le Grand Prix du Vin Suisse aura bel et bien lieu \u00e0 Sierre, du 24 au 25 juillet, avec un palmar\u00e8s des m\u00e9dailles proclam\u00e9 \u00e0 la mi-ao\u00fbt et un \u00abgala des vins suisses\u00bb au Kursaal de Berne, le vendredi 6 octobre 2023. L\u2019association Vinea et le magazine Vinum se sont\u2026","rel":"","context":"Dans &quot;Actus - News&quot;","img":{"alt_text":"","src":"","width":0,"height":0},"classes":[]},{"id":18196,"url":"https:\/\/thomasvino.ch\/?p=18196","url_meta":{"origin":18166,"position":2},"title":"Mondial du Merlot 2023, forza Ticino\u00a0!","date":"2 juin 2023","format":false,"excerpt":"Proclam\u00e9 le 1er juin \u00a0\u00e0 Zurich par l\u2019organisateur Vinea, le palmar\u00e8s du Mondial du Merlot & assemblages 2023 a tout de la s\u00e9lection r\u00e9gionale du Tessin... Les merlots du Sud des Alpes ont rafl\u00e9 la majorit\u00e9 des titres et des m\u00e9dailles d\u2019or. Les vins non-suisses d\u00e9crochent seulement dix ors, dont\u2026","rel":"","context":"Dans &quot;Actus - News&quot;","img":{"alt_text":"","src":"","width":0,"height":0},"classes":[]},{"id":17745,"url":"https:\/\/thomasvino.ch\/?p=17745","url_meta":{"origin":18166,"position":3},"title":"Concours mondial de Bruxelles 2022 \u2014 Le meilleur vin bio est un Cornalin du Valais","date":"1 juin 2022","format":false,"excerpt":"D\u00e9sormais r\u00e9parti en quatre concours distincts (ros\u00e9s, blancs et rouges, effervescents, liquoreux), en itin\u00e9rance dans quatre endroits diff\u00e9rents, le Concours Mondial de Bruxelles, qui s\u2019est d\u00e9roul\u00e9 du 19 au 21 mai en Calabre, \u00e0 Cosenza, a livr\u00e9 son verdict. Un vin rouge valaisan a \u00e9t\u00e9 sacr\u00e9\u00a0\u00abr\u00e9v\u00e9lation des vins bios\u00bb, avec\u2026","rel":"","context":"Dans &quot;Actus - News&quot;","img":{"alt_text":"","src":"","width":0,"height":0},"classes":[]},{"id":16951,"url":"https:\/\/thomasvino.ch\/?p=16951","url_meta":{"origin":18166,"position":4},"title":"Mondial du Merlot\u00a0: les Tessinois en force","date":"19 novembre 2020","format":false,"excerpt":"Il n\u2019y avait aucun merlot tessinois parmi les six finalistes du Grand Prix du Vin Suisse 2020, mais, d\u00e9but septembre, ils ont rafl\u00e9 la majorit\u00e9 des titres du Mondial du Merlot, deux concours organis\u00e9s par Vinea \u00e0 Sierre. Les derniers r\u00e9sultats viennent de tomber.\u00a0Cette tactique du salami devait m\u00e9nager le\u2026","rel":"","context":"Dans &quot;Actus - News&quot;","img":{"alt_text":"","src":"","width":0,"height":0},"classes":[]},{"id":9431,"url":"https:\/\/thomasvino.ch\/?p=9431","url_meta":{"origin":18166,"position":5},"title":"Toujours plus (et trop!) de concours en Suisse","date":"30 ao\u00fbt 2012","format":false,"excerpt":"Mondial du chasselas, des pinots, du merlot, Grand Prix du Vin suisse L\u2019\u00e9t\u00e9 de tous les concours Mondial du Chasselas, Expovina, Grand Prix du Vin Suisse, en attendant les r\u00e9sultats du Mondial des Pinots et du Merlot. Les concours se multiplient et les m\u00e9dailles pleuvent sur le vignoble suisse. Par\u2026","rel":"","context":"Dans &quot;Tendance&quot;","img":{"alt_text":"","src":"","width":0,"height":0},"classes":[]}],"_links":{"self":[{"href":"https:\/\/thomasvino.ch\/index.php?rest_route=\/wp\/v2\/posts\/18166"}],"collection":[{"href":"https:\/\/thomasvino.ch\/index.php?rest_route=\/wp\/v2\/posts"}],"about":[{"href":"https:\/\/thomasvino.ch\/index.php?rest_route=\/wp\/v2\/types\/post"}],"author":[{"embeddable":true,"href":"https:\/\/thomasvino.ch\/index.php?rest_route=\/wp\/v2\/users\/3"}],"replies":[{"embeddable":true,"href":"https:\/\/thomasvino.ch\/index.php?rest_route=%2Fwp%2Fv2%2Fcomments&post=18166"}],"version-history":[{"count":3,"href":"https:\/\/thomasvino.ch\/index.php?rest_route=\/wp\/v2\/posts\/18166\/revisions"}],"predecessor-version":[{"id":18179,"href":"https:\/\/thomasvino.ch\/index.php?rest_route=\/wp\/v2\/posts\/18166\/revisions\/18179"}],"wp:attachment":[{"href":"https:\/\/thomasvino.ch\/index.php?rest_route=%2Fwp%2Fv2%2Fmedia&parent=18166"}],"wp:term":[{"taxonomy":"category","embeddable":true,"href":"https:\/\/thomasvino.ch\/index.php?rest_route=%2Fwp%2Fv2%2Fcategories&post=18166"},{"taxonomy":"post_tag","embeddable":true,"href":"https:\/\/thomasvino.ch\/index.php?rest_route=%2Fwp%2Fv2%2Ftags&post=18166"}],"curies":[{"name":"wp","href":"https:\/\/api.w.org\/{rel}","templated":true}]}}