{"id":18339,"date":"2023-11-21T16:14:51","date_gmt":"2023-11-21T15:14:51","guid":{"rendered":"https:\/\/thomasvino.ch\/?p=18339"},"modified":"2023-11-22T12:36:31","modified_gmt":"2023-11-22T11:36:31","slug":"etoiles-du-valais-2023-un-liquoreux-enfin","status":"publish","type":"post","link":"https:\/\/thomasvino.ch\/?p=18339","title":{"rendered":"Etoiles du Valais 2023\u00a0: un liquoreux, enfin\u00a0!"},"content":{"rendered":"<div>\n<p><b>Une neuvi\u00e8me \u00e9toile a \u00e9t\u00e9 attribu\u00e9e aux meilleurs vins de la S\u00e9lection du Valais 2023 : elle est attribu\u00e9e au mieux not\u00e9 des liquoreux. En plus des huit champions cantonaux, qui l\u2019ont emport\u00e9 parmi les 900 crus \u00e9valu\u00e9s en septembre.<\/b><\/p>\n<\/div>\n<div>\n<p>Jusqu\u2019ici, les \u00e9toiles du Valais r\u00e9compensaient depuis 18 ans quatre blancs et quatre rouges, tous en monoc\u00e9page et embl\u00e9matiques du Vieux-Pays, sauf la d\u00f4le, d\u2019assemblage. S\u2019y ajoutent d\u00e9sormais un vin liquoreux. Pour 2023, c\u2019est l\u2019ermitage Gemma Rubin 2020, de <strong>Diego Mathier<\/strong>, \u00e0 Salquenen, qui remporte ce titre. Mais, alors que, fort souvent, les liquoreux sont les vins les mieux not\u00e9s des concours, nationaux ou internationaux, c\u2019est la syrah 2022 de <strong>Claudy Clavien<\/strong>, de Mi\u00e8ge, qui d\u00e9croche la timbale de la s\u00e9lection cantonale et sera l\u2019ambassadeur des vins du Valais, un vin favoris\u00e9 par Swiss Wine Promotion dans ses d\u00e9gustations, aux c\u00f4t\u00e9s des meilleurs des cinq autres r\u00e9gions viticoles helv\u00e9tiques, durant une ann\u00e9e.<\/p>\n<\/div>\n<div>\n<p>A ces deux producteurs fort cot\u00e9s, le palmar\u00e8s ajoute <strong>Jo\u00ebl Briguet<\/strong>, de <strong>La Romaine<\/strong>, \u00e0 Flanthey, autre vigneron de la m\u00eame g\u00e9n\u00e9ration et qui signe un cornalin Les Empereurs de grande classe, aux ar\u00f4mes caract\u00e9ristiques de cerise. Ces trois vignerons figurent dans les \u00ab\u00a0111 vins suisses \u00e0 ne pas manquer\u00a0\u00bb, et Jo\u00ebl Briguet pr\u00e9cis\u00e9ment avec son cornalin!<\/p>\n<p>Deux outsiders, <strong>Anthony Baselgia<\/strong>, de la <strong>cave Jean Maret<\/strong>, \u00e0 Fully, l\u2019emporte en humagne rouge, tandis que <strong>Jean-Claude et V\u00e9r\u00e8ne Mabillard<\/strong>, de Champlan sur Sion, s\u2019imposent en fendant.<\/p>\n<\/div>\n<div>\n<p><b>Un doubl\u00e9 pour une grande cave<\/b><\/p>\n<\/div>\n<div>\n<p>Les autres titres reviennent \u00e0 de grandes caves. Ainsi, la meilleure d\u00f4le est celle, de Salquenen, de la <strong>cave Fernand Cina<\/strong>, qui signe un doubl\u00e9 avec le johannisberg, lui aussi le mieux not\u00e9 de la s\u00e9lection cantonale. L\u2019ex-coop\u00e9rative <strong>Provins<\/strong> remporte le titre de l\u2019heida avec celui de la ligne <em>Grand M\u00e9tral<\/em>, tandis qu\u2019est couronn\u00e9e la petite arvine <em>Jean des Cr\u00eates<\/em>, de la <strong>Maison Maye<\/strong>, \u00e0 Riddes. Tous les vins r\u00e9compens\u00e9s sont du mill\u00e9sime 2022 \u2014 \u00e0 l\u2019exception du liquoreux (2020).<\/p>\n<\/div>\n<div>\n<p>Les laur\u00e9ats ont re\u00e7u leur prix lors d\u2019une c\u00e9r\u00e9monie \u00e0 la Fondation Opale \u00e0 Lens, le mercredi 22 novembre. Les huits vins de 2022 sont propos\u00e9s dans un coffret \u00abcollector\u00bb, tandis que l\u2019ermitage Gemma a droit \u00e0 un autre coffret, avec une bougie et l\u2019ouvrage de photos de people, <em>\u00abThe stars share\u00bb<\/em> (la part des \u00e9toiles), croqu\u00e9es par <strong>G\u00e9rard-Philippe Mabillard<\/strong>, le directeur de <em>Swiss Wine Valais<\/em> (les vins du Valais).<\/p>\n<\/div>\n<div>\n<p><i>Sur le net: <a href=\"https:\/\/shop.lesvinsduvalais.ch\">shop.lesvinsduvalais.ch<\/a><\/i><\/p>\n<\/div>\n<div>\n<p><i>&nbsp;\u00a9thomasvino.ch<\/i><\/p>\n<\/div>\n","protected":false},"excerpt":{"rendered":"<p>Une neuvi\u00e8me \u00e9toile a \u00e9t\u00e9 attribu\u00e9e aux meilleurs vins de la S\u00e9lection du Valais 2023 : elle est attribu\u00e9e au mieux not\u00e9 des liquoreux. En plus des huit champions cantonaux, qui l\u2019ont emport\u00e9 parmi les 900 crus \u00e9valu\u00e9s en septembre. Jusqu\u2019ici, les \u00e9toiles du Valais r\u00e9compensaient depuis 18 ans quatre blancs et quatre rouges, tous [&hellip;]<\/p>\n","protected":false},"author":3,"featured_media":0,"comment_status":"closed","ping_status":"open","sticky":false,"template":"","format":"standard","meta":{"_monsterinsights_skip_tracking":false,"_monsterinsights_sitenote_active":false,"_monsterinsights_sitenote_note":"","_monsterinsights_sitenote_category":0,"jetpack_post_was_ever_published":false,"jetpack_publicize_message":"","jetpack_is_tweetstorm":false,"jetpack_publicize_feature_enabled":true,"jetpack_social_post_already_shared":true,"jetpack_social_options":{"image_generator_settings":{"template":"highway","enabled":false}}},"categories":[15],"tags":[],"jetpack_publicize_connections":[],"yoast_head":"<!-- This site is optimized with the Yoast SEO plugin v20.6 - https:\/\/yoast.com\/wordpress\/plugins\/seo\/ -->\n<title>Etoiles du Valais 2023\u00a0: un liquoreux, enfin\u00a0! - thomasvino<\/title>\n<meta name=\"robots\" content=\"index, follow, max-snippet:-1, max-image-preview:large, max-video-preview:-1\" \/>\n<link rel=\"canonical\" href=\"https:\/\/thomasvino.ch\/?p=18339\" \/>\n<meta property=\"og:locale\" content=\"fr_FR\" \/>\n<meta property=\"og:type\" content=\"article\" \/>\n<meta property=\"og:title\" content=\"Etoiles du Valais 2023\u00a0: un liquoreux, enfin\u00a0! - thomasvino\" \/>\n<meta property=\"og:description\" content=\"Une neuvi\u00e8me \u00e9toile a \u00e9t\u00e9 attribu\u00e9e aux meilleurs vins de la S\u00e9lection du Valais 2023 : elle est attribu\u00e9e au mieux not\u00e9 des liquoreux. En plus des huit champions cantonaux, qui l\u2019ont emport\u00e9 parmi les 900 crus \u00e9valu\u00e9s en septembre. Jusqu\u2019ici, les \u00e9toiles du Valais r\u00e9compensaient depuis 18 ans quatre blancs et quatre rouges, tous [&hellip;]\" \/>\n<meta property=\"og:url\" content=\"https:\/\/thomasvino.ch\/?p=18339\" \/>\n<meta property=\"og:site_name\" content=\"thomasvino\" \/>\n<meta property=\"article:published_time\" content=\"2023-11-21T15:14:51+00:00\" \/>\n<meta property=\"article:modified_time\" content=\"2023-11-22T11:36:31+00:00\" \/>\n<meta name=\"author\" content=\"Pierre Thomas\" \/>\n<meta name=\"twitter:label1\" content=\"\u00c9crit par\" \/>\n\t<meta name=\"twitter:data1\" content=\"Pierre Thomas\" \/>\n\t<meta name=\"twitter:label2\" content=\"Dur\u00e9e de lecture estim\u00e9e\" \/>\n\t<meta name=\"twitter:data2\" content=\"2 minutes\" \/>\n<script type=\"application\/ld+json\" class=\"yoast-schema-graph\">{\"@context\":\"https:\/\/schema.org\",\"@graph\":[{\"@type\":\"WebPage\",\"@id\":\"https:\/\/thomasvino.ch\/?p=18339\",\"url\":\"https:\/\/thomasvino.ch\/?p=18339\",\"name\":\"Etoiles du Valais 2023\u00a0: un liquoreux, enfin\u00a0! - thomasvino\",\"isPartOf\":{\"@id\":\"https:\/\/thomasvino.ch\/#website\"},\"datePublished\":\"2023-11-21T15:14:51+00:00\",\"dateModified\":\"2023-11-22T11:36:31+00:00\",\"author\":{\"@id\":\"https:\/\/thomasvino.ch\/#\/schema\/person\/670bf4486fe81152cf1d68bd585e062e\"},\"breadcrumb\":{\"@id\":\"https:\/\/thomasvino.ch\/?p=18339#breadcrumb\"},\"inLanguage\":\"fr-FR\",\"potentialAction\":[{\"@type\":\"ReadAction\",\"target\":[\"https:\/\/thomasvino.ch\/?p=18339\"]}]},{\"@type\":\"BreadcrumbList\",\"@id\":\"https:\/\/thomasvino.ch\/?p=18339#breadcrumb\",\"itemListElement\":[{\"@type\":\"ListItem\",\"position\":1,\"name\":\"Accueil\",\"item\":\"https:\/\/thomasvino.ch\/\"},{\"@type\":\"ListItem\",\"position\":2,\"name\":\"Etoiles du Valais 2023\u00a0: un liquoreux, enfin\u00a0!\"}]},{\"@type\":\"WebSite\",\"@id\":\"https:\/\/thomasvino.ch\/#website\",\"url\":\"https:\/\/thomasvino.ch\/\",\"name\":\"thomasvino\",\"description\":\"Vins &amp; Gastronomie\",\"potentialAction\":[{\"@type\":\"SearchAction\",\"target\":{\"@type\":\"EntryPoint\",\"urlTemplate\":\"https:\/\/thomasvino.ch\/?s={search_term_string}\"},\"query-input\":\"required name=search_term_string\"}],\"inLanguage\":\"fr-FR\"},{\"@type\":\"Person\",\"@id\":\"https:\/\/thomasvino.ch\/#\/schema\/person\/670bf4486fe81152cf1d68bd585e062e\",\"name\":\"Pierre Thomas\",\"image\":{\"@type\":\"ImageObject\",\"inLanguage\":\"fr-FR\",\"@id\":\"https:\/\/thomasvino.ch\/#\/schema\/person\/image\/\",\"url\":\"https:\/\/secure.gravatar.com\/avatar\/91fd5a76647f140e53db987a0dead4d7?s=96&d=mm&r=g\",\"contentUrl\":\"https:\/\/secure.gravatar.com\/avatar\/91fd5a76647f140e53db987a0dead4d7?s=96&d=mm&r=g\",\"caption\":\"Pierre Thomas\"},\"url\":\"https:\/\/thomasvino.ch\/?author=3\"}]}<\/script>\n<!-- \/ Yoast SEO plugin. -->","yoast_head_json":{"title":"Etoiles du Valais 2023\u00a0: un liquoreux, enfin\u00a0! - thomasvino","robots":{"index":"index","follow":"follow","max-snippet":"max-snippet:-1","max-image-preview":"max-image-preview:large","max-video-preview":"max-video-preview:-1"},"canonical":"https:\/\/thomasvino.ch\/?p=18339","og_locale":"fr_FR","og_type":"article","og_title":"Etoiles du Valais 2023\u00a0: un liquoreux, enfin\u00a0! - thomasvino","og_description":"Une neuvi\u00e8me \u00e9toile a \u00e9t\u00e9 attribu\u00e9e aux meilleurs vins de la S\u00e9lection du Valais 2023 : elle est attribu\u00e9e au mieux not\u00e9 des liquoreux. En plus des huit champions cantonaux, qui l\u2019ont emport\u00e9 parmi les 900 crus \u00e9valu\u00e9s en septembre. Jusqu\u2019ici, les \u00e9toiles du Valais r\u00e9compensaient depuis 18 ans quatre blancs et quatre rouges, tous [&hellip;]","og_url":"https:\/\/thomasvino.ch\/?p=18339","og_site_name":"thomasvino","article_published_time":"2023-11-21T15:14:51+00:00","article_modified_time":"2023-11-22T11:36:31+00:00","author":"Pierre Thomas","twitter_misc":{"\u00c9crit par":"Pierre Thomas","Dur\u00e9e de lecture estim\u00e9e":"2 minutes"},"schema":{"@context":"https:\/\/schema.org","@graph":[{"@type":"WebPage","@id":"https:\/\/thomasvino.ch\/?p=18339","url":"https:\/\/thomasvino.ch\/?p=18339","name":"Etoiles du Valais 2023\u00a0: un liquoreux, enfin\u00a0! - thomasvino","isPartOf":{"@id":"https:\/\/thomasvino.ch\/#website"},"datePublished":"2023-11-21T15:14:51+00:00","dateModified":"2023-11-22T11:36:31+00:00","author":{"@id":"https:\/\/thomasvino.ch\/#\/schema\/person\/670bf4486fe81152cf1d68bd585e062e"},"breadcrumb":{"@id":"https:\/\/thomasvino.ch\/?p=18339#breadcrumb"},"inLanguage":"fr-FR","potentialAction":[{"@type":"ReadAction","target":["https:\/\/thomasvino.ch\/?p=18339"]}]},{"@type":"BreadcrumbList","@id":"https:\/\/thomasvino.ch\/?p=18339#breadcrumb","itemListElement":[{"@type":"ListItem","position":1,"name":"Accueil","item":"https:\/\/thomasvino.ch\/"},{"@type":"ListItem","position":2,"name":"Etoiles du Valais 2023\u00a0: un liquoreux, enfin\u00a0!"}]},{"@type":"WebSite","@id":"https:\/\/thomasvino.ch\/#website","url":"https:\/\/thomasvino.ch\/","name":"thomasvino","description":"Vins &amp; Gastronomie","potentialAction":[{"@type":"SearchAction","target":{"@type":"EntryPoint","urlTemplate":"https:\/\/thomasvino.ch\/?s={search_term_string}"},"query-input":"required name=search_term_string"}],"inLanguage":"fr-FR"},{"@type":"Person","@id":"https:\/\/thomasvino.ch\/#\/schema\/person\/670bf4486fe81152cf1d68bd585e062e","name":"Pierre Thomas","image":{"@type":"ImageObject","inLanguage":"fr-FR","@id":"https:\/\/thomasvino.ch\/#\/schema\/person\/image\/","url":"https:\/\/secure.gravatar.com\/avatar\/91fd5a76647f140e53db987a0dead4d7?s=96&d=mm&r=g","contentUrl":"https:\/\/secure.gravatar.com\/avatar\/91fd5a76647f140e53db987a0dead4d7?s=96&d=mm&r=g","caption":"Pierre Thomas"},"url":"https:\/\/thomasvino.ch\/?author=3"}]}},"jetpack_featured_media_url":"","jetpack_sharing_enabled":true,"jetpack_shortlink":"https:\/\/wp.me\/p3m4tZ-4LN","jetpack_likes_enabled":false,"jetpack-related-posts":[{"id":10006,"url":"https:\/\/thomasvino.ch\/?p=10006","url_meta":{"origin":18339,"position":0},"title":"Valais \u2014 Une cuv\u00e9e unique pour les 10 ans de la Charte Grain Noble","date":"30 ao\u00fbt 2007","format":false,"excerpt":"Dix ans de Grain NobleUne cuv\u00e9e d\u2019exceptionLa Charte Grain Noble ConfidenCiel f\u00eate ses dix ans avec une cuv\u00e9e unique de vins liquoreux 2005 d\u2019une vingtaine de vignerons valaisans.Pierre ThomasLa Charte Grain Noble, c\u2019est l\u2019engagement des vignerons \u00e0 \u00e9laborer dans des r\u00e8gles strictes de grands vins liquoreux. Ils \u00e9taient cinq au\u2026","rel":"","context":"Dans &quot;Vins suisses&quot;","img":{"alt_text":"","src":"","width":0,"height":0},"classes":[]},{"id":17481,"url":"https:\/\/thomasvino.ch\/?p=17481","url_meta":{"origin":18339,"position":1},"title":"S\u00e9lection des vins du Valais 2021: trois c\u00e9pages en or massif!","date":"23 septembre 2021","format":false,"excerpt":"La d\u00e9gustation de la S\u00e9lection des vins du Valais 2021 a eu lieu d\u00e9but septembre, sous la houlette du restaurateur s\u00e9dunois et pr\u00e9curseur des d\u00e9gustations valaisannes \u00e0 l'aveugle, Dominique Fornage, accompagn\u00e9 durant trois matin\u00e9es par 40 d\u00e9gustateurs. 119 caves avaient soumis 931 vins. Le concours est patronn\u00e9 par l\u2019Union suisse\u2026","rel":"","context":"Dans &quot;Actus - News&quot;","img":{"alt_text":"","src":"","width":0,"height":0},"classes":[]},{"id":10745,"url":"https:\/\/thomasvino.ch\/?p=10745","url_meta":{"origin":18339,"position":2},"title":"Les liquoreux valaisans en force au CMB 2013","date":"16 mai 2013","format":false,"excerpt":"La seule m\u00e9daille \u00abgrand or\u00bb d\u00e9croch\u00e9e par un vin suisse au 20\u00e8me Concours Mondial de Bruxelles, jug\u00e9 \u00e0 Bratislava, va \u00e0 l\u2019Ermitage Tourbillon 2009, vin liquoreux de prestige de Provins-Valais. Sur les 14 autres m\u00e9dailles d\u2019or, 4 reviennent \u00e0 des liquoreux valaisans, 3 \u00e0 des assemblages blancs et 2 \u00e0\u2026","rel":"","context":"Dans &quot;Vins suisses&quot;","img":{"alt_text":"","src":"","width":0,"height":0},"classes":[]},{"id":17877,"url":"https:\/\/thomasvino.ch\/?p=17877","url_meta":{"origin":18339,"position":3},"title":"Vins du Valais 2022: en attendant les \u00e9toiles!","date":"14 septembre 2022","format":false,"excerpt":"La S\u00e9lection des vins du Valais 2022, seule de Suisse \u00e0 se d\u00e9rouler en automne, s'est jou\u00e9e \u00e0 Sierre, d\u00e9but septembre. 71 encaveurs du Vieux-Pays ont \u00e9t\u00e9 r\u00e9compens\u00e9s par 84 m\u00e9dailles d'or et 99 m\u00e9dailles d'argent. 623 vins ont concouru. Il s'agit en fait de m\u00e9dailles attribu\u00e9es comme dans les\u2026","rel":"","context":"Dans &quot;Actus - News&quot;","img":{"alt_text":"","src":"","width":0,"height":0},"classes":[]},{"id":18529,"url":"https:\/\/thomasvino.ch\/?p=18529","url_meta":{"origin":18339,"position":4},"title":"Etoiles du Valais 2024 &#8211; Une humagne rouge ambassadrice","date":"27 novembre 2024","format":false,"excerpt":"L\u2019humagne rouge 2023 de la Cave Le Bosset \u00e0 Leytron \u00e0 emport\u00e9 le titre d\u2019\u00abambassadeur des vins du Valais\u00bb. Elle est le vin le mieux not\u00e9 sur les sept vins de c\u00e9page et une d\u00f4le qui ont droit \u00e0 l\u2019\u00ab\u00e9toile du Valais\u00bb \u00e0 l\u2019issue de la s\u00e9lection des vins du\u2026","rel":"","context":"Dans &quot;Vins suisses&quot;","img":{"alt_text":"","src":"https:\/\/i0.wp.com\/thomasvino.ch\/wp-content\/uploads\/2024\/11\/lebosset2024-300x200.jpeg?resize=350%2C200&ssl=1","width":350,"height":200},"classes":[]},{"id":9763,"url":"https:\/\/thomasvino.ch\/?p=9763","url_meta":{"origin":18339,"position":5},"title":"Vins suisses \u2014 Quand les vignerons suisses se prennent pour Yquem","date":"18 mai 2006","format":false,"excerpt":"Vins suisses \u2014 Des vins liquoreux toujours plus nombreux Quand des Suisses se prennent pour les cousins d'Yquem Dossier, Prix du Champagne Lanson 2001, par Pierre Thomas Les liquoreux en neuf questions 1) Qui les fait? Notre d\u00e9gustation le d\u00e9montre ci-dessous: seuls les meilleurs vignerons de Suisse parviennent \u00e0 signer\u2026","rel":"","context":"Dans &quot;Tendance&quot;","img":{"alt_text":"","src":"","width":0,"height":0},"classes":[]}],"_links":{"self":[{"href":"https:\/\/thomasvino.ch\/index.php?rest_route=\/wp\/v2\/posts\/18339"}],"collection":[{"href":"https:\/\/thomasvino.ch\/index.php?rest_route=\/wp\/v2\/posts"}],"about":[{"href":"https:\/\/thomasvino.ch\/index.php?rest_route=\/wp\/v2\/types\/post"}],"author":[{"embeddable":true,"href":"https:\/\/thomasvino.ch\/index.php?rest_route=\/wp\/v2\/users\/3"}],"replies":[{"embeddable":true,"href":"https:\/\/thomasvino.ch\/index.php?rest_route=%2Fwp%2Fv2%2Fcomments&post=18339"}],"version-history":[{"count":2,"href":"https:\/\/thomasvino.ch\/index.php?rest_route=\/wp\/v2\/posts\/18339\/revisions"}],"predecessor-version":[{"id":18349,"href":"https:\/\/thomasvino.ch\/index.php?rest_route=\/wp\/v2\/posts\/18339\/revisions\/18349"}],"wp:attachment":[{"href":"https:\/\/thomasvino.ch\/index.php?rest_route=%2Fwp%2Fv2%2Fmedia&parent=18339"}],"wp:term":[{"taxonomy":"category","embeddable":true,"href":"https:\/\/thomasvino.ch\/index.php?rest_route=%2Fwp%2Fv2%2Fcategories&post=18339"},{"taxonomy":"post_tag","embeddable":true,"href":"https:\/\/thomasvino.ch\/index.php?rest_route=%2Fwp%2Fv2%2Ftags&post=18339"}],"curies":[{"name":"wp","href":"https:\/\/api.w.org\/{rel}","templated":true}]}}