{"id":18430,"date":"2024-05-03T08:13:27","date_gmt":"2024-05-03T07:13:27","guid":{"rendered":"https:\/\/thomasvino.ch\/?p=18430"},"modified":"2024-05-03T08:14:05","modified_gmt":"2024-05-03T07:14:05","slug":"chiffres-du-vin-2023-la-suisse-confirme-son-ilot-de-cherte","status":"publish","type":"post","link":"https:\/\/thomasvino.ch\/?p=18430","title":{"rendered":"Chiffres du vin 2023  &#8211; La Suisse confirme son \u00eelot de chert\u00e9"},"content":{"rendered":"<div><b>Quel est le pays o\u00f9 les vins import\u00e9s sont les plus chers en moyenne au monde ? On vous le donne en mille : la Suisse ! C\u2019est l\u2019Organisation internationale de la vigne et du vin (OIV), dont le si\u00e8ge est d\u00e9sormais \u00e0 Dijon, qui l\u2019affirme. Et, en prime, voici quelques autres chiffres saillants de 2023.<\/b><\/div>\n<div>\n<p><i>Par Pierre Thomas<\/i><\/p>\n<\/div>\n<div>\n<p>L\u2019OIV ne parle pas du prix des vins suisses, qui forment 38,5% du march\u00e9 suisse, en progression de 3,5%, mais de la valeur des bouteilles import\u00e9es. A 7,5 euros le litre en moyenne (6 francs suisses la bouteille), il ne s\u2019agit pas que de grands crus bordelais ni de supertoscans&#8230; Mais c\u2019est 0,40 centimes d\u2019euros de plus qu\u2019au Japon. Les Etats-Unis, m\u00e9daille de bronze tombent d\u00e9j\u00e0 \u00e0 5 euros de moyenne, le Canada \u00e0 4,9, et la Chine, \u00e0 4,3. La Belgique est \u00e0 3,9, soit 10 centimes au-dessus du Royaume-Uni. L\u2019Allemagne importe des vins \u00e0 2 euros le litre en moyenne. Et que dire de la France et du Portugal, gros pays producteurs\u00a0? Ont-ils vraiment une n\u00e9cessit\u00e9 \u00e0 importer des vins \u00e0 1,5 euros, respectivement 0,7 euros\u00a0? La statistique tend \u00e0 prouver que les pays \u00e0 fort pouvoir d\u2019achat importent des vins plus chers&#8230; Et le directeur de l\u2019OIV, <strong>John Baker<\/strong>, attribue \u00e0 l\u2019inflation et au prix des vins croissant, autant qu\u2019aux conditions m\u00e9t\u00e9o extr\u00eames, le fait que la production mondiale de vin a baiss\u00e9 de 10% en 2023. Quant \u00e0 la consommation, elle d\u00e9cline lentement mais s\u00fbrement&#8230; en Suisse aussi (- 0,5%).<\/p>\n<\/div>\n<div>\n<p><b>La Suisse entre le 4<sup>\u00e8me<\/sup> et le 18<sup>\u00e8me<\/sup> rangs<\/b><\/p>\n<\/div>\n<div>\n<p>Malgr\u00e9 des importations de 393&rsquo;834 hl de vin blanc et de 1&rsquo;027&rsquo;873 hl de rouge (soit un peu moins que la consommation effective), la Suisse ne figure pas parmi les dix pays plus gros importateurs en volume (le trio Allemagne-Royaume Uni-Etats-Unis m\u00e8ne le bal), mais pointe au 7<sup>\u00e8me<\/sup> rang en valeur, o\u00f9 les Etats-Unis sont largement en t\u00eate, devant le Royaume-Uni et l\u2019Allemagne. La Hollande et la Belgique encadrent la Suisse. La Chine, 10<sup>\u00e8me<\/sup> importateur en volume est 9<sup>\u00e8me<\/sup> en valeur.<\/p>\n<\/div>\n<div>\n<p><strong>En consommation totale, la Suisse, avec 2,3 millions d\u2019hl (- 0,5%) est le 18<sup>\u00e8me<\/sup> pays au monde, devant l\u2019Autriche mais derri\u00e8re le Japon<\/strong>. Par t\u00eate, en comptant les adultes de plus de 15 ans, la Suisse pointe au 4<sup>\u00e8me<\/sup> rang, avec 31,8 litres par t\u00eate (devant l\u2019Autriche, 30,1 litres), derri\u00e8re le trio de pays europ\u00e9ens producteurs importants que sont le Portugal, avec 61,7 litres par t\u00eate, loin devant la France, 45,8 litres, et l\u2019Italie, 42,1 litres.<\/p>\n<\/div>\n<div>\n<p><b>La Chine \u00e0 la peine&#8230;<\/b><\/p>\n<\/div>\n<div>\n<p>Seuls l\u2019Espagne, la Russie, le Br\u00e9sil et la Roumanie ont vu leur consommation de vin augmenter en 2023. La tendance \u00e0 la baisse concerne tous les autres pays, entre \u00a0\u2013 2 et \u2013 4%, sauf l\u2019Argentine (\u2013 5%), le Portugal et les Pays-Bas (\u2013 9% tous deux), et, surtout, la Chine, avec \u2013 25%, qui peine \u00e0 consid\u00e9rer le vin comme une boisson int\u00e9ressante.<\/p>\n<\/div>\n<div>\n<p><b>On s\u2019approche d\u2019une part de 40% de vins suisses<\/b><\/p>\n<\/div>\n<div>\n<p>Selon l\u2019Office f\u00e9d\u00e9ral de l\u2019agriculture (OFAG), si la consommation totale de vins en Suisse a baiss\u00e9 d\u2019un demi-pour cent, celle des vins indig\u00e8nes a progress\u00e9 de 3,8%, restant en-de\u00e7a des 40% de parts de march\u00e9 (38,6%). Mais, pour Swiss Wine Promotion, <i>\u00abces chiffres sont encourageants et d\u00e9montrent la n\u00e9cessit\u00e9 de soutenir les produits\u00bb<\/i> nationaux et prouvent l\u2019efficacit\u00e9 de la promotion intensifi\u00e9e l\u2019an pass\u00e9e et reconduite cette ann\u00e9e.<\/p>\n<\/div>\n<div>\n<p>Comme la vente en supermarch\u00e9, qui repr\u00e9sente 36% de la consommation des vins suisses, est en baisse de 3 %, ce sont les autres canaux (Horeca, vente directe, petits revendeurs), qui ont contribu\u00e9 \u00e0 la progression de la part de march\u00e9 des vins indig\u00e8nes, selon une \u00e9tude de l\u2019Observatoire suisse du march\u00e9 des vins (OSMV). L\u2019exportation ne repr\u00e9sente toujours que 10&rsquo;000 hl, dont deux tiers de rouge.<\/p>\n<\/div>\n<div>\n<p>Dans la consommation des Helv\u00e8tes, le blanc a recreus\u00e9 un petit \u00e9cart entre les vins indig\u00e8nes (446&rsquo;000 hl consomm\u00e9s) et les vins import\u00e9s (407&rsquo;000 hl). En rouge, la proportion des vins import\u00e9s est (historiquement) plus importante, dans un rapport qui s&rsquo;approche de 2 contre 1 : 1&rsquo;040&rsquo;000 hl (le chiffre le plus bas depuis 2020) contre 464&rsquo;000 hl de rouge indig\u00e8ne, un chiffre presqu\u2019aussi haut qu\u2019en 2020. Dans les deux couleurs, les indicateurs sont donc favorables aux vins suisses.<\/p>\n<\/div>\n<div>\n<p><b>Des bulles qui font pschitt&#8230;<\/b><\/p>\n<\/div>\n<div>\n<p>Recens\u00e9e depuis deux exercices, la consommation de ros\u00e9 indig\u00e8ne repr\u00e9sente l\u2019\u00e9quivalent d\u2019un peu moins de 15% des rouges suisses. Selon l\u2019OFAG, si le march\u00e9 des mousseux atteint 227&rsquo;000 hl (deuxi\u00e8me meilleure performance apr\u00e8s 2021), les effervescents suisses n\u2019auraient trouv\u00e9 preneurs qu\u2019\u00e0 hauteur de 124\u2019000 litres (150&rsquo;000 bouteilles, soit moins de 5% du total de la consommation des mousseux). L\u2019essentiel de la production de 2023 a rejoint les stocks, d\u00e9mentant un engouement pour les bulles indig\u00e8nes. A rebours de la tendance g\u00e9n\u00e9rale : une question de prix, alors ? N\u2019est ni champagne, ni prosecco, qui veut \u2014 et c\u2019est encore plus difficile d\u2019\u00eatre ni l\u2019un, ni l\u2019autre !<\/p>\n<\/div>\n<div>\n<p><i>\u00a9thomasvino.ch<\/i><\/p>\n<\/div>\n","protected":false},"excerpt":{"rendered":"<p>Quel est le pays o\u00f9 les vins import\u00e9s sont les plus chers en moyenne au monde ? On vous le donne en mille : la Suisse ! C\u2019est l\u2019Organisation internationale de la vigne et du vin (OIV), dont le si\u00e8ge est d\u00e9sormais \u00e0 Dijon, qui l\u2019affirme. Et, en prime, voici quelques autres chiffres saillants de [&hellip;]<\/p>\n","protected":false},"author":3,"featured_media":0,"comment_status":"closed","ping_status":"open","sticky":false,"template":"","format":"standard","meta":{"_monsterinsights_skip_tracking":false,"_monsterinsights_sitenote_active":false,"_monsterinsights_sitenote_note":"","_monsterinsights_sitenote_category":0,"jetpack_post_was_ever_published":false,"jetpack_publicize_message":"","jetpack_is_tweetstorm":false,"jetpack_publicize_feature_enabled":true,"jetpack_social_post_already_shared":true,"jetpack_social_options":{"image_generator_settings":{"template":"highway","enabled":false}}},"categories":[29],"tags":[],"jetpack_publicize_connections":[],"yoast_head":"<!-- This site is optimized with the Yoast SEO plugin v20.6 - https:\/\/yoast.com\/wordpress\/plugins\/seo\/ -->\n<title>Chiffres du vin 2023 - La Suisse confirme son \u00eelot de chert\u00e9 - thomasvino<\/title>\n<meta name=\"robots\" content=\"index, follow, max-snippet:-1, max-image-preview:large, max-video-preview:-1\" \/>\n<link rel=\"canonical\" href=\"https:\/\/thomasvino.ch\/?p=18430\" \/>\n<meta property=\"og:locale\" content=\"fr_FR\" \/>\n<meta property=\"og:type\" content=\"article\" \/>\n<meta property=\"og:title\" content=\"Chiffres du vin 2023 - La Suisse confirme son \u00eelot de chert\u00e9 - thomasvino\" \/>\n<meta property=\"og:description\" content=\"Quel est le pays o\u00f9 les vins import\u00e9s sont les plus chers en moyenne au monde ? On vous le donne en mille : la Suisse ! C\u2019est l\u2019Organisation internationale de la vigne et du vin (OIV), dont le si\u00e8ge est d\u00e9sormais \u00e0 Dijon, qui l\u2019affirme. Et, en prime, voici quelques autres chiffres saillants de [&hellip;]\" \/>\n<meta property=\"og:url\" content=\"https:\/\/thomasvino.ch\/?p=18430\" \/>\n<meta property=\"og:site_name\" content=\"thomasvino\" \/>\n<meta property=\"article:published_time\" content=\"2024-05-03T07:13:27+00:00\" \/>\n<meta property=\"article:modified_time\" content=\"2024-05-03T07:14:05+00:00\" \/>\n<meta name=\"author\" content=\"Pierre Thomas\" \/>\n<meta name=\"twitter:label1\" content=\"\u00c9crit par\" \/>\n\t<meta name=\"twitter:data1\" content=\"Pierre Thomas\" \/>\n\t<meta name=\"twitter:label2\" content=\"Dur\u00e9e de lecture estim\u00e9e\" \/>\n\t<meta name=\"twitter:data2\" content=\"5 minutes\" \/>\n<script type=\"application\/ld+json\" class=\"yoast-schema-graph\">{\"@context\":\"https:\/\/schema.org\",\"@graph\":[{\"@type\":\"WebPage\",\"@id\":\"https:\/\/thomasvino.ch\/?p=18430\",\"url\":\"https:\/\/thomasvino.ch\/?p=18430\",\"name\":\"Chiffres du vin 2023 - La Suisse confirme son \u00eelot de chert\u00e9 - thomasvino\",\"isPartOf\":{\"@id\":\"https:\/\/thomasvino.ch\/#website\"},\"datePublished\":\"2024-05-03T07:13:27+00:00\",\"dateModified\":\"2024-05-03T07:14:05+00:00\",\"author\":{\"@id\":\"https:\/\/thomasvino.ch\/#\/schema\/person\/670bf4486fe81152cf1d68bd585e062e\"},\"breadcrumb\":{\"@id\":\"https:\/\/thomasvino.ch\/?p=18430#breadcrumb\"},\"inLanguage\":\"fr-FR\",\"potentialAction\":[{\"@type\":\"ReadAction\",\"target\":[\"https:\/\/thomasvino.ch\/?p=18430\"]}]},{\"@type\":\"BreadcrumbList\",\"@id\":\"https:\/\/thomasvino.ch\/?p=18430#breadcrumb\",\"itemListElement\":[{\"@type\":\"ListItem\",\"position\":1,\"name\":\"Accueil\",\"item\":\"https:\/\/thomasvino.ch\/\"},{\"@type\":\"ListItem\",\"position\":2,\"name\":\"Chiffres du vin 2023 &#8211; La Suisse confirme son \u00eelot de chert\u00e9\"}]},{\"@type\":\"WebSite\",\"@id\":\"https:\/\/thomasvino.ch\/#website\",\"url\":\"https:\/\/thomasvino.ch\/\",\"name\":\"thomasvino\",\"description\":\"Vins &amp; Gastronomie\",\"potentialAction\":[{\"@type\":\"SearchAction\",\"target\":{\"@type\":\"EntryPoint\",\"urlTemplate\":\"https:\/\/thomasvino.ch\/?s={search_term_string}\"},\"query-input\":\"required name=search_term_string\"}],\"inLanguage\":\"fr-FR\"},{\"@type\":\"Person\",\"@id\":\"https:\/\/thomasvino.ch\/#\/schema\/person\/670bf4486fe81152cf1d68bd585e062e\",\"name\":\"Pierre Thomas\",\"image\":{\"@type\":\"ImageObject\",\"inLanguage\":\"fr-FR\",\"@id\":\"https:\/\/thomasvino.ch\/#\/schema\/person\/image\/\",\"url\":\"https:\/\/secure.gravatar.com\/avatar\/91fd5a76647f140e53db987a0dead4d7?s=96&d=mm&r=g\",\"contentUrl\":\"https:\/\/secure.gravatar.com\/avatar\/91fd5a76647f140e53db987a0dead4d7?s=96&d=mm&r=g\",\"caption\":\"Pierre Thomas\"},\"url\":\"https:\/\/thomasvino.ch\/?author=3\"}]}<\/script>\n<!-- \/ Yoast SEO plugin. -->","yoast_head_json":{"title":"Chiffres du vin 2023 - La Suisse confirme son \u00eelot de chert\u00e9 - thomasvino","robots":{"index":"index","follow":"follow","max-snippet":"max-snippet:-1","max-image-preview":"max-image-preview:large","max-video-preview":"max-video-preview:-1"},"canonical":"https:\/\/thomasvino.ch\/?p=18430","og_locale":"fr_FR","og_type":"article","og_title":"Chiffres du vin 2023 - La Suisse confirme son \u00eelot de chert\u00e9 - thomasvino","og_description":"Quel est le pays o\u00f9 les vins import\u00e9s sont les plus chers en moyenne au monde ? On vous le donne en mille : la Suisse ! C\u2019est l\u2019Organisation internationale de la vigne et du vin (OIV), dont le si\u00e8ge est d\u00e9sormais \u00e0 Dijon, qui l\u2019affirme. Et, en prime, voici quelques autres chiffres saillants de [&hellip;]","og_url":"https:\/\/thomasvino.ch\/?p=18430","og_site_name":"thomasvino","article_published_time":"2024-05-03T07:13:27+00:00","article_modified_time":"2024-05-03T07:14:05+00:00","author":"Pierre Thomas","twitter_misc":{"\u00c9crit par":"Pierre Thomas","Dur\u00e9e de lecture estim\u00e9e":"5 minutes"},"schema":{"@context":"https:\/\/schema.org","@graph":[{"@type":"WebPage","@id":"https:\/\/thomasvino.ch\/?p=18430","url":"https:\/\/thomasvino.ch\/?p=18430","name":"Chiffres du vin 2023 - La Suisse confirme son \u00eelot de chert\u00e9 - thomasvino","isPartOf":{"@id":"https:\/\/thomasvino.ch\/#website"},"datePublished":"2024-05-03T07:13:27+00:00","dateModified":"2024-05-03T07:14:05+00:00","author":{"@id":"https:\/\/thomasvino.ch\/#\/schema\/person\/670bf4486fe81152cf1d68bd585e062e"},"breadcrumb":{"@id":"https:\/\/thomasvino.ch\/?p=18430#breadcrumb"},"inLanguage":"fr-FR","potentialAction":[{"@type":"ReadAction","target":["https:\/\/thomasvino.ch\/?p=18430"]}]},{"@type":"BreadcrumbList","@id":"https:\/\/thomasvino.ch\/?p=18430#breadcrumb","itemListElement":[{"@type":"ListItem","position":1,"name":"Accueil","item":"https:\/\/thomasvino.ch\/"},{"@type":"ListItem","position":2,"name":"Chiffres du vin 2023 &#8211; La Suisse confirme son \u00eelot de chert\u00e9"}]},{"@type":"WebSite","@id":"https:\/\/thomasvino.ch\/#website","url":"https:\/\/thomasvino.ch\/","name":"thomasvino","description":"Vins &amp; Gastronomie","potentialAction":[{"@type":"SearchAction","target":{"@type":"EntryPoint","urlTemplate":"https:\/\/thomasvino.ch\/?s={search_term_string}"},"query-input":"required name=search_term_string"}],"inLanguage":"fr-FR"},{"@type":"Person","@id":"https:\/\/thomasvino.ch\/#\/schema\/person\/670bf4486fe81152cf1d68bd585e062e","name":"Pierre Thomas","image":{"@type":"ImageObject","inLanguage":"fr-FR","@id":"https:\/\/thomasvino.ch\/#\/schema\/person\/image\/","url":"https:\/\/secure.gravatar.com\/avatar\/91fd5a76647f140e53db987a0dead4d7?s=96&d=mm&r=g","contentUrl":"https:\/\/secure.gravatar.com\/avatar\/91fd5a76647f140e53db987a0dead4d7?s=96&d=mm&r=g","caption":"Pierre Thomas"},"url":"https:\/\/thomasvino.ch\/?author=3"}]}},"jetpack_featured_media_url":"","jetpack_sharing_enabled":true,"jetpack_shortlink":"https:\/\/wp.me\/p3m4tZ-4Ng","jetpack_likes_enabled":false,"jetpack-related-posts":[{"id":16445,"url":"https:\/\/thomasvino.ch\/?p=16445","url_meta":{"origin":18430,"position":0},"title":"Autriche\u00a0: grosse exportation \u00e0 petits prix","date":"12 mars 2020","format":false,"excerpt":"Les Autrichiens pavoisent\u00a0: ils ont r\u00e9ussi \u00e0 exporter 63,3 millions de litres de vin (+ 20%) en 2019 pour 185,4 millions d\u2019euros (+ 9%). M\u00eame si la valeur au litre a baiss\u00e9, repassant sous la barre de 3 euros le litre (2,92 euros). Les vins autrichiens s\u2019exportent dans plus de\u2026","rel":"","context":"Dans &quot;Actus - News&quot;","img":{"alt_text":"","src":"","width":0,"height":0},"classes":[]},{"id":9359,"url":"https:\/\/thomasvino.ch\/?p=9359","url_meta":{"origin":18430,"position":1},"title":"Les vignerons suisses doivent apprendre le marketing","date":"26 avril 2012","format":false,"excerpt":"Voici un article publi\u00e9 par le site Swissinfo au d\u00e9but 2012. Pierre Thomas y est cit\u00e9. A noter qu'il avait r\u00e9pondu longuement par t\u00e9l\u00e9phone au journaliste Simon Bradley, mais qu'en raison du d\u00e9lai rapide de mise en ligne, il n'a pu relire ses citations. L'\u00e9clairage g\u00e9n\u00e9ral demeure fort int\u00e9ressant. \u00a0\u2026","rel":"","context":"Dans &quot;Tendance&quot;","img":{"alt_text":"","src":"","width":0,"height":0},"classes":[]},{"id":18347,"url":"https:\/\/thomasvino.ch\/?p=18347","url_meta":{"origin":18430,"position":2},"title":"Quand le vin trinque","date":"21 novembre 2023","format":false,"excerpt":"La plus basse r\u00e9colte depuis 1961 : voil\u00e0 vers quoi s\u2019achemine le vignoble mondialis\u00e9, selon les estimations de l\u2019Organisation internationale de la vigne et du vin (OIV), qui a d\u00e9m\u00e9nag\u00e9 de Paris \u00e0 Dijon. Et en Suisse ? C\u2019est la baisse de la consommation qui inqui\u00e8te. Pierre Thomas Seule la\u2026","rel":"","context":"Dans &quot;Tendance&quot;","img":{"alt_text":"","src":"","width":0,"height":0},"classes":[]},{"id":8856,"url":"https:\/\/thomasvino.ch\/?p=8856","url_meta":{"origin":18430,"position":3},"title":"Import et export suisses reculent en 2008","date":"13 mars 2009","format":false,"excerpt":"Import & exportLa Suisse importe un peu moins de vinEn 2008, l\u2019importation des vins en Suisse a l\u00e9g\u00e8rement fl\u00e9chi, \u00e0 174,5 millions de litres. Rappel\u00a0: les importations repr\u00e9sentent pr\u00e8s de 60% de la consommation totale de vins en Suisse. Des chiffres tir\u00e9s de Wine & Spirits, le nouvel organe officiel\u2026","rel":"","context":"Dans &quot;Actus - News&quot;","img":{"alt_text":"","src":"","width":0,"height":0},"classes":[]},{"id":14632,"url":"https:\/\/thomasvino.ch\/?p=14632","url_meta":{"origin":18430,"position":4},"title":"Sondage sur la consommation des vins suisses: une belle notori\u00e9t\u00e9 et de grandes nuances","date":"10 octobre 2017","format":false,"excerpt":"Depuis 1999, Swiss Wine Promotion commande un sondage sur les habitudes de consommation des Suisses aupr\u00e8s de l'institut lausannois MIS Trend. Belle avanc\u00e9e pour 2017, les Suisses (\u00e0 86%) citent leur pays comme celui du vin, spontan\u00e9ment, \u00e0 l'\u00e9gal de la France et de l'Italie et devant l'Espagne. Mais l\u2019\u00e9tude\u2026","rel":"","context":"Dans &quot;Tendance&quot;","img":{"alt_text":"","src":"","width":0,"height":0},"classes":[]},{"id":8833,"url":"https:\/\/thomasvino.ch\/?p=8833","url_meta":{"origin":18430,"position":5},"title":"Banc d&rsquo;essai des chasselas 2003","date":"11 janvier 2005","format":false,"excerpt":"Chasselas: un tierc\u00e9 vaudoisVerdict de notre \u00abbanc d'essai\u00bb sur le vin blanc toujours le plus bu des Helv\u00e8tes: trois crus vaudois en t\u00eate! Rien d'\u00e9tonnant, puisque le Pays de Vaud est devenu le \u00abr\u00e9duit national\u00bb de ce c\u00e9page, romand par excellence. La preuve par les chiffres.Par Pierre ThomasUne pr\u00e9cision d'entr\u00e9e\u2026","rel":"","context":"Dans &quot;Conso&quot;","img":{"alt_text":"","src":"","width":0,"height":0},"classes":[]}],"_links":{"self":[{"href":"https:\/\/thomasvino.ch\/index.php?rest_route=\/wp\/v2\/posts\/18430"}],"collection":[{"href":"https:\/\/thomasvino.ch\/index.php?rest_route=\/wp\/v2\/posts"}],"about":[{"href":"https:\/\/thomasvino.ch\/index.php?rest_route=\/wp\/v2\/types\/post"}],"author":[{"embeddable":true,"href":"https:\/\/thomasvino.ch\/index.php?rest_route=\/wp\/v2\/users\/3"}],"replies":[{"embeddable":true,"href":"https:\/\/thomasvino.ch\/index.php?rest_route=%2Fwp%2Fv2%2Fcomments&post=18430"}],"version-history":[{"count":2,"href":"https:\/\/thomasvino.ch\/index.php?rest_route=\/wp\/v2\/posts\/18430\/revisions"}],"predecessor-version":[{"id":18432,"href":"https:\/\/thomasvino.ch\/index.php?rest_route=\/wp\/v2\/posts\/18430\/revisions\/18432"}],"wp:attachment":[{"href":"https:\/\/thomasvino.ch\/index.php?rest_route=%2Fwp%2Fv2%2Fmedia&parent=18430"}],"wp:term":[{"taxonomy":"category","embeddable":true,"href":"https:\/\/thomasvino.ch\/index.php?rest_route=%2Fwp%2Fv2%2Fcategories&post=18430"},{"taxonomy":"post_tag","embeddable":true,"href":"https:\/\/thomasvino.ch\/index.php?rest_route=%2Fwp%2Fv2%2Ftags&post=18430"}],"curies":[{"name":"wp","href":"https:\/\/api.w.org\/{rel}","templated":true}]}}