{"id":18517,"date":"2024-11-17T21:31:50","date_gmt":"2024-11-17T20:31:50","guid":{"rendered":"https:\/\/thomasvino.ch\/?p=18517"},"modified":"2024-11-17T21:31:50","modified_gmt":"2024-11-17T20:31:50","slug":"bonne-bouche-un-merlot-de-fete","status":"publish","type":"post","link":"https:\/\/thomasvino.ch\/?p=18517","title":{"rendered":"Bonne bouche \u2014 Un merlot de f\u00eate"},"content":{"rendered":"<p style=\"font-weight: 400;\">La coop\u00e9rative vinicole de Giubiasco, la <strong>CAGI<\/strong>, fond\u00e9e en 1929, fut rachet\u00e9e dans un moment de crise par les producteurs tessinois de&#8230; lait.<\/p>\n<p style=\"font-weight: 400;\">Ses anniversaires, elle a l\u2019habitude de les f\u00eater avec une cuv\u00e9e sp\u00e9ciale. Celle du 95<sup>\u00e8me<\/sup> affiche sur le goulot le <em>\u00abbiscione\u00bb<\/em> des ducs de Milan, les <strong>Visconti<\/strong>, o\u00f9 la t\u00eate d\u2019enfant croqu\u00e9e par le dragon-serpent est remplac\u00e9e par une grappe de raisin.<\/p>\n<p style=\"font-weight: 400;\"><a href=\"https:\/\/thomasvino.ch\/?attachment_id=18518\" rel=\"attachment wp-att-18518\"><img data-attachment-id=\"18518\" data-permalink=\"https:\/\/thomasvino.ch\/?attachment_id=18518\" data-orig-file=\"https:\/\/i0.wp.com\/thomasvino.ch\/wp-content\/uploads\/2024\/11\/encore_Cagi_merlot.jpg?fit=575%2C1612&amp;ssl=1\" data-orig-size=\"575,1612\" data-comments-opened=\"0\" data-image-meta=\"{&quot;aperture&quot;:&quot;0&quot;,&quot;credit&quot;:&quot;&quot;,&quot;camera&quot;:&quot;&quot;,&quot;caption&quot;:&quot;&quot;,&quot;created_timestamp&quot;:&quot;0&quot;,&quot;copyright&quot;:&quot;&quot;,&quot;focal_length&quot;:&quot;0&quot;,&quot;iso&quot;:&quot;0&quot;,&quot;shutter_speed&quot;:&quot;0&quot;,&quot;title&quot;:&quot;&quot;,&quot;orientation&quot;:&quot;1&quot;}\" data-image-title=\"encore_Cagi_merlot\" data-image-description=\"\" data-image-caption=\"\" data-medium-file=\"https:\/\/i0.wp.com\/thomasvino.ch\/wp-content\/uploads\/2024\/11\/encore_Cagi_merlot.jpg?fit=107%2C300&amp;ssl=1\" data-large-file=\"https:\/\/i0.wp.com\/thomasvino.ch\/wp-content\/uploads\/2024\/11\/encore_Cagi_merlot.jpg?fit=365%2C1024&amp;ssl=1\" loading=\"lazy\" class=\"alignleft size-medium wp-image-18518\" src=\"https:\/\/i0.wp.com\/thomasvino.ch\/wp-content\/uploads\/2024\/11\/encore_Cagi_merlot.jpg?resize=107%2C300&#038;ssl=1\" alt=\"\" width=\"107\" height=\"300\" srcset=\"https:\/\/i0.wp.com\/thomasvino.ch\/wp-content\/uploads\/2024\/11\/encore_Cagi_merlot.jpg?resize=107%2C300&amp;ssl=1 107w, https:\/\/i0.wp.com\/thomasvino.ch\/wp-content\/uploads\/2024\/11\/encore_Cagi_merlot.jpg?resize=365%2C1024&amp;ssl=1 365w, https:\/\/i0.wp.com\/thomasvino.ch\/wp-content\/uploads\/2024\/11\/encore_Cagi_merlot.jpg?resize=548%2C1536&amp;ssl=1 548w, https:\/\/i0.wp.com\/thomasvino.ch\/wp-content\/uploads\/2024\/11\/encore_Cagi_merlot.jpg?w=575&amp;ssl=1 575w\" sizes=\"(max-width: 107px) 100vw, 107px\" data-recalc-dims=\"1\" \/><\/a>L\u2019avantage d\u2019une cave approvisionn\u00e9e par 230 vignerons pas tous professionnels (plus de 10% de la production tessinoise), c\u2019est de permettre de choisir parmi les multiples cuv\u00e9es, le vin <em>\u00abad hoc\u00bb<\/em>. Ainsi ont proc\u00e9d\u00e9 l\u2019\u0153nologue <strong>Riccardo Garrani<\/strong>, avec le directeur <strong>Valerio Cimiotti<\/strong>, un homme du go\u00fbt tessinois, puisque ce fils de restaurateur a travaill\u00e9 dans le fromage et le caf\u00e9 avant de passer au vin. Le duo n\u2019exclut pas de proposer ce vin du 95<sup>\u00e8me<\/sup> anniversaire jusqu\u2019au 100<sup>\u00e8me<\/sup>.<\/p>\n<p style=\"font-weight: 400;\">Voici donc un merlot tessinois \u00e0 prix d\u2019ami (de nos jours, \u00e0 moins de 20 francs, cela tient de la gageure). Il r\u00e9sulte d\u2019une s\u00e9lection de barriques, \u00e0 mi-chemin entre la <em>Riserva<\/em> habituelle et de la cuv\u00e9e haut de gamme <em>Monte Carasso<\/em> (le 2021 est m\u00e9daill\u00e9 d\u2019or \u00e0 Expovina). Au nez, des notes de fruits rouges, un l\u00e9ger bois, et en bouche, une structure bien balanc\u00e9e entre la fra\u00eecheur et la structure moyenne, avec des tanins d\u00e9j\u00e0 souples. Un vin rouge qui se laisse boire\u00a0: on ne lui en demande pas davantage!<\/p>\n<p style=\"font-weight: 400;\">Mais y aura-t-il encore du merlot au Tessin dans 50 ans ? C\u2019est une autre question : \u00e0 Bordeaux, le c\u00e9page est victime du changement climatique. Il est sujet au mildiou qui rend sa culture al\u00e9atoire en cas de pluies abondantes, m\u00fbrit trop rapidement et produit trop d\u2019alcool. On se souviendra qu\u2019en 1955, la cave de Giubiasco vinifiait encore la moiti\u00e9 de ses vins \u00e0 partir de bondola. Ce c\u00e9page autochtone tessinois est encore propos\u00e9 par une douzaine de fournisseurs pour un <em>Terra negra<\/em>\u00a0au joli nez un peu sauvage, assez long en bouche, au parfum de nostalgie&#8230; ou de futur, qui sait\u00a0?<\/p>\n<p style=\"font-weight: 400;\"><strong>L\u2019\u00e9tiquette\u00a0:<\/strong> Ticino Merlot 2022 Riserva Speziale 95<\/p>\n<p style=\"font-weight: 400;\"><strong>Le prix\u00a0:<\/strong> 19 fr.\/75 cl \u2014 <em>en novembre 2024, en action \u00e0 15,20 fr. sur le site du producteur!<\/em><\/p>\n<p style=\"font-weight: 400;\"><strong>L\u2019adresse\u00a0<\/strong>: <a href=\"https:\/\/www.cagivini.ch\/categoria-prodotto\/rossi\/\">www.cagivini.ch<\/a><\/p>\n<p><em>Chronique parue le 17 novembre 2024 dans encore!, suppl\u00e9ment lifestyle du Matin-Dimanche, et, en allemand, dans la Sonntagszeitung.<\/em><\/p>\n<p style=\"font-weight: 400;\"><em>\u00a9thomasvino.ch<\/em><\/p>\n","protected":false},"excerpt":{"rendered":"<p>La coop\u00e9rative vinicole de Giubiasco, la CAGI, fond\u00e9e en 1929, fut rachet\u00e9e dans un moment de crise par les producteurs tessinois de&#8230; lait. Ses anniversaires, elle a l\u2019habitude de les f\u00eater avec une cuv\u00e9e sp\u00e9ciale. Celle du 95\u00e8me affiche sur le goulot le \u00abbiscione\u00bb des ducs de Milan, les Visconti, o\u00f9 la t\u00eate d\u2019enfant croqu\u00e9e [&hellip;]<\/p>\n","protected":false},"author":3,"featured_media":0,"comment_status":"closed","ping_status":"open","sticky":false,"template":"","format":"standard","meta":{"_monsterinsights_skip_tracking":false,"_monsterinsights_sitenote_active":false,"_monsterinsights_sitenote_note":"","_monsterinsights_sitenote_category":0,"jetpack_post_was_ever_published":false,"jetpack_publicize_message":"","jetpack_is_tweetstorm":false,"jetpack_publicize_feature_enabled":true,"jetpack_social_post_already_shared":true,"jetpack_social_options":{"image_generator_settings":{"template":"highway","enabled":false}}},"categories":[1433],"tags":[],"jetpack_publicize_connections":[],"yoast_head":"<!-- This site is optimized with the Yoast SEO plugin v20.6 - https:\/\/yoast.com\/wordpress\/plugins\/seo\/ -->\n<title>Bonne bouche \u2014 Un merlot de f\u00eate - thomasvino<\/title>\n<meta name=\"robots\" content=\"index, follow, max-snippet:-1, max-image-preview:large, max-video-preview:-1\" \/>\n<link rel=\"canonical\" href=\"https:\/\/thomasvino.ch\/?p=18517\" \/>\n<meta property=\"og:locale\" content=\"fr_FR\" \/>\n<meta property=\"og:type\" content=\"article\" \/>\n<meta property=\"og:title\" content=\"Bonne bouche \u2014 Un merlot de f\u00eate - thomasvino\" \/>\n<meta property=\"og:description\" content=\"La coop\u00e9rative vinicole de Giubiasco, la CAGI, fond\u00e9e en 1929, fut rachet\u00e9e dans un moment de crise par les producteurs tessinois de&#8230; lait. Ses anniversaires, elle a l\u2019habitude de les f\u00eater avec une cuv\u00e9e sp\u00e9ciale. Celle du 95\u00e8me affiche sur le goulot le \u00abbiscione\u00bb des ducs de Milan, les Visconti, o\u00f9 la t\u00eate d\u2019enfant croqu\u00e9e [&hellip;]\" \/>\n<meta property=\"og:url\" content=\"https:\/\/thomasvino.ch\/?p=18517\" \/>\n<meta property=\"og:site_name\" content=\"thomasvino\" \/>\n<meta property=\"article:published_time\" content=\"2024-11-17T20:31:50+00:00\" \/>\n<meta property=\"og:image\" content=\"https:\/\/thomasvino.ch\/wp-content\/uploads\/2024\/11\/encore_Cagi_merlot-107x300.jpg\" \/>\n<meta name=\"author\" content=\"Pierre Thomas\" \/>\n<meta name=\"twitter:label1\" content=\"\u00c9crit par\" \/>\n\t<meta name=\"twitter:data1\" content=\"Pierre Thomas\" \/>\n\t<meta name=\"twitter:label2\" content=\"Dur\u00e9e de lecture estim\u00e9e\" \/>\n\t<meta name=\"twitter:data2\" content=\"3 minutes\" \/>\n<script type=\"application\/ld+json\" class=\"yoast-schema-graph\">{\"@context\":\"https:\/\/schema.org\",\"@graph\":[{\"@type\":\"WebPage\",\"@id\":\"https:\/\/thomasvino.ch\/?p=18517\",\"url\":\"https:\/\/thomasvino.ch\/?p=18517\",\"name\":\"Bonne bouche \u2014 Un merlot de f\u00eate - thomasvino\",\"isPartOf\":{\"@id\":\"https:\/\/thomasvino.ch\/#website\"},\"datePublished\":\"2024-11-17T20:31:50+00:00\",\"dateModified\":\"2024-11-17T20:31:50+00:00\",\"author\":{\"@id\":\"https:\/\/thomasvino.ch\/#\/schema\/person\/670bf4486fe81152cf1d68bd585e062e\"},\"breadcrumb\":{\"@id\":\"https:\/\/thomasvino.ch\/?p=18517#breadcrumb\"},\"inLanguage\":\"fr-FR\",\"potentialAction\":[{\"@type\":\"ReadAction\",\"target\":[\"https:\/\/thomasvino.ch\/?p=18517\"]}]},{\"@type\":\"BreadcrumbList\",\"@id\":\"https:\/\/thomasvino.ch\/?p=18517#breadcrumb\",\"itemListElement\":[{\"@type\":\"ListItem\",\"position\":1,\"name\":\"Accueil\",\"item\":\"https:\/\/thomasvino.ch\/\"},{\"@type\":\"ListItem\",\"position\":2,\"name\":\"Bonne bouche \u2014 Un merlot de f\u00eate\"}]},{\"@type\":\"WebSite\",\"@id\":\"https:\/\/thomasvino.ch\/#website\",\"url\":\"https:\/\/thomasvino.ch\/\",\"name\":\"thomasvino\",\"description\":\"Vins &amp; Gastronomie\",\"potentialAction\":[{\"@type\":\"SearchAction\",\"target\":{\"@type\":\"EntryPoint\",\"urlTemplate\":\"https:\/\/thomasvino.ch\/?s={search_term_string}\"},\"query-input\":\"required name=search_term_string\"}],\"inLanguage\":\"fr-FR\"},{\"@type\":\"Person\",\"@id\":\"https:\/\/thomasvino.ch\/#\/schema\/person\/670bf4486fe81152cf1d68bd585e062e\",\"name\":\"Pierre Thomas\",\"image\":{\"@type\":\"ImageObject\",\"inLanguage\":\"fr-FR\",\"@id\":\"https:\/\/thomasvino.ch\/#\/schema\/person\/image\/\",\"url\":\"https:\/\/secure.gravatar.com\/avatar\/91fd5a76647f140e53db987a0dead4d7?s=96&d=mm&r=g\",\"contentUrl\":\"https:\/\/secure.gravatar.com\/avatar\/91fd5a76647f140e53db987a0dead4d7?s=96&d=mm&r=g\",\"caption\":\"Pierre Thomas\"},\"url\":\"https:\/\/thomasvino.ch\/?author=3\"}]}<\/script>\n<!-- \/ Yoast SEO plugin. -->","yoast_head_json":{"title":"Bonne bouche \u2014 Un merlot de f\u00eate - thomasvino","robots":{"index":"index","follow":"follow","max-snippet":"max-snippet:-1","max-image-preview":"max-image-preview:large","max-video-preview":"max-video-preview:-1"},"canonical":"https:\/\/thomasvino.ch\/?p=18517","og_locale":"fr_FR","og_type":"article","og_title":"Bonne bouche \u2014 Un merlot de f\u00eate - thomasvino","og_description":"La coop\u00e9rative vinicole de Giubiasco, la CAGI, fond\u00e9e en 1929, fut rachet\u00e9e dans un moment de crise par les producteurs tessinois de&#8230; lait. Ses anniversaires, elle a l\u2019habitude de les f\u00eater avec une cuv\u00e9e sp\u00e9ciale. Celle du 95\u00e8me affiche sur le goulot le \u00abbiscione\u00bb des ducs de Milan, les Visconti, o\u00f9 la t\u00eate d\u2019enfant croqu\u00e9e [&hellip;]","og_url":"https:\/\/thomasvino.ch\/?p=18517","og_site_name":"thomasvino","article_published_time":"2024-11-17T20:31:50+00:00","og_image":[{"url":"https:\/\/thomasvino.ch\/wp-content\/uploads\/2024\/11\/encore_Cagi_merlot-107x300.jpg"}],"author":"Pierre Thomas","twitter_misc":{"\u00c9crit par":"Pierre Thomas","Dur\u00e9e de lecture estim\u00e9e":"3 minutes"},"schema":{"@context":"https:\/\/schema.org","@graph":[{"@type":"WebPage","@id":"https:\/\/thomasvino.ch\/?p=18517","url":"https:\/\/thomasvino.ch\/?p=18517","name":"Bonne bouche \u2014 Un merlot de f\u00eate - thomasvino","isPartOf":{"@id":"https:\/\/thomasvino.ch\/#website"},"datePublished":"2024-11-17T20:31:50+00:00","dateModified":"2024-11-17T20:31:50+00:00","author":{"@id":"https:\/\/thomasvino.ch\/#\/schema\/person\/670bf4486fe81152cf1d68bd585e062e"},"breadcrumb":{"@id":"https:\/\/thomasvino.ch\/?p=18517#breadcrumb"},"inLanguage":"fr-FR","potentialAction":[{"@type":"ReadAction","target":["https:\/\/thomasvino.ch\/?p=18517"]}]},{"@type":"BreadcrumbList","@id":"https:\/\/thomasvino.ch\/?p=18517#breadcrumb","itemListElement":[{"@type":"ListItem","position":1,"name":"Accueil","item":"https:\/\/thomasvino.ch\/"},{"@type":"ListItem","position":2,"name":"Bonne bouche \u2014 Un merlot de f\u00eate"}]},{"@type":"WebSite","@id":"https:\/\/thomasvino.ch\/#website","url":"https:\/\/thomasvino.ch\/","name":"thomasvino","description":"Vins &amp; Gastronomie","potentialAction":[{"@type":"SearchAction","target":{"@type":"EntryPoint","urlTemplate":"https:\/\/thomasvino.ch\/?s={search_term_string}"},"query-input":"required name=search_term_string"}],"inLanguage":"fr-FR"},{"@type":"Person","@id":"https:\/\/thomasvino.ch\/#\/schema\/person\/670bf4486fe81152cf1d68bd585e062e","name":"Pierre Thomas","image":{"@type":"ImageObject","inLanguage":"fr-FR","@id":"https:\/\/thomasvino.ch\/#\/schema\/person\/image\/","url":"https:\/\/secure.gravatar.com\/avatar\/91fd5a76647f140e53db987a0dead4d7?s=96&d=mm&r=g","contentUrl":"https:\/\/secure.gravatar.com\/avatar\/91fd5a76647f140e53db987a0dead4d7?s=96&d=mm&r=g","caption":"Pierre Thomas"},"url":"https:\/\/thomasvino.ch\/?author=3"}]}},"jetpack_featured_media_url":"","jetpack_sharing_enabled":true,"jetpack_shortlink":"https:\/\/wp.me\/p3m4tZ-4OF","jetpack_likes_enabled":false,"jetpack-related-posts":[{"id":14776,"url":"https:\/\/thomasvino.ch\/?p=14776","url_meta":{"origin":18517,"position":0},"title":"Bonne bouche \u2014 Au paradis du pinot (les Grisons&#8230;)","date":"10 d\u00e9cembre 2017","format":false,"excerpt":"A la suite des a\u00een\u00e9s, les Gantenbein, Fromm, Studach, qui ont su se construire, d\u2019abord en Suisse al\u00e9manique, une r\u00e9putation de champions absolus du pinot noir, les jeunes Grisons arrivent. Chez M\u00f6hr-Niggli, \u00e0 Maienfeld, on est doublement jeune. D\u2019abord par la structure du vignoble, repris petit \u00e0 petit par le\u2026","rel":"","context":"Dans &quot;Bonne bouche \u2014 encore!&quot;","img":{"alt_text":"","src":"","width":0,"height":0},"classes":[]},{"id":14774,"url":"https:\/\/thomasvino.ch\/?p=14774","url_meta":{"origin":18517,"position":1},"title":"Bonne bouche \u2014 Un merlot (du Tessin) signature","date":"10 d\u00e9cembre 2017","format":false,"excerpt":"Apr\u00e8s un 2014 marqu\u00e9 par la mouche suzukii, qui s\u2019est abattue sur le merlot tessinois comme la petite v\u00e9role sur le bas clerg\u00e9, 2015 marque un grand mill\u00e9sime au Tessin. Seul regret, la production fut basse et les Riserva qui arrivent sur le march\u00e9 vont s\u2019arracher. Ces grands merlots, \u00e0\u2026","rel":"","context":"Dans &quot;Bonne bouche \u2014 encore!&quot;","img":{"alt_text":"","src":"","width":0,"height":0},"classes":[]},{"id":14133,"url":"https:\/\/thomasvino.ch\/?p=14133","url_meta":{"origin":18517,"position":2},"title":"D\u00e9gustation: Amarone 2013","date":"9 f\u00e9vrier 2017","format":false,"excerpt":"On s\u2019est rendu \u00e0 V\u00e9rone, les 27 et 28 janvier 2017, \u00e0 l\u2019invitation du Consorzio de tutelle des vins de la Valpolicella, pour d\u00e9guster les Amarone de 2013. Dans la d\u00e9gustation, nous avons privil\u00e9gi\u00e9 les vins en bouteilles (une quarantaine) plut\u00f4t que les \u00e9chantillons tir\u00e9s du f\u00fbt, dont plusieurs pr\u00e9sentaient\u2026","rel":"","context":"Dans &quot;Vins italiens&quot;","img":{"alt_text":"","src":"https:\/\/i0.wp.com\/thomasvino.ch\/wp-content\/uploads\/2017\/02\/site_deg_fam-300x225.jpg?resize=350%2C200&ssl=1","width":350,"height":200},"classes":[]},{"id":14149,"url":"https:\/\/thomasvino.ch\/?p=14149","url_meta":{"origin":18517,"position":3},"title":"Bordeaux 2014 en bouteille (suite): Saint-Emilion, Graves blancs, Sauternes","date":"9 f\u00e9vrier 2017","format":false,"excerpt":"Dans ce volet, nous donnons la suite de nos d\u00e9gustations consacr\u00e9es aux bordeaux: les crus class\u00e9s de Saint-Emilion \u00e0 Gen\u00e8ve (pas \u00e0 l'aveugle, mais au d\u00e9bott\u00e9), les Graves blancs (\u00e0 l'aveugle) et Sauternes-Barsac (\u00e0 l'aveugle), apr\u00e8s les crus class\u00e9s 1855 rouges de la rive gauche. Par Pierre Thomas, textes et\u2026","rel":"","context":"Dans &quot;Vins fran\u00e7ais&quot;","img":{"alt_text":"","src":"https:\/\/i0.wp.com\/thomasvino.ch\/wp-content\/uploads\/2017\/02\/site_yquem-300x225.jpg?resize=350%2C200&ssl=1","width":350,"height":200},"classes":[]},{"id":14902,"url":"https:\/\/thomasvino.ch\/?p=14902","url_meta":{"origin":18517,"position":4},"title":"Anteprime de Toscane 2018:  priorit\u00e9 au Chianti Classico","date":"16 f\u00e9vrier 2018","format":false,"excerpt":"Cette ann\u00e9e, je n\u2019ai pas fait \u00abla totale\u00bb des Anteprime de Toscane, mais uniquement les d\u00e9gustations centralis\u00e9es \u00e0 la Stazione Leopolda, \u00e0 Florence. Des voix s\u2019\u00e9l\u00e8vent, du reste, en Italie, pour que toutes les appellations de Toscane fassent leur d\u00e9gustation dans un seul lieu, le matin, avec des possibilit\u00e9s de\u2026","rel":"","context":"Dans &quot;Vins italiens&quot;","img":{"alt_text":"","src":"https:\/\/i0.wp.com\/thomasvino.ch\/wp-content\/uploads\/2018\/02\/cc_service-225x300.jpg?resize=350%2C200&ssl=1","width":350,"height":200},"classes":[]},{"id":12536,"url":"https:\/\/thomasvino.ch\/?p=12536","url_meta":{"origin":18517,"position":5},"title":"\u00abA la cieca\u00bb : 33 nuances d\u2019Amarone","date":"2 f\u00e9vrier 2015","format":false,"excerpt":"Le 31 janvier 2015, \u00e0 V\u00e9rone, dans le cadre de l'Anteprima, Pierre Thomas a d\u00e9gust\u00e9 les 25 Amarones 2011 du Consorzio d\u00e9j\u00e0 en bouteille, puis 6 vins de 1998 et 5 de 2003, ainsi que, le lendemain, \u00e0 l\u2019Antica Bottega del Vino, les 13 vins de divers mill\u00e9simes r\u00e9cents, tous\u2026","rel":"","context":"Dans &quot;100... sur 100&quot;","img":{"alt_text":"","src":"https:\/\/i0.wp.com\/www.thomasvino.ch\/wp-content\/uploads\/2015\/02\/amar_notesdeg-300x225.jpg?resize=350%2C200","width":350,"height":200},"classes":[]}],"_links":{"self":[{"href":"https:\/\/thomasvino.ch\/index.php?rest_route=\/wp\/v2\/posts\/18517"}],"collection":[{"href":"https:\/\/thomasvino.ch\/index.php?rest_route=\/wp\/v2\/posts"}],"about":[{"href":"https:\/\/thomasvino.ch\/index.php?rest_route=\/wp\/v2\/types\/post"}],"author":[{"embeddable":true,"href":"https:\/\/thomasvino.ch\/index.php?rest_route=\/wp\/v2\/users\/3"}],"replies":[{"embeddable":true,"href":"https:\/\/thomasvino.ch\/index.php?rest_route=%2Fwp%2Fv2%2Fcomments&post=18517"}],"version-history":[{"count":1,"href":"https:\/\/thomasvino.ch\/index.php?rest_route=\/wp\/v2\/posts\/18517\/revisions"}],"predecessor-version":[{"id":18519,"href":"https:\/\/thomasvino.ch\/index.php?rest_route=\/wp\/v2\/posts\/18517\/revisions\/18519"}],"wp:attachment":[{"href":"https:\/\/thomasvino.ch\/index.php?rest_route=%2Fwp%2Fv2%2Fmedia&parent=18517"}],"wp:term":[{"taxonomy":"category","embeddable":true,"href":"https:\/\/thomasvino.ch\/index.php?rest_route=%2Fwp%2Fv2%2Fcategories&post=18517"},{"taxonomy":"post_tag","embeddable":true,"href":"https:\/\/thomasvino.ch\/index.php?rest_route=%2Fwp%2Fv2%2Ftags&post=18517"}],"curies":[{"name":"wp","href":"https:\/\/api.w.org\/{rel}","templated":true}]}}