{"id":18535,"date":"2024-12-09T10:23:49","date_gmt":"2024-12-09T09:23:49","guid":{"rendered":"https:\/\/thomasvino.ch\/?p=18535"},"modified":"2024-12-09T10:23:49","modified_gmt":"2024-12-09T09:23:49","slug":"bonne-bouche-la-der-un-ama-rhone","status":"publish","type":"post","link":"https:\/\/thomasvino.ch\/?p=18535","title":{"rendered":"Bonne bouche: la der, un Ama-Rh\u00f4ne!"},"content":{"rendered":"<p style=\"font-weight: 400;\"><a href=\"https:\/\/thomasvino.ch\/?attachment_id=18536\" rel=\"attachment wp-att-18536\"><img data-attachment-id=\"18536\" data-permalink=\"https:\/\/thomasvino.ch\/?attachment_id=18536\" data-orig-file=\"https:\/\/i0.wp.com\/thomasvino.ch\/wp-content\/uploads\/2024\/12\/encore_der.jpg?fit=646%2C2048&amp;ssl=1\" data-orig-size=\"646,2048\" data-comments-opened=\"0\" data-image-meta=\"{&quot;aperture&quot;:&quot;0&quot;,&quot;credit&quot;:&quot;&quot;,&quot;camera&quot;:&quot;&quot;,&quot;caption&quot;:&quot;&quot;,&quot;created_timestamp&quot;:&quot;0&quot;,&quot;copyright&quot;:&quot;&quot;,&quot;focal_length&quot;:&quot;0&quot;,&quot;iso&quot;:&quot;0&quot;,&quot;shutter_speed&quot;:&quot;0&quot;,&quot;title&quot;:&quot;&quot;,&quot;orientation&quot;:&quot;1&quot;}\" data-image-title=\"encore_der!\" data-image-description=\"\" data-image-caption=\"\" data-medium-file=\"https:\/\/i0.wp.com\/thomasvino.ch\/wp-content\/uploads\/2024\/12\/encore_der.jpg?fit=95%2C300&amp;ssl=1\" data-large-file=\"https:\/\/i0.wp.com\/thomasvino.ch\/wp-content\/uploads\/2024\/12\/encore_der.jpg?fit=323%2C1024&amp;ssl=1\" loading=\"lazy\" class=\"alignleft size-medium wp-image-18536\" src=\"https:\/\/i0.wp.com\/thomasvino.ch\/wp-content\/uploads\/2024\/12\/encore_der.jpg?resize=95%2C300&#038;ssl=1\" alt=\"\" width=\"95\" height=\"300\" srcset=\"https:\/\/i0.wp.com\/thomasvino.ch\/wp-content\/uploads\/2024\/12\/encore_der.jpg?resize=95%2C300&amp;ssl=1 95w, https:\/\/i0.wp.com\/thomasvino.ch\/wp-content\/uploads\/2024\/12\/encore_der.jpg?resize=323%2C1024&amp;ssl=1 323w, https:\/\/i0.wp.com\/thomasvino.ch\/wp-content\/uploads\/2024\/12\/encore_der.jpg?resize=485%2C1536&amp;ssl=1 485w, https:\/\/i0.wp.com\/thomasvino.ch\/wp-content\/uploads\/2024\/12\/encore_der.jpg?w=646&amp;ssl=1 646w\" sizes=\"(max-width: 95px) 100vw, 95px\" data-recalc-dims=\"1\" \/><\/a>A la colline de Daval, c\u2019est le <em>\u00abvin de la patronne\u00bb<\/em>, <strong>Monique Caloz-Ev\u00e9quoz<\/strong>. Elle nous a annonc\u00e9 prendre sa retraite, pour laisser place \u00e0 la jeune g\u00e9n\u00e9ration. Ses trois enfants, <strong>Beno\u00eet, Damien<\/strong> et <strong>S\u00e9verine<\/strong>, ont rejoint cette dynamique entreprise sierroise diversifi\u00e9e. Ce printemps, on y a inaugur\u00e9 un b\u00e2timent dans la plaine du Rh\u00f4ne, destin\u00e9 aux pommes <em>\u00abPink Lady\u00bb<\/em>, aux abricots, aux asperges, aux confitures et conserves. Il abrite aussi une vinoth\u00e8que, tandis que la cave demeure sur la colline issue du grand \u00e9boulement de Sierre, lors de la derni\u00e8re glaciation, il y a 15&rsquo;000 ans, \u00e0 c\u00f4t\u00e9 du Castel, un ancien ch\u00e2teau&#8230; d\u2019eau, transform\u00e9 en r\u00e9sidence \u0153notouristique de cinq chambres cosy. La <strong>famille Caloz<\/strong> propose \u00e0 la d\u00e9gustation les vins des 6 hectares de ses deux domaines. Le fendant, la petite arvine et le cornalin, sont cultiv\u00e9s \u00e0 la fois \u00e0 Chamoson et \u00e0 Sierre. Sur ces crus veille la caviste <strong>Jessica Lamon<\/strong>, alors que le papa, <strong>Bertrand Caloz<\/strong>, se retire progressivement.<\/p>\n<p style=\"font-weight: 400;\">Fiert\u00e9 de <em>\u00abla patronne\u00bb<\/em>, cette cuv\u00e9e rouge, est atypique en Valais. Sur l\u2019\u00e9tiquette, accol\u00e9 \u00e0 Daval, le <em>\u00abrone\u00bb<\/em> (sans le h du Rh\u00f4ne!) renvoie \u00e0 l\u2019<em>\u00abamarone\u00bb<\/em> transalpin. Mais, au lieu d\u2019\u00eatre s\u00e9ch\u00e9s sur claies en hangar, comme du c\u00f4t\u00e9 de V\u00e9rone, les raisins sont <em>\u00abmi-fl\u00e9tris\u00bb<\/em> sur souche, comme pour la malvoisie du Valais, en toute fin d\u2019automne. Pinot noir, gamaret et diolinoir sont r\u00e9colt\u00e9s \u00e0 120 degr\u00e9s Oechsl\u00e9, soit \u00e0 un tr\u00e8s haut taux de sucre naturel, qui se traduit par 15,5 % volume d\u2019alcool. Puis ce nectar est \u00e9lev\u00e9 18 \u00e0 24 mois en barriques neuves de ch\u00eane fran\u00e7ais. A la d\u00e9gustation, ce rouge capiteux, mais sec, offre un nez complexe, avec des notes de chocolat et de caf\u00e9, retrouv\u00e9es en bouche, pour une longue et savoureuse persistance.<\/p>\n<p style=\"font-weight: 400;\"><strong>L\u2019\u00e9tiquette\u00a0:<\/strong> Davalrone 2021 (mill\u00e9sime actuel)<\/p>\n<p style=\"font-weight: 400;\"><strong>Le prix\u00a0:<\/strong> 34 fr.\/75 cl<\/p>\n<p style=\"font-weight: 400;\"><strong>L\u2019adresse\u00a0<\/strong>: <a href=\"https:\/\/www.collinededaval.ch\/product-page\/davalrone\">www.collinededaval.ch<\/a><\/p>\n<p><em>Derni\u00e8re de quelque 80 chroniques parues dans le magazine lifestyle <\/em>encore!<em>, encart\u00e9 dans <\/em>Le Matin-Dimanche <em>et la <\/em>Sonntagszeitung<em>, parue le 8 d\u00e9cembre 2024. On peut retrouver d&rsquo;autres chroniques sous ce lien <\/em><a href=\"https:\/\/encore-mag.ch\/tous-les-articles\/#gastronomie\"><i>encore-man, tous les articles, gastronomie<\/i><\/a><\/p>\n<p><em>\u00a9thomasvino.ch<\/em><\/p>\n","protected":false},"excerpt":{"rendered":"<p>A la colline de Daval, c\u2019est le \u00abvin de la patronne\u00bb, Monique Caloz-Ev\u00e9quoz. Elle nous a annonc\u00e9 prendre sa retraite, pour laisser place \u00e0 la jeune g\u00e9n\u00e9ration. Ses trois enfants, Beno\u00eet, Damien et S\u00e9verine, ont rejoint cette dynamique entreprise sierroise diversifi\u00e9e. Ce printemps, on y a inaugur\u00e9 un b\u00e2timent dans la plaine du Rh\u00f4ne, destin\u00e9 [&hellip;]<\/p>\n","protected":false},"author":3,"featured_media":0,"comment_status":"closed","ping_status":"open","sticky":false,"template":"","format":"standard","meta":{"_monsterinsights_skip_tracking":false,"_monsterinsights_sitenote_active":false,"_monsterinsights_sitenote_note":"","_monsterinsights_sitenote_category":0,"jetpack_post_was_ever_published":false,"jetpack_publicize_message":"","jetpack_is_tweetstorm":false,"jetpack_publicize_feature_enabled":true,"jetpack_social_post_already_shared":true,"jetpack_social_options":{"image_generator_settings":{"template":"highway","enabled":false}}},"categories":[1433],"tags":[],"jetpack_publicize_connections":[],"yoast_head":"<!-- This site is optimized with the Yoast SEO plugin v20.6 - https:\/\/yoast.com\/wordpress\/plugins\/seo\/ -->\n<title>Bonne bouche: la der, un Ama-Rh\u00f4ne! - thomasvino<\/title>\n<meta name=\"robots\" content=\"index, follow, max-snippet:-1, max-image-preview:large, max-video-preview:-1\" \/>\n<link rel=\"canonical\" href=\"https:\/\/thomasvino.ch\/?p=18535\" \/>\n<meta property=\"og:locale\" content=\"fr_FR\" \/>\n<meta property=\"og:type\" content=\"article\" \/>\n<meta property=\"og:title\" content=\"Bonne bouche: la der, un Ama-Rh\u00f4ne! - thomasvino\" \/>\n<meta property=\"og:description\" content=\"A la colline de Daval, c\u2019est le \u00abvin de la patronne\u00bb, Monique Caloz-Ev\u00e9quoz. Elle nous a annonc\u00e9 prendre sa retraite, pour laisser place \u00e0 la jeune g\u00e9n\u00e9ration. Ses trois enfants, Beno\u00eet, Damien et S\u00e9verine, ont rejoint cette dynamique entreprise sierroise diversifi\u00e9e. Ce printemps, on y a inaugur\u00e9 un b\u00e2timent dans la plaine du Rh\u00f4ne, destin\u00e9 [&hellip;]\" \/>\n<meta property=\"og:url\" content=\"https:\/\/thomasvino.ch\/?p=18535\" \/>\n<meta property=\"og:site_name\" content=\"thomasvino\" \/>\n<meta property=\"article:published_time\" content=\"2024-12-09T09:23:49+00:00\" \/>\n<meta property=\"og:image\" content=\"https:\/\/thomasvino.ch\/wp-content\/uploads\/2024\/12\/encore_der-95x300.jpg\" \/>\n<meta name=\"author\" content=\"Pierre Thomas\" \/>\n<meta name=\"twitter:label1\" content=\"\u00c9crit par\" \/>\n\t<meta name=\"twitter:data1\" content=\"Pierre Thomas\" \/>\n\t<meta name=\"twitter:label2\" content=\"Dur\u00e9e de lecture estim\u00e9e\" \/>\n\t<meta name=\"twitter:data2\" content=\"2 minutes\" \/>\n<script type=\"application\/ld+json\" class=\"yoast-schema-graph\">{\"@context\":\"https:\/\/schema.org\",\"@graph\":[{\"@type\":\"WebPage\",\"@id\":\"https:\/\/thomasvino.ch\/?p=18535\",\"url\":\"https:\/\/thomasvino.ch\/?p=18535\",\"name\":\"Bonne bouche: la der, un Ama-Rh\u00f4ne! - thomasvino\",\"isPartOf\":{\"@id\":\"https:\/\/thomasvino.ch\/#website\"},\"datePublished\":\"2024-12-09T09:23:49+00:00\",\"dateModified\":\"2024-12-09T09:23:49+00:00\",\"author\":{\"@id\":\"https:\/\/thomasvino.ch\/#\/schema\/person\/670bf4486fe81152cf1d68bd585e062e\"},\"breadcrumb\":{\"@id\":\"https:\/\/thomasvino.ch\/?p=18535#breadcrumb\"},\"inLanguage\":\"fr-FR\",\"potentialAction\":[{\"@type\":\"ReadAction\",\"target\":[\"https:\/\/thomasvino.ch\/?p=18535\"]}]},{\"@type\":\"BreadcrumbList\",\"@id\":\"https:\/\/thomasvino.ch\/?p=18535#breadcrumb\",\"itemListElement\":[{\"@type\":\"ListItem\",\"position\":1,\"name\":\"Accueil\",\"item\":\"https:\/\/thomasvino.ch\/\"},{\"@type\":\"ListItem\",\"position\":2,\"name\":\"Bonne bouche: la der, un Ama-Rh\u00f4ne!\"}]},{\"@type\":\"WebSite\",\"@id\":\"https:\/\/thomasvino.ch\/#website\",\"url\":\"https:\/\/thomasvino.ch\/\",\"name\":\"thomasvino\",\"description\":\"Vins &amp; Gastronomie\",\"potentialAction\":[{\"@type\":\"SearchAction\",\"target\":{\"@type\":\"EntryPoint\",\"urlTemplate\":\"https:\/\/thomasvino.ch\/?s={search_term_string}\"},\"query-input\":\"required name=search_term_string\"}],\"inLanguage\":\"fr-FR\"},{\"@type\":\"Person\",\"@id\":\"https:\/\/thomasvino.ch\/#\/schema\/person\/670bf4486fe81152cf1d68bd585e062e\",\"name\":\"Pierre Thomas\",\"image\":{\"@type\":\"ImageObject\",\"inLanguage\":\"fr-FR\",\"@id\":\"https:\/\/thomasvino.ch\/#\/schema\/person\/image\/\",\"url\":\"https:\/\/secure.gravatar.com\/avatar\/91fd5a76647f140e53db987a0dead4d7?s=96&d=mm&r=g\",\"contentUrl\":\"https:\/\/secure.gravatar.com\/avatar\/91fd5a76647f140e53db987a0dead4d7?s=96&d=mm&r=g\",\"caption\":\"Pierre Thomas\"},\"url\":\"https:\/\/thomasvino.ch\/?author=3\"}]}<\/script>\n<!-- \/ Yoast SEO plugin. -->","yoast_head_json":{"title":"Bonne bouche: la der, un Ama-Rh\u00f4ne! - thomasvino","robots":{"index":"index","follow":"follow","max-snippet":"max-snippet:-1","max-image-preview":"max-image-preview:large","max-video-preview":"max-video-preview:-1"},"canonical":"https:\/\/thomasvino.ch\/?p=18535","og_locale":"fr_FR","og_type":"article","og_title":"Bonne bouche: la der, un Ama-Rh\u00f4ne! - thomasvino","og_description":"A la colline de Daval, c\u2019est le \u00abvin de la patronne\u00bb, Monique Caloz-Ev\u00e9quoz. Elle nous a annonc\u00e9 prendre sa retraite, pour laisser place \u00e0 la jeune g\u00e9n\u00e9ration. Ses trois enfants, Beno\u00eet, Damien et S\u00e9verine, ont rejoint cette dynamique entreprise sierroise diversifi\u00e9e. Ce printemps, on y a inaugur\u00e9 un b\u00e2timent dans la plaine du Rh\u00f4ne, destin\u00e9 [&hellip;]","og_url":"https:\/\/thomasvino.ch\/?p=18535","og_site_name":"thomasvino","article_published_time":"2024-12-09T09:23:49+00:00","og_image":[{"url":"https:\/\/thomasvino.ch\/wp-content\/uploads\/2024\/12\/encore_der-95x300.jpg"}],"author":"Pierre Thomas","twitter_misc":{"\u00c9crit par":"Pierre Thomas","Dur\u00e9e de lecture estim\u00e9e":"2 minutes"},"schema":{"@context":"https:\/\/schema.org","@graph":[{"@type":"WebPage","@id":"https:\/\/thomasvino.ch\/?p=18535","url":"https:\/\/thomasvino.ch\/?p=18535","name":"Bonne bouche: la der, un Ama-Rh\u00f4ne! - thomasvino","isPartOf":{"@id":"https:\/\/thomasvino.ch\/#website"},"datePublished":"2024-12-09T09:23:49+00:00","dateModified":"2024-12-09T09:23:49+00:00","author":{"@id":"https:\/\/thomasvino.ch\/#\/schema\/person\/670bf4486fe81152cf1d68bd585e062e"},"breadcrumb":{"@id":"https:\/\/thomasvino.ch\/?p=18535#breadcrumb"},"inLanguage":"fr-FR","potentialAction":[{"@type":"ReadAction","target":["https:\/\/thomasvino.ch\/?p=18535"]}]},{"@type":"BreadcrumbList","@id":"https:\/\/thomasvino.ch\/?p=18535#breadcrumb","itemListElement":[{"@type":"ListItem","position":1,"name":"Accueil","item":"https:\/\/thomasvino.ch\/"},{"@type":"ListItem","position":2,"name":"Bonne bouche: la der, un Ama-Rh\u00f4ne!"}]},{"@type":"WebSite","@id":"https:\/\/thomasvino.ch\/#website","url":"https:\/\/thomasvino.ch\/","name":"thomasvino","description":"Vins &amp; Gastronomie","potentialAction":[{"@type":"SearchAction","target":{"@type":"EntryPoint","urlTemplate":"https:\/\/thomasvino.ch\/?s={search_term_string}"},"query-input":"required name=search_term_string"}],"inLanguage":"fr-FR"},{"@type":"Person","@id":"https:\/\/thomasvino.ch\/#\/schema\/person\/670bf4486fe81152cf1d68bd585e062e","name":"Pierre Thomas","image":{"@type":"ImageObject","inLanguage":"fr-FR","@id":"https:\/\/thomasvino.ch\/#\/schema\/person\/image\/","url":"https:\/\/secure.gravatar.com\/avatar\/91fd5a76647f140e53db987a0dead4d7?s=96&d=mm&r=g","contentUrl":"https:\/\/secure.gravatar.com\/avatar\/91fd5a76647f140e53db987a0dead4d7?s=96&d=mm&r=g","caption":"Pierre Thomas"},"url":"https:\/\/thomasvino.ch\/?author=3"}]}},"jetpack_featured_media_url":"","jetpack_sharing_enabled":true,"jetpack_shortlink":"https:\/\/wp.me\/p3m4tZ-4OX","jetpack_likes_enabled":false,"jetpack-related-posts":[{"id":18414,"url":"https:\/\/thomasvino.ch\/?p=18414","url_meta":{"origin":18535,"position":0},"title":"Sur les pistes de l&rsquo;\u0153notourisme valaisan","date":"1 mai 2024","format":false,"excerpt":"Qu\u2019est-ce que l\u2019\u0153notourisme? Souvent, les domaines viticoles suisses en font comme Monsieur Jourdain, de la prose : sans le savoir... Au moment d\u2019e\u0301crire cet article (avril 2024), sur le site des vins du Valais figuraient 88 re\u0301fe\u0301rences*. Le gros de l\u2019offre concerne une quinzaine de balades a\u0300 faire a\u0300 pied,\u2026","rel":"","context":"Dans &quot;Tendance&quot;","img":{"alt_text":"","src":"https:\/\/i0.wp.com\/thomasvino.ch\/wp-content\/uploads\/2024\/05\/HG_VS_CastelDaval_drone-300x225.jpg?resize=350%2C200&ssl=1","width":350,"height":200},"classes":[]},{"id":15483,"url":"https:\/\/thomasvino.ch\/?p=15483","url_meta":{"origin":18535,"position":1},"title":"Bonne bouche : hommage aux arts (et \u00e0 l&rsquo;artiste!)","date":"10 d\u00e9cembre 2018","format":false,"excerpt":"L\u2019autre soir, les copines de jass l\u2019ont bien appr\u00e9ci\u00e9 avec un risotto \u00e0 la courge, ce vin rouge, dernier n\u00e9 des mains de Robert Taramarcaz. Form\u00e9 en Bourgogne (ce qui est rare pour un Helv\u00e8te\u2026), le Sierrois signe depuis 2002 des vins cisel\u00e9s. Cet assemblage d\u2019humagne rouge, de syrah et\u2026","rel":"","context":"Dans &quot;Bonne bouche \u2014 encore!&quot;","img":{"alt_text":"","src":"https:\/\/i0.wp.com\/thomasvino.ch\/wp-content\/uploads\/2018\/12\/encore_LE-BIEN-VIVANT-1--200x300.jpg?resize=350%2C200&ssl=1","width":350,"height":200},"classes":[]},{"id":16772,"url":"https:\/\/thomasvino.ch\/?p=16772","url_meta":{"origin":18535,"position":2},"title":"Ce week-end, caves ouvertes en Valais","date":"25 ao\u00fbt 2020","format":false,"excerpt":"Finalement, presque comme si de rien n\u2019\u00e9tait, les Valaisans et leurs h\u00f4tes vont se rendre aux caves ouvertes, chez quelque 240 vignerons, ce week-end, du vendredi 28 au dimanche 30 ao\u00fbt. Acheter un carton de 12 bouteilles \u00abrapportera\u00bb une journ\u00e9e \u00e0 ski (non cumulatif). De Vouvry \u00e0 Naters, ces 240\u2026","rel":"","context":"Dans &quot;Actus - News&quot;","img":{"alt_text":"","src":"","width":0,"height":0},"classes":[]},{"id":14653,"url":"https:\/\/thomasvino.ch\/?p=14653","url_meta":{"origin":18535,"position":3},"title":"Bonne bouche \u2014 Un riesling du milieu du monde","date":"23 octobre 2017","format":false,"excerpt":"Coop\u00e9rative, domaine ou vigneron-encaveur\u00a0: de la vigne au verre, il y a continuit\u00e9 et relation, plus ou moins \u00e9troite. Hors de ce circuit traditionnel, o\u00f9 patrimoine et savoir-faire se transmettent de g\u00e9n\u00e9ration en g\u00e9n\u00e9ration, le vin peut s\u2019exprimer gr\u00e2ce \u00e0 des passionn\u00e9s, pr\u00e8s de leurs vins, mais loin de leurs\u2026","rel":"","context":"Dans &quot;Bonne bouche \u2014 encore!&quot;","img":{"alt_text":"","src":"","width":0,"height":0},"classes":[]},{"id":13150,"url":"https:\/\/thomasvino.ch\/?p=13150","url_meta":{"origin":18535,"position":4},"title":"L&rsquo;Union suisse des \u0153nologues et l&rsquo;Union europ\u00e9enne","date":"4 novembre 2015","format":false,"excerpt":"Certes, l\u2019Union suisse des \u0153nologues, pr\u00e9sid\u00e9e par le Vaudois Daniel Dufaux, existe depuis plus d\u2019un quart de si\u00e8cle, mais elle vient de cr\u00e9er une \u00abcommission nationale d\u2019\u0153nologie\u00bb, pr\u00e9sid\u00e9e par le Vaudois Alain Gruaz, sous-directeur cave, \u0153nologie et embouteillage du plus grand acteur du secteur, le groupe Schenk SA, \u00e0 Rolle.\u2026","rel":"","context":"Dans &quot;Actus - News&quot;","img":{"alt_text":"","src":"","width":0,"height":0},"classes":[]},{"id":17352,"url":"https:\/\/thomasvino.ch\/?p=17352","url_meta":{"origin":18535,"position":5},"title":"Bonne bouche: Viva i PIWI!","date":"14 juin 2021","format":false,"excerpt":"PIWI?\u00a0K\u00e9sako? C\u2019est l\u2019abr\u00e9viation allemande pour les \u00abc\u00e9pages r\u00e9sistants\u00bb aux maladies de la vigne, les \u00abPilzwiderstandsf\u00e4hige Rebsorten\u00bb (\u00e0 d\u00e9couvrir sur le site, aussi en fran\u00e7ais, www.piwi-international.de). Un grand d\u00e9bat anime la viticulture, en marge de l\u2019\u00e9limination des produits chimiques de synth\u00e8se, soit le d\u00e9fi d\u2019obtenir du raisin naturellement dans un environnement\u2026","rel":"","context":"Dans &quot;Bonne bouche \u2014 encore!&quot;","img":{"alt_text":"","src":"","width":0,"height":0},"classes":[]}],"_links":{"self":[{"href":"https:\/\/thomasvino.ch\/index.php?rest_route=\/wp\/v2\/posts\/18535"}],"collection":[{"href":"https:\/\/thomasvino.ch\/index.php?rest_route=\/wp\/v2\/posts"}],"about":[{"href":"https:\/\/thomasvino.ch\/index.php?rest_route=\/wp\/v2\/types\/post"}],"author":[{"embeddable":true,"href":"https:\/\/thomasvino.ch\/index.php?rest_route=\/wp\/v2\/users\/3"}],"replies":[{"embeddable":true,"href":"https:\/\/thomasvino.ch\/index.php?rest_route=%2Fwp%2Fv2%2Fcomments&post=18535"}],"version-history":[{"count":2,"href":"https:\/\/thomasvino.ch\/index.php?rest_route=\/wp\/v2\/posts\/18535\/revisions"}],"predecessor-version":[{"id":18538,"href":"https:\/\/thomasvino.ch\/index.php?rest_route=\/wp\/v2\/posts\/18535\/revisions\/18538"}],"wp:attachment":[{"href":"https:\/\/thomasvino.ch\/index.php?rest_route=%2Fwp%2Fv2%2Fmedia&parent=18535"}],"wp:term":[{"taxonomy":"category","embeddable":true,"href":"https:\/\/thomasvino.ch\/index.php?rest_route=%2Fwp%2Fv2%2Fcategories&post=18535"},{"taxonomy":"post_tag","embeddable":true,"href":"https:\/\/thomasvino.ch\/index.php?rest_route=%2Fwp%2Fv2%2Ftags&post=18535"}],"curies":[{"name":"wp","href":"https:\/\/api.w.org\/{rel}","templated":true}]}}