{"id":18579,"date":"2025-01-28T15:40:29","date_gmt":"2025-01-28T14:40:29","guid":{"rendered":"https:\/\/thomasvino.ch\/?p=18579"},"modified":"2025-01-28T15:40:29","modified_gmt":"2025-01-28T14:40:29","slug":"sommet-des-nebbiolos-alpins-a-zurich","status":"publish","type":"post","link":"https:\/\/thomasvino.ch\/?p=18579","title":{"rendered":"Sommet des nebbiolos alpins \u00e0 Zurich"},"content":{"rendered":"<p><strong>Le dimanche 23 f\u00e9vrier, au premier \u00e9tage du Neumarkt, \u00e0 Zurich, aura lieu un <em>\u00absommet des nebbiolos alpins\u00bb<\/em>, organis\u00e9 par Roger E. Baumann (<em>www.rebwein.ch<\/em>). Une douzaine de producteurs seront pr\u00e9sents et feront d\u00e9guster leurs nectars.<\/strong><\/p>\n<p>Le c\u00e9page nebbiolo est \u00e0 la mode et se red\u00e9couvre non seulement dans sa r\u00e9gion du Pi\u00e9mont entre Alba et Asti (et les crus prestigieux de Barolo et de Barbaresco), mais aussi au pied du massif du Mont-Rose et dans la Valteline. De l&rsquo;Alto Piemonte seront pr\u00e9sents <strong>Marco Garrone<\/strong>, de la vall\u00e9e d&rsquo;Ossola, <strong>Giacomo Colombera<\/strong> (&amp; Garella), des DOP Bramaterra et Lessona, <strong>Marco Bui<\/strong>, de Guardasole, DOC Boca (<em>photo ci-dessous<\/em>), <strong>Francesco Brigatti<\/strong> de la DOCG Ghemme et des collines novaraises, <strong>Alberto Raviciotti<\/strong>, Franchino, DOCG Gattinara et <strong>Paolo Monta<\/strong>, La Palazzina, DOC Bramaterra et <strong>Gianmario Viano<\/strong>, DOC Carema, plus proche de la vall\u00e9e d&rsquo;Aoste.<\/p>\n<p><a href=\"https:\/\/thomasvino.ch\/?attachment_id=18440\" rel=\"attachment wp-att-18440\"><img data-attachment-id=\"18440\" data-permalink=\"https:\/\/thomasvino.ch\/?attachment_id=18440\" data-orig-file=\"https:\/\/i0.wp.com\/thomasvino.ch\/wp-content\/uploads\/2024\/05\/Boca_Traversagna.jpg?fit=1723%2C1330&amp;ssl=1\" data-orig-size=\"1723,1330\" data-comments-opened=\"0\" data-image-meta=\"{&quot;aperture&quot;:&quot;0&quot;,&quot;credit&quot;:&quot;&quot;,&quot;camera&quot;:&quot;&quot;,&quot;caption&quot;:&quot;&quot;,&quot;created_timestamp&quot;:&quot;0&quot;,&quot;copyright&quot;:&quot;&quot;,&quot;focal_length&quot;:&quot;0&quot;,&quot;iso&quot;:&quot;0&quot;,&quot;shutter_speed&quot;:&quot;0&quot;,&quot;title&quot;:&quot;&quot;,&quot;orientation&quot;:&quot;1&quot;}\" data-image-title=\"Boca_Traversagna\" data-image-description=\"\" data-image-caption=\"\" data-medium-file=\"https:\/\/i0.wp.com\/thomasvino.ch\/wp-content\/uploads\/2024\/05\/Boca_Traversagna.jpg?fit=300%2C232&amp;ssl=1\" data-large-file=\"https:\/\/i0.wp.com\/thomasvino.ch\/wp-content\/uploads\/2024\/05\/Boca_Traversagna.jpg?fit=1024%2C790&amp;ssl=1\" loading=\"lazy\" class=\"aligncenter size-medium wp-image-18440\" src=\"https:\/\/i0.wp.com\/thomasvino.ch\/wp-content\/uploads\/2024\/05\/Boca_Traversagna.jpg?resize=300%2C232&#038;ssl=1\" alt=\"\" width=\"300\" height=\"232\" srcset=\"https:\/\/i0.wp.com\/thomasvino.ch\/wp-content\/uploads\/2024\/05\/Boca_Traversagna.jpg?resize=300%2C232&amp;ssl=1 300w, https:\/\/i0.wp.com\/thomasvino.ch\/wp-content\/uploads\/2024\/05\/Boca_Traversagna.jpg?resize=1024%2C790&amp;ssl=1 1024w, https:\/\/i0.wp.com\/thomasvino.ch\/wp-content\/uploads\/2024\/05\/Boca_Traversagna.jpg?resize=768%2C593&amp;ssl=1 768w, https:\/\/i0.wp.com\/thomasvino.ch\/wp-content\/uploads\/2024\/05\/Boca_Traversagna.jpg?resize=1536%2C1186&amp;ssl=1 1536w, https:\/\/i0.wp.com\/thomasvino.ch\/wp-content\/uploads\/2024\/05\/Boca_Traversagna.jpg?w=1723&amp;ssl=1 1723w\" sizes=\"(max-width: 300px) 100vw, 300px\" data-recalc-dims=\"1\" \/><\/a><\/p>\n<p>Le salon se d\u00e9roulera l&rsquo;apr\u00e8s-midi du 23 f\u00e9vrier, de 13 h \u00e0 18 h: l&rsquo;entr\u00e9e \u00e0 la d\u00e9gustation libre co\u00fbte 25 francs. Deux masterclasses sont pr\u00e9vues, l&rsquo;une de d\u00e9couverte, \u00e0 13 h 15 (35 fr. y compris l&rsquo;acc\u00e8s au salon), l&rsquo;autre r\u00e9serv\u00e9e aux connaisseurs, \u00e0 14 h. 30 (55 fr. y compris l&rsquo;acc\u00e8s au salon). Inscription <strong><a href=\"https:\/\/www.rebwein.ch\/events\">sur le site<\/a><\/strong>.<\/p>\n<p>Rappelons <strong>notre dossier sur l&rsquo;Alto Piemonte<\/strong>, \u00e0 <strong><a href=\"https:\/\/thomasvino.ch\/?p=18421\">lire ici<\/a><\/strong>. Ainsi que la discussion autour du <a href=\"https:\/\/thomasvino.ch\/?p=18496\"><strong>c\u00e9page blanc erbaluce<\/strong>,<\/a> dont un producteur, Eugenio Pastoris, de Caluso sera pr\u00e9sent \u00e0 Zurich.<\/p>\n<p><em>\u00a9thomasvino.ch<\/em><\/p>\n<p>&nbsp;<\/p>\n","protected":false},"excerpt":{"rendered":"<p>Le dimanche 23 f\u00e9vrier, au premier \u00e9tage du Neumarkt, \u00e0 Zurich, aura lieu un \u00absommet des nebbiolos alpins\u00bb, organis\u00e9 par Roger E. Baumann (www.rebwein.ch). Une douzaine de producteurs seront pr\u00e9sents et feront d\u00e9guster leurs nectars. Le c\u00e9page nebbiolo est \u00e0 la mode et se red\u00e9couvre non seulement dans sa r\u00e9gion du Pi\u00e9mont entre Alba et [&hellip;]<\/p>\n","protected":false},"author":3,"featured_media":0,"comment_status":"closed","ping_status":"open","sticky":false,"template":"","format":"standard","meta":{"_monsterinsights_skip_tracking":false,"_monsterinsights_sitenote_active":false,"_monsterinsights_sitenote_note":"","_monsterinsights_sitenote_category":0,"jetpack_post_was_ever_published":false,"jetpack_publicize_message":"","jetpack_is_tweetstorm":false,"jetpack_publicize_feature_enabled":true,"jetpack_social_post_already_shared":true,"jetpack_social_options":{"image_generator_settings":{"template":"highway","enabled":false}}},"categories":[29],"tags":[],"jetpack_publicize_connections":[],"yoast_head":"<!-- This site is optimized with the Yoast SEO plugin v20.6 - https:\/\/yoast.com\/wordpress\/plugins\/seo\/ -->\n<title>Sommet des nebbiolos alpins \u00e0 Zurich - thomasvino<\/title>\n<meta name=\"robots\" content=\"index, follow, max-snippet:-1, max-image-preview:large, max-video-preview:-1\" \/>\n<link rel=\"canonical\" href=\"https:\/\/thomasvino.ch\/?p=18579\" \/>\n<meta property=\"og:locale\" content=\"fr_FR\" \/>\n<meta property=\"og:type\" content=\"article\" \/>\n<meta property=\"og:title\" content=\"Sommet des nebbiolos alpins \u00e0 Zurich - thomasvino\" \/>\n<meta property=\"og:description\" content=\"Le dimanche 23 f\u00e9vrier, au premier \u00e9tage du Neumarkt, \u00e0 Zurich, aura lieu un \u00absommet des nebbiolos alpins\u00bb, organis\u00e9 par Roger E. Baumann (www.rebwein.ch). Une douzaine de producteurs seront pr\u00e9sents et feront d\u00e9guster leurs nectars. Le c\u00e9page nebbiolo est \u00e0 la mode et se red\u00e9couvre non seulement dans sa r\u00e9gion du Pi\u00e9mont entre Alba et [&hellip;]\" \/>\n<meta property=\"og:url\" content=\"https:\/\/thomasvino.ch\/?p=18579\" \/>\n<meta property=\"og:site_name\" content=\"thomasvino\" \/>\n<meta property=\"article:published_time\" content=\"2025-01-28T14:40:29+00:00\" \/>\n<meta property=\"og:image\" content=\"https:\/\/thomasvino.ch\/wp-content\/uploads\/2024\/05\/Boca_Traversagna-300x232.jpg\" \/>\n<meta name=\"author\" content=\"Pierre Thomas\" \/>\n<meta name=\"twitter:label1\" content=\"\u00c9crit par\" \/>\n\t<meta name=\"twitter:data1\" content=\"Pierre Thomas\" \/>\n\t<meta name=\"twitter:label2\" content=\"Dur\u00e9e de lecture estim\u00e9e\" \/>\n\t<meta name=\"twitter:data2\" content=\"2 minutes\" \/>\n<script type=\"application\/ld+json\" class=\"yoast-schema-graph\">{\"@context\":\"https:\/\/schema.org\",\"@graph\":[{\"@type\":\"WebPage\",\"@id\":\"https:\/\/thomasvino.ch\/?p=18579\",\"url\":\"https:\/\/thomasvino.ch\/?p=18579\",\"name\":\"Sommet des nebbiolos alpins \u00e0 Zurich - thomasvino\",\"isPartOf\":{\"@id\":\"https:\/\/thomasvino.ch\/#website\"},\"datePublished\":\"2025-01-28T14:40:29+00:00\",\"dateModified\":\"2025-01-28T14:40:29+00:00\",\"author\":{\"@id\":\"https:\/\/thomasvino.ch\/#\/schema\/person\/670bf4486fe81152cf1d68bd585e062e\"},\"breadcrumb\":{\"@id\":\"https:\/\/thomasvino.ch\/?p=18579#breadcrumb\"},\"inLanguage\":\"fr-FR\",\"potentialAction\":[{\"@type\":\"ReadAction\",\"target\":[\"https:\/\/thomasvino.ch\/?p=18579\"]}]},{\"@type\":\"BreadcrumbList\",\"@id\":\"https:\/\/thomasvino.ch\/?p=18579#breadcrumb\",\"itemListElement\":[{\"@type\":\"ListItem\",\"position\":1,\"name\":\"Accueil\",\"item\":\"https:\/\/thomasvino.ch\/\"},{\"@type\":\"ListItem\",\"position\":2,\"name\":\"Sommet des nebbiolos alpins \u00e0 Zurich\"}]},{\"@type\":\"WebSite\",\"@id\":\"https:\/\/thomasvino.ch\/#website\",\"url\":\"https:\/\/thomasvino.ch\/\",\"name\":\"thomasvino\",\"description\":\"Vins &amp; Gastronomie\",\"potentialAction\":[{\"@type\":\"SearchAction\",\"target\":{\"@type\":\"EntryPoint\",\"urlTemplate\":\"https:\/\/thomasvino.ch\/?s={search_term_string}\"},\"query-input\":\"required name=search_term_string\"}],\"inLanguage\":\"fr-FR\"},{\"@type\":\"Person\",\"@id\":\"https:\/\/thomasvino.ch\/#\/schema\/person\/670bf4486fe81152cf1d68bd585e062e\",\"name\":\"Pierre Thomas\",\"image\":{\"@type\":\"ImageObject\",\"inLanguage\":\"fr-FR\",\"@id\":\"https:\/\/thomasvino.ch\/#\/schema\/person\/image\/\",\"url\":\"https:\/\/secure.gravatar.com\/avatar\/91fd5a76647f140e53db987a0dead4d7?s=96&d=mm&r=g\",\"contentUrl\":\"https:\/\/secure.gravatar.com\/avatar\/91fd5a76647f140e53db987a0dead4d7?s=96&d=mm&r=g\",\"caption\":\"Pierre Thomas\"},\"url\":\"https:\/\/thomasvino.ch\/?author=3\"}]}<\/script>\n<!-- \/ Yoast SEO plugin. -->","yoast_head_json":{"title":"Sommet des nebbiolos alpins \u00e0 Zurich - thomasvino","robots":{"index":"index","follow":"follow","max-snippet":"max-snippet:-1","max-image-preview":"max-image-preview:large","max-video-preview":"max-video-preview:-1"},"canonical":"https:\/\/thomasvino.ch\/?p=18579","og_locale":"fr_FR","og_type":"article","og_title":"Sommet des nebbiolos alpins \u00e0 Zurich - thomasvino","og_description":"Le dimanche 23 f\u00e9vrier, au premier \u00e9tage du Neumarkt, \u00e0 Zurich, aura lieu un \u00absommet des nebbiolos alpins\u00bb, organis\u00e9 par Roger E. Baumann (www.rebwein.ch). Une douzaine de producteurs seront pr\u00e9sents et feront d\u00e9guster leurs nectars. Le c\u00e9page nebbiolo est \u00e0 la mode et se red\u00e9couvre non seulement dans sa r\u00e9gion du Pi\u00e9mont entre Alba et [&hellip;]","og_url":"https:\/\/thomasvino.ch\/?p=18579","og_site_name":"thomasvino","article_published_time":"2025-01-28T14:40:29+00:00","og_image":[{"url":"https:\/\/thomasvino.ch\/wp-content\/uploads\/2024\/05\/Boca_Traversagna-300x232.jpg"}],"author":"Pierre Thomas","twitter_misc":{"\u00c9crit par":"Pierre Thomas","Dur\u00e9e de lecture estim\u00e9e":"2 minutes"},"schema":{"@context":"https:\/\/schema.org","@graph":[{"@type":"WebPage","@id":"https:\/\/thomasvino.ch\/?p=18579","url":"https:\/\/thomasvino.ch\/?p=18579","name":"Sommet des nebbiolos alpins \u00e0 Zurich - thomasvino","isPartOf":{"@id":"https:\/\/thomasvino.ch\/#website"},"datePublished":"2025-01-28T14:40:29+00:00","dateModified":"2025-01-28T14:40:29+00:00","author":{"@id":"https:\/\/thomasvino.ch\/#\/schema\/person\/670bf4486fe81152cf1d68bd585e062e"},"breadcrumb":{"@id":"https:\/\/thomasvino.ch\/?p=18579#breadcrumb"},"inLanguage":"fr-FR","potentialAction":[{"@type":"ReadAction","target":["https:\/\/thomasvino.ch\/?p=18579"]}]},{"@type":"BreadcrumbList","@id":"https:\/\/thomasvino.ch\/?p=18579#breadcrumb","itemListElement":[{"@type":"ListItem","position":1,"name":"Accueil","item":"https:\/\/thomasvino.ch\/"},{"@type":"ListItem","position":2,"name":"Sommet des nebbiolos alpins \u00e0 Zurich"}]},{"@type":"WebSite","@id":"https:\/\/thomasvino.ch\/#website","url":"https:\/\/thomasvino.ch\/","name":"thomasvino","description":"Vins &amp; Gastronomie","potentialAction":[{"@type":"SearchAction","target":{"@type":"EntryPoint","urlTemplate":"https:\/\/thomasvino.ch\/?s={search_term_string}"},"query-input":"required name=search_term_string"}],"inLanguage":"fr-FR"},{"@type":"Person","@id":"https:\/\/thomasvino.ch\/#\/schema\/person\/670bf4486fe81152cf1d68bd585e062e","name":"Pierre Thomas","image":{"@type":"ImageObject","inLanguage":"fr-FR","@id":"https:\/\/thomasvino.ch\/#\/schema\/person\/image\/","url":"https:\/\/secure.gravatar.com\/avatar\/91fd5a76647f140e53db987a0dead4d7?s=96&d=mm&r=g","contentUrl":"https:\/\/secure.gravatar.com\/avatar\/91fd5a76647f140e53db987a0dead4d7?s=96&d=mm&r=g","caption":"Pierre Thomas"},"url":"https:\/\/thomasvino.ch\/?author=3"}]}},"jetpack_featured_media_url":"","jetpack_sharing_enabled":true,"jetpack_shortlink":"https:\/\/wp.me\/p3m4tZ-4PF","jetpack_likes_enabled":false,"jetpack-related-posts":[{"id":15694,"url":"https:\/\/thomasvino.ch\/?p=15694","url_meta":{"origin":18579,"position":0},"title":"L&rsquo;Alto Piemonte (Novare): l&rsquo;\u00abautre\u00bb Pi\u00e9mont","date":"1 mai 2019","format":false,"excerpt":"Le Pi\u00e9mont, entre le sud des Alpes et le Monferato et les Langhe, a totalis\u00e9 jusqu\u2019\u00e0 40'000 hectares de vigne, avant le phyllox\u00e9ra et l\u2019industrialisation. Il en reste 800 hectares dans l\u2019Alto Piemonte, du lac de Viverone \u00e0 Crodo, au nord de Domodossola. D\u00e9couverte, ou plut\u00f4t, red\u00e9couverte\u00a0! Par Pierre Thomas,\u2026","rel":"","context":"Dans &quot;Vins italiens&quot;","img":{"alt_text":"","src":"https:\/\/i0.wp.com\/thomasvino.ch\/wp-content\/uploads\/2019\/04\/site_guardasole_verte-300x300.jpg?resize=350%2C200&ssl=1","width":350,"height":200},"classes":[]},{"id":18421,"url":"https:\/\/thomasvino.ch\/?p=18421","url_meta":{"origin":18579,"position":1},"title":"Dossier: L\u2019Alto Piemonte\u00a0et son embellie viticole","date":"1 mai 2024","format":false,"excerpt":"C\u2019est une r\u00e9gion au revers sud du Mont-Rose qui fait partie des \u00abcit\u00e9s europ\u00e9ennes du vin\u00bb 2024. Reportage dans la Valsesia pour d\u00e9couvrir le nebbiolo prometteur. En fin de document, les notes sur les vins rouges de l'Alto Piemonte,\u00a0d\u00e9gust\u00e9s le 11 mai au Castello di Novara. Une page sur le\u2026","rel":"","context":"Dans &quot;Vins italiens&quot;","img":{"alt_text":"","src":"https:\/\/i0.wp.com\/thomasvino.ch\/wp-content\/uploads\/2024\/05\/img_4763-1.jpg?resize=350%2C200&ssl=1","width":350,"height":200},"classes":[]},{"id":18649,"url":"https:\/\/thomasvino.ch\/?p=18649","url_meta":{"origin":18579,"position":2},"title":"Vins de la Vall\u00e9e d\u2019Ossola (Italie) &#8211; Une descente en rappel","date":"13 d\u00e9cembre 2025","format":false,"excerpt":"Je le confesse, m\u00eame depuis que je s\u00e9journe au bord du lac d\u2019Orta, j\u2019avais jusqu'ici snob\u00e9 les vignes de la Vall\u00e9e d\u2019Ossola. Il a fallu un voyage de presse organis\u00e9 par le consortium de l\u2019Alto Piemonte, en compl\u00e9ment du salon Taste Alto Piemonte (les 9 et 10 novembre 2025 \u00e0\u2026","rel":"","context":"Dans &quot;Vins italiens&quot;","img":{"alt_text":"","src":"https:\/\/i0.wp.com\/thomasvino.ch\/wp-content\/uploads\/2025\/11\/topia3-300x225.jpeg?resize=350%2C200&ssl=1","width":350,"height":200},"classes":[]},{"id":15854,"url":"https:\/\/thomasvino.ch\/?p=15854","url_meta":{"origin":18579,"position":3},"title":"Bonne bouche: la face cach\u00e9e du Mont-Rose","date":"29 mai 2019","format":false,"excerpt":"Tout bon Suisse (ou qui veut le devenir\u2026) ne saurait l\u2019ignorer\u00a0: le plus haut sommet de nos Alpes est la pointe Dufour, \u00e0 4634 m\u00e8tres. Seul le Mont-Blanc, plus haut sommet d\u2019Europe, la surpasse. Ce pic discret fait partie du Mont-Rose, versant zermattois. Mais qui sait que ce massif, au\u2026","rel":"","context":"Dans &quot;Bonne bouche \u2014 encore!&quot;","img":{"alt_text":"","src":"","width":0,"height":0},"classes":[]},{"id":12057,"url":"https:\/\/thomasvino.ch\/?p=12057","url_meta":{"origin":18579,"position":4},"title":"Le prosecco au-del\u00e0 du \u00abc\u00fcpli\u00bb","date":"26 juin 2014","format":false,"excerpt":"L\u2019an pass\u00e9, la Suisse est devenue le principal client de la DOCG Conegliano-Valdobbiadene Prosecco Superiore, en valeur, et, en volume, figure juste derri\u00e8re l\u2019Allemagne. Comme les Italiens avant eux, les Germains appr\u00e9cient ce vin p\u00e9tillant, d\u00e9complex\u00e9, le plus souvent l\u00e9g\u00e8rement doux et anecdotique \u00e0 l\u2019heure de l\u2019ap\u00e9ro. Ces qualit\u00e9s simples\u2026","rel":"","context":"Dans &quot;Tendance&quot;","img":{"alt_text":"","src":"https:\/\/i0.wp.com\/www.thomasvino.ch\/wp-content\/uploads\/2014\/06\/prosec_vignetogiardino_pts-300x225.jpg?resize=350%2C200","width":350,"height":200},"classes":[]},{"id":14577,"url":"https:\/\/thomasvino.ch\/?p=14577","url_meta":{"origin":18579,"position":5},"title":"Les vins siciliens se r\u00e9approprient leur identit\u00e9","date":"12 octobre 2017","format":false,"excerpt":"En obligeant les producteurs \u00e0 vendanger, d\u00e8s cette ann\u00e9e 2017, les raisins des c\u00e9pages locaux grillo (blanc) et nero d\u2019avola (rouge), uniquement selon les crit\u00e8res plus s\u00e9v\u00e8res de la nouvelle \u00abd\u00e9nomination d\u2019origine contr\u00f4l\u00e9e\u00bb (DOC) Sicilia, la plus grande \u00eele de la M\u00e9diterran\u00e9e se r\u00e9approprie ses vins. Deux nouvelles, cet automne,\u2026","rel":"","context":"Dans &quot;Vins italiens&quot;","img":{"alt_text":"","src":"https:\/\/i0.wp.com\/thomasvino.ch\/wp-content\/uploads\/2017\/09\/a_sic_giurfo.jpg?fit=1200%2C900&ssl=1&resize=350%2C200","width":350,"height":200},"classes":[]}],"_links":{"self":[{"href":"https:\/\/thomasvino.ch\/index.php?rest_route=\/wp\/v2\/posts\/18579"}],"collection":[{"href":"https:\/\/thomasvino.ch\/index.php?rest_route=\/wp\/v2\/posts"}],"about":[{"href":"https:\/\/thomasvino.ch\/index.php?rest_route=\/wp\/v2\/types\/post"}],"author":[{"embeddable":true,"href":"https:\/\/thomasvino.ch\/index.php?rest_route=\/wp\/v2\/users\/3"}],"replies":[{"embeddable":true,"href":"https:\/\/thomasvino.ch\/index.php?rest_route=%2Fwp%2Fv2%2Fcomments&post=18579"}],"version-history":[{"count":1,"href":"https:\/\/thomasvino.ch\/index.php?rest_route=\/wp\/v2\/posts\/18579\/revisions"}],"predecessor-version":[{"id":18580,"href":"https:\/\/thomasvino.ch\/index.php?rest_route=\/wp\/v2\/posts\/18579\/revisions\/18580"}],"wp:attachment":[{"href":"https:\/\/thomasvino.ch\/index.php?rest_route=%2Fwp%2Fv2%2Fmedia&parent=18579"}],"wp:term":[{"taxonomy":"category","embeddable":true,"href":"https:\/\/thomasvino.ch\/index.php?rest_route=%2Fwp%2Fv2%2Fcategories&post=18579"},{"taxonomy":"post_tag","embeddable":true,"href":"https:\/\/thomasvino.ch\/index.php?rest_route=%2Fwp%2Fv2%2Ftags&post=18579"}],"curies":[{"name":"wp","href":"https:\/\/api.w.org\/{rel}","templated":true}]}}