{"id":18682,"date":"2026-03-08T09:39:58","date_gmt":"2026-03-08T08:39:58","guid":{"rendered":"https:\/\/thomasvino.ch\/?p=18682"},"modified":"2026-03-08T09:39:58","modified_gmt":"2026-03-08T08:39:58","slug":"merlots-du-tessin-prendrez-vous-une-caisse-daudace","status":"publish","type":"post","link":"https:\/\/thomasvino.ch\/?p=18682","title":{"rendered":"Merlots du Tessin: prendrez-vous une caisse d\u2019audace?"},"content":{"rendered":"<p style=\"font-weight: 400;\"><strong>Le jeu de mots est facile: sous le nom de <em>\u00abDodas\u00bb<\/em>, douze vigneronnes et vignerons du Tessin, quasi \u00e0 parit\u00e9, viennent de pr\u00e9senter une caisse de chacun de leur meilleur merlot, \u00e9lev\u00e9 pour tenir dans le temps, \u00e0 Lugano, la capitale \u00e9conomique et culturelle du seul canton suisse d\u2019expression italophone. J&rsquo;y \u00e9tais et j&rsquo;ai transmis mon compte rendu au blog <a href=\"https:\/\/les5duvin.wordpress.com\/2026\/03\/07\/prendrez-vous-une-caisse-daudace\/\"><em>les5duvin<\/em><\/a>.<\/strong><\/p>\n<p><em>De Lugano, Pierre Thomas<\/em><\/p>\n<div id=\"attachment_18685\" style=\"width: 235px\" class=\"wp-caption aligncenter\"><img aria-describedby=\"caption-attachment-18685\" data-attachment-id=\"18685\" data-permalink=\"https:\/\/thomasvino.ch\/?attachment_id=18685\" data-orig-file=\"https:\/\/i0.wp.com\/thomasvino.ch\/wp-content\/uploads\/2026\/03\/dodas_trio-scaled.jpg?fit=1920%2C2560&amp;ssl=1\" data-orig-size=\"1920,2560\" data-comments-opened=\"0\" data-image-meta=\"{&quot;aperture&quot;:&quot;0&quot;,&quot;credit&quot;:&quot;&quot;,&quot;camera&quot;:&quot;&quot;,&quot;caption&quot;:&quot;&quot;,&quot;created_timestamp&quot;:&quot;0&quot;,&quot;copyright&quot;:&quot;&quot;,&quot;focal_length&quot;:&quot;0&quot;,&quot;iso&quot;:&quot;0&quot;,&quot;shutter_speed&quot;:&quot;0&quot;,&quot;title&quot;:&quot;&quot;,&quot;orientation&quot;:&quot;0&quot;}\" data-image-title=\"dodas_trio\" data-image-description=\"\" data-image-caption=\"&lt;p&gt;Un trio pour douze crus : de g. \u00e0 dr., Gaby Gianini, Eliana Marchionetti et Cristina Monico&lt;\/p&gt;\n\" data-medium-file=\"https:\/\/i0.wp.com\/thomasvino.ch\/wp-content\/uploads\/2026\/03\/dodas_trio-scaled.jpg?fit=225%2C300&amp;ssl=1\" data-large-file=\"https:\/\/i0.wp.com\/thomasvino.ch\/wp-content\/uploads\/2026\/03\/dodas_trio-scaled.jpg?fit=768%2C1024&amp;ssl=1\" loading=\"lazy\" class=\"size-medium wp-image-18685\" src=\"https:\/\/i0.wp.com\/thomasvino.ch\/wp-content\/uploads\/2026\/03\/dodas_trio.jpg?resize=225%2C300&#038;ssl=1\" alt=\"\" width=\"225\" height=\"300\" srcset=\"https:\/\/i0.wp.com\/thomasvino.ch\/wp-content\/uploads\/2026\/03\/dodas_trio-scaled.jpg?resize=225%2C300&amp;ssl=1 225w, https:\/\/i0.wp.com\/thomasvino.ch\/wp-content\/uploads\/2026\/03\/dodas_trio-scaled.jpg?resize=768%2C1024&amp;ssl=1 768w, https:\/\/i0.wp.com\/thomasvino.ch\/wp-content\/uploads\/2026\/03\/dodas_trio-scaled.jpg?resize=1152%2C1536&amp;ssl=1 1152w, https:\/\/i0.wp.com\/thomasvino.ch\/wp-content\/uploads\/2026\/03\/dodas_trio-scaled.jpg?resize=1536%2C2048&amp;ssl=1 1536w, https:\/\/i0.wp.com\/thomasvino.ch\/wp-content\/uploads\/2026\/03\/dodas_trio-scaled.jpg?w=1920&amp;ssl=1 1920w\" sizes=\"(max-width: 225px) 100vw, 225px\" data-recalc-dims=\"1\" \/><p id=\"caption-attachment-18685\" class=\"wp-caption-text\"><em>Un trio pour douze crus : de g. \u00e0 dr., Gaby Gianini, Eliana Marchionetti et Cristina Monico<\/em><\/p><\/div>\n<p>&nbsp;<\/p>\n<p style=\"font-weight: 400;\"><em>Dodas<\/em>, n\u2019est pas de l\u2019italien, mais du patois tessinois. Et veut dire douze, tout simplement. Le 12 mars de chaque ann\u00e9e, une telle caisse, vendue autour de 700 euros, pour des vins qui, chacun valent entre 35 et 70 euros la bouteille au domaine, sera mise sur le march\u00e9. Une collection qui est le reflet d\u2019un seul mill\u00e9sime, en l\u2019occurrence le 2022.<\/p>\n<h3 style=\"font-weight: 400;\"><strong>Le merlot condamn\u00e9 par le climat\u00a0?<\/strong><\/h3>\n<p style=\"font-weight: 400;\">Ce mill\u00e9sime \u00e9chappe \u00e0 la mal\u00e9diction qui pourrait s\u2019abattre sur le merlot du Sud des Alpes\u00a0: la m\u00e9t\u00e9o fut favorable cette ann\u00e9e-l\u00e0, avec un \u00e9t\u00e9 chaud et sec, qui a donn\u00e9 une belle quantit\u00e9 de vins rouges capiteux et fort plaisants \u00e0 d\u00e9guster, d\u00e8s maintenant. On le sait d\u00e9j\u00e0, ce sera plus d\u00e9licat dans les mill\u00e9simes qui suivront (on en conna\u00eet d\u00e9j\u00e0 trois\u2026). Mais comme l\u2019a dit <strong>Sacha Pelossi<\/strong>, <em>\u00able travail de l\u2019\u0153nologue se reconna\u00eet davantage dans les petits mill\u00e9simes que dans les grands\u00bb.<\/em><\/p>\n<p style=\"font-weight: 400;\">Le Tessin, avec ses 864 hectares de merlot (71% du vignoble de 1215 ha), a l\u2019habitude de conna\u00eetre, depuis 2003, une alternance d\u2019ann\u00e9es tr\u00e8s chaudes ou tr\u00e8s humides. Le merlot, \u00e0 la peau plus fine que le cabernet sauvignon, n\u2019affectionne aucun de ces extr\u00eames. Il peut \u00abgriller\u00bb quand il fait trop chaud et, surtout, \u00eatre m\u00fbr trop t\u00f4t, avant sa maturit\u00e9 ph\u00e9nolique et le pic de ses ar\u00f4mes. Et quand le cycle v\u00e9g\u00e9tatif de la vigne est perturb\u00e9 par le froid ou la pluie, il peut avoir de s\u00e9rieux probl\u00e8mes d\u00e8s la fleur et jusqu\u2019\u00e0 la vendange, en passant par des attaques de champignons, comme le mildiou puis la pourriture grise. Il faut donc bel et bien de l\u2019audace pour profiler les meilleures cuv\u00e9es de chaque producteur et les construire pour durer, en esp\u00e9rant qu\u2019elles s\u2019am\u00e9liorent dans le temps\u2026<\/p>\n<p style=\"font-weight: 400;\">Pour autant, le merlot, d\u00e9cri\u00e9 en Californie et vilipend\u00e9 \u00e0 Bordeaux, n\u2019a pas dit son dernier mot, assure le g\u00e9n\u00e9ticien de la vigne, \u00a0<strong>Jos\u00e9 Vouillamoz<\/strong>. Il est pr\u00e9sent depuis le d\u00e9but du XX\u00e8me si\u00e8cle : les responsables viticoles tessinois de l\u2019\u00e9poque \u00e9taient aller se renseigner \u00e0 Bordeaux, pour remplacer les vieilles vari\u00e9t\u00e9s, victimes du phyllox\u00e9ra. Aujourd\u2019hui, plut\u00f4t qu\u2019une orientation vers des assemblages \u00ab\u00e0 la bordelaise\u00bb, le scientifique doubl\u00e9 d\u2019un communicateur \u00e9cout\u00e9, plaide pour une viticulture adapt\u00e9e au changement climatique et, en amont, pour des clones (plus !) appropri\u00e9s et des porte-greffes adapt\u00e9s : en France, on compte 12 clones de merlot, contre 37 en Italie, et 5 seulement en Suisse, deux fois moins qu\u2019en Autriche ou en Allemagne.<\/p>\n<h3 style=\"font-weight: 400;\"><strong>Une empreinte alpine et m\u00e9diterran\u00e9enne<\/strong><\/h3>\n<p style=\"font-weight: 400;\">Une chose est certaine, comme l\u2019a affirm\u00e9 <strong>Johana Dayer<\/strong>, future <em>Master of Wine<\/em>, le <em>\u00abmerlot du Tessin n\u2019est ni une imitation bordelaise, ni une d\u00e9clinaison toscane\u00bb<\/em>. D&rsquo;abord, les sols sont diff\u00e9rents : les granits et les gneiss du Sud des Alpes n\u2019ont rien en commun avec l\u2019argilo-calcaire de Saint-Emilion ou les galestro et alberese toscans. Compl\u00e9t\u00e9e des influences climatiques \u00e0 la confluence des Alpes et de la plaine du P\u00f4, voire de la M\u00e9diterran\u00e9e, cette base assure aux vins tessinois \u00abun \u00e9quilibre rare entre maturit\u00e9 et fra\u00eecheur\u00bb. A ce titre, le chaud 2022 n\u2019est peut-\u00eatre pas le meilleur exemple d\u2019un \u00e9cart marqu\u00e9 entre le sud et le nord du Tessin, <em>\u00absotto\u00bb<\/em> ou <em>\u00absopra\u00bb<\/em> Ceneri, le massif montagneux qui coupe le canton en deux\u2026<\/p>\n<h3 style=\"font-weight: 400;\"><strong>Confirmations et r\u00e9v\u00e9lations<\/strong><\/h3>\n<p style=\"font-weight: 400;\">Apr\u00e8s la th\u00e9orie, la pratique. Il s\u2019agissait de d\u00e9guster, \u00e0 la vol\u00e9e, les nectars de chaque producteur. Plus de la moiti\u00e9 sont des membres de la M\u00e9moire des vins suisses (7 sur 12) et j\u2019en ai cit\u00e9 6 sur 12 (dont un qui n\u2019est pas de la M\u00e9moire) dans mon livre <em>\u00ab111 vins suisses \u00e0 ne pas manquer\u00bb.<\/em><\/p>\n<div id=\"attachment_18686\" style=\"width: 310px\" class=\"wp-caption aligncenter\"><img aria-describedby=\"caption-attachment-18686\" data-attachment-id=\"18686\" data-permalink=\"https:\/\/thomasvino.ch\/?attachment_id=18686\" data-orig-file=\"https:\/\/i0.wp.com\/thomasvino.ch\/wp-content\/uploads\/2026\/03\/dodas_groupe.jpg?fit=1920%2C1277&amp;ssl=1\" data-orig-size=\"1920,1277\" data-comments-opened=\"0\" data-image-meta=\"{&quot;aperture&quot;:&quot;5.6&quot;,&quot;credit&quot;:&quot;&quot;,&quot;camera&quot;:&quot;LEICA Q3&quot;,&quot;caption&quot;:&quot;&quot;,&quot;created_timestamp&quot;:&quot;0&quot;,&quot;copyright&quot;:&quot;&quot;,&quot;focal_length&quot;:&quot;28&quot;,&quot;iso&quot;:&quot;100&quot;,&quot;shutter_speed&quot;:&quot;0.0015625&quot;,&quot;title&quot;:&quot;i dodas&quot;,&quot;orientation&quot;:&quot;1&quot;}\" data-image-title=\"i dodas\" data-image-description=\"\" data-image-caption=\"&lt;p&gt;Plus qu&amp;rsquo;un groupe, une grande famille&#8230;&lt;\/p&gt;\n\" data-medium-file=\"https:\/\/i0.wp.com\/thomasvino.ch\/wp-content\/uploads\/2026\/03\/dodas_groupe.jpg?fit=300%2C200&amp;ssl=1\" data-large-file=\"https:\/\/i0.wp.com\/thomasvino.ch\/wp-content\/uploads\/2026\/03\/dodas_groupe.jpg?fit=1024%2C681&amp;ssl=1\" loading=\"lazy\" class=\"size-medium wp-image-18686\" src=\"https:\/\/i0.wp.com\/thomasvino.ch\/wp-content\/uploads\/2026\/03\/dodas_groupe.jpg?resize=300%2C200&#038;ssl=1\" alt=\"\" width=\"300\" height=\"200\" srcset=\"https:\/\/i0.wp.com\/thomasvino.ch\/wp-content\/uploads\/2026\/03\/dodas_groupe.jpg?resize=300%2C200&amp;ssl=1 300w, https:\/\/i0.wp.com\/thomasvino.ch\/wp-content\/uploads\/2026\/03\/dodas_groupe.jpg?resize=1024%2C681&amp;ssl=1 1024w, https:\/\/i0.wp.com\/thomasvino.ch\/wp-content\/uploads\/2026\/03\/dodas_groupe.jpg?resize=768%2C511&amp;ssl=1 768w, https:\/\/i0.wp.com\/thomasvino.ch\/wp-content\/uploads\/2026\/03\/dodas_groupe.jpg?resize=1536%2C1022&amp;ssl=1 1536w, https:\/\/i0.wp.com\/thomasvino.ch\/wp-content\/uploads\/2026\/03\/dodas_groupe.jpg?resize=140%2C94&amp;ssl=1 140w, https:\/\/i0.wp.com\/thomasvino.ch\/wp-content\/uploads\/2026\/03\/dodas_groupe.jpg?w=1920&amp;ssl=1 1920w\" sizes=\"(max-width: 300px) 100vw, 300px\" data-recalc-dims=\"1\" \/><p id=\"caption-attachment-18686\" class=\"wp-caption-text\"><em>Plus qu&rsquo;un groupe, une grande famille&#8230;<\/em><\/p><\/div>\n<p style=\"font-weight: 400;\">En toute subjectivit\u00e9, il y a donc des confirmations au plus haut niveau\u00a0: les tr\u00e8s r\u00e9ussis <em>\u00abBalin\u00bb<\/em> d\u2019<strong>Anna Barbara von der Crone<\/strong> <strong>Kopp<\/strong> et <strong>Paolo Visini<\/strong> et <em>\u00abMontagna Magica\u00bb<\/em> de <strong>Jonas Huber<\/strong>, deux piliers de la M\u00e9moire, et, le complexe, avec ses notes de graphite marqu\u00e9es, et moins souvent d\u00e9gust\u00e9 (pour ma part) <em>\u00abIl Canto della Terra\u00bb<\/em>, de <strong>Sabrina Monti<\/strong>. Juste derri\u00e8re, remarquablement construits, deux vins qui s\u2019affichent <em>Riserva<\/em> (\u00e9levage de 18 mois de barriques au moins), de <strong>Moncucchetto<\/strong>, sign\u00e9 <strong>Cristina Monico<\/strong>, et du <strong>Castello di Morcote<\/strong>, de <strong>Gaby Gianini<\/strong> et <strong>Maurizio Merlo<\/strong>, et deux classiques suivis depuis plusieurs ann\u00e9es, le <em>\u00abLamone\u00bb<\/em>, de <strong>Sacha Pelossi<\/strong>, \u00e0 l\u2019\u00e9levage tr\u00e8s <em>\u00abbordelais\u00bb<\/em>, et le <em>\u00abCrescendo\u00bb<\/em>, de <strong>Mike Rudolf<\/strong> et <strong>Stefania Rag\u00f2<\/strong>. Le <em>\u00abMuss\u00bb<\/em>, de <strong>Fawino<\/strong> (<strong>Simone Favini<\/strong> et <strong>Claudio Widmer<\/strong>), l\u2019<em>\u00abOrrizonte\u00bb<\/em> de <strong>Myra Z\u00fcndel<\/strong>, l\u2019\u00ab<em>Amiis\u00bb<\/em> de <strong>Settemaggio<\/strong> (famille <strong>Marcionetti<\/strong>), le <em>\u00abRonco dei Ciliegi\u00bb<\/em> de l\u2019<strong>Azienda Mond\u00f2<\/strong> (les fr\u00e8res <strong>Rossi<\/strong>) et le <em>\u00abStella\u00bb<\/em> (<strong>Urs Hauser<\/strong>) compl\u00e8tent ce tour d\u2019horizon. Ces artisans assurent \u00e0 la caisse une belle repr\u00e9sentativit\u00e9 de ce qui se fait de mieux au Tessin, m\u00eame si aucune <em>\u00abgrande cave\u00bb<\/em> ne figure dans cette r\u00e9union d\u2019amis proches de la terre.<\/p>\n<p>Pr\u00e9sent non comme producteur de merlot, mais comme nouveau pr\u00e9sident central de l&rsquo;Association suisse des sommeliers professionnels (ASSP), <strong>Paolo Basso<\/strong> a lanc\u00e9 au groupe d&rsquo;amis, dont l&rsquo;ent\u00eate du site Internet est en anglais: <em>\u00abGood luck!\u00bb<\/em>, tout en insistant sur la n\u00e9cessit\u00e9 de tirer les vins tessinois (et suisses) vers le haut, dans un march\u00e9 difficile.<\/p>\n<h3 style=\"font-weight: 400;\"><strong>De l\u2019horizontale \u00e0 la verticale<\/strong><\/h3>\n<p style=\"font-weight: 400;\">Ceux qui auront la patience de collectionner plusieurs caisses de plusieurs mill\u00e9simes pourront bifurquer d\u2019une passionnante horizontale \u00e0 une vertigineuse verticale. Avec douze pinots noirs, et d\u00e9sormais aussi douze chardonnays, les vignerons des Grisons, sous l\u2019\u00e9tendard de <em>Vinotiv<\/em>, ont montr\u00e9 la voie (d\u00e9gustation de pr\u00e9sentation du dernier mill\u00e9sime l\u2019apr\u00e8s-midi du 9 mai 2026, chez Davaz \u00e0 Fl\u00e4sch). La Baronnie du D\u00e9zaley pr\u00e9sente une caisse de chasselas Grand Cru de ses membres, dont certains font aussi partie du cercle <em>Arte Vitis<\/em>(quatorze membres uniquement vaudois). Il n\u2019y manque des Valaisans, partag\u00e9s entre leurs c\u00e9pages vinifi\u00e9s <em>\u00abin purezza\u00bb<\/em> (comme on dit au Tessin), petite arvine, en blanc, et cornalin et humagne rouge, et des assemblages h\u00e9t\u00e9roclites, o\u00f9 le duo cornalin \u2013 humagne para\u00eet avoir le vent en poupe. Et, dans un plus petit vignoble, Neuch\u00e2tel, o\u00f9, dit-on, il se pr\u00e9pare quelque chose&#8230;<\/p>\n<p><img data-attachment-id=\"18687\" data-permalink=\"https:\/\/thomasvino.ch\/?attachment_id=18687\" data-orig-file=\"https:\/\/i0.wp.com\/thomasvino.ch\/wp-content\/uploads\/2026\/03\/dodas_box.png?fit=1500%2C1139&amp;ssl=1\" data-orig-size=\"1500,1139\" data-comments-opened=\"0\" data-image-meta=\"{&quot;aperture&quot;:&quot;0&quot;,&quot;credit&quot;:&quot;&quot;,&quot;camera&quot;:&quot;&quot;,&quot;caption&quot;:&quot;&quot;,&quot;created_timestamp&quot;:&quot;0&quot;,&quot;copyright&quot;:&quot;&quot;,&quot;focal_length&quot;:&quot;0&quot;,&quot;iso&quot;:&quot;0&quot;,&quot;shutter_speed&quot;:&quot;0&quot;,&quot;title&quot;:&quot;&quot;,&quot;orientation&quot;:&quot;0&quot;}\" data-image-title=\"dodas_box\" data-image-description=\"\" data-image-caption=\"\" data-medium-file=\"https:\/\/i0.wp.com\/thomasvino.ch\/wp-content\/uploads\/2026\/03\/dodas_box.png?fit=300%2C228&amp;ssl=1\" data-large-file=\"https:\/\/i0.wp.com\/thomasvino.ch\/wp-content\/uploads\/2026\/03\/dodas_box.png?fit=1024%2C778&amp;ssl=1\" loading=\"lazy\" class=\"aligncenter size-medium wp-image-18687\" src=\"https:\/\/i0.wp.com\/thomasvino.ch\/wp-content\/uploads\/2026\/03\/dodas_box.png?resize=300%2C228&#038;ssl=1\" alt=\"\" width=\"300\" height=\"228\" srcset=\"https:\/\/i0.wp.com\/thomasvino.ch\/wp-content\/uploads\/2026\/03\/dodas_box.png?resize=300%2C228&amp;ssl=1 300w, https:\/\/i0.wp.com\/thomasvino.ch\/wp-content\/uploads\/2026\/03\/dodas_box.png?resize=1024%2C778&amp;ssl=1 1024w, https:\/\/i0.wp.com\/thomasvino.ch\/wp-content\/uploads\/2026\/03\/dodas_box.png?resize=768%2C583&amp;ssl=1 768w, https:\/\/i0.wp.com\/thomasvino.ch\/wp-content\/uploads\/2026\/03\/dodas_box.png?w=1500&amp;ssl=1 1500w\" sizes=\"(max-width: 300px) 100vw, 300px\" data-recalc-dims=\"1\" \/><\/p>\n<p style=\"font-weight: 400;\"><em>Site Internet : <a href=\"https:\/\/dodas.ch\">www.dodas.ch<\/a><\/em><\/p>\n<p style=\"font-weight: 400;\"><em>\u00a9thomasvino.ch<\/em><\/p>\n<p style=\"font-weight: 400;\">\n","protected":false},"excerpt":{"rendered":"<p>Le jeu de mots est facile: sous le nom de \u00abDodas\u00bb, douze vigneronnes et vignerons du Tessin, quasi \u00e0 parit\u00e9, viennent de pr\u00e9senter une caisse de chacun de leur meilleur merlot, \u00e9lev\u00e9 pour tenir dans le temps, \u00e0 Lugano, la capitale \u00e9conomique et culturelle du seul canton suisse d\u2019expression italophone. J&rsquo;y \u00e9tais et j&rsquo;ai transmis [&hellip;]<\/p>\n","protected":false},"author":3,"featured_media":0,"comment_status":"closed","ping_status":"open","sticky":false,"template":"","format":"standard","meta":{"_monsterinsights_skip_tracking":false,"_monsterinsights_sitenote_active":false,"_monsterinsights_sitenote_note":"","_monsterinsights_sitenote_category":0,"jetpack_post_was_ever_published":false,"jetpack_publicize_message":"","jetpack_is_tweetstorm":false,"jetpack_publicize_feature_enabled":true,"jetpack_social_post_already_shared":true,"jetpack_social_options":{"image_generator_settings":{"template":"highway","enabled":false}}},"categories":[29],"tags":[],"jetpack_publicize_connections":[],"yoast_head":"<!-- This site is optimized with the Yoast SEO plugin v20.6 - https:\/\/yoast.com\/wordpress\/plugins\/seo\/ -->\n<title>Merlots du Tessin: prendrez-vous une caisse d\u2019audace? - thomasvino<\/title>\n<meta name=\"robots\" content=\"index, follow, max-snippet:-1, max-image-preview:large, max-video-preview:-1\" \/>\n<link rel=\"canonical\" href=\"https:\/\/thomasvino.ch\/?p=18682\" \/>\n<meta property=\"og:locale\" content=\"fr_FR\" \/>\n<meta property=\"og:type\" content=\"article\" \/>\n<meta property=\"og:title\" content=\"Merlots du Tessin: prendrez-vous une caisse d\u2019audace? - thomasvino\" \/>\n<meta property=\"og:description\" content=\"Le jeu de mots est facile: sous le nom de \u00abDodas\u00bb, douze vigneronnes et vignerons du Tessin, quasi \u00e0 parit\u00e9, viennent de pr\u00e9senter une caisse de chacun de leur meilleur merlot, \u00e9lev\u00e9 pour tenir dans le temps, \u00e0 Lugano, la capitale \u00e9conomique et culturelle du seul canton suisse d\u2019expression italophone. J&rsquo;y \u00e9tais et j&rsquo;ai transmis [&hellip;]\" \/>\n<meta property=\"og:url\" content=\"https:\/\/thomasvino.ch\/?p=18682\" \/>\n<meta property=\"og:site_name\" content=\"thomasvino\" \/>\n<meta property=\"article:published_time\" content=\"2026-03-08T08:39:58+00:00\" \/>\n<meta property=\"og:image\" content=\"https:\/\/thomasvino.ch\/wp-content\/uploads\/2026\/03\/dodas_trio-225x300.jpg\" \/>\n<meta name=\"author\" content=\"Pierre Thomas\" \/>\n<meta name=\"twitter:label1\" content=\"\u00c9crit par\" \/>\n\t<meta name=\"twitter:data1\" content=\"Pierre Thomas\" \/>\n\t<meta name=\"twitter:label2\" content=\"Dur\u00e9e de lecture estim\u00e9e\" \/>\n\t<meta name=\"twitter:data2\" content=\"7 minutes\" \/>\n<script type=\"application\/ld+json\" class=\"yoast-schema-graph\">{\"@context\":\"https:\/\/schema.org\",\"@graph\":[{\"@type\":\"WebPage\",\"@id\":\"https:\/\/thomasvino.ch\/?p=18682\",\"url\":\"https:\/\/thomasvino.ch\/?p=18682\",\"name\":\"Merlots du Tessin: prendrez-vous une caisse d\u2019audace? - thomasvino\",\"isPartOf\":{\"@id\":\"https:\/\/thomasvino.ch\/#website\"},\"datePublished\":\"2026-03-08T08:39:58+00:00\",\"dateModified\":\"2026-03-08T08:39:58+00:00\",\"author\":{\"@id\":\"https:\/\/thomasvino.ch\/#\/schema\/person\/670bf4486fe81152cf1d68bd585e062e\"},\"breadcrumb\":{\"@id\":\"https:\/\/thomasvino.ch\/?p=18682#breadcrumb\"},\"inLanguage\":\"fr-FR\",\"potentialAction\":[{\"@type\":\"ReadAction\",\"target\":[\"https:\/\/thomasvino.ch\/?p=18682\"]}]},{\"@type\":\"BreadcrumbList\",\"@id\":\"https:\/\/thomasvino.ch\/?p=18682#breadcrumb\",\"itemListElement\":[{\"@type\":\"ListItem\",\"position\":1,\"name\":\"Accueil\",\"item\":\"https:\/\/thomasvino.ch\/\"},{\"@type\":\"ListItem\",\"position\":2,\"name\":\"Merlots du Tessin: prendrez-vous une caisse d\u2019audace?\"}]},{\"@type\":\"WebSite\",\"@id\":\"https:\/\/thomasvino.ch\/#website\",\"url\":\"https:\/\/thomasvino.ch\/\",\"name\":\"thomasvino\",\"description\":\"Vins &amp; Gastronomie\",\"potentialAction\":[{\"@type\":\"SearchAction\",\"target\":{\"@type\":\"EntryPoint\",\"urlTemplate\":\"https:\/\/thomasvino.ch\/?s={search_term_string}\"},\"query-input\":\"required name=search_term_string\"}],\"inLanguage\":\"fr-FR\"},{\"@type\":\"Person\",\"@id\":\"https:\/\/thomasvino.ch\/#\/schema\/person\/670bf4486fe81152cf1d68bd585e062e\",\"name\":\"Pierre Thomas\",\"image\":{\"@type\":\"ImageObject\",\"inLanguage\":\"fr-FR\",\"@id\":\"https:\/\/thomasvino.ch\/#\/schema\/person\/image\/\",\"url\":\"https:\/\/secure.gravatar.com\/avatar\/91fd5a76647f140e53db987a0dead4d7?s=96&d=mm&r=g\",\"contentUrl\":\"https:\/\/secure.gravatar.com\/avatar\/91fd5a76647f140e53db987a0dead4d7?s=96&d=mm&r=g\",\"caption\":\"Pierre Thomas\"},\"url\":\"https:\/\/thomasvino.ch\/?author=3\"}]}<\/script>\n<!-- \/ Yoast SEO plugin. -->","yoast_head_json":{"title":"Merlots du Tessin: prendrez-vous une caisse d\u2019audace? - thomasvino","robots":{"index":"index","follow":"follow","max-snippet":"max-snippet:-1","max-image-preview":"max-image-preview:large","max-video-preview":"max-video-preview:-1"},"canonical":"https:\/\/thomasvino.ch\/?p=18682","og_locale":"fr_FR","og_type":"article","og_title":"Merlots du Tessin: prendrez-vous une caisse d\u2019audace? - thomasvino","og_description":"Le jeu de mots est facile: sous le nom de \u00abDodas\u00bb, douze vigneronnes et vignerons du Tessin, quasi \u00e0 parit\u00e9, viennent de pr\u00e9senter une caisse de chacun de leur meilleur merlot, \u00e9lev\u00e9 pour tenir dans le temps, \u00e0 Lugano, la capitale \u00e9conomique et culturelle du seul canton suisse d\u2019expression italophone. J&rsquo;y \u00e9tais et j&rsquo;ai transmis [&hellip;]","og_url":"https:\/\/thomasvino.ch\/?p=18682","og_site_name":"thomasvino","article_published_time":"2026-03-08T08:39:58+00:00","og_image":[{"url":"https:\/\/thomasvino.ch\/wp-content\/uploads\/2026\/03\/dodas_trio-225x300.jpg"}],"author":"Pierre Thomas","twitter_misc":{"\u00c9crit par":"Pierre Thomas","Dur\u00e9e de lecture estim\u00e9e":"7 minutes"},"schema":{"@context":"https:\/\/schema.org","@graph":[{"@type":"WebPage","@id":"https:\/\/thomasvino.ch\/?p=18682","url":"https:\/\/thomasvino.ch\/?p=18682","name":"Merlots du Tessin: prendrez-vous une caisse d\u2019audace? - thomasvino","isPartOf":{"@id":"https:\/\/thomasvino.ch\/#website"},"datePublished":"2026-03-08T08:39:58+00:00","dateModified":"2026-03-08T08:39:58+00:00","author":{"@id":"https:\/\/thomasvino.ch\/#\/schema\/person\/670bf4486fe81152cf1d68bd585e062e"},"breadcrumb":{"@id":"https:\/\/thomasvino.ch\/?p=18682#breadcrumb"},"inLanguage":"fr-FR","potentialAction":[{"@type":"ReadAction","target":["https:\/\/thomasvino.ch\/?p=18682"]}]},{"@type":"BreadcrumbList","@id":"https:\/\/thomasvino.ch\/?p=18682#breadcrumb","itemListElement":[{"@type":"ListItem","position":1,"name":"Accueil","item":"https:\/\/thomasvino.ch\/"},{"@type":"ListItem","position":2,"name":"Merlots du Tessin: prendrez-vous une caisse d\u2019audace?"}]},{"@type":"WebSite","@id":"https:\/\/thomasvino.ch\/#website","url":"https:\/\/thomasvino.ch\/","name":"thomasvino","description":"Vins &amp; Gastronomie","potentialAction":[{"@type":"SearchAction","target":{"@type":"EntryPoint","urlTemplate":"https:\/\/thomasvino.ch\/?s={search_term_string}"},"query-input":"required name=search_term_string"}],"inLanguage":"fr-FR"},{"@type":"Person","@id":"https:\/\/thomasvino.ch\/#\/schema\/person\/670bf4486fe81152cf1d68bd585e062e","name":"Pierre Thomas","image":{"@type":"ImageObject","inLanguage":"fr-FR","@id":"https:\/\/thomasvino.ch\/#\/schema\/person\/image\/","url":"https:\/\/secure.gravatar.com\/avatar\/91fd5a76647f140e53db987a0dead4d7?s=96&d=mm&r=g","contentUrl":"https:\/\/secure.gravatar.com\/avatar\/91fd5a76647f140e53db987a0dead4d7?s=96&d=mm&r=g","caption":"Pierre Thomas"},"url":"https:\/\/thomasvino.ch\/?author=3"}]}},"jetpack_featured_media_url":"","jetpack_sharing_enabled":true,"jetpack_shortlink":"https:\/\/wp.me\/p3m4tZ-4Rk","jetpack_likes_enabled":false,"jetpack-related-posts":[{"id":8943,"url":"https:\/\/thomasvino.ch\/?p=8943","url_meta":{"origin":18682,"position":0},"title":"Tessin \u2014 Le pays du merlot bouge","date":"1 octobre 2009","format":false,"excerpt":"Ticino, mill\u00e9sime 2007 Le pays du merlot bouge La viticulture tessinoise se porte \u00e0 merveille. Elle c\u00e9l\u00e8bre le dixi\u00e8me anniversaire de sa d\u00e9nomination d\u2019origine contr\u00f4l\u00e9e (DOC), d\u00e9di\u00e9e au Merlot del Ticino, avec le mill\u00e9sime 2007, dont le \u00abriserva\u00bb arrive sur le march\u00e9. Pierre Thomas, Lugano A l\u2019image de son partage\u2026","rel":"","context":"Dans &quot;Vins suisses&quot;","img":{"alt_text":"","src":"","width":0,"height":0},"classes":[]},{"id":8964,"url":"https:\/\/thomasvino.ch\/?p=8964","url_meta":{"origin":18682,"position":1},"title":"Tessin \u2014 Les 2007 en grande forme","date":"30 octobre 2009","format":false,"excerpt":"Il Viso del Vino \u00e0 Lugano 2007, grand mill\u00e9sime au Tessin Avec 2000 et 2005, 2007 s\u2019inscrit comme un grand mill\u00e9sime pour le Tessin, surtout pour le merlot. Soixante producteurs l\u2019ont prouv\u00e9, d\u00e9but septembre, \u00e0 Lugano. Par Pierre Thomas C\u2019est, d\u00e9sormais, une tradition, qui avait d\u00e9but\u00e9 dans un des ch\u00e2teaux\u2026","rel":"","context":"Dans &quot;Vins suisses&quot;","img":{"alt_text":"site_ti_pelossi.jpg","src":"img\/site_ti_pelossi.jpg","width":350,"height":200},"classes":[]},{"id":16434,"url":"https:\/\/thomasvino.ch\/?p=16434","url_meta":{"origin":18682,"position":2},"title":"Bonne bouche: Identitaire de luxe","date":"10 mars 2020","format":false,"excerpt":"Pour le jeune Roman Hermann, 2017 a marqu\u00e9 un tournant. Trentenaire, il a repris l\u2019exploitation du domaine de ses parents, \u00e0 Fl\u00e4sch, dans la B\u00fcndner Herrschaft (GR). Il a \u00e9t\u00e9 d\u00e9sign\u00e9 espoir (\u00abrookie\u00bb) de l\u2019ann\u00e9e par GaultMillau. Et il a sign\u00e9 son premier Completer Grand Ma\u00eetre, le vin blanc le\u2026","rel":"","context":"Dans &quot;Bonne bouche \u2014 encore!&quot;","img":{"alt_text":"","src":"","width":0,"height":0},"classes":[]},{"id":9233,"url":"https:\/\/thomasvino.ch\/?p=9233","url_meta":{"origin":18682,"position":3},"title":"Interview, Martin Dalsass, parrain de la Semaine du Go\u00fbt 2011","date":"11 septembre 2011","format":false,"excerpt":"M. Dalsass, parrain de la Semaine du Go\u00fbt 2011 Un ap\u00f4tre de la \u00abcucina sincera\u00bb Sacr\u00e9 \u00abchef de l\u2019ann\u00e9e\u00bb il y a dix ans (2001), 18 points au GaultMillau, une \u00e9toile au Michelin, Martin Dalsass va quitter le Tessin, o\u00f9 il vient de passer 26 ans sur les hauts de\u2026","rel":"","context":"Dans &quot;Tendance&quot;","img":{"alt_text":"site_dalsass.jpg","src":"img\/site_dalsass.jpg","width":350,"height":200},"classes":[]},{"id":8823,"url":"https:\/\/thomasvino.ch\/?p=8823","url_meta":{"origin":18682,"position":4},"title":"Le triomphe du Merlot del Ticino","date":"29 novembre 2008","format":false,"excerpt":"Grand Jury de 24 Heures Le triomphe du Merlot del Ticino Quatri\u00e8me manche de notre match Nouveau contre Ancien Monde. L\u2019outsider tessinois a bien jou\u00e9 son coup : sur douze merlots finalistes, six vins, tous en t\u00eate, sauf pour la m\u00e9daille de bronze, valdo-californienne. Pierre Thomas Ce fut le match\u2026","rel":"","context":"Dans &quot;Grand Jury 24 Heures&quot;","img":{"alt_text":"","src":"","width":0,"height":0},"classes":[]},{"id":9925,"url":"https:\/\/thomasvino.ch\/?p=9925","url_meta":{"origin":18682,"position":5},"title":"Gstaad: Dalsass chasse Ducasse","date":"15 janvier 2007","format":false,"excerpt":"Gstaad mise sur la gastronomieQuand Dalsass chasse DucasseIl n\u2019y a pas eu besoin de le pousser beaucoup : Alain Ducasse, le plus \u00e9toil\u00e9 des cuisiniers du monde, a abandonn\u00e9 son \u00abSpoon des neiges\u00bb de Gstaad. Et c\u2019est Martin Dalsass, le chef le plus toqu\u00e9 du Tessin, qui s\u2019y installe pour\u2026","rel":"","context":"Dans &quot;Adresses&quot;","img":{"alt_text":"","src":"","width":0,"height":0},"classes":[]}],"_links":{"self":[{"href":"https:\/\/thomasvino.ch\/index.php?rest_route=\/wp\/v2\/posts\/18682"}],"collection":[{"href":"https:\/\/thomasvino.ch\/index.php?rest_route=\/wp\/v2\/posts"}],"about":[{"href":"https:\/\/thomasvino.ch\/index.php?rest_route=\/wp\/v2\/types\/post"}],"author":[{"embeddable":true,"href":"https:\/\/thomasvino.ch\/index.php?rest_route=\/wp\/v2\/users\/3"}],"replies":[{"embeddable":true,"href":"https:\/\/thomasvino.ch\/index.php?rest_route=%2Fwp%2Fv2%2Fcomments&post=18682"}],"version-history":[{"count":4,"href":"https:\/\/thomasvino.ch\/index.php?rest_route=\/wp\/v2\/posts\/18682\/revisions"}],"predecessor-version":[{"id":18689,"href":"https:\/\/thomasvino.ch\/index.php?rest_route=\/wp\/v2\/posts\/18682\/revisions\/18689"}],"wp:attachment":[{"href":"https:\/\/thomasvino.ch\/index.php?rest_route=%2Fwp%2Fv2%2Fmedia&parent=18682"}],"wp:term":[{"taxonomy":"category","embeddable":true,"href":"https:\/\/thomasvino.ch\/index.php?rest_route=%2Fwp%2Fv2%2Fcategories&post=18682"},{"taxonomy":"post_tag","embeddable":true,"href":"https:\/\/thomasvino.ch\/index.php?rest_route=%2Fwp%2Fv2%2Ftags&post=18682"}],"curies":[{"name":"wp","href":"https:\/\/api.w.org\/{rel}","templated":true}]}}