{"id":18692,"date":"2026-03-16T09:54:10","date_gmt":"2026-03-16T08:54:10","guid":{"rendered":"https:\/\/thomasvino.ch\/?p=18692"},"modified":"2026-03-16T09:54:10","modified_gmt":"2026-03-16T08:54:10","slug":"viticulture-suisse-en-mars-ca-arrache","status":"publish","type":"post","link":"https:\/\/thomasvino.ch\/?p=18692","title":{"rendered":"Viticulture suisse\u00a0: en mars, \u00e7a arrache\u00a0!"},"content":{"rendered":"<p style=\"font-weight: 400;\"><strong>Ces temps, la presse audiovisuelle et papier s\u2019int\u00e9resse \u00e0 la viticulture suisse. Par le petit bout de la lorgnette : l\u2019arrachage pr\u00e9sum\u00e9 de 10% du vignoble suisse dans les 5 \u00e0 10 ans. Ma chronique pour le blog francophone les5duvin.<\/strong><\/p>\n<p style=\"font-weight: 400;\">Au moment o\u00f9 la France annonce que 5&rsquo;800 producteurs ont d\u00e9pos\u00e9 une demande d\u2019aide pour arracher 28&rsquo;000 hectares de vigne. Dans les deux cas (producteurs et surface), cela concerne le double du vignoble suisse\u00a0! Tandis qu\u2019en Italie, m\u00eame si le <em>Gambero Rosso<\/em> d\u00e9plore le manque de <em>vista<\/em> des politiques, l\u2019arrachage ne para\u00eet pas \u00e0 l\u2019ordre du jour. <em>(J\u2019ai m\u00eame visit\u00e9 <strong><a href=\"https:\/\/thomasvino.ch\/?p=18649\">un petit vignoble en progression<\/a><\/strong>, le plus proche du Tessin et du Valais.)<\/em><\/p>\n<p style=\"font-weight: 400;\">Les Vaudois ont donn\u00e9 le (mauvais) signe du d\u00e9part. Apr\u00e8s avoir <em>\u00abarrach\u00e9\u00bb<\/em> (!) \u00e0 l\u2019Etat un plan cantonal de redynamisation du vignoble, les voil\u00e0 pr\u00eats \u00e0 enlever des ceps ici ou l\u00e0. Au petit bonheur la malchance\u2026 Le Conseil f\u00e9d\u00e9ral a annonc\u00e9 qu\u2019il allait lui aussi encourager la diminution du vignoble par un plan 2026 \u2013 2027.<\/p>\n<h3>Subvention et \u00e0 fonds perdu!<\/h3>\n<p style=\"font-weight: 400;\">En fait, ces mesures sont une course \u00e0 la subvention, comme en France, qui a obtenu, \u00e0 Wine Paris, des gages d\u2019appui europ\u00e9en. Ce qui rend les Italiens, champions des subventions europ\u00e9ennes, jaloux comme des poux.<\/p>\n<p style=\"font-weight: 400;\">Les Valaisans allaient embo\u00eeter le pas \u00e0 leur voisin vaudois, en d\u00e9bloquant une somme de 10 millions de francs, soit 2 francs par m2 maximum pour un arrachage volontaire. Jeudi 12 mars, le Grand Conseil a refus\u00e9 la mesure, tandis que le conseiller d\u2019Etat <strong>Christophe Darbellay<\/strong> rappelait que le canton le plus viticole de Suisse avait consacr\u00e9 41 millions <em>\u00ab\u00e0 fonds perdus ces dix-neuf derni\u00e8res ann\u00e9es\u00bb<\/em> pour soutenir ce secteur agricole.<\/p>\n<p style=\"font-weight: 400;\">Ah, les millions <em>\u00ab\u00e0 fonds perdus\u00bb<\/em>, on ne les compte plus dans le tonneau du vin suisse\u00a0! On parle d\u2019arrachage <em>\u00abvolontaire\u00bb<\/em> et incontr\u00f4l\u00e9, de sorte qu\u2019on <em>\u00abmitera\u00bb<\/em> le vignoble en fonction de la situation financi\u00e8re de chaque producteur\u2026 Une vergogne, quand on pense que le vignoble romand, il y a une vingtaine d\u2019ann\u00e9es, a d\u00e9clench\u00e9 un plan d\u2019\u00e9tudes et de cartographie des surfaces. Une d\u00e9marche visionnaire\u00a0? Oui, si elle avait d\u00e9bouch\u00e9 sur une v\u00e9ritable politique proactive d\u2019encouragement du bon c\u00e9page au bon endroit. Mais la profession de viticulteur est ainsi faite que ces esprits ind\u00e9pendants d\u00e9testent les mesures \u00e9tatiques, \u00e0 l\u2019exception des subventions, bien s\u00fbr. Le conseiller d\u2019Etat lib\u00e9ral vaudois <strong>Philippe Leuba<\/strong>, \u00e0 l\u2019extr\u00eame fin de son mandat, s\u2019\u00e9tait risqu\u00e9 \u00e0 inciter les vignerons \u00e0 red\u00e9finir les appellations d\u2019origine contr\u00f4l\u00e9e (AOC) cantonales, en conditionnant le plan de relance \u00e0 cette r\u00e9forme. Eh bien, le canton a mis de l\u2019argent dans le pipeline avant que la production ne s\u2019empresse de renvoyer le dossier AOC aux calendes vaudoises (qui valent les grecques).<\/p>\n<h3>Abandonner le march\u00e9&#8230;<\/h3>\n<p style=\"font-weight: 400;\">L\u2019arrachage est vertement critiqu\u00e9 au moment o\u00f9 le vin suisse, qui a chut\u00e9 \u00e0 une part de march\u00e9 historiquement basse de 35% de la consommation, veut se relancer. L\u2019hiver dernier, Swiss Wine Promotion a obtenu que Berne, pourtant en p\u00e9riode d\u2019aust\u00e9rit\u00e9 et de r\u00e9sistance \u00e0 l\u2019agriculture subventionn\u00e9e, une rallonge de budget de la promotion des vins suisses (doubl\u00e9 \u00e0 18 millions de francs, soit six fois plus qu\u2019en 2022).<\/p>\n<p style=\"font-weight: 400;\">Mais tous les acteurs de la branche ne sont (\u00e9videmment) pas d\u2019accord. Ainsi, l\u2019Association des vignerons-encaveurs d\u00e9nonce que l\u2019arrachage aboutisse \u00e0 une\u00a0<em>\u00abperte de parts de march\u00e9\u00bb<\/em> au moment o\u00f9 on esp\u00e8re que le vin suisses atteindra 40% de la consommation suisse, ce qui correspondrait \u00e0 la production annuelle (de 82 millions de litres en 2025, et 90 millions sur dix ans) des 14&rsquo;500 hectares du vignoble, alors qu\u2019il serait interdit de replanter sur les parcelles durant dix ans. \u00a0Et 10% de production de raisin repr\u00e9sente entre 8 et 10 millions de litres de vin mis sur le march\u00e9. \u00a0On sait que le march\u00e9 du vin suisse a, depuis toujours, n\u00e9cessit\u00e9 l\u2019importation de 60 et quelques pour cent de vin pour satisfaire les besoins des consommateurs, touristes compris.<\/p>\n<p style=\"font-weight: 400;\">Pour les vignerons-encaveurs, il faut soit r\u00e9duire le contingent des vins import\u00e9s (que le Conseil f\u00e9d\u00e9ral a d\u00e9clar\u00e9 impossible sans n\u00e9gociation risqu\u00e9e avec l\u2019OCDE), soit lier les conditions favorables de cette importation \u00e0 la vente de vins suisses. Et, pr\u00e9cis\u00e9ment, cette semaine, Berne a mis en consultation un projet dans ce sens.<\/p>\n<h3>Pour un fonds en faveur du vin<\/h3>\n<p style=\"font-weight: 400;\">Dans une lettre tr\u00e8s d\u00e9taill\u00e9e, l\u2019Association suisse du commerce des vins, qui comprend \u00e9videmment les importateurs et affirme repr\u00e9senter <em>\u00ab70% du chiffre d\u2019affaire du vin commercialis\u00e9 en Suisse\u00bb<\/em>, rejette d\u2019embl\u00e9e ce syst\u00e8me et plaide pour un <em>\u00abfonds du march\u00e9 suisse du vin\u00bb<\/em>. Il impliquerait <em>\u00ables acteurs de tous les \u00e9chelons de la cha\u00eene de cr\u00e9ation de valeur \u2014 viticulture, production, importateurs et n\u00e9goce \u2014 (\u2026) qui apporteraient une contribution financi\u00e8re. Gr\u00e2ce \u00e0 celle-ci, le secteur vitivinicole pourrait d\u00e9velopper les instruments devenus indispensables\u00a0: observation du march\u00e9 exhaustive et actualis\u00e9e pour tous les canaux de distribution <\/em>(r\u00e9d\u00a0: actuellement, seulement la grande distribution)<em>, communication g\u00e9n\u00e9rique en faveur du vin <\/em>(r\u00e9d\u00a0: la chute de la consommation frappe aussi les vins import\u00e9s)<em>, mesures de promotion des ventes pour le vin suisse, soutien et financement de projets d\u2019innovation.\u00bb<\/em><\/p>\n<p style=\"font-weight: 400;\">La <em>\u00abcontribution financi\u00e8re\u00bb<\/em> de tous les acteurs reviendrait, peu ou prou, \u00e0 une forme de <em>\u00abdroit d\u2019accise\u00bb<\/em>, une formule que <strong>je <a href=\"https:\/\/thomasvino.ch\/?p=11012\">d\u00e9fendais il y a bient\u00f4t quinze ans <\/a><\/strong>pour alimenter un tel fonds que j\u2019appelais de mes v\u0153ux rest\u00e9s pieux jusqu&rsquo;ici.<\/p>\n<p style=\"font-weight: 400;\">Quinze ans de vaines palabres : le vin suisse a l&rsquo;habitude de naviguer entre calendes grecques l\u00e9gislatives au nom du f\u00e9d\u00e9ralisme et le tonneau des Dana\u00efdes de mesures incitatives mal cibl\u00e9es.<\/p>\n<p><strong><em>Pierre Thomas<\/em><\/strong><\/p>\n<p><em>V.O. d&rsquo;une <strong><a href=\"https:\/\/les5duvin.wordpress.com\/2026\/03\/14\/viticulture-suisse-en-mars-ca-arrache\/\">chronique sur le blog les5duvin<\/a><\/strong>. Chronique \u00e9crite avant parution dans Le Matin-Dimanche du 15 mars 2026 d&rsquo;une <strong><a href=\"https:\/\/www.24heures.ch\/viticulture-un-plan-radical-pour-sauver-le-vignoble-vaudois-341845721843?utm_term=Autofeed&amp;utm_medium=Social&amp;utm_source=Threads#Echobox=1773589580\">int\u00e9ressante interview<\/a><\/strong> de l&rsquo;homme d&rsquo;affaires <strong>J\u00fcrg Sta\u00fcbli<\/strong>, propri\u00e9taire de 50 hectares de vigne sur La C\u00f4te et dans le Chablais vaudois. Il y manque un \u00e9clairage: pourquoi ce financier a-t-il achet\u00e9 autant d&rsquo;hectares? S&rsquo;il d\u00e9fend le chasselas, il critique le manque de vision des vignerons et des instances administratives.<\/em><\/p>\n<p style=\"font-weight: 400;\"><em>\u00a9thomasvino.ch\/13.03.26<\/em><\/p>\n","protected":false},"excerpt":{"rendered":"<p>Ces temps, la presse audiovisuelle et papier s\u2019int\u00e9resse \u00e0 la viticulture suisse. Par le petit bout de la lorgnette : l\u2019arrachage pr\u00e9sum\u00e9 de 10% du vignoble suisse dans les 5 \u00e0 10 ans. Ma chronique pour le blog francophone les5duvin. Au moment o\u00f9 la France annonce que 5&rsquo;800 producteurs ont d\u00e9pos\u00e9 une demande d\u2019aide pour [&hellip;]<\/p>\n","protected":false},"author":3,"featured_media":0,"comment_status":"closed","ping_status":"open","sticky":false,"template":"","format":"standard","meta":{"_monsterinsights_skip_tracking":false,"_monsterinsights_sitenote_active":false,"_monsterinsights_sitenote_note":"","_monsterinsights_sitenote_category":0,"jetpack_post_was_ever_published":false,"jetpack_publicize_message":"","jetpack_is_tweetstorm":false,"jetpack_publicize_feature_enabled":true,"jetpack_social_post_already_shared":true,"jetpack_social_options":{"image_generator_settings":{"template":"highway","enabled":false}}},"categories":[29],"tags":[],"jetpack_publicize_connections":[],"yoast_head":"<!-- This site is optimized with the Yoast SEO plugin v20.6 - https:\/\/yoast.com\/wordpress\/plugins\/seo\/ -->\n<title>Viticulture suisse\u00a0: en mars, \u00e7a arrache\u00a0! - thomasvino<\/title>\n<meta name=\"robots\" content=\"index, follow, max-snippet:-1, max-image-preview:large, max-video-preview:-1\" \/>\n<link rel=\"canonical\" href=\"https:\/\/thomasvino.ch\/?p=18692\" \/>\n<meta property=\"og:locale\" content=\"fr_FR\" \/>\n<meta property=\"og:type\" content=\"article\" \/>\n<meta property=\"og:title\" content=\"Viticulture suisse\u00a0: en mars, \u00e7a arrache\u00a0! - thomasvino\" \/>\n<meta property=\"og:description\" content=\"Ces temps, la presse audiovisuelle et papier s\u2019int\u00e9resse \u00e0 la viticulture suisse. Par le petit bout de la lorgnette : l\u2019arrachage pr\u00e9sum\u00e9 de 10% du vignoble suisse dans les 5 \u00e0 10 ans. Ma chronique pour le blog francophone les5duvin. Au moment o\u00f9 la France annonce que 5&rsquo;800 producteurs ont d\u00e9pos\u00e9 une demande d\u2019aide pour [&hellip;]\" \/>\n<meta property=\"og:url\" content=\"https:\/\/thomasvino.ch\/?p=18692\" \/>\n<meta property=\"og:site_name\" content=\"thomasvino\" \/>\n<meta property=\"article:published_time\" content=\"2026-03-16T08:54:10+00:00\" \/>\n<meta name=\"author\" content=\"Pierre Thomas\" \/>\n<meta name=\"twitter:label1\" content=\"\u00c9crit par\" \/>\n\t<meta name=\"twitter:data1\" content=\"Pierre Thomas\" \/>\n\t<meta name=\"twitter:label2\" content=\"Dur\u00e9e de lecture estim\u00e9e\" \/>\n\t<meta name=\"twitter:data2\" content=\"6 minutes\" \/>\n<script type=\"application\/ld+json\" class=\"yoast-schema-graph\">{\"@context\":\"https:\/\/schema.org\",\"@graph\":[{\"@type\":\"WebPage\",\"@id\":\"https:\/\/thomasvino.ch\/?p=18692\",\"url\":\"https:\/\/thomasvino.ch\/?p=18692\",\"name\":\"Viticulture suisse\u00a0: en mars, \u00e7a arrache\u00a0! - thomasvino\",\"isPartOf\":{\"@id\":\"https:\/\/thomasvino.ch\/#website\"},\"datePublished\":\"2026-03-16T08:54:10+00:00\",\"dateModified\":\"2026-03-16T08:54:10+00:00\",\"author\":{\"@id\":\"https:\/\/thomasvino.ch\/#\/schema\/person\/670bf4486fe81152cf1d68bd585e062e\"},\"breadcrumb\":{\"@id\":\"https:\/\/thomasvino.ch\/?p=18692#breadcrumb\"},\"inLanguage\":\"fr-FR\",\"potentialAction\":[{\"@type\":\"ReadAction\",\"target\":[\"https:\/\/thomasvino.ch\/?p=18692\"]}]},{\"@type\":\"BreadcrumbList\",\"@id\":\"https:\/\/thomasvino.ch\/?p=18692#breadcrumb\",\"itemListElement\":[{\"@type\":\"ListItem\",\"position\":1,\"name\":\"Accueil\",\"item\":\"https:\/\/thomasvino.ch\/\"},{\"@type\":\"ListItem\",\"position\":2,\"name\":\"Viticulture suisse\u00a0: en mars, \u00e7a arrache\u00a0!\"}]},{\"@type\":\"WebSite\",\"@id\":\"https:\/\/thomasvino.ch\/#website\",\"url\":\"https:\/\/thomasvino.ch\/\",\"name\":\"thomasvino\",\"description\":\"Vins &amp; Gastronomie\",\"potentialAction\":[{\"@type\":\"SearchAction\",\"target\":{\"@type\":\"EntryPoint\",\"urlTemplate\":\"https:\/\/thomasvino.ch\/?s={search_term_string}\"},\"query-input\":\"required name=search_term_string\"}],\"inLanguage\":\"fr-FR\"},{\"@type\":\"Person\",\"@id\":\"https:\/\/thomasvino.ch\/#\/schema\/person\/670bf4486fe81152cf1d68bd585e062e\",\"name\":\"Pierre Thomas\",\"image\":{\"@type\":\"ImageObject\",\"inLanguage\":\"fr-FR\",\"@id\":\"https:\/\/thomasvino.ch\/#\/schema\/person\/image\/\",\"url\":\"https:\/\/secure.gravatar.com\/avatar\/91fd5a76647f140e53db987a0dead4d7?s=96&d=mm&r=g\",\"contentUrl\":\"https:\/\/secure.gravatar.com\/avatar\/91fd5a76647f140e53db987a0dead4d7?s=96&d=mm&r=g\",\"caption\":\"Pierre Thomas\"},\"url\":\"https:\/\/thomasvino.ch\/?author=3\"}]}<\/script>\n<!-- \/ Yoast SEO plugin. -->","yoast_head_json":{"title":"Viticulture suisse\u00a0: en mars, \u00e7a arrache\u00a0! - thomasvino","robots":{"index":"index","follow":"follow","max-snippet":"max-snippet:-1","max-image-preview":"max-image-preview:large","max-video-preview":"max-video-preview:-1"},"canonical":"https:\/\/thomasvino.ch\/?p=18692","og_locale":"fr_FR","og_type":"article","og_title":"Viticulture suisse\u00a0: en mars, \u00e7a arrache\u00a0! - thomasvino","og_description":"Ces temps, la presse audiovisuelle et papier s\u2019int\u00e9resse \u00e0 la viticulture suisse. Par le petit bout de la lorgnette : l\u2019arrachage pr\u00e9sum\u00e9 de 10% du vignoble suisse dans les 5 \u00e0 10 ans. Ma chronique pour le blog francophone les5duvin. Au moment o\u00f9 la France annonce que 5&rsquo;800 producteurs ont d\u00e9pos\u00e9 une demande d\u2019aide pour [&hellip;]","og_url":"https:\/\/thomasvino.ch\/?p=18692","og_site_name":"thomasvino","article_published_time":"2026-03-16T08:54:10+00:00","author":"Pierre Thomas","twitter_misc":{"\u00c9crit par":"Pierre Thomas","Dur\u00e9e de lecture estim\u00e9e":"6 minutes"},"schema":{"@context":"https:\/\/schema.org","@graph":[{"@type":"WebPage","@id":"https:\/\/thomasvino.ch\/?p=18692","url":"https:\/\/thomasvino.ch\/?p=18692","name":"Viticulture suisse\u00a0: en mars, \u00e7a arrache\u00a0! - thomasvino","isPartOf":{"@id":"https:\/\/thomasvino.ch\/#website"},"datePublished":"2026-03-16T08:54:10+00:00","dateModified":"2026-03-16T08:54:10+00:00","author":{"@id":"https:\/\/thomasvino.ch\/#\/schema\/person\/670bf4486fe81152cf1d68bd585e062e"},"breadcrumb":{"@id":"https:\/\/thomasvino.ch\/?p=18692#breadcrumb"},"inLanguage":"fr-FR","potentialAction":[{"@type":"ReadAction","target":["https:\/\/thomasvino.ch\/?p=18692"]}]},{"@type":"BreadcrumbList","@id":"https:\/\/thomasvino.ch\/?p=18692#breadcrumb","itemListElement":[{"@type":"ListItem","position":1,"name":"Accueil","item":"https:\/\/thomasvino.ch\/"},{"@type":"ListItem","position":2,"name":"Viticulture suisse\u00a0: en mars, \u00e7a arrache\u00a0!"}]},{"@type":"WebSite","@id":"https:\/\/thomasvino.ch\/#website","url":"https:\/\/thomasvino.ch\/","name":"thomasvino","description":"Vins &amp; Gastronomie","potentialAction":[{"@type":"SearchAction","target":{"@type":"EntryPoint","urlTemplate":"https:\/\/thomasvino.ch\/?s={search_term_string}"},"query-input":"required name=search_term_string"}],"inLanguage":"fr-FR"},{"@type":"Person","@id":"https:\/\/thomasvino.ch\/#\/schema\/person\/670bf4486fe81152cf1d68bd585e062e","name":"Pierre Thomas","image":{"@type":"ImageObject","inLanguage":"fr-FR","@id":"https:\/\/thomasvino.ch\/#\/schema\/person\/image\/","url":"https:\/\/secure.gravatar.com\/avatar\/91fd5a76647f140e53db987a0dead4d7?s=96&d=mm&r=g","contentUrl":"https:\/\/secure.gravatar.com\/avatar\/91fd5a76647f140e53db987a0dead4d7?s=96&d=mm&r=g","caption":"Pierre Thomas"},"url":"https:\/\/thomasvino.ch\/?author=3"}]}},"jetpack_featured_media_url":"","jetpack_sharing_enabled":true,"jetpack_shortlink":"https:\/\/wp.me\/p3m4tZ-4Ru","jetpack_likes_enabled":false,"jetpack-related-posts":[{"id":8927,"url":"https:\/\/thomasvino.ch\/?p=8927","url_meta":{"origin":18692,"position":0},"title":"Gen\u00e8ve \u2014 Les vignerons voient loin","date":"11 janvier 2005","format":false,"excerpt":"Les vignerons genevois voient loin Troisi\u00e8me canton viticole suisse, derri\u00e8re le Valais et Vaud, Gen\u00e8ve vient de coucher sur le papier une \u00abstrat\u00e9gie viticole 2006\u00bb. Une premi\u00e8re dans un milieu qui t\u00e2tonne. Par Pierre Thomas Les plans quinquennaux fleurent bons l'ex-URSS. Pourtant, quand les autres cantons marchent \u00e0 t\u00e2tons, comme\u2026","rel":"","context":"Dans &quot;Vins suisses&quot;","img":{"alt_text":"","src":"","width":0,"height":0},"classes":[]},{"id":12720,"url":"https:\/\/thomasvino.ch\/?p=12720","url_meta":{"origin":18692,"position":1},"title":"Vignoble mondial 2014: hauts et bas chinois","date":"28 avril 2015","format":false,"excerpt":"Selon l\u2019Organisation internationale de la vigne et du vin, l'OIV, bas\u00e9e \u00e0 Paris, la Chine pointe au deuxi\u00e8me rang des plus grands vignobles du monde, avec 800'000 ha, contre un peu plus d\u2019un million \u00e0 l\u2019Espagne, toujours en t\u00eate du classement. Mais les chiffres chinois sont \u00e0 nuancer\u2026 Dans la\u2026","rel":"","context":"Dans &quot;Actus - News&quot;","img":{"alt_text":"","src":"","width":0,"height":0},"classes":[]},{"id":17937,"url":"https:\/\/thomasvino.ch\/?p=17937","url_meta":{"origin":18692,"position":2},"title":"Bio sur La C\u00f4te\u00a0: un salon \u00e0 mi-novembre","date":"20 octobre 2022","format":false,"excerpt":"Au Ch\u00e2teau Le Rosey, \u00e0 Bursins, le dimanche 13 et le lundi 14 novembre, de 10 h \u00e0 18 h, aura lieu le 2\u00e8me Salon de la biodynamie. Huit domaines y participeront. Le lundi suivant, le 21 novembre, le mouvement Renaissance des appellations, qui compte principalement des producteurs fran\u00e7ais adeptes\u2026","rel":"","context":"Dans &quot;Tendance&quot;","img":{"alt_text":"","src":"","width":0,"height":0},"classes":[]},{"id":8704,"url":"https:\/\/thomasvino.ch\/?p=8704","url_meta":{"origin":18692,"position":3},"title":"Comment l&rsquo;Europe veut r\u00e9sister aux vins du Nouveau Monde","date":"21 d\u00e9cembre 2007","format":false,"excerpt":"R\u00e9forme du vignobleComment l\u2019Europe veut faire pi\u00e8ce aux vins du Nouveau MondeD\u2019une part, l'arrachage \u00abvolontaire\u00bb de 175'000 hectares (douze fois le vignoble suisse\u00a0!), d\u2019autre part, la lib\u00e9ralisation des droits de plantation, soit, une premi\u00e8re mesure pour assainir les vignobles qui ont de la peine \u00e0 vendre, et une seconde pour\u2026","rel":"","context":"Dans &quot;Actus - News&quot;","img":{"alt_text":"","src":"","width":0,"height":0},"classes":[]},{"id":16675,"url":"https:\/\/thomasvino.ch\/?p=16675","url_meta":{"origin":18692,"position":4},"title":"Vins bio et \u00abnature(ls)\u00bb\u00a0: y\u2019a du tirage\u00a0!","date":"12 juin 2020","format":false,"excerpt":"La pression monte autour de l\u2019usage des pesticides de synth\u00e8se et de la d\u00e9finition de ce qu\u2019est un vin nature. Les producteurs suisses sont favorables \u00e0 un cahier des charges sans aucun intrant et une association fran\u00e7aise a d\u00e9j\u00e0 f\u00e9d\u00e9r\u00e9 une centaine de producteurs autour de sa d\u00e9finition de \u00abvin\u2026","rel":"","context":"Dans &quot;Tendance&quot;","img":{"alt_text":"","src":"","width":0,"height":0},"classes":[]},{"id":15729,"url":"https:\/\/thomasvino.ch\/?p=15729","url_meta":{"origin":18692,"position":5},"title":"CMB \u00e0 Aigle\u00a0: 600 vins suisses \u00e0 d\u00e9guster\u00a0!","date":"16 avril 2019","format":false,"excerpt":"Traditionnellement, le pays organisateur du Concours Mondial de Bruxelles (CMB), itin\u00e9rant depuis 25 ans, envoie un maximum d\u2019\u00e9chantillons. Qu\u2019allaient faire les producteurs suisses pour la premi\u00e8re \u00e0 Aigle, du 2 au 5 mai\u00a0? La r\u00e9ponse vient de tomber\u00a0: pr\u00e8s de 600 \u00e9chantillons permettent \u00e0 la \u00abpetite Suisse\u00bb de figurer 5\u00e8me\u00a0parmi\u2026","rel":"","context":"Dans &quot;Actus - News&quot;","img":{"alt_text":"","src":"","width":0,"height":0},"classes":[]}],"_links":{"self":[{"href":"https:\/\/thomasvino.ch\/index.php?rest_route=\/wp\/v2\/posts\/18692"}],"collection":[{"href":"https:\/\/thomasvino.ch\/index.php?rest_route=\/wp\/v2\/posts"}],"about":[{"href":"https:\/\/thomasvino.ch\/index.php?rest_route=\/wp\/v2\/types\/post"}],"author":[{"embeddable":true,"href":"https:\/\/thomasvino.ch\/index.php?rest_route=\/wp\/v2\/users\/3"}],"replies":[{"embeddable":true,"href":"https:\/\/thomasvino.ch\/index.php?rest_route=%2Fwp%2Fv2%2Fcomments&post=18692"}],"version-history":[{"count":4,"href":"https:\/\/thomasvino.ch\/index.php?rest_route=\/wp\/v2\/posts\/18692\/revisions"}],"predecessor-version":[{"id":18696,"href":"https:\/\/thomasvino.ch\/index.php?rest_route=\/wp\/v2\/posts\/18692\/revisions\/18696"}],"wp:attachment":[{"href":"https:\/\/thomasvino.ch\/index.php?rest_route=%2Fwp%2Fv2%2Fmedia&parent=18692"}],"wp:term":[{"taxonomy":"category","embeddable":true,"href":"https:\/\/thomasvino.ch\/index.php?rest_route=%2Fwp%2Fv2%2Fcategories&post=18692"},{"taxonomy":"post_tag","embeddable":true,"href":"https:\/\/thomasvino.ch\/index.php?rest_route=%2Fwp%2Fv2%2Ftags&post=18692"}],"curies":[{"name":"wp","href":"https:\/\/api.w.org\/{rel}","templated":true}]}}