{"id":18705,"date":"2026-04-30T09:42:34","date_gmt":"2026-04-30T08:42:34","guid":{"rendered":"https:\/\/thomasvino.ch\/?p=18705"},"modified":"2026-04-30T09:42:55","modified_gmt":"2026-04-30T08:42:55","slug":"vinitaly-2026-un-giro-ditalia-en-blanc","status":"publish","type":"post","link":"https:\/\/thomasvino.ch\/?p=18705","title":{"rendered":"Vinitaly 2026 \u2014 Un giro d\u2019Italia en blanc"},"content":{"rendered":"<p style=\"font-weight: 400;\"><strong>Le Giro d\u2019Italia cycliste (8 au 31 mai 2026) va s\u2019\u00e9lancer (de Bulgarie!) ces prochains jours. Et le maillot du leader est rose, de la m\u00eame couleur que le papier de son sponsor principal, la <em>Gazzetta dello Sport<\/em>. Un titre qui f\u00eate cette ann\u00e9e ses 130 ans. Peut-\u00eatre qu\u2019un jour, je ferai un tour d\u2019Italie des ros\u00e9s. Apr\u00e8s les spumante (et pas seulement le <em>prosecco<\/em>, succ\u00e8s mondial !), les ros\u00e9s sont en progression dans toute l\u2019Italie. Comme, du reste, les blancs. A Vinitaly (12 au 15 avril), \u00e0 V\u00e9rone, j\u2019ai zigzagu\u00e9 entre les pavillons pour en d\u00e9couvrir quelques uns.<\/strong><\/p>\n<h4><em>Par Pierre Thomas<\/em><\/h4>\n<h3 style=\"font-weight: 400;\"><strong>Le bon c\u00e9page au bon endroit<\/strong><\/h3>\n<p style=\"font-weight: 400;\">L\u2019ad\u00e9quation terroir-c\u00e9page garde plus que jamais tout son sens en Italie, fi\u00e8re de ses 500 c\u00e9pages. A commencer par le <em>timorasso<\/em>, dont j\u2019avais parl\u00e9 <strong><a href=\"https:\/\/les5duvin.wordpress.com\/2023\/08\/10\/timorasso-de-derthona-futur-barolo-bianco\/\"><em>sur ce site<\/em><\/a><\/strong> qui est de Derthona, \u00e0 l\u2019ouest du Pi\u00e9mont et au sud d\u2019Alessandria. Derthona ? C\u2019est le nom latin de Tortone, l\u00e0 o\u00f9 le <em>campionissimo<\/em> <strong>Fausto Coppi<\/strong> rendit son dernier soupir, \u00e0 l\u2019h\u00f4pital, le 2 janvier 1960, d\u2019une malaria mal diagnostiqu\u00e9e ou mal soign\u00e9e, comme le rappelle une jolie biographie publi\u00e9e ce printemps par la <em>Gazzetta dello Sport<\/em>. Il n\u2019avait qu\u2019un peu plus de 40 ans\u2026 Un domaine viticole porte encore le nom de sa fille, et produit un tr\u00e8s bon timorasso.<\/p>\n<p style=\"font-weight: 400;\"><img data-attachment-id=\"18706\" data-permalink=\"https:\/\/thomasvino.ch\/?attachment_id=18706\" data-orig-file=\"https:\/\/i0.wp.com\/thomasvino.ch\/wp-content\/uploads\/2026\/04\/IMG_2480-scaled.jpeg?fit=1151%2C2560&amp;ssl=1\" data-orig-size=\"1151,2560\" data-comments-opened=\"0\" data-image-meta=\"{&quot;aperture&quot;:&quot;1.8&quot;,&quot;credit&quot;:&quot;&quot;,&quot;camera&quot;:&quot;iPhone SE (2nd generation)&quot;,&quot;caption&quot;:&quot;&quot;,&quot;created_timestamp&quot;:&quot;1776108495&quot;,&quot;copyright&quot;:&quot;&quot;,&quot;focal_length&quot;:&quot;3.99&quot;,&quot;iso&quot;:&quot;400&quot;,&quot;shutter_speed&quot;:&quot;0.04&quot;,&quot;title&quot;:&quot;&quot;,&quot;orientation&quot;:&quot;1&quot;}\" data-image-title=\"IMG_2480\" data-image-description=\"\" data-image-caption=\"\" data-medium-file=\"https:\/\/i0.wp.com\/thomasvino.ch\/wp-content\/uploads\/2026\/04\/IMG_2480-scaled.jpeg?fit=135%2C300&amp;ssl=1\" data-large-file=\"https:\/\/i0.wp.com\/thomasvino.ch\/wp-content\/uploads\/2026\/04\/IMG_2480-scaled.jpeg?fit=461%2C1024&amp;ssl=1\" loading=\"lazy\" class=\"alignleft size-medium wp-image-18706\" src=\"https:\/\/i0.wp.com\/thomasvino.ch\/wp-content\/uploads\/2026\/04\/IMG_2480.jpeg?resize=135%2C300&#038;ssl=1\" alt=\"\" width=\"135\" height=\"300\" srcset=\"https:\/\/i0.wp.com\/thomasvino.ch\/wp-content\/uploads\/2026\/04\/IMG_2480-scaled.jpeg?resize=135%2C300&amp;ssl=1 135w, https:\/\/i0.wp.com\/thomasvino.ch\/wp-content\/uploads\/2026\/04\/IMG_2480-scaled.jpeg?resize=461%2C1024&amp;ssl=1 461w, https:\/\/i0.wp.com\/thomasvino.ch\/wp-content\/uploads\/2026\/04\/IMG_2480-scaled.jpeg?resize=768%2C1708&amp;ssl=1 768w, https:\/\/i0.wp.com\/thomasvino.ch\/wp-content\/uploads\/2026\/04\/IMG_2480-scaled.jpeg?resize=691%2C1536&amp;ssl=1 691w, https:\/\/i0.wp.com\/thomasvino.ch\/wp-content\/uploads\/2026\/04\/IMG_2480-scaled.jpeg?resize=921%2C2048&amp;ssl=1 921w, https:\/\/i0.wp.com\/thomasvino.ch\/wp-content\/uploads\/2026\/04\/IMG_2480-scaled.jpeg?w=1151&amp;ssl=1 1151w\" sizes=\"(max-width: 135px) 100vw, 135px\" data-recalc-dims=\"1\" \/>Je pourrais parler encore de l\u2019<a href=\"https:\/\/thomasvino.ch\/?p=18496\"><em>erbalucce<\/em><\/a>, dont j\u2019ai trouv\u00e9, \u00e0 Orta, dans un nouveau petit bar \u00e0 vin, un exemple particulier. Ce c\u00e9page du Nord du Pi\u00e9mont, o\u00f9 il est obligatoire dans le blanc local, n\u2019a droit \u00e0 son nom qu\u2019\u00e0 Caluso\u00a0! J\u2019en ai d\u00e9gust\u00e9 une version s\u00e8che et tranchante, tir\u00e9e d\u2019amphores (modernes\u00a0!) enfouies dans le lac de Viverone, la <em>Piroga<\/em>, qui b\u00e9n\u00e9ficie des conseils d\u2019un \u0153nologue aussi discret que fameux, <strong>Donato Lanati<\/strong>.<\/p>\n<h3 style=\"font-weight: 400;\"><strong>De Lugana au c\u0153ur de la Sicile<\/strong><\/h3>\n<p style=\"font-weight: 400;\">A Vinitaly, \u00e0 V\u00e9rone, pour me faire le palais, j\u2019ai d\u00e9gust\u00e9 une s\u00e9rie de Lugana, une appellation partag\u00e9e, sur le lac de C\u00f4me, entre la Lombardie et le Veneto. Des vins du c\u00e9page <em>turbiana<\/em>, vifs, pour la plupart modernes et faciles \u00e0 boire, sans malo, mais aussi quelques uns avec. De ce premier <em>set<\/em>, j\u2019ai bien appr\u00e9ci\u00e9 le 010 (2024) de <strong>Bulgarini<\/strong>, vif et acidul\u00e9\u00a0; jouant sur l\u2019acidit\u00e9 et l\u2019amertume, le 2024 de base de <strong>Selva Capuzza<\/strong>\u00a0; et le 2025 d\u2019<strong>Arciera<\/strong>, au nez discret, mais \u00e0 la bouche puissante et grasse, due \u00e0 l\u2019\u00e9levage sur fines lies<\/p>\n<p style=\"font-weight: 400;\">Puis je me suis fait happer dans le pavillon sicilien dans deux <em>masterclasses<\/em>. L\u2019une sur la r\u00e9gion de Contessa Entellina, o\u00f9 un aimable (parce qu\u2019avec une pointe de sucre, me semble-t-il\u2026) <em>grillo<\/em> 2025 et un plus s\u00e9rieux <em>catarrato<\/em> Liola 2024, un IGP terres siciliennes (et non de l\u2019Etna\u00a0!), fruit\u00e9 et juteux. Le blanc que j\u2019ai pr\u00e9f\u00e9r\u00e9 \u00e9tait un <em>zibibbo<\/em> sec, Cuntacunti 2025 de <strong>Leonarda Tardi<\/strong>, avec une tr\u00e8s l\u00e9g\u00e8re note de rose, du peps, et une pointe de salinit\u00e9 en finale et non d\u2019amertume, le marqueur des vins aromatiques.<\/p>\n<p style=\"font-weight: 400;\">Contessa Entellina est aussi l\u2019endroit o\u00f9 se situe la cave principale de <strong>Donnafugata<\/strong>. Du <em>zibibbo<\/em>, soit du muscat d\u2019Alexandrie, de l\u2019\u00eele de Pantelleria, cet excellent producteur tire le plus impressionnant des vins liquoreux italiens, le Ben Ry\u00e9. Le 2020 tient toutes ses promesses, avec des notes de cognac, \u00e0 la fois riche et complexe, et d\u2019une somptueuse longueur\u00a0: c\u2019\u00e9tait le point d\u2019orgue logique d\u2019une d\u00e9gustation de vins doux siciliens, o\u00f9 j\u2019ai appr\u00e9ci\u00e9 les notes safran\u00e9es du ZY (zibibbo, bien s\u00fbr\u00a0!) 2021 de <strong>Fazio<\/strong>, du Najm 2023, une <em>malvasia<\/em> de la <strong>Tenuta de Colosi<\/strong>, au nez de p\u00e2te d\u2019amande et de fleurs blanches, et au volume engageant, marqu\u00e9 par des notes de p\u00e2tisserie (dont les Siciliens sont champions\u00a0!) et la Malvasia delle Lipari 2024, de la <strong>Tenuta Castelllaro<\/strong>, au nez de coing et de kumqat, mais aussi \u00e0 la finale cr\u00e9meuse, trahissant encore l\u2019\u00e9levage, deux caves que j\u2019ai visit\u00e9es, sur les <em><strong><a href=\"https:\/\/thomasvino.ch\/?p=18022\">\u00eeles de Salina et de Lipari<\/a><\/strong><\/em>.<\/p>\n<p><img data-attachment-id=\"18707\" data-permalink=\"https:\/\/thomasvino.ch\/?attachment_id=18707\" data-orig-file=\"https:\/\/i0.wp.com\/thomasvino.ch\/wp-content\/uploads\/2026\/04\/IMG_2509-scaled.jpeg?fit=2560%2C1199&amp;ssl=1\" data-orig-size=\"2560,1199\" data-comments-opened=\"0\" data-image-meta=\"{&quot;aperture&quot;:&quot;1.8&quot;,&quot;credit&quot;:&quot;&quot;,&quot;camera&quot;:&quot;iPhone SE (2nd generation)&quot;,&quot;caption&quot;:&quot;&quot;,&quot;created_timestamp&quot;:&quot;1776185879&quot;,&quot;copyright&quot;:&quot;&quot;,&quot;focal_length&quot;:&quot;3.99&quot;,&quot;iso&quot;:&quot;100&quot;,&quot;shutter_speed&quot;:&quot;0.02&quot;,&quot;title&quot;:&quot;&quot;,&quot;orientation&quot;:&quot;1&quot;}\" data-image-title=\"IMG_2509\" data-image-description=\"\" data-image-caption=\"\" data-medium-file=\"https:\/\/i0.wp.com\/thomasvino.ch\/wp-content\/uploads\/2026\/04\/IMG_2509-scaled.jpeg?fit=300%2C140&amp;ssl=1\" data-large-file=\"https:\/\/i0.wp.com\/thomasvino.ch\/wp-content\/uploads\/2026\/04\/IMG_2509-scaled.jpeg?fit=1024%2C479&amp;ssl=1\" loading=\"lazy\" class=\"aligncenter size-medium wp-image-18707\" src=\"https:\/\/i0.wp.com\/thomasvino.ch\/wp-content\/uploads\/2026\/04\/IMG_2509.jpeg?resize=300%2C140&#038;ssl=1\" alt=\"\" width=\"300\" height=\"140\" srcset=\"https:\/\/i0.wp.com\/thomasvino.ch\/wp-content\/uploads\/2026\/04\/IMG_2509-scaled.jpeg?resize=300%2C140&amp;ssl=1 300w, https:\/\/i0.wp.com\/thomasvino.ch\/wp-content\/uploads\/2026\/04\/IMG_2509-scaled.jpeg?resize=1024%2C479&amp;ssl=1 1024w, https:\/\/i0.wp.com\/thomasvino.ch\/wp-content\/uploads\/2026\/04\/IMG_2509-scaled.jpeg?resize=768%2C360&amp;ssl=1 768w, https:\/\/i0.wp.com\/thomasvino.ch\/wp-content\/uploads\/2026\/04\/IMG_2509-scaled.jpeg?resize=1536%2C719&amp;ssl=1 1536w, https:\/\/i0.wp.com\/thomasvino.ch\/wp-content\/uploads\/2026\/04\/IMG_2509-scaled.jpeg?resize=2048%2C959&amp;ssl=1 2048w\" sizes=\"(max-width: 300px) 100vw, 300px\" data-recalc-dims=\"1\" \/><\/p>\n<h3 style=\"font-weight: 400;\"><strong>De la Vall\u00e9e d\u2019Aoste au Sud de la Botte<\/strong><\/h3>\n<p style=\"font-weight: 400;\">Petit d\u00e9tour, ensuite, par la Vall\u00e9e d\u2019Aoste, pour se rincer le gosier, avec une tr\u00e8s jolie <em>petite arvine<\/em> (c\u00e9page import\u00e9 du Valais, oui, oui\u00a0!), de l\u2019<strong>Institut agricole r\u00e9gional<\/strong>, 2025, fra\u00eeche, bien typ\u00e9e grapefruit, \u00e0 la structure enrob\u00e9e (8 grammes de sucre). Puis un <em>muscat<\/em> 2024 (\u00e0 petits grains, cette fois\u00a0!), sec, de <strong>Laurent Th\u00e9odule<\/strong>, au nez bien typ\u00e9 de rose, avec des notes de lavande. Puis un c\u00e9page du cru, o\u00f9 il donne le \u00abblanc de Morgex La Salle\u00bb, en fran\u00e7ais sur l\u2019\u00e9tiquette, en l\u2019occurrence le <em>pri\u00e9 blanc<\/em> 2025 d\u2019<strong>Ermes Pavese<\/strong>, un vin tendu comme un c\u00e2ble de t\u00e9l\u00e9ph\u00e9rique du Mont-Blanc, jouant \u00e0 fond sur le rapicolant de la dualit\u00e9 acide-amer\u2026 Une fra\u00eecheur de glacier\u00a0!<\/p>\n<p style=\"font-weight: 400;\">Et j\u2019ai termin\u00e9 par la <em>masterclasse<\/em> du journaliste <strong>Paolo Massobrio<\/strong> sur les \u00abnouveaux c\u00e9pages\u00bb italiens. Pas moins de neufs vins blancs sur treize exemples de ces \u00abvins du futur\u00bb. J\u2019ai bien aim\u00e9 la <em>coccociola <\/em>des Abruzzes, 2025, de <strong>Tenute Ulisse<\/strong>, au nez d\u2019abricot et de pamplemousse rose, d\u2019un joli volume, comme du reste ce <em>torbato <\/em>sarde 2025, <strong>Poderi Perpinello<\/strong>, avec sa finale d\u00e9licatement \u00e9pic\u00e9e sur le curry doux. Ensuite, le discret et l\u00e9g\u00e8rement anis\u00e9<em> palagrello<\/em> 2024, de <strong>Lisandro<\/strong>, en IGT Lancella Terre del Volturno, \u00e9videmment moins aromatique que le muscat\u00e9 <em>pecorello<\/em> 2025, d\u2019<strong>Ippolito 1845<\/strong>, en Calabre, belle r\u00e9ussite, avec ses notes d\u2019ananas, et sa fra\u00eecheur finale. Gliss\u00e9 parmi ces raret\u00e9s, l\u2019impressionnant <em>carricante<\/em> Pietra Marina 2021 de <strong>Benanti<\/strong>, n\u00e9 \u00e0 900 m\u00e8tres d\u2019altitude dans les laves de l\u2019Etna, encens\u00e9 comme l\u2019un des plus grands blancs italiens, aux notes \u00abvolcaniques\u00bb, comme il se doit\u2026 Et qui montre que ce blanc \u00e0 la mode tient dans le temps.<\/p>\n<p><img data-attachment-id=\"18708\" data-permalink=\"https:\/\/thomasvino.ch\/?attachment_id=18708\" data-orig-file=\"https:\/\/i0.wp.com\/thomasvino.ch\/wp-content\/uploads\/2026\/04\/18674523-scaled.jpeg?fit=2560%2C1707&amp;ssl=1\" data-orig-size=\"2560,1707\" data-comments-opened=\"0\" data-image-meta=\"{&quot;aperture&quot;:&quot;0&quot;,&quot;credit&quot;:&quot;&quot;,&quot;camera&quot;:&quot;&quot;,&quot;caption&quot;:&quot;&quot;,&quot;created_timestamp&quot;:&quot;0&quot;,&quot;copyright&quot;:&quot;&quot;,&quot;focal_length&quot;:&quot;0&quot;,&quot;iso&quot;:&quot;0&quot;,&quot;shutter_speed&quot;:&quot;0&quot;,&quot;title&quot;:&quot;&quot;,&quot;orientation&quot;:&quot;0&quot;}\" data-image-title=\"18674523\" data-image-description=\"&lt;p&gt;A Vinitaly, c&amp;rsquo;est du s\u00e9rieux, que l&amp;rsquo;on soit sommelier ou d\u00e9gustateur (photo Vinitaly)&lt;\/p&gt;\n\" data-image-caption=\"\" data-medium-file=\"https:\/\/i0.wp.com\/thomasvino.ch\/wp-content\/uploads\/2026\/04\/18674523-scaled.jpeg?fit=300%2C200&amp;ssl=1\" data-large-file=\"https:\/\/i0.wp.com\/thomasvino.ch\/wp-content\/uploads\/2026\/04\/18674523-scaled.jpeg?fit=1024%2C683&amp;ssl=1\" loading=\"lazy\" class=\"aligncenter size-medium wp-image-18708\" src=\"https:\/\/i0.wp.com\/thomasvino.ch\/wp-content\/uploads\/2026\/04\/18674523.jpeg?resize=300%2C200&#038;ssl=1\" alt=\"\" width=\"300\" height=\"200\" srcset=\"https:\/\/i0.wp.com\/thomasvino.ch\/wp-content\/uploads\/2026\/04\/18674523-scaled.jpeg?resize=300%2C200&amp;ssl=1 300w, https:\/\/i0.wp.com\/thomasvino.ch\/wp-content\/uploads\/2026\/04\/18674523-scaled.jpeg?resize=1024%2C683&amp;ssl=1 1024w, https:\/\/i0.wp.com\/thomasvino.ch\/wp-content\/uploads\/2026\/04\/18674523-scaled.jpeg?resize=768%2C512&amp;ssl=1 768w, https:\/\/i0.wp.com\/thomasvino.ch\/wp-content\/uploads\/2026\/04\/18674523-scaled.jpeg?resize=1536%2C1024&amp;ssl=1 1536w, https:\/\/i0.wp.com\/thomasvino.ch\/wp-content\/uploads\/2026\/04\/18674523-scaled.jpeg?resize=2048%2C1365&amp;ssl=1 2048w, https:\/\/i0.wp.com\/thomasvino.ch\/wp-content\/uploads\/2026\/04\/18674523-scaled.jpeg?resize=140%2C94&amp;ssl=1 140w\" sizes=\"(max-width: 300px) 100vw, 300px\" data-recalc-dims=\"1\" \/><\/p>\n<h3 style=\"font-weight: 400;\"><strong>Du \u00abnouveau\u00bb Pi\u00e9mont et en Lombardie<\/strong><\/h3>\n<p style=\"font-weight: 400;\">Deux curiosit\u00e9s ensuite. D\u2019abord, au Pi\u00e9mont, dans le Monferrato, cette petite Toscane du Nord, le <em>baratuciat<\/em> 2021 d\u2019<strong>Enrico Duretto<\/strong> , au nez de <em>foccacia<\/em> au feu de bois, \u00e0 la fois p\u00eache de vigne et menthol\u00e9 en finale. <strong>Paolo Massobrio<\/strong> a \u00e9t\u00e9 le premier \u00e0 parler de ce vieux c\u00e9page retrouv\u00e9 sur un seul cep tir\u00e9 en longueur (une <em>topia<\/em>) et lui pr\u00e9dit un avenir \u00absimilaire au timorasso\u00bb. Une trentaine de vignerons s\u2019y int\u00e9resseraient d\u00e9j\u00e0\u2026 Et puis ce curieux nom qui rime avec aromate, l\u2019<em>erbamat<\/em>, admis depuis 2017 \u00e0 hauteur de 10% dans les spumante de Franciacorta. Jusqu\u2019ici, ces beaux mousseux en \u00abm\u00e9thode traditionnelle\u00bb (comme en Champagne, donc) ne tol\u00e9raient que le pinot noir, le chardonnay et une goutte de pinot blanc. Pour d\u00e9jouer le r\u00e9chauffement climatique de la r\u00e9gion des lacs lombards, il faut d\u00e9sormais un raisin \u00abplus acide que le chardonnay\u00bb. Le voil\u00e0 donc, vinifi\u00e9 en<em> purezza<\/em> par la maison <strong>Berlucchi<\/strong>, \u00e0 base de 15% d\u2019une r\u00e9serve perp\u00e9tuelle de cinq mill\u00e9simes (2012 \u2013 2016) et le reste en 2017. Bien structur\u00e9 et prometteur ! \u00abUne grande et belle nouveaut\u00e9\u00bb, salue le journaliste italien.<\/p>\n<h3 style=\"font-weight: 400;\"><strong>Vous avez dit oxyd\u00e9\u00a0?<\/strong><\/h3>\n<p style=\"font-weight: 400;\"><img data-attachment-id=\"18709\" data-permalink=\"https:\/\/thomasvino.ch\/?attachment_id=18709\" data-orig-file=\"https:\/\/i0.wp.com\/thomasvino.ch\/wp-content\/uploads\/2026\/04\/IMG_2530-scaled.jpeg?fit=1636%2C2560&amp;ssl=1\" data-orig-size=\"1636,2560\" data-comments-opened=\"0\" data-image-meta=\"{&quot;aperture&quot;:&quot;1.8&quot;,&quot;credit&quot;:&quot;&quot;,&quot;camera&quot;:&quot;iPhone SE (2nd generation)&quot;,&quot;caption&quot;:&quot;&quot;,&quot;created_timestamp&quot;:&quot;1776255670&quot;,&quot;copyright&quot;:&quot;&quot;,&quot;focal_length&quot;:&quot;3.99&quot;,&quot;iso&quot;:&quot;160&quot;,&quot;shutter_speed&quot;:&quot;0.02&quot;,&quot;title&quot;:&quot;&quot;,&quot;orientation&quot;:&quot;1&quot;}\" data-image-title=\"IMG_2530\" data-image-description=\"\" data-image-caption=\"\" data-medium-file=\"https:\/\/i0.wp.com\/thomasvino.ch\/wp-content\/uploads\/2026\/04\/IMG_2530-scaled.jpeg?fit=192%2C300&amp;ssl=1\" data-large-file=\"https:\/\/i0.wp.com\/thomasvino.ch\/wp-content\/uploads\/2026\/04\/IMG_2530-scaled.jpeg?fit=655%2C1024&amp;ssl=1\" loading=\"lazy\" class=\"alignleft size-medium wp-image-18709\" src=\"https:\/\/i0.wp.com\/thomasvino.ch\/wp-content\/uploads\/2026\/04\/IMG_2530.jpeg?resize=192%2C300&#038;ssl=1\" alt=\"\" width=\"192\" height=\"300\" srcset=\"https:\/\/i0.wp.com\/thomasvino.ch\/wp-content\/uploads\/2026\/04\/IMG_2530-scaled.jpeg?resize=192%2C300&amp;ssl=1 192w, https:\/\/i0.wp.com\/thomasvino.ch\/wp-content\/uploads\/2026\/04\/IMG_2530-scaled.jpeg?resize=655%2C1024&amp;ssl=1 655w, https:\/\/i0.wp.com\/thomasvino.ch\/wp-content\/uploads\/2026\/04\/IMG_2530-scaled.jpeg?resize=768%2C1201&amp;ssl=1 768w, https:\/\/i0.wp.com\/thomasvino.ch\/wp-content\/uploads\/2026\/04\/IMG_2530-scaled.jpeg?resize=982%2C1536&amp;ssl=1 982w, https:\/\/i0.wp.com\/thomasvino.ch\/wp-content\/uploads\/2026\/04\/IMG_2530-scaled.jpeg?resize=1309%2C2048&amp;ssl=1 1309w, https:\/\/i0.wp.com\/thomasvino.ch\/wp-content\/uploads\/2026\/04\/IMG_2530-scaled.jpeg?w=1636&amp;ssl=1 1636w\" sizes=\"(max-width: 192px) 100vw, 192px\" data-recalc-dims=\"1\" \/>Pourquoi les vins blancs reviennent-ils \u00e0 la mode\u00a0? Par go\u00fbt de la fra\u00eecheur (surtout \u00e0 la temp\u00e9rature o\u00f9 ils sont servis\u2026), par la sensation imm\u00e9diate de d\u00e9celer au nez 90% des ar\u00f4mes qu\u2019on retrouvera en bouche (il suffit de penser au muscat\u2026). Mais aussi parce que l\u2019\u0153nologie a fait des progr\u00e8s, gr\u00e2ce \u00e0 l\u2019utilisation du froid (capital dans un pays chaud\u2026 et toute l\u2019Europe le devient\u00a0!) ou d\u2019autres astuces en cave, pour \u00e9viter un d\u00e9faut r\u00e9dhibitoire sur les blancs\u00a0: l\u2019oxydation.<\/p>\n<p style=\"font-weight: 400;\">Le clou, ou le pied de nez, de cette d\u00e9gustation fut, pr\u00e9cis\u00e9ment, un vin \u00e0 l\u2019oxydation m\u00e9nag\u00e9e. Venue de Sardaigne, la <em>vernaccia di Oristano<\/em> Antico Gregori 1991 de <strong>Contini<\/strong> est un chef-d\u2019\u0153uvre. Caramel, curry, \u00e9corce d\u2019orange se bousculent au nez comme en bouche. La bouche rappelle un x\u00e9r\u00e8s, bien sec. Pourtant ce vin n\u2019est pas mut\u00e9\u00a0: s\u2019il affiche 19% d\u2019alcool, c\u2019est seulement par \u00e9vaporation. Elev\u00e9 \u00absous voile\u00bb en petits f\u00fbts, il l\u2019est comme le vin andalou, en <em>solera<\/em>, soit en pyramide de petits f\u00fbts diff\u00e9rents mill\u00e9simes (15% de vieux vins et le solde de l\u2019ann\u00e9e mentionn\u00e9e sur l\u2019\u00e9tiquette). Vin d\u2019avenir\u00a0? Pas s\u00fbr. Mais d\u2019exception, certainement\u00a0!<\/p>\n<p style=\"font-weight: 400;\">Et voil\u00e0\u00a0: seize c\u00e9pages blancs italiens cit\u00e9s en deux petites pages. Honn\u00eatement, combien en aviez-vous go\u00fbt\u00e9\u00a0?<\/p>\n<p style=\"font-weight: 400;\"><strong>Pierre Thomas<\/strong><\/p>\n<p style=\"font-weight: 400;\"><em>Chronique publi\u00e9e initialement par l<a href=\"https:\/\/les5duvin.wordpress.com\/2026\/04\/26\/un-giro-ditalia-en-blanc\/\">e blog les5duvin.<\/a><\/em><\/p>\n<p><em>\u00a9thomasvino.ch<\/em><\/p>\n<p style=\"font-weight: 400;\">\n","protected":false},"excerpt":{"rendered":"<p>Le Giro d\u2019Italia cycliste (8 au 31 mai 2026) va s\u2019\u00e9lancer (de Bulgarie!) ces prochains jours. Et le maillot du leader est rose, de la m\u00eame couleur que le papier de son sponsor principal, la Gazzetta dello Sport. Un titre qui f\u00eate cette ann\u00e9e ses 130 ans. Peut-\u00eatre qu\u2019un jour, je ferai un tour d\u2019Italie [&hellip;]<\/p>\n","protected":false},"author":3,"featured_media":0,"comment_status":"closed","ping_status":"open","sticky":false,"template":"","format":"standard","meta":{"_monsterinsights_skip_tracking":false,"_monsterinsights_sitenote_active":false,"_monsterinsights_sitenote_note":"","_monsterinsights_sitenote_category":0,"jetpack_post_was_ever_published":false,"jetpack_publicize_message":"","jetpack_is_tweetstorm":false,"jetpack_publicize_feature_enabled":true,"jetpack_social_post_already_shared":true,"jetpack_social_options":{"image_generator_settings":{"template":"highway","enabled":false}}},"categories":[29],"tags":[],"jetpack_publicize_connections":[],"yoast_head":"<!-- This site is optimized with the Yoast SEO plugin v20.6 - https:\/\/yoast.com\/wordpress\/plugins\/seo\/ -->\n<title>Vinitaly 2026 \u2014 Un giro d\u2019Italia en blanc - thomasvino<\/title>\n<meta name=\"robots\" content=\"index, follow, max-snippet:-1, max-image-preview:large, max-video-preview:-1\" \/>\n<link rel=\"canonical\" href=\"https:\/\/thomasvino.ch\/?p=18705\" \/>\n<meta property=\"og:locale\" content=\"fr_FR\" \/>\n<meta property=\"og:type\" content=\"article\" \/>\n<meta property=\"og:title\" content=\"Vinitaly 2026 \u2014 Un giro d\u2019Italia en blanc - thomasvino\" \/>\n<meta property=\"og:description\" content=\"Le Giro d\u2019Italia cycliste (8 au 31 mai 2026) va s\u2019\u00e9lancer (de Bulgarie!) ces prochains jours. Et le maillot du leader est rose, de la m\u00eame couleur que le papier de son sponsor principal, la Gazzetta dello Sport. Un titre qui f\u00eate cette ann\u00e9e ses 130 ans. Peut-\u00eatre qu\u2019un jour, je ferai un tour d\u2019Italie [&hellip;]\" \/>\n<meta property=\"og:url\" content=\"https:\/\/thomasvino.ch\/?p=18705\" \/>\n<meta property=\"og:site_name\" content=\"thomasvino\" \/>\n<meta property=\"article:published_time\" content=\"2026-04-30T08:42:34+00:00\" \/>\n<meta property=\"article:modified_time\" content=\"2026-04-30T08:42:55+00:00\" \/>\n<meta property=\"og:image\" content=\"https:\/\/thomasvino.ch\/wp-content\/uploads\/2026\/04\/IMG_2480-135x300.jpeg\" \/>\n<meta name=\"author\" content=\"Pierre Thomas\" \/>\n<meta name=\"twitter:label1\" content=\"\u00c9crit par\" \/>\n\t<meta name=\"twitter:data1\" content=\"Pierre Thomas\" \/>\n\t<meta name=\"twitter:label2\" content=\"Dur\u00e9e de lecture estim\u00e9e\" \/>\n\t<meta name=\"twitter:data2\" content=\"8 minutes\" \/>\n<script type=\"application\/ld+json\" class=\"yoast-schema-graph\">{\"@context\":\"https:\/\/schema.org\",\"@graph\":[{\"@type\":\"WebPage\",\"@id\":\"https:\/\/thomasvino.ch\/?p=18705\",\"url\":\"https:\/\/thomasvino.ch\/?p=18705\",\"name\":\"Vinitaly 2026 \u2014 Un giro d\u2019Italia en blanc - thomasvino\",\"isPartOf\":{\"@id\":\"https:\/\/thomasvino.ch\/#website\"},\"datePublished\":\"2026-04-30T08:42:34+00:00\",\"dateModified\":\"2026-04-30T08:42:55+00:00\",\"author\":{\"@id\":\"https:\/\/thomasvino.ch\/#\/schema\/person\/670bf4486fe81152cf1d68bd585e062e\"},\"breadcrumb\":{\"@id\":\"https:\/\/thomasvino.ch\/?p=18705#breadcrumb\"},\"inLanguage\":\"fr-FR\",\"potentialAction\":[{\"@type\":\"ReadAction\",\"target\":[\"https:\/\/thomasvino.ch\/?p=18705\"]}]},{\"@type\":\"BreadcrumbList\",\"@id\":\"https:\/\/thomasvino.ch\/?p=18705#breadcrumb\",\"itemListElement\":[{\"@type\":\"ListItem\",\"position\":1,\"name\":\"Accueil\",\"item\":\"https:\/\/thomasvino.ch\/\"},{\"@type\":\"ListItem\",\"position\":2,\"name\":\"Vinitaly 2026 \u2014 Un giro d\u2019Italia en blanc\"}]},{\"@type\":\"WebSite\",\"@id\":\"https:\/\/thomasvino.ch\/#website\",\"url\":\"https:\/\/thomasvino.ch\/\",\"name\":\"thomasvino\",\"description\":\"Vins &amp; Gastronomie\",\"potentialAction\":[{\"@type\":\"SearchAction\",\"target\":{\"@type\":\"EntryPoint\",\"urlTemplate\":\"https:\/\/thomasvino.ch\/?s={search_term_string}\"},\"query-input\":\"required name=search_term_string\"}],\"inLanguage\":\"fr-FR\"},{\"@type\":\"Person\",\"@id\":\"https:\/\/thomasvino.ch\/#\/schema\/person\/670bf4486fe81152cf1d68bd585e062e\",\"name\":\"Pierre Thomas\",\"image\":{\"@type\":\"ImageObject\",\"inLanguage\":\"fr-FR\",\"@id\":\"https:\/\/thomasvino.ch\/#\/schema\/person\/image\/\",\"url\":\"https:\/\/secure.gravatar.com\/avatar\/91fd5a76647f140e53db987a0dead4d7?s=96&d=mm&r=g\",\"contentUrl\":\"https:\/\/secure.gravatar.com\/avatar\/91fd5a76647f140e53db987a0dead4d7?s=96&d=mm&r=g\",\"caption\":\"Pierre Thomas\"},\"url\":\"https:\/\/thomasvino.ch\/?author=3\"}]}<\/script>\n<!-- \/ Yoast SEO plugin. -->","yoast_head_json":{"title":"Vinitaly 2026 \u2014 Un giro d\u2019Italia en blanc - thomasvino","robots":{"index":"index","follow":"follow","max-snippet":"max-snippet:-1","max-image-preview":"max-image-preview:large","max-video-preview":"max-video-preview:-1"},"canonical":"https:\/\/thomasvino.ch\/?p=18705","og_locale":"fr_FR","og_type":"article","og_title":"Vinitaly 2026 \u2014 Un giro d\u2019Italia en blanc - thomasvino","og_description":"Le Giro d\u2019Italia cycliste (8 au 31 mai 2026) va s\u2019\u00e9lancer (de Bulgarie!) ces prochains jours. Et le maillot du leader est rose, de la m\u00eame couleur que le papier de son sponsor principal, la Gazzetta dello Sport. Un titre qui f\u00eate cette ann\u00e9e ses 130 ans. Peut-\u00eatre qu\u2019un jour, je ferai un tour d\u2019Italie [&hellip;]","og_url":"https:\/\/thomasvino.ch\/?p=18705","og_site_name":"thomasvino","article_published_time":"2026-04-30T08:42:34+00:00","article_modified_time":"2026-04-30T08:42:55+00:00","og_image":[{"url":"https:\/\/thomasvino.ch\/wp-content\/uploads\/2026\/04\/IMG_2480-135x300.jpeg"}],"author":"Pierre Thomas","twitter_misc":{"\u00c9crit par":"Pierre Thomas","Dur\u00e9e de lecture estim\u00e9e":"8 minutes"},"schema":{"@context":"https:\/\/schema.org","@graph":[{"@type":"WebPage","@id":"https:\/\/thomasvino.ch\/?p=18705","url":"https:\/\/thomasvino.ch\/?p=18705","name":"Vinitaly 2026 \u2014 Un giro d\u2019Italia en blanc - thomasvino","isPartOf":{"@id":"https:\/\/thomasvino.ch\/#website"},"datePublished":"2026-04-30T08:42:34+00:00","dateModified":"2026-04-30T08:42:55+00:00","author":{"@id":"https:\/\/thomasvino.ch\/#\/schema\/person\/670bf4486fe81152cf1d68bd585e062e"},"breadcrumb":{"@id":"https:\/\/thomasvino.ch\/?p=18705#breadcrumb"},"inLanguage":"fr-FR","potentialAction":[{"@type":"ReadAction","target":["https:\/\/thomasvino.ch\/?p=18705"]}]},{"@type":"BreadcrumbList","@id":"https:\/\/thomasvino.ch\/?p=18705#breadcrumb","itemListElement":[{"@type":"ListItem","position":1,"name":"Accueil","item":"https:\/\/thomasvino.ch\/"},{"@type":"ListItem","position":2,"name":"Vinitaly 2026 \u2014 Un giro d\u2019Italia en blanc"}]},{"@type":"WebSite","@id":"https:\/\/thomasvino.ch\/#website","url":"https:\/\/thomasvino.ch\/","name":"thomasvino","description":"Vins &amp; Gastronomie","potentialAction":[{"@type":"SearchAction","target":{"@type":"EntryPoint","urlTemplate":"https:\/\/thomasvino.ch\/?s={search_term_string}"},"query-input":"required name=search_term_string"}],"inLanguage":"fr-FR"},{"@type":"Person","@id":"https:\/\/thomasvino.ch\/#\/schema\/person\/670bf4486fe81152cf1d68bd585e062e","name":"Pierre Thomas","image":{"@type":"ImageObject","inLanguage":"fr-FR","@id":"https:\/\/thomasvino.ch\/#\/schema\/person\/image\/","url":"https:\/\/secure.gravatar.com\/avatar\/91fd5a76647f140e53db987a0dead4d7?s=96&d=mm&r=g","contentUrl":"https:\/\/secure.gravatar.com\/avatar\/91fd5a76647f140e53db987a0dead4d7?s=96&d=mm&r=g","caption":"Pierre Thomas"},"url":"https:\/\/thomasvino.ch\/?author=3"}]}},"jetpack_featured_media_url":"","jetpack_sharing_enabled":true,"jetpack_shortlink":"https:\/\/wp.me\/p3m4tZ-4RH","jetpack_likes_enabled":false,"jetpack-related-posts":[{"id":8882,"url":"https:\/\/thomasvino.ch\/?p=8882","url_meta":{"origin":18705,"position":0},"title":"Euro-ros\u00e9: couper le blanc avec du rouge? H\u00e9r\u00e9sie!","date":"23 avril 2009","format":false,"excerpt":"L\u2019Union Europ\u00e9enne a failli autoriser le m\u00e9lange de vin blanc et de rouge pour les ros\u00e9s de bas de gamme. Au grand dam des Fran\u00e7ais. Eusse \u00e9t\u00e9 si grave? Par Pierre Thomas Le d\u00e9funt pape de l\u2019\u0153nologie, le professeur Emile Peynaud, \u00e9tait formel : \u00abLe ros\u00e9 est un faux vin\u2026","rel":"","context":"Dans &quot;Tendance&quot;","img":{"alt_text":"","src":"","width":0,"height":0},"classes":[]},{"id":8826,"url":"https:\/\/thomasvino.ch\/?p=8826","url_meta":{"origin":18705,"position":1},"title":"Les c\u00e9pages, \u00e9talons de concours?","date":"29 novembre 2008","format":false,"excerpt":"Chardonnay, Pinot noir, Syrah, Merlot and CoLe c\u00e9page, \u00e9talon de concours\u00a0?Le palmar\u00e8s du premier Mondial du Merlot, disput\u00e9 \u00e0 Lugano, vient d\u2019\u00eatre publi\u00e9. Apr\u00e8s les concours r\u00e9gionaux, nationaux et internationaux g\u00e9n\u00e9ralistes, les concours li\u00e9s \u00e0 un seul c\u00e9page ont la cote.Par Pierre ThomasLongtemps, les concours g\u00e9n\u00e9ralistes suffisaient au bonheur des\u2026","rel":"","context":"Dans &quot;Tendance&quot;","img":{"alt_text":"","src":"","width":0,"height":0},"classes":[]},{"id":16526,"url":"https:\/\/thomasvino.ch\/?p=16526","url_meta":{"origin":18705,"position":2},"title":"Report de d\u00e9gustations\u00a0: collisions programm\u00e9es","date":"5 avril 2020","format":false,"excerpt":"Si l\u2019Office des vins vaudois (OVV) persiste \u00e0 annoncer, sur son site Internet, que les \u00abcaves ouvertes\u00bb vaudoises de Pentec\u00f4te (samedi 30 et dimanche 31 mai) ne seront pas renvoy\u00e9es, elles le seront bel et bien aux 22 et 23 ao\u00fbt 2020. Les renvois de d\u00e9gustations se multiplient, mais gare\u2026","rel":"","context":"Dans &quot;Actus - News&quot;","img":{"alt_text":"","src":"","width":0,"height":0},"classes":[]},{"id":17661,"url":"https:\/\/thomasvino.ch\/?p=17661","url_meta":{"origin":18705,"position":3},"title":"A Yecla, le grand \u00e9cart des vins espagnols","date":"9 mars 2022","format":false,"excerpt":"Lundi 14 mars, au Kongresshaus de Zurich, l\u2019Espagne fera go\u00fbter plusieurs centaines de ses vins aux professionnels durant toute la journ\u00e9e de ce qui s\u2019est appel\u00e9 durant vingt ans le \u00abDia del vino\u00bb, anglicis\u00e9 en \u00abTaste Spain\u00bb. Des produits du terroir sont pr\u00e9sent\u00e9s en parall\u00e8le. Par Pierre Thomas L\u2019Espagne pointe\u2026","rel":"","context":"Dans &quot;Vins espagnols&quot;","img":{"alt_text":"","src":"https:\/\/i0.wp.com\/thomasvino.ch\/wp-content\/uploads\/2022\/03\/yecla_vign1-300x200.jpg?resize=350%2C200&ssl=1","width":350,"height":200},"classes":[]},{"id":8934,"url":"https:\/\/thomasvino.ch\/?p=8934","url_meta":{"origin":18705,"position":4},"title":"CERVIM 2009 et les vins suisses","date":"27 ao\u00fbt 2009","format":false,"excerpt":"Concours des vins de montagne Une confrontation originale Le vendredi soir 4 septembre 2009, au Ch\u00e2teau d\u2019Aymavilles, pr\u00e8s d\u2019Aoste, les vignerons prim\u00e9s au 17\u00e8me Concours international des vins de montagne re\u00e7oivent leur prix. Coup d\u2019\u0153il sur cette manifestation originale, par Pierre Thomas, membre du jury. Qu\u2019est-ce qui peut bien rapprocher\u2026","rel":"","context":"Dans &quot;Vins suisses&quot;","img":{"alt_text":"","src":"","width":0,"height":0},"classes":[]},{"id":9635,"url":"https:\/\/thomasvino.ch\/?p=9635","url_meta":{"origin":18705,"position":5},"title":"Vins siciliens: un z\u00e9ro d&rsquo;Avola!","date":"30 mai 2005","format":false,"excerpt":"Article paru dans \u00abTout Compte Fait\u00bb en mai 2005 Sicile, un \u00abz\u00e9ro\u00bb d\u2019Avola Le jeu de mots facile a fus\u00e9\u00a0: sous le nom de \u00abnero d\u2019Avola\u00bb, le plus prometteur des raisins rouges de Sicile, les grandes surfaces \u00e9coulent des vins sans int\u00e9r\u00eat. Dur verdict pour le plus prolifique des vignobles\u2026","rel":"","context":"Dans &quot;Conso&quot;","img":{"alt_text":"","src":"","width":0,"height":0},"classes":[]}],"_links":{"self":[{"href":"https:\/\/thomasvino.ch\/index.php?rest_route=\/wp\/v2\/posts\/18705"}],"collection":[{"href":"https:\/\/thomasvino.ch\/index.php?rest_route=\/wp\/v2\/posts"}],"about":[{"href":"https:\/\/thomasvino.ch\/index.php?rest_route=\/wp\/v2\/types\/post"}],"author":[{"embeddable":true,"href":"https:\/\/thomasvino.ch\/index.php?rest_route=\/wp\/v2\/users\/3"}],"replies":[{"embeddable":true,"href":"https:\/\/thomasvino.ch\/index.php?rest_route=%2Fwp%2Fv2%2Fcomments&post=18705"}],"version-history":[{"count":2,"href":"https:\/\/thomasvino.ch\/index.php?rest_route=\/wp\/v2\/posts\/18705\/revisions"}],"predecessor-version":[{"id":18711,"href":"https:\/\/thomasvino.ch\/index.php?rest_route=\/wp\/v2\/posts\/18705\/revisions\/18711"}],"wp:attachment":[{"href":"https:\/\/thomasvino.ch\/index.php?rest_route=%2Fwp%2Fv2%2Fmedia&parent=18705"}],"wp:term":[{"taxonomy":"category","embeddable":true,"href":"https:\/\/thomasvino.ch\/index.php?rest_route=%2Fwp%2Fv2%2Fcategories&post=18705"},{"taxonomy":"post_tag","embeddable":true,"href":"https:\/\/thomasvino.ch\/index.php?rest_route=%2Fwp%2Fv2%2Ftags&post=18705"}],"curies":[{"name":"wp","href":"https:\/\/api.w.org\/{rel}","templated":true}]}}