{"id":8726,"date":"2008-03-20T16:36:00","date_gmt":"2008-03-20T16:36:00","guid":{"rendered":"http:\/\/localhost\/thomasvino\/?p=8726"},"modified":"2008-03-20T16:36:00","modified_gmt":"2008-03-20T16:36:00","slug":"deux-chardonnays-suisses-en-or-en-bourgogne","status":"publish","type":"post","link":"https:\/\/thomasvino.ch\/?p=8726","title":{"rendered":"Deux chardonnays suisses en or en Bourgogne"},"content":{"rendered":"<p><font style=\"font-weight: bold;\" size=\"4\">Deux chardonnays suisses en or<\/font><\/p>\n<div style=\"text-align: justify;\">Chardonnay du Monde 2008, \u00abconfrontation qualitative\u00bb, se d\u00e9roulait pour la quinzi\u00e8me fois en Bourgogne, en mars. Le concours est tr\u00e8s pris\u00e9 des Suisses. Deux vins ont conquis l\u2019or, le chardonnay du <span style=\"font-weight: bold;\">Ch\u00e2teau d\u2019Auvernier (NE) 2005 en barriques<\/span>, de Thierry Grosjean, inscrit \u00e0 la M\u00e9moire des vins suisses, et le <span style=\"font-weight: bold;\">chardonnay en f\u00fbts 2006 de la Cave des Perri\u00e8res, \u00e0 Peissy (GE)<\/span>. <br \/>Les Valaisans et les Vaudois ont d\u00fb se contenter de m\u00e9dailles d\u2019argent (onze au total). Aucun des vins suisses ne figure parmi les dix meilleurs du monde, affich\u00e9s sur le site Internet (<a style=\"font-weight: bold;\" href=\"http:\/\/www.chardonnay-du-monde.com\/\">www.chardonnay-du-monde.com<\/a>). A noter que le site fait figurer la Suisse en Europe centrale, mais pas l\u2019Autriche, dont un \u00abTrockenbeerenauslese\u00bb 2006 du Weingut Sattlerhof sort meilleur chardonnay du monde, confirmant que les vins surmatur\u00e9s ou l\u00e9g\u00e9rement doux ont un avantage dans ce genre de concours. Pr\u00e8s de mille \u00e9chantillons de 39 pays ont \u00e9t\u00e9 jug\u00e9s pour 317 m\u00e9dailles, dont 60 d\u2019or. (<span style=\"font-style: italic;\">PTs<\/span>)<\/div>\n","protected":false},"excerpt":{"rendered":"<p>Deux chardonnays suisses en or Chardonnay du Monde 2008, \u00abconfrontation qualitative\u00bb, se d\u00e9roulait pour la quinzi\u00e8me fois en Bourgogne, en mars. Le concours est tr\u00e8s pris\u00e9 des Suisses. Deux vins ont conquis l\u2019or, le chardonnay du Ch\u00e2teau d\u2019Auvernier (NE) 2005 en barriques, de Thierry Grosjean, inscrit \u00e0 la M\u00e9moire des vins suisses, et le chardonnay [&hellip;]<\/p>\n","protected":false},"author":3,"featured_media":0,"comment_status":"closed","ping_status":"open","sticky":false,"template":"","format":"standard","meta":{"_monsterinsights_skip_tracking":false,"_monsterinsights_sitenote_active":false,"_monsterinsights_sitenote_note":"","_monsterinsights_sitenote_category":0,"jetpack_post_was_ever_published":false,"jetpack_publicize_message":"","jetpack_is_tweetstorm":false,"jetpack_publicize_feature_enabled":true,"jetpack_social_post_already_shared":false,"jetpack_social_options":{"image_generator_settings":{"template":"highway","enabled":false}}},"categories":[15],"tags":[],"jetpack_publicize_connections":[],"yoast_head":"<!-- This site is optimized with the Yoast SEO plugin v20.6 - https:\/\/yoast.com\/wordpress\/plugins\/seo\/ -->\n<title>Deux chardonnays suisses en or en Bourgogne - thomasvino<\/title>\n<meta name=\"robots\" content=\"index, follow, max-snippet:-1, max-image-preview:large, max-video-preview:-1\" \/>\n<link rel=\"canonical\" href=\"https:\/\/thomasvino.ch\/?p=8726\" \/>\n<meta property=\"og:locale\" content=\"fr_FR\" \/>\n<meta property=\"og:type\" content=\"article\" \/>\n<meta property=\"og:title\" content=\"Deux chardonnays suisses en or en Bourgogne - thomasvino\" \/>\n<meta property=\"og:description\" content=\"Deux chardonnays suisses en or Chardonnay du Monde 2008, \u00abconfrontation qualitative\u00bb, se d\u00e9roulait pour la quinzi\u00e8me fois en Bourgogne, en mars. Le concours est tr\u00e8s pris\u00e9 des Suisses. Deux vins ont conquis l\u2019or, le chardonnay du Ch\u00e2teau d\u2019Auvernier (NE) 2005 en barriques, de Thierry Grosjean, inscrit \u00e0 la M\u00e9moire des vins suisses, et le chardonnay [&hellip;]\" \/>\n<meta property=\"og:url\" content=\"https:\/\/thomasvino.ch\/?p=8726\" \/>\n<meta property=\"og:site_name\" content=\"thomasvino\" \/>\n<meta property=\"article:published_time\" content=\"2008-03-20T16:36:00+00:00\" \/>\n<meta name=\"author\" content=\"Pierre Thomas\" \/>\n<meta name=\"twitter:label1\" content=\"\u00c9crit par\" \/>\n\t<meta name=\"twitter:data1\" content=\"Pierre Thomas\" \/>\n\t<meta name=\"twitter:label2\" content=\"Dur\u00e9e de lecture estim\u00e9e\" \/>\n\t<meta name=\"twitter:data2\" content=\"1 minute\" \/>\n<script type=\"application\/ld+json\" class=\"yoast-schema-graph\">{\"@context\":\"https:\/\/schema.org\",\"@graph\":[{\"@type\":\"WebPage\",\"@id\":\"https:\/\/thomasvino.ch\/?p=8726\",\"url\":\"https:\/\/thomasvino.ch\/?p=8726\",\"name\":\"Deux chardonnays suisses en or en Bourgogne - thomasvino\",\"isPartOf\":{\"@id\":\"https:\/\/thomasvino.ch\/#website\"},\"datePublished\":\"2008-03-20T16:36:00+00:00\",\"dateModified\":\"2008-03-20T16:36:00+00:00\",\"author\":{\"@id\":\"https:\/\/thomasvino.ch\/#\/schema\/person\/670bf4486fe81152cf1d68bd585e062e\"},\"breadcrumb\":{\"@id\":\"https:\/\/thomasvino.ch\/?p=8726#breadcrumb\"},\"inLanguage\":\"fr-FR\",\"potentialAction\":[{\"@type\":\"ReadAction\",\"target\":[\"https:\/\/thomasvino.ch\/?p=8726\"]}]},{\"@type\":\"BreadcrumbList\",\"@id\":\"https:\/\/thomasvino.ch\/?p=8726#breadcrumb\",\"itemListElement\":[{\"@type\":\"ListItem\",\"position\":1,\"name\":\"Accueil\",\"item\":\"https:\/\/thomasvino.ch\/\"},{\"@type\":\"ListItem\",\"position\":2,\"name\":\"Deux chardonnays suisses en or en Bourgogne\"}]},{\"@type\":\"WebSite\",\"@id\":\"https:\/\/thomasvino.ch\/#website\",\"url\":\"https:\/\/thomasvino.ch\/\",\"name\":\"thomasvino\",\"description\":\"Vins &amp; Gastronomie\",\"potentialAction\":[{\"@type\":\"SearchAction\",\"target\":{\"@type\":\"EntryPoint\",\"urlTemplate\":\"https:\/\/thomasvino.ch\/?s={search_term_string}\"},\"query-input\":\"required name=search_term_string\"}],\"inLanguage\":\"fr-FR\"},{\"@type\":\"Person\",\"@id\":\"https:\/\/thomasvino.ch\/#\/schema\/person\/670bf4486fe81152cf1d68bd585e062e\",\"name\":\"Pierre Thomas\",\"image\":{\"@type\":\"ImageObject\",\"inLanguage\":\"fr-FR\",\"@id\":\"https:\/\/thomasvino.ch\/#\/schema\/person\/image\/\",\"url\":\"https:\/\/secure.gravatar.com\/avatar\/91fd5a76647f140e53db987a0dead4d7?s=96&d=mm&r=g\",\"contentUrl\":\"https:\/\/secure.gravatar.com\/avatar\/91fd5a76647f140e53db987a0dead4d7?s=96&d=mm&r=g\",\"caption\":\"Pierre Thomas\"},\"url\":\"https:\/\/thomasvino.ch\/?author=3\"}]}<\/script>\n<!-- \/ Yoast SEO plugin. -->","yoast_head_json":{"title":"Deux chardonnays suisses en or en Bourgogne - thomasvino","robots":{"index":"index","follow":"follow","max-snippet":"max-snippet:-1","max-image-preview":"max-image-preview:large","max-video-preview":"max-video-preview:-1"},"canonical":"https:\/\/thomasvino.ch\/?p=8726","og_locale":"fr_FR","og_type":"article","og_title":"Deux chardonnays suisses en or en Bourgogne - thomasvino","og_description":"Deux chardonnays suisses en or Chardonnay du Monde 2008, \u00abconfrontation qualitative\u00bb, se d\u00e9roulait pour la quinzi\u00e8me fois en Bourgogne, en mars. Le concours est tr\u00e8s pris\u00e9 des Suisses. Deux vins ont conquis l\u2019or, le chardonnay du Ch\u00e2teau d\u2019Auvernier (NE) 2005 en barriques, de Thierry Grosjean, inscrit \u00e0 la M\u00e9moire des vins suisses, et le chardonnay [&hellip;]","og_url":"https:\/\/thomasvino.ch\/?p=8726","og_site_name":"thomasvino","article_published_time":"2008-03-20T16:36:00+00:00","author":"Pierre Thomas","twitter_misc":{"\u00c9crit par":"Pierre Thomas","Dur\u00e9e de lecture estim\u00e9e":"1 minute"},"schema":{"@context":"https:\/\/schema.org","@graph":[{"@type":"WebPage","@id":"https:\/\/thomasvino.ch\/?p=8726","url":"https:\/\/thomasvino.ch\/?p=8726","name":"Deux chardonnays suisses en or en Bourgogne - thomasvino","isPartOf":{"@id":"https:\/\/thomasvino.ch\/#website"},"datePublished":"2008-03-20T16:36:00+00:00","dateModified":"2008-03-20T16:36:00+00:00","author":{"@id":"https:\/\/thomasvino.ch\/#\/schema\/person\/670bf4486fe81152cf1d68bd585e062e"},"breadcrumb":{"@id":"https:\/\/thomasvino.ch\/?p=8726#breadcrumb"},"inLanguage":"fr-FR","potentialAction":[{"@type":"ReadAction","target":["https:\/\/thomasvino.ch\/?p=8726"]}]},{"@type":"BreadcrumbList","@id":"https:\/\/thomasvino.ch\/?p=8726#breadcrumb","itemListElement":[{"@type":"ListItem","position":1,"name":"Accueil","item":"https:\/\/thomasvino.ch\/"},{"@type":"ListItem","position":2,"name":"Deux chardonnays suisses en or en Bourgogne"}]},{"@type":"WebSite","@id":"https:\/\/thomasvino.ch\/#website","url":"https:\/\/thomasvino.ch\/","name":"thomasvino","description":"Vins &amp; Gastronomie","potentialAction":[{"@type":"SearchAction","target":{"@type":"EntryPoint","urlTemplate":"https:\/\/thomasvino.ch\/?s={search_term_string}"},"query-input":"required name=search_term_string"}],"inLanguage":"fr-FR"},{"@type":"Person","@id":"https:\/\/thomasvino.ch\/#\/schema\/person\/670bf4486fe81152cf1d68bd585e062e","name":"Pierre Thomas","image":{"@type":"ImageObject","inLanguage":"fr-FR","@id":"https:\/\/thomasvino.ch\/#\/schema\/person\/image\/","url":"https:\/\/secure.gravatar.com\/avatar\/91fd5a76647f140e53db987a0dead4d7?s=96&d=mm&r=g","contentUrl":"https:\/\/secure.gravatar.com\/avatar\/91fd5a76647f140e53db987a0dead4d7?s=96&d=mm&r=g","caption":"Pierre Thomas"},"url":"https:\/\/thomasvino.ch\/?author=3"}]}},"jetpack_featured_media_url":"","jetpack_sharing_enabled":true,"jetpack_shortlink":"https:\/\/wp.me\/p3m4tZ-2gK","jetpack_likes_enabled":false,"jetpack-related-posts":[{"id":8861,"url":"https:\/\/thomasvino.ch\/?p=8861","url_meta":{"origin":8726,"position":0},"title":"Chardonnays de Neuch\u00e2tel en or","date":"17 mars 2009","format":false,"excerpt":"Chardonnay-du-Monde 2009Deux Neuch\u00e2telois seuls en orSur les 17 m\u00e9dailles remport\u00e9es par des vins suisses \u00e0 Chardonnay-du-Monde, en basse Bourgogne, en mars, les deux seules m\u00e9dailles d'or reviennent \u00e0 des blancs en barriques de Neuch\u00e2tel, l'Expression de la B\u00e9roche 2006, des caves homonymes, et, d'un r\u00e9cidiviste \u00e0 ce haut niveau, le\u2026","rel":"","context":"Dans &quot;Actus - News&quot;","img":{"alt_text":"","src":"","width":0,"height":0},"classes":[]},{"id":17194,"url":"https:\/\/thomasvino.ch\/?p=17194","url_meta":{"origin":8726,"position":1},"title":"Concours monoc\u00e9pages\u00a0: cinq chardonnays suisses en or","date":"17 mars 2021","format":false,"excerpt":"La confrontation \u00abChardonnay du Monde\u00bb s\u2019est d\u00e9roul\u00e9 en Bourgogne, pour la 28\u00e8me fois, avec un quart de d\u00e9gustateurs venus d\u2019ailleurs que de la France. Sur 51 m\u00e9dailles d\u2019or, 5 sont suisses. Le Blanc de blanc Brut mill\u00e9sim\u00e9 2014 de la Cave du Tunnel, \u00e0 Conthey (VS), pointe au 11\u00e8me range\u2026","rel":"","context":"Dans &quot;Actus - News&quot;","img":{"alt_text":"","src":"","width":0,"height":0},"classes":[]},{"id":16476,"url":"https:\/\/thomasvino.ch\/?p=16476","url_meta":{"origin":8726,"position":2},"title":"Chardonnays du Monde: que de l&rsquo;argent pour les suisses","date":"20 mars 2020","format":false,"excerpt":"Apr\u00e8s les Vinalies de Paris 2020, chiches avec les vins suisses, Chardonnay du Monde n'a distingu\u00e9 que quatre vins suisses, avec une des 160 m\u00e9dailles d'argent. Aucune des 58 ors... La confrontation a r\u00e9uni 300 d\u00e9gustateurs du 11 au 13 mars au Ch\u00e2teau des Ravatys, dans le Beaujolais, propri\u00e9t\u00e9 de\u2026","rel":"","context":"Dans &quot;Actus - News&quot;","img":{"alt_text":"","src":"","width":0,"height":0},"classes":[]},{"id":8754,"url":"https:\/\/thomasvino.ch\/?p=8754","url_meta":{"origin":8726,"position":3},"title":"Chardonnays: les vaudois explosent au Grand Jury de 24 Heures","date":"24 juin 2008","format":false,"excerpt":"Grand Jury de 24 Heures Les chardonnays s\u2019imposent \u00e0 domicile Dans le deuxi\u00e8me des quatre matches entre des vins de l\u2019Ancien et du Nouveau mondes, les chardonnays suisses ont pris leur revanche sur les cabernets sauvignons (24 Heures du 28 mars). Une confrontation \u00e9patante, o\u00f9 les Vaudois ont brill\u00e9, \u00ab\u00e0\u2026","rel":"","context":"Dans &quot;Grand Jury 24 Heures&quot;","img":{"alt_text":"","src":"","width":0,"height":0},"classes":[]},{"id":9651,"url":"https:\/\/thomasvino.ch\/?p=9651","url_meta":{"origin":8726,"position":4},"title":"Vaud \u2014 Les vins prim\u00e9s en 2005","date":"13 juillet 2005","format":false,"excerpt":"Vins vaudois dans les concours internationaux 2005 Chasselas en or \u00e0 Bruxelles Les vins vaudois ont mieux brill\u00e9 \u00e0 Bruxelles, en Bourgogne et \u00e0 Bordeaux qu\u2019\u00e0 Paris, dans les concours internationaux du d\u00e9but de l\u2019ann\u00e9e. Fait rare, un chasselas 2003 de La C\u00f4te, de surcro\u00eet original dans sa d\u00e9marche, est\u2026","rel":"","context":"Dans &quot;Vins suisses&quot;","img":{"alt_text":"","src":"","width":0,"height":0},"classes":[]},{"id":9555,"url":"https:\/\/thomasvino.ch\/?p=9555","url_meta":{"origin":8726,"position":5},"title":"Bourgogne \u2014 La Suisse romande, march\u00e9 \u00e0 reconqu\u00e9rir","date":"16 janvier 2005","format":false,"excerpt":"La Suisse romande, un march\u00e9 \u00e0 reconqu\u00e9rirAutant l\u2019avouer d\u2019embl\u00e9e: l\u2019image des vins de Bourgogne n\u2019est pas bonne en Suisse romande. Tant dans les restaurants, o\u00f9 les bouteilles ch\u00e8res sont en perte de vitesse, qu\u2019\u00e0 domicile, o\u00f9 la majorit\u00e9 des vins sont consomm\u00e9s, selon un r\u00e9cent sondage.Longtemps, les Suisses romands et\u2026","rel":"","context":"Dans &quot;Vins fran\u00e7ais&quot;","img":{"alt_text":"","src":"","width":0,"height":0},"classes":[]}],"_links":{"self":[{"href":"https:\/\/thomasvino.ch\/index.php?rest_route=\/wp\/v2\/posts\/8726"}],"collection":[{"href":"https:\/\/thomasvino.ch\/index.php?rest_route=\/wp\/v2\/posts"}],"about":[{"href":"https:\/\/thomasvino.ch\/index.php?rest_route=\/wp\/v2\/types\/post"}],"author":[{"embeddable":true,"href":"https:\/\/thomasvino.ch\/index.php?rest_route=\/wp\/v2\/users\/3"}],"replies":[{"embeddable":true,"href":"https:\/\/thomasvino.ch\/index.php?rest_route=%2Fwp%2Fv2%2Fcomments&post=8726"}],"version-history":[{"count":0,"href":"https:\/\/thomasvino.ch\/index.php?rest_route=\/wp\/v2\/posts\/8726\/revisions"}],"wp:attachment":[{"href":"https:\/\/thomasvino.ch\/index.php?rest_route=%2Fwp%2Fv2%2Fmedia&parent=8726"}],"wp:term":[{"taxonomy":"category","embeddable":true,"href":"https:\/\/thomasvino.ch\/index.php?rest_route=%2Fwp%2Fv2%2Fcategories&post=8726"},{"taxonomy":"post_tag","embeddable":true,"href":"https:\/\/thomasvino.ch\/index.php?rest_route=%2Fwp%2Fv2%2Ftags&post=8726"}],"curies":[{"name":"wp","href":"https:\/\/api.w.org\/{rel}","templated":true}]}}