{"id":8741,"date":"2005-01-10T21:21:00","date_gmt":"2005-01-10T21:21:00","guid":{"rendered":"http:\/\/localhost\/thomasvino\/?p=8741"},"modified":"2005-01-10T21:21:00","modified_gmt":"2005-01-10T21:21:00","slug":"vaud-les-vins-primes-en-2004","status":"publish","type":"post","link":"https:\/\/thomasvino.ch\/?p=8741","title":{"rendered":"Vaud \u2014 Les vins prim\u00e9s en 2004"},"content":{"rendered":"<div style=\"text-align: justify;\" target=\"_blank\"><font size=\"5\"><span style=\"font-weight: bold;\">Tous les vins vaudois prim\u00e9s en 2004<\/span><\/font><br style=\"font-weight: bold;\"><span style=\"font-weight: bold;\"><br \/>Vinalies \u00e0 Paris:<\/span><span style=\"font-weight: bold;\"> de l&#39;or pour Ollon<\/span><br \/>Seule m\u00e9daille d&#39;or vaudoise (pour cinq valaisannes et trois genevoises) pour le \u00abBlanc fum\u00e9 tradition\u00bb 2002 de l&#39;Association viticole d&#39;Ollon, aux Vinalies internationales de Paris, en f\u00e9vrier. Cet assemblage de&#8230; Si les Valaisans ont fait tr\u00e8s fort puisque le domaine Rouvinez \u00e0 Sierre a remport\u00e9 un des troph\u00e9ess, cr\u00e9\u00e9s pour c\u00e9l\u00e9brer la dixi\u00e8me \u00e9dition de ce concours, dans la cat\u00e9gorie des vins blancs secs, avec un \u00abErmitage 2002\u00bb, les Vaudois ont r\u00e9colt\u00e9 plusieurs m\u00e9dailles d&#39;argent. Le Domaine de Vy Granges, \u00e0 Mont-sur-Rolle, s&#39;est ainsi distingu\u00e9 avec son \u00abAssemblage de nobles c\u00e9pages rouges\u00bb 2002; Hammel, \u00e0 Rolle, avec le chardonnay 2002 du Clos de la George, \u00e0 Yvorne, et Uvavins, \u00e0 Tolochenaz, avec l&#39;assemblage passerill\u00e9 (chardonnay, doral, pinot gris) de La C\u00f4te \u00abTrilogie 2002, de la collection \u00abLe vin vivant\u00bb, parrain\u00e9e par le chef Bernard Ravet.<span style=\"font-style: italic;\">Palmar\u00e8s complet sur <a href=\"http:\/\/www.oenologuesdefrance.fr\" target=\"_blank\">www.oenologuesdefrance.fr<\/a><\/span><br \/><span style=\"font-weight: bold;\">Vinitaly: <\/span><span style=\"font-weight: bold;\">la seule m\u00e9daille suisse est vaudoise<\/span><br \/>Autre grand concours international b\u00e9n\u00e9ficiant du double patronage de l&#39;Office international de la vigne et du vin (OIV) et de l&#39;Union internationale des \u0153nologues, Vinitaly, pr\u00e9c\u00e9dant la foire homonyme, \u00e0 V\u00e9rone, n&#39;a r\u00e9compens\u00e9 d&#39;une m\u00e9daille qu&#39;un seul vin suisse. C&#39;est le Chardonnay du Pays de Vaud \u00abLes Oenocrates\u00bb 2000, vinifi\u00e9 par Daniel Dufaux, de chez Testuz SA, \u00e0 Treytorrens, qui l&#39;a obtenue dans la cat\u00e9gorie des vins blancs \u00e9labor\u00e9s et \u00e9lev\u00e9s en barriques. A V\u00e9rone, les cat\u00e9gories de vins sont plus larges que dans les autres concours internationaux, et la s\u00e9lection d&#39;autant plus s\u00e9v\u00e8re. Le chardonnay vaudois a d\u00e9croch\u00e9 l&#39;unique m\u00e9daille d&#39;argent de sa cat\u00e9gorie, battu par deux vins blancs italiens et un allemand, un chardonnay du Pays de Bade, jouxtant B\u00e2le.<span style=\"font-style: italic;\">Palmar\u00e8s complet sur <a href=\"http:\/\/www.vinitaly.it\" target=\"_blank\">www.vinitaly.it<\/a><\/span><br \/><span style=\"font-weight: bold;\">Chardonnay-du-Monde:<\/span><span style=\"font-weight: bold;\"> l&#39;argent coule \u00e0 flot <\/span><br \/>Confrontation tr\u00e8s pris\u00e9e des vignerons suisses, m\u00eame si elle ne fait pas partie de la F\u00e9d\u00e9ration des grands concours internationaux, Chardonnay-du-Monde 2004, dans le Beaujolais, a r\u00e9compens\u00e9 son lot de vins monoc\u00e9pages. Des flacons valaisans ont emport\u00e9 les trois m\u00e9dailles d&#39;or \u00absuisses\u00bb, tandis que les vaudois d\u00e9crochaient neuf m\u00e9dailles d&#39;argent, soit autant que les vins valaisans. Avec les neuch\u00e2telois, genevois, argoviens et tessinois, la moisson s&#39;\u00e9l\u00e8ve \u00e0 trente-trois distinctions. <br \/>Toutes les r\u00e9gions vaudoises sont r\u00e9compens\u00e9es: hors bassin l\u00e9manique, la Cave de Bonvillars, avec un 2002 en barriques; la C\u00f4te, avec un chardonnay 2002 \u00abLe vin vivant\u00bb d&#39;Uvavins-Cidis, un 2002 bois\u00e9 de la Cave des Trois-Clos, \u00e0 Begnins, la \u00abR\u00e9serve du Vieux Toit 2002\u00bb, de Raymond Monnard, \u00e0 Mont-sur-Rolle, le \u00abDomaine de Crochet\u00bb 2002, \u00e0 Mont-sur-Rolle, vinifi\u00e9 par Fabio Penta chez Hammel SA, \u00e0 Rolle et \u00abLe Passerill\u00e9\u00bb 2002 d&#39;Henri Cruchon et fils, \u00e0 Echichens; le Chablais, avec un liquoreux, \u00abL&#39;Accroche-c\u0153ur\u00bb 2001 du Domaine du Luissalet \u00e0 Bex; Lavaux, enfin, avec un 2003 en barriques de l&#39;Association viticole de Lutry et un 2001, \u00abLes Oenocrates\u00bb, de Testuz S.A. \u00e0 Treytorrens.<span style=\"font-style: italic;\">Palmar\u00e8s complet sur <a href=\"http:\/\/www.chardonnay-du-monde.com\" target=\"_blank\">www.chardonnay-du-monde.com<\/a><\/span><br style=\"font-style: italic;\"><span style=\"font-weight: bold;\">Concours mondial de Bruxelles:<\/span><span style=\"font-weight: bold;\"> Li\u00e8ge r\u00e9compense la douceur<\/span><br \/>Une fois encore, les vins suisses ont concouru en force au Mondial de Bruxelles, d\u00e9gust\u00e9 par un jury international \u00e0 Li\u00e8ge, cette ann\u00e9e (\u00abune fois\u00bb, comme disent les Belges). Mi-avril, la comp\u00e9tition a confirm\u00e9 quelques valeurs s\u00fbres, toutes du mill\u00e9sime 2002. Ainsi les deux m\u00e9dailles d&#39;or vaudoises, le Chardonnay, \u00abLe vin vivant\u00bb, d&#39;Uvavins-Cidis, et le Clos du Ch\u00e2telard, chardonnay de vendanges tardives de Villeneuve, vinifi\u00e9 par Fabio Penta pour Hammel SA. Sur les six m\u00e9dailles d&#39;argent vaudoises, quatre vont, du reste, \u00e0 des vins doux: le Clos du Ch\u00e2telard, version malvoisie, vendanges tardives, de Hammel SA; du m\u00eame propri\u00e9taire, le Domaine de Crochet, \u00e0 Mont-sur-Rolle, avec \u00abL&#39;Ambroisie\u00bb; le vin doux passerill\u00e9 du Ch\u00e2teau d&#39;Allaman, vinifi\u00e9 par Schenk S.A. et, r\u00e9pertori\u00e9 comme vin doux naturel (VDN), le \u00abQuentus\u00bb des Fr\u00e8res Dubois et fils, \u00e0 Cully. Enfin, deux belles surprises: alors que les syrahs valaisannes ont fait un tabac \u00e0 Li\u00e8ge (trois m\u00e9dailles d&#39;or, sept d&#39;argent), la syrah du D\u00e9zaley de chez Testuz SA, \u00e0 Treytorrens, a d\u00e9croch\u00e9 l&#39;argent, tandis que l&#39;Yvorne, \u00abCuv\u00e9e Prestige\u00bb, d&#39;Henri Badoux SA, \u00e0 Aigle, est le seul chasselas vaudois \u2014 certes en barriques! \u2014 m\u00e9daill\u00e9 d&#39;un grand concours international au printemps 2004. <span style=\"font-style: italic;\">Palmar\u00e8s complet sur <a href=\"http:\/\/www.concoursmondial.com\" target=\"_blank\">www.concoursmondial.com<\/a><\/span><br \/><span style=\"font-weight: bold;\">Mondial du Pinot noir \u00e0 Sierre : deux Vinea d\u2019or vaudois<\/span><br \/>A l\u2019occasion de Vinea, le premier week-end de septembre \u00e0 Sierre, deux caves vaudoises ont \u00e9t\u00e9 distingu\u00e9es par un Vinea d\u2019or : le pinot noir 2003 du Ch\u00e2teau de Gl\u00e9rolles SA, dont les vignes sont la propri\u00e9t\u00e9 de Philippe et Sandrine Trueb, particuli\u00e8rement bien not\u00e9 par le jury de cette comp\u00e9tition internationale, et Le Corsalin 2002, pinot noir en barriques de l\u2019Association vinicole de Corseaux. Ces deux Vinea d\u2019or \u00abvaudois\u00bb font partie des 25 plus hautes distinctions attribu\u00e9es aux pinots noirs suisses (sur 47, soit pour 4,7% des vins d\u00e9gust\u00e9s). Suivent 16 Vinea d\u2019argent pour des vins vaudois. 1001 vins \u00e9taient inscrits \u00e0 la comp\u00e9tition qui s\u2019est d\u00e9roul\u00e9e \u00e0 la mi-ao\u00fbt (391 de toute la Suisse, 349 \u00e9trangers et 261 valaisans). <span style=\"font-style: italic;\">Palmar\u00e8s complet sur <a href=\"http:\/\/www.mondial-du-pinot-noir.com\" target=\"_blank\">www.mondial-du-pinot-noir.com<\/a><\/span><br \/><span style=\"font-weight: bold;\">Un viognier de La C\u00f4te sauve l\u2019honneur vaudois \u00e0 Ljubljana<\/span><br \/>Longtemps le favori des vignerons suisses, le plus ancien des grands concours internationaux, qui f\u00eatait cette ann\u00e9e sa cinquanti\u00e8me \u00e9dition \u00e0 Ljubljana, capitale de la Slov\u00e9nie, a fait la f\u00eate aux crus valaisans. Le meilleur des 64 vins suisses pr\u00e9sent\u00e9s est ainsi un Johannisberg fl\u00e9tri 2002 de Chamoson, des Fils Maye SA, \u00e0 Riddes. Sur les douze m\u00e9dailles suisses, une seule, d\u2019argent, est revenue \u00e0 un vin vaudois, le Viognier 2003 de La C\u00f4te, des caves Cidis, \u00e0 Tolochenaz. <span style=\"font-style: italic;\">Palmar\u00e8s complet sur <a href=\"http:\/\/www.ljubljanski-sejem.si\/prireditve\/koledar_prireditev\/14\/\">www.ljubljanski-sejem.si\/prireditve\/koledar_prireditev\/14\/<\/a><\/span><br \/><span style=\"font-weight: bold;\">Un gewurztraminer bien plac\u00e9 en Allemagne<\/span><br \/>Organis\u00e9 pr\u00e8s de Mannheim depuis 2001, Mundus Vini, qui fait partie de la F\u00e9d\u00e9ration mondiale des grands concours des vins et spiritueux, prend toujours plus d\u2019ampleur. D\u00e9but septembre, sur 3\u2019578 \u00e9chantillons d\u00e9gust\u00e9s, des jur\u00e9s internationaux ont d\u00e9cern\u00e9 286 m\u00e9dailles d\u2019or et 819 d\u2019argent. Une seule m\u00e9daille d\u2019or a couronn\u00e9 un vin suisse, un blanc de noir de Wil (ZH). Sur les cinq m\u00e9dailles d\u2019argent helv\u00e9tiques, une va au Gewurztraminer du Pays de Vaud 2002 de la Cave de La C\u00f4te &#8211; Uvavins, \u00e0 Tolochenaz, qui re\u00e7oit aussi une mention \u00abtr\u00e8s bon\u00bb (hors du quota de 10% de m\u00e9dailles) pour son Pinot noir du Pays de Vaud 2002, de m\u00eame que Schenk S.A. \u00e0 Rolle pour son assemblage de gamaret-garanoir As de C\u0153ur 2002. <span style=\"font-style: italic;\">R\u00e9sultats complets sur <a href=\"http:\/\/www.mundus-vini.de\" target=\"_blank\">www.mundus-vini.de<\/a><\/span><br style=\"font-style: italic;\"><br style=\"font-style: italic;\"><span style=\"font-style: italic;\">Recension publi\u00e9e dans la revue Le Guillon, \u00e9ditions \u00e9t\u00e9 et hiver 2004<\/span><\/div>\n","protected":false},"excerpt":{"rendered":"<p>Tous les vins vaudois prim\u00e9s en 2004Vinalies \u00e0 Paris: de l&#39;or pour OllonSeule m\u00e9daille d&#39;or vaudoise (pour cinq valaisannes et trois genevoises) pour le \u00abBlanc fum\u00e9 tradition\u00bb 2002 de l&#39;Association viticole d&#39;Ollon, aux Vinalies internationales de Paris, en f\u00e9vrier. Cet assemblage de&#8230; Si les Valaisans ont fait tr\u00e8s fort puisque le domaine Rouvinez \u00e0 Sierre [&hellip;]<\/p>\n","protected":false},"author":3,"featured_media":0,"comment_status":"closed","ping_status":"open","sticky":false,"template":"","format":"standard","meta":{"_monsterinsights_skip_tracking":false,"_monsterinsights_sitenote_active":false,"_monsterinsights_sitenote_note":"","_monsterinsights_sitenote_category":0,"jetpack_post_was_ever_published":false,"jetpack_publicize_message":"","jetpack_is_tweetstorm":false,"jetpack_publicize_feature_enabled":true,"jetpack_social_post_already_shared":false,"jetpack_social_options":{"image_generator_settings":{"template":"highway","enabled":false}}},"categories":[3],"tags":[],"jetpack_publicize_connections":[],"yoast_head":"<!-- This site is optimized with the Yoast SEO plugin v20.6 - https:\/\/yoast.com\/wordpress\/plugins\/seo\/ -->\n<title>Vaud \u2014 Les vins prim\u00e9s en 2004 - thomasvino<\/title>\n<meta name=\"robots\" content=\"index, follow, max-snippet:-1, max-image-preview:large, max-video-preview:-1\" \/>\n<link rel=\"canonical\" href=\"https:\/\/thomasvino.ch\/?p=8741\" \/>\n<meta property=\"og:locale\" content=\"fr_FR\" \/>\n<meta property=\"og:type\" content=\"article\" \/>\n<meta property=\"og:title\" content=\"Vaud \u2014 Les vins prim\u00e9s en 2004 - thomasvino\" \/>\n<meta property=\"og:description\" content=\"Tous les vins vaudois prim\u00e9s en 2004Vinalies \u00e0 Paris: de l&#039;or pour OllonSeule m\u00e9daille d&#039;or vaudoise (pour cinq valaisannes et trois genevoises) pour le \u00abBlanc fum\u00e9 tradition\u00bb 2002 de l&#039;Association viticole d&#039;Ollon, aux Vinalies internationales de Paris, en f\u00e9vrier. Cet assemblage de&#8230; Si les Valaisans ont fait tr\u00e8s fort puisque le domaine Rouvinez \u00e0 Sierre [&hellip;]\" \/>\n<meta property=\"og:url\" content=\"https:\/\/thomasvino.ch\/?p=8741\" \/>\n<meta property=\"og:site_name\" content=\"thomasvino\" \/>\n<meta property=\"article:published_time\" content=\"2005-01-10T21:21:00+00:00\" \/>\n<meta name=\"author\" content=\"Pierre Thomas\" \/>\n<meta name=\"twitter:label1\" content=\"\u00c9crit par\" \/>\n\t<meta name=\"twitter:data1\" content=\"Pierre Thomas\" \/>\n\t<meta name=\"twitter:label2\" content=\"Dur\u00e9e de lecture estim\u00e9e\" \/>\n\t<meta name=\"twitter:data2\" content=\"6 minutes\" \/>\n<script type=\"application\/ld+json\" class=\"yoast-schema-graph\">{\"@context\":\"https:\/\/schema.org\",\"@graph\":[{\"@type\":\"WebPage\",\"@id\":\"https:\/\/thomasvino.ch\/?p=8741\",\"url\":\"https:\/\/thomasvino.ch\/?p=8741\",\"name\":\"Vaud \u2014 Les vins prim\u00e9s en 2004 - thomasvino\",\"isPartOf\":{\"@id\":\"https:\/\/thomasvino.ch\/#website\"},\"datePublished\":\"2005-01-10T21:21:00+00:00\",\"dateModified\":\"2005-01-10T21:21:00+00:00\",\"author\":{\"@id\":\"https:\/\/thomasvino.ch\/#\/schema\/person\/670bf4486fe81152cf1d68bd585e062e\"},\"breadcrumb\":{\"@id\":\"https:\/\/thomasvino.ch\/?p=8741#breadcrumb\"},\"inLanguage\":\"fr-FR\",\"potentialAction\":[{\"@type\":\"ReadAction\",\"target\":[\"https:\/\/thomasvino.ch\/?p=8741\"]}]},{\"@type\":\"BreadcrumbList\",\"@id\":\"https:\/\/thomasvino.ch\/?p=8741#breadcrumb\",\"itemListElement\":[{\"@type\":\"ListItem\",\"position\":1,\"name\":\"Accueil\",\"item\":\"https:\/\/thomasvino.ch\/\"},{\"@type\":\"ListItem\",\"position\":2,\"name\":\"Vaud \u2014 Les vins prim\u00e9s en 2004\"}]},{\"@type\":\"WebSite\",\"@id\":\"https:\/\/thomasvino.ch\/#website\",\"url\":\"https:\/\/thomasvino.ch\/\",\"name\":\"thomasvino\",\"description\":\"Vins &amp; Gastronomie\",\"potentialAction\":[{\"@type\":\"SearchAction\",\"target\":{\"@type\":\"EntryPoint\",\"urlTemplate\":\"https:\/\/thomasvino.ch\/?s={search_term_string}\"},\"query-input\":\"required name=search_term_string\"}],\"inLanguage\":\"fr-FR\"},{\"@type\":\"Person\",\"@id\":\"https:\/\/thomasvino.ch\/#\/schema\/person\/670bf4486fe81152cf1d68bd585e062e\",\"name\":\"Pierre Thomas\",\"image\":{\"@type\":\"ImageObject\",\"inLanguage\":\"fr-FR\",\"@id\":\"https:\/\/thomasvino.ch\/#\/schema\/person\/image\/\",\"url\":\"https:\/\/secure.gravatar.com\/avatar\/91fd5a76647f140e53db987a0dead4d7?s=96&d=mm&r=g\",\"contentUrl\":\"https:\/\/secure.gravatar.com\/avatar\/91fd5a76647f140e53db987a0dead4d7?s=96&d=mm&r=g\",\"caption\":\"Pierre Thomas\"},\"url\":\"https:\/\/thomasvino.ch\/?author=3\"}]}<\/script>\n<!-- \/ Yoast SEO plugin. -->","yoast_head_json":{"title":"Vaud \u2014 Les vins prim\u00e9s en 2004 - thomasvino","robots":{"index":"index","follow":"follow","max-snippet":"max-snippet:-1","max-image-preview":"max-image-preview:large","max-video-preview":"max-video-preview:-1"},"canonical":"https:\/\/thomasvino.ch\/?p=8741","og_locale":"fr_FR","og_type":"article","og_title":"Vaud \u2014 Les vins prim\u00e9s en 2004 - thomasvino","og_description":"Tous les vins vaudois prim\u00e9s en 2004Vinalies \u00e0 Paris: de l&#39;or pour OllonSeule m\u00e9daille d&#39;or vaudoise (pour cinq valaisannes et trois genevoises) pour le \u00abBlanc fum\u00e9 tradition\u00bb 2002 de l&#39;Association viticole d&#39;Ollon, aux Vinalies internationales de Paris, en f\u00e9vrier. Cet assemblage de&#8230; Si les Valaisans ont fait tr\u00e8s fort puisque le domaine Rouvinez \u00e0 Sierre [&hellip;]","og_url":"https:\/\/thomasvino.ch\/?p=8741","og_site_name":"thomasvino","article_published_time":"2005-01-10T21:21:00+00:00","author":"Pierre Thomas","twitter_misc":{"\u00c9crit par":"Pierre Thomas","Dur\u00e9e de lecture estim\u00e9e":"6 minutes"},"schema":{"@context":"https:\/\/schema.org","@graph":[{"@type":"WebPage","@id":"https:\/\/thomasvino.ch\/?p=8741","url":"https:\/\/thomasvino.ch\/?p=8741","name":"Vaud \u2014 Les vins prim\u00e9s en 2004 - thomasvino","isPartOf":{"@id":"https:\/\/thomasvino.ch\/#website"},"datePublished":"2005-01-10T21:21:00+00:00","dateModified":"2005-01-10T21:21:00+00:00","author":{"@id":"https:\/\/thomasvino.ch\/#\/schema\/person\/670bf4486fe81152cf1d68bd585e062e"},"breadcrumb":{"@id":"https:\/\/thomasvino.ch\/?p=8741#breadcrumb"},"inLanguage":"fr-FR","potentialAction":[{"@type":"ReadAction","target":["https:\/\/thomasvino.ch\/?p=8741"]}]},{"@type":"BreadcrumbList","@id":"https:\/\/thomasvino.ch\/?p=8741#breadcrumb","itemListElement":[{"@type":"ListItem","position":1,"name":"Accueil","item":"https:\/\/thomasvino.ch\/"},{"@type":"ListItem","position":2,"name":"Vaud \u2014 Les vins prim\u00e9s en 2004"}]},{"@type":"WebSite","@id":"https:\/\/thomasvino.ch\/#website","url":"https:\/\/thomasvino.ch\/","name":"thomasvino","description":"Vins &amp; Gastronomie","potentialAction":[{"@type":"SearchAction","target":{"@type":"EntryPoint","urlTemplate":"https:\/\/thomasvino.ch\/?s={search_term_string}"},"query-input":"required name=search_term_string"}],"inLanguage":"fr-FR"},{"@type":"Person","@id":"https:\/\/thomasvino.ch\/#\/schema\/person\/670bf4486fe81152cf1d68bd585e062e","name":"Pierre Thomas","image":{"@type":"ImageObject","inLanguage":"fr-FR","@id":"https:\/\/thomasvino.ch\/#\/schema\/person\/image\/","url":"https:\/\/secure.gravatar.com\/avatar\/91fd5a76647f140e53db987a0dead4d7?s=96&d=mm&r=g","contentUrl":"https:\/\/secure.gravatar.com\/avatar\/91fd5a76647f140e53db987a0dead4d7?s=96&d=mm&r=g","caption":"Pierre Thomas"},"url":"https:\/\/thomasvino.ch\/?author=3"}]}},"jetpack_featured_media_url":"","jetpack_sharing_enabled":true,"jetpack_shortlink":"https:\/\/wp.me\/p3m4tZ-2gZ","jetpack_likes_enabled":false,"jetpack-related-posts":[{"id":9747,"url":"https:\/\/thomasvino.ch\/?p=9747","url_meta":{"origin":8741,"position":0},"title":"ns suisses \u2014 Au Concours mondial de Bruxelles: 20 m\u00e9dailles d&rsquo;or suisses","date":"29 avril 2006","format":false,"excerpt":"Vins suisses \u2014 Au 13\u00e8me Concours mondial de Bruxelles Vingt m\u00e9dailles d\u2019or pour la Suisse Sur plus de 5'000 vins pr\u00e9sent\u00e9s au jury du treizi\u00e8me Concours mondial de Bruxelles, qui s\u2019est tenu pour la premi\u00e8re fois de son histoire \u00e0 Lisbonne, quelque 190 provenaient de la Suisse. Ces vins se\u2026","rel":"","context":"Dans &quot;Actus - News&quot;","img":{"alt_text":"","src":"","width":0,"height":0},"classes":[]},{"id":15643,"url":"https:\/\/thomasvino.ch\/?p=15643","url_meta":{"origin":8741,"position":1},"title":"Vinalies de Paris\u00a0: triomphe du Domaine du Mont-d\u2019Or","date":"6 mars 2019","format":false,"excerpt":"Les vins suisses \u00e9taient particuli\u00e8rement nombreux aux Vinalies de Paris 2019, 25\u00e8me \u00e9dition\u00a0: 166 vins. 42 vins ont obtenu une m\u00e9daille d\u2019or, et 35, une m\u00e9daille d\u2019argent, soit 46% de vins m\u00e9daill\u00e9s, ce qui est exceptionnel, sachant que 30% des vins sont m\u00e9daill\u00e9s, au maximum. Le Domaine du Mont-d\u2019Or, aux\u2026","rel":"","context":"Dans &quot;Vins suisses&quot;","img":{"alt_text":"","src":"","width":0,"height":0},"classes":[]},{"id":9987,"url":"https:\/\/thomasvino.ch\/?p=9987","url_meta":{"origin":8741,"position":2},"title":"Valais-Vaud-Gen\u00e8ve: les meilleurs vins des concours 2007","date":"2 juillet 2007","format":false,"excerpt":"Concours des vins suisses 2007Les meilleurs vins de l\u2019ann\u00e9eCette ann\u00e9e, chaque r\u00e9gion viticole a organis\u00e9 ses propres s\u00e9lections, sans finale nationale. R\u00e9sum\u00e9 des meilleurs vins, d\u00e9sign\u00e9s par des jur\u00e9s o\u00f9 les pros de la vigne et du vin sont largement majoritaires. Mais quelle valeur accorder \u00e0 ces confrontations? LIRE EN\u2026","rel":"","context":"Dans &quot;Tendance&quot;","img":{"alt_text":"","src":"","width":0,"height":0},"classes":[]},{"id":14219,"url":"https:\/\/thomasvino.ch\/?p=14219","url_meta":{"origin":8741,"position":3},"title":"Vinalies de Paris\u00a0: Tourbillon, champion des liquoreux","date":"20 mars 2017","format":false,"excerpt":"Les Vinalies internationales de Paris ont souri aux vins suisses\u00a0: 32 m\u00e9dailles d\u2019or, en majorit\u00e9 valaisannes, et en minorit\u00e9 vaudoises. Seuls des vins des deux plus grands cantons sont prim\u00e9s. La marsanne du Domaine Tourbillon 2012, de Provins-Valais a \u00e9t\u00e9 jug\u00e9e meilleur vin liquoreux du concours. Les assemblages rouges, sur\u2026","rel":"","context":"Dans &quot;Actus - News&quot;","img":{"alt_text":"","src":"","width":0,"height":0},"classes":[]},{"id":9651,"url":"https:\/\/thomasvino.ch\/?p=9651","url_meta":{"origin":8741,"position":4},"title":"Vaud \u2014 Les vins prim\u00e9s en 2005","date":"13 juillet 2005","format":false,"excerpt":"Vins vaudois dans les concours internationaux 2005 Chasselas en or \u00e0 Bruxelles Les vins vaudois ont mieux brill\u00e9 \u00e0 Bruxelles, en Bourgogne et \u00e0 Bordeaux qu\u2019\u00e0 Paris, dans les concours internationaux du d\u00e9but de l\u2019ann\u00e9e. Fait rare, un chasselas 2003 de La C\u00f4te, de surcro\u00eet original dans sa d\u00e9marche, est\u2026","rel":"","context":"Dans &quot;Vins suisses&quot;","img":{"alt_text":"","src":"","width":0,"height":0},"classes":[]},{"id":9149,"url":"https:\/\/thomasvino.ch\/?p=9149","url_meta":{"origin":8741,"position":5},"title":"Le palmar\u00e8s suisse des Vinalies 2011","date":"7 mars 2011","format":false,"excerpt":"Vinalies internationales de Paris 2011 Blancs valaisans, rouges vaudois et genevois en or Disput\u00e9es \u00e0 Paris fin f\u00e9vrier 2011, sous l\u2019\u00e9gide des \u0153nologues de France, les Vinalies, tr\u00e8s discr\u00e8tes sur les conditions r\u00e9elles de la comp\u00e9tition, ont livr\u00e9 leur verdict. Les vins suisses y sont tr\u00e8s bien repr\u00e9sent\u00e9s. Plusieurs domaines\u2026","rel":"","context":"Dans &quot;Actus - News&quot;","img":{"alt_text":"","src":"","width":0,"height":0},"classes":[]}],"_links":{"self":[{"href":"https:\/\/thomasvino.ch\/index.php?rest_route=\/wp\/v2\/posts\/8741"}],"collection":[{"href":"https:\/\/thomasvino.ch\/index.php?rest_route=\/wp\/v2\/posts"}],"about":[{"href":"https:\/\/thomasvino.ch\/index.php?rest_route=\/wp\/v2\/types\/post"}],"author":[{"embeddable":true,"href":"https:\/\/thomasvino.ch\/index.php?rest_route=\/wp\/v2\/users\/3"}],"replies":[{"embeddable":true,"href":"https:\/\/thomasvino.ch\/index.php?rest_route=%2Fwp%2Fv2%2Fcomments&post=8741"}],"version-history":[{"count":0,"href":"https:\/\/thomasvino.ch\/index.php?rest_route=\/wp\/v2\/posts\/8741\/revisions"}],"wp:attachment":[{"href":"https:\/\/thomasvino.ch\/index.php?rest_route=%2Fwp%2Fv2%2Fmedia&parent=8741"}],"wp:term":[{"taxonomy":"category","embeddable":true,"href":"https:\/\/thomasvino.ch\/index.php?rest_route=%2Fwp%2Fv2%2Fcategories&post=8741"},{"taxonomy":"post_tag","embeddable":true,"href":"https:\/\/thomasvino.ch\/index.php?rest_route=%2Fwp%2Fv2%2Ftags&post=8741"}],"curies":[{"name":"wp","href":"https:\/\/api.w.org\/{rel}","templated":true}]}}