{"id":8762,"date":"2008-07-10T09:17:00","date_gmt":"2008-07-10T09:17:00","guid":{"rendered":"http:\/\/localhost\/thomasvino\/?p=8762"},"modified":"2013-04-02T13:34:02","modified_gmt":"2013-04-02T12:34:02","slug":"six-bonnes-raisons-de-se-mettre-au-vert","status":"publish","type":"post","link":"https:\/\/thomasvino.ch\/?p=8762","title":{"rendered":"Six bonnes raisons de se mettre au vert"},"content":{"rendered":"<div style=\"text-align: justify;\"><font size=\"5\"><font size=\"4\"><span style=\"font-weight: bold; font-style: italic;\">Et\u00e9 2008 en Suisse<\/span><\/font><\/font><br style=\"font-weight: bold;\"><font size=\"5\"><span style=\"font-weight: bold;\">Six bonnes raisons <\/span><\/font><font size=\"5\"><span style=\"font-weight: bold;\">de se mettre au vert<\/span><\/font><br style=\"font-weight: bold;\"><\/div>\n<div style=\"text-align: justify;\"><span style=\"font-weight: bold;\">Voici six adresses de beaux endroits en Suisse romande, o\u00f9 allier bien manger et promenade. Avec trois conseils, en juillet et ao\u00fbt, quand la saison bat son plein : r\u00e9server par t\u00e9l\u00e9phone, y aller en d\u00e9but de semaine (plut\u00f4t que le week-end) ou y passer une nuit voire davantage.<\/span><\/div>\n<div style=\"text-align: justify;\"><span style=\"font-style: italic;\">Pierre Thomas<br \/><\/span><span style=\"font-weight: bold;\"><br \/><span style=\"font-style: italic;\">Pied du Jura<\/span><br \/><\/span><span style=\"font-weight: bold;\">Baulmes (VD)<\/span><br style=\"font-weight: bold;\"><span style=\"font-weight: bold;\">L\u2019auberge<\/span><span style=\"font-weight: bold; font-style: italic;\"><br \/>T\u00e9l. 024 459 11 18<br \/><\/span><a style=\"font-weight: bold;\" href=\"http:\/\/www.lauberge.ch\/\">www.lauberge.ch<\/a><span style=\"font-weight: bold; font-style: italic;\"><br \/>Ouvert \u00e0 midi du me au di et le soir du je au sa.<\/span><br \/>Reprise il y a quatre ans par Christiane Martin, ex-directrice d\u2019\u00e9cole de cadres de la sant\u00e9, cette auberge de village du pied du Jura vaudois, avec son agr\u00e9able terrasse, met l\u2019accent sur une carte estivale v\u00e9g\u00e9tarienne. A midi, trois propositions du jour, dont une du label \u00abFourchette verte\u00bb (alimentation \u00e9quilibr\u00e9e), et, le soir, des menus, dont, le week-end, le \u00abtout poisson\u00bb, \u00abd\u2019esp\u00e8ces non prot\u00e9g\u00e9es\u00bb, pr\u00e9cise la patronne, en cuisine avec trois apprentis. Cinq chambres, avec forfait d\u00eener-nuit.<br \/><span style=\"font-weight: bold;\"><br \/><span style=\"font-style: italic;\">Pr\u00e9alpes fribourgeoises<\/span><\/span><br style=\"font-weight: bold;\"><span style=\"font-weight: bold;\">Cerniat-La Valsainte (FR)<\/span><br style=\"font-weight: bold;\"><span style=\"font-weight: bold;\">L\u2019Hauta-Chia<\/span><span style=\"font-weight: bold; font-style: italic;\"><br \/>T\u00e9l. 026 927 26 96 <\/span><br \/><a style=\"font-weight: bold;\" href=\"http:\/\/www.hautachia.ch\/\">www.hautachia.ch<\/a><span style=\"font-weight: bold; font-style: italic;\"><br \/>Ouvert tous les jours jusqu\u2019\u00e0 fin ao\u00fbt, ferm\u00e9 lu et ma en automne.<\/span><br \/>Dans la \u00abverte Gruy\u00e8re\u00bb, sur les hauts de la chartreuse de La Valsainte, un chalet d\u2019alpage, ais\u00e9ment accessible \u00e0 pied, par la cr\u00eate de La Berra ou le col de la Balisa (magnifique itin\u00e9raire des Pr\u00e9alpes fribourgeoises), et en voiture, de Cerniat. Cet \u00e9t\u00e9, sous les ordres de la Charmeysanne V\u00e9ronique Bugnard, en cuisine, H\u00e9l\u00e8ne Vonlanthen, autodidacte et sp\u00e9cialiste en recettes indiennes, mais \u00abdoctoresse\u00bb en roestis, sous des formes diverses, le vendredi, midi et soir. Plat fribourgeois (jambon \u00e0 l\u2019os) le dimanche, tarte au vin cuit, g\u00e2teau du Vully et tartes au fruits. Possibilit\u00e9 de passer la nuit en dortoir (douze places, \u00e9dredon fourni).<\/p>\n<p><span style=\"font-weight: bold; font-style: italic;\">Jura et Franches-Montagnes<\/span><br style=\"font-weight: bold;\"><span style=\"font-weight: bold;\">Le Noirmont (JU)<\/span><br style=\"font-weight: bold;\"><span style=\"font-weight: bold;\">La Bou\u00e8ge<\/span><span style=\"font-weight: bold; font-style: italic;\"><br \/>T\u00e9l. 032 953 11 48<\/span><br \/><a style=\"font-weight: bold;\" href=\"http:\/\/www.juragourmand.ch\/labouege.htm\">www.juragourmand.ch\/labouege.htm<\/a><span style=\"font-weight: bold; font-style: italic;\"> <br \/>Ouvert tous les jours jusqu\u2019\u00e0 fin ao\u00fbt, ferm\u00e9 lu et ma en automne.<\/span><br \/>Dipl\u00f4m\u00e9 de l\u2019Ecole h\u00f4teli\u00e8re de Gen\u00e8ve, Franco-Suisse n\u00e9 \u00e0 Manosque (Provence), Nicolas Fontana a repris cette ancienne ferme jurassienne du d\u00e9but du 19\u00e8me si\u00e8cle, au bord du Doubs. La salle \u00e0 manger est celle d\u2019un caf\u00e9, tout en bois, et la terrasse a les pieds dans l\u2019eau\u2026 Les truites ne sont pas du Doubs, mais fribourgeoises, appr\u00eat\u00e9es \u00abau bleu\u00bb o\u00f9 au four, \u00e0 l\u2019huile d\u2019olive et herbettes. Risotto, dont un \u00e0 la T\u00eate de Moine AOC, viandes du fameux boucher Bilat, aux Bois, \u00abtotch\u00e9\u00bb, le g\u00e2teau \u00e0 la cr\u00e8me aigre franc-montagnard, et tarte Tatin. \u00abJe fais tout moi-m\u00eame\u00bb, souligne le patron. En prime, sept chambres au calme absolu\u2026<\/p>\n<p><span style=\"font-weight: bold;\">La Ferri\u00e8re (BE)<\/span><br style=\"font-weight: bold;\"><span style=\"font-weight: bold;\">H\u00f4tel-Pension de La Chaux-d\u2019Abel<\/span><span style=\"font-weight: bold; font-style: italic;\"><br \/>T\u00e9l. 032 961 11 52<\/span><br \/><a style=\"font-weight: bold;\" href=\"http:\/\/www.hotellachauxdabel.ch\">www.hotellachauxdabel.ch<\/a><span style=\"font-weight: bold; font-style: italic;\"><br \/>Ferm\u00e9 le me (sauf h\u00f4tel).<\/span><br \/>Elle est infirmi\u00e8re de formation, lui, ing\u00e9nieur civil passionn\u00e9 de cuisine : Agn\u00e8s et Daniel Frochaux ont repris il y a trois ans cette pension longtemps tenue par un pr\u00e9dicateur mennonite. Catherine Paysan y a \u00e9crit \u00abDame suisse sur un canap\u00e9 de reps vert\u00bb (Grasset, 1981). Chaque chambre (bois\u00e9e) porte un nom et est d\u00e9cor\u00e9e de fa\u00e7on tr\u00e8s originale. En principe, le patron ne cuisine que pour les h\u00f4tes (on peut louer les 23 chambres pour un anniversaire, un mariage, un s\u00e9minaire ou une sortie d\u2019entreprise). A condition de t\u00e9l\u00e9phoner le matin m\u00eame, on peut y manger. Au \u00abpire\u00bb, il y a toujours une assiette des fromages (r\u00e9put\u00e9s !) de La Chaux-d\u2019Abel ou des \u00abcornets \u00e0 la cr\u00e8me\u00bb, douceur classique des m\u00e9tairies jurassiennes. Environnement sublime de p\u00e2turages\u2026<br \/><span style=\"font-weight: bold;\"><br \/><span style=\"font-style: italic;\">Alpes valaisannes<\/span><\/span><br style=\"font-weight: bold;\"><span style=\"font-weight: bold;\">Savi\u00e8se (VS)<\/span><br style=\"font-weight: bold;\"><span style=\"font-weight: bold;\">H\u00f4tel du Barrage du Sanetsch<\/span><span style=\"font-weight: bold; font-style: italic;\"><br \/>T\u00e9l. 033 755 12 31 ou 027 346 50 48 <br \/><\/span><span style=\"font-weight: bold;\"><a href=\"http:\/\/www.sanetsch.ch\/\">www.sanetsch.ch<\/a><\/span><span style=\"font-weight: bold; font-style: italic;\"><br \/>Ouvert tous les jours jusqu\u2019\u00e0 fin octobre, cuisine non-stop en saison.<\/span><br \/>Il faut passer le col du Sanetsch, \u00e0 2300 m. d\u2019altitude, et redescendre sur le versant bernois pour atteindre cette auberge typique. Gratin d\u2019escargots \u00e0 la lie et aux herbes de montagne, s\u00e9rac frais \u00e0 la ciboulette sauvage, gratin de poireaux, mais aussi potage en cro\u00fbte et pains riches (au civet de biche), cuits maison, sont quelques uns des plats originaux. Le patron, Jean-Marie Luyet, est \u0153nologue dipl\u00f4m\u00e9 de Changins et cultive 2,5 hectares de vigne entre Sion et Savi\u00e8se. Depuis deux ans, c\u00f4t\u00e9 valaisan, le \u00abGrand H\u00f4tel du Col\u00bb, r\u00e9ouvert, offre 12 chambres et 24 lits, dans un d\u00e9cor alpin panoramique.<\/p>\n<p><span style=\"font-weight: bold;\">Ferp\u00e8cle (VS)<\/span><br style=\"font-weight: bold;\"><span style=\"font-weight: bold;\">H\u00f4tel du Col d\u2019H\u00e9rens<\/span><span style=\"font-weight: bold; font-style: italic;\"><br \/>T\u00e9l. 027 283 11 54 <br \/><\/span><span style=\"font-weight: bold;\"><a href=\"http:\/\/www.hotelferpecle.ch\/\">www.hotelferpecle.ch<\/a><\/span><span style=\"font-weight: bold; font-style: italic;\"><br \/>Ouvert tous les jours jusqu\u2019\u00e0 fin ao\u00fbt, ferm\u00e9 le di soir et lu, en automne.<\/span><br \/>Deux Vaudoises, Nicole Pahud et St\u00e9phanie Devaud, remettent le couvert cette ann\u00e9e dans ce bijou d\u2019h\u00f4tel de montagne, au pied d\u2019un des glaciers les plus accessibles des Alpes (belle balade). Sauf le soir, pour ceux qui dorment sur place et les autres aussi, pas de menu, mais une ardoise, avec quelques classiques (d\u00e9j\u00e0), comme la \u00abferp\u00e8clette\u00bb, pommes de terre gratin\u00e9es au fromage, avec de l\u2019ortie. La tarte aux herbes sauvages (berce, imp\u00e9ratoire et \u00e9pinards sauvages) est un d\u00e9lice. Cette ann\u00e9e, sirops maison (bourgeon de sapin, pissenlit, \u00e9pices). Et carte de vins valaisans des meilleurs vigneron(ne)s \u2014 on vous le garantit sur l\u2019honneur!<\/p>\n<p><span style=\"font-style: italic;\">Page parue dans le magazine <\/span><a style=\"font-weight: bold;\" href=\"http:\/\/www.toutcomptefait.ch\/script\/tcf.jj.pages.Home2\">Tout Compte Fait<\/a><span style=\"font-style: italic;\"><span style=\"font-weight: bold;\">,<\/span> juillet 2008.<\/span><br style=\"font-style: italic;\"><\/div>\n","protected":false},"excerpt":{"rendered":"<p>Et\u00e9 2008 en SuisseSix bonnes raisons de se mettre au vert Voici six adresses de beaux endroits en Suisse romande, o\u00f9 allier bien manger et promenade. Avec trois conseils, en juillet et ao\u00fbt, quand la saison bat son plein : r\u00e9server par t\u00e9l\u00e9phone, y aller en d\u00e9but de semaine (plut\u00f4t que le week-end) ou y [&hellip;]<\/p>\n","protected":false},"author":3,"featured_media":0,"comment_status":"closed","ping_status":"open","sticky":false,"template":"","format":"standard","meta":{"_monsterinsights_skip_tracking":false,"_monsterinsights_sitenote_active":false,"_monsterinsights_sitenote_note":"","_monsterinsights_sitenote_category":0,"jetpack_post_was_ever_published":false,"jetpack_publicize_message":"","jetpack_is_tweetstorm":false,"jetpack_publicize_feature_enabled":true,"jetpack_social_post_already_shared":false,"jetpack_social_options":{"image_generator_settings":{"template":"highway","enabled":false}}},"categories":[19,20],"tags":[],"jetpack_publicize_connections":[],"yoast_head":"<!-- This site is optimized with the Yoast SEO plugin v20.6 - https:\/\/yoast.com\/wordpress\/plugins\/seo\/ -->\n<title>Six bonnes raisons de se mettre au vert - thomasvino<\/title>\n<meta name=\"robots\" content=\"index, follow, max-snippet:-1, max-image-preview:large, max-video-preview:-1\" \/>\n<link rel=\"canonical\" href=\"https:\/\/thomasvino.ch\/?p=8762\" \/>\n<meta property=\"og:locale\" content=\"fr_FR\" \/>\n<meta property=\"og:type\" content=\"article\" \/>\n<meta property=\"og:title\" content=\"Six bonnes raisons de se mettre au vert - thomasvino\" \/>\n<meta property=\"og:description\" content=\"Et\u00e9 2008 en SuisseSix bonnes raisons de se mettre au vert Voici six adresses de beaux endroits en Suisse romande, o\u00f9 allier bien manger et promenade. Avec trois conseils, en juillet et ao\u00fbt, quand la saison bat son plein : r\u00e9server par t\u00e9l\u00e9phone, y aller en d\u00e9but de semaine (plut\u00f4t que le week-end) ou y [&hellip;]\" \/>\n<meta property=\"og:url\" content=\"https:\/\/thomasvino.ch\/?p=8762\" \/>\n<meta property=\"og:site_name\" content=\"thomasvino\" \/>\n<meta property=\"article:published_time\" content=\"2008-07-10T09:17:00+00:00\" \/>\n<meta property=\"article:modified_time\" content=\"2013-04-02T12:34:02+00:00\" \/>\n<meta name=\"author\" content=\"Pierre Thomas\" \/>\n<meta name=\"twitter:label1\" content=\"\u00c9crit par\" \/>\n\t<meta name=\"twitter:data1\" content=\"Pierre Thomas\" \/>\n\t<meta name=\"twitter:label2\" content=\"Dur\u00e9e de lecture estim\u00e9e\" \/>\n\t<meta name=\"twitter:data2\" content=\"5 minutes\" \/>\n<script type=\"application\/ld+json\" class=\"yoast-schema-graph\">{\"@context\":\"https:\/\/schema.org\",\"@graph\":[{\"@type\":\"WebPage\",\"@id\":\"https:\/\/thomasvino.ch\/?p=8762\",\"url\":\"https:\/\/thomasvino.ch\/?p=8762\",\"name\":\"Six bonnes raisons de se mettre au vert - thomasvino\",\"isPartOf\":{\"@id\":\"https:\/\/thomasvino.ch\/#website\"},\"datePublished\":\"2008-07-10T09:17:00+00:00\",\"dateModified\":\"2013-04-02T12:34:02+00:00\",\"author\":{\"@id\":\"https:\/\/thomasvino.ch\/#\/schema\/person\/670bf4486fe81152cf1d68bd585e062e\"},\"breadcrumb\":{\"@id\":\"https:\/\/thomasvino.ch\/?p=8762#breadcrumb\"},\"inLanguage\":\"fr-FR\",\"potentialAction\":[{\"@type\":\"ReadAction\",\"target\":[\"https:\/\/thomasvino.ch\/?p=8762\"]}]},{\"@type\":\"BreadcrumbList\",\"@id\":\"https:\/\/thomasvino.ch\/?p=8762#breadcrumb\",\"itemListElement\":[{\"@type\":\"ListItem\",\"position\":1,\"name\":\"Accueil\",\"item\":\"https:\/\/thomasvino.ch\/\"},{\"@type\":\"ListItem\",\"position\":2,\"name\":\"Six bonnes raisons de se mettre au vert\"}]},{\"@type\":\"WebSite\",\"@id\":\"https:\/\/thomasvino.ch\/#website\",\"url\":\"https:\/\/thomasvino.ch\/\",\"name\":\"thomasvino\",\"description\":\"Vins &amp; Gastronomie\",\"potentialAction\":[{\"@type\":\"SearchAction\",\"target\":{\"@type\":\"EntryPoint\",\"urlTemplate\":\"https:\/\/thomasvino.ch\/?s={search_term_string}\"},\"query-input\":\"required name=search_term_string\"}],\"inLanguage\":\"fr-FR\"},{\"@type\":\"Person\",\"@id\":\"https:\/\/thomasvino.ch\/#\/schema\/person\/670bf4486fe81152cf1d68bd585e062e\",\"name\":\"Pierre Thomas\",\"image\":{\"@type\":\"ImageObject\",\"inLanguage\":\"fr-FR\",\"@id\":\"https:\/\/thomasvino.ch\/#\/schema\/person\/image\/\",\"url\":\"https:\/\/secure.gravatar.com\/avatar\/91fd5a76647f140e53db987a0dead4d7?s=96&d=mm&r=g\",\"contentUrl\":\"https:\/\/secure.gravatar.com\/avatar\/91fd5a76647f140e53db987a0dead4d7?s=96&d=mm&r=g\",\"caption\":\"Pierre Thomas\"},\"url\":\"https:\/\/thomasvino.ch\/?author=3\"}]}<\/script>\n<!-- \/ Yoast SEO plugin. -->","yoast_head_json":{"title":"Six bonnes raisons de se mettre au vert - thomasvino","robots":{"index":"index","follow":"follow","max-snippet":"max-snippet:-1","max-image-preview":"max-image-preview:large","max-video-preview":"max-video-preview:-1"},"canonical":"https:\/\/thomasvino.ch\/?p=8762","og_locale":"fr_FR","og_type":"article","og_title":"Six bonnes raisons de se mettre au vert - thomasvino","og_description":"Et\u00e9 2008 en SuisseSix bonnes raisons de se mettre au vert Voici six adresses de beaux endroits en Suisse romande, o\u00f9 allier bien manger et promenade. Avec trois conseils, en juillet et ao\u00fbt, quand la saison bat son plein : r\u00e9server par t\u00e9l\u00e9phone, y aller en d\u00e9but de semaine (plut\u00f4t que le week-end) ou y [&hellip;]","og_url":"https:\/\/thomasvino.ch\/?p=8762","og_site_name":"thomasvino","article_published_time":"2008-07-10T09:17:00+00:00","article_modified_time":"2013-04-02T12:34:02+00:00","author":"Pierre Thomas","twitter_misc":{"\u00c9crit par":"Pierre Thomas","Dur\u00e9e de lecture estim\u00e9e":"5 minutes"},"schema":{"@context":"https:\/\/schema.org","@graph":[{"@type":"WebPage","@id":"https:\/\/thomasvino.ch\/?p=8762","url":"https:\/\/thomasvino.ch\/?p=8762","name":"Six bonnes raisons de se mettre au vert - thomasvino","isPartOf":{"@id":"https:\/\/thomasvino.ch\/#website"},"datePublished":"2008-07-10T09:17:00+00:00","dateModified":"2013-04-02T12:34:02+00:00","author":{"@id":"https:\/\/thomasvino.ch\/#\/schema\/person\/670bf4486fe81152cf1d68bd585e062e"},"breadcrumb":{"@id":"https:\/\/thomasvino.ch\/?p=8762#breadcrumb"},"inLanguage":"fr-FR","potentialAction":[{"@type":"ReadAction","target":["https:\/\/thomasvino.ch\/?p=8762"]}]},{"@type":"BreadcrumbList","@id":"https:\/\/thomasvino.ch\/?p=8762#breadcrumb","itemListElement":[{"@type":"ListItem","position":1,"name":"Accueil","item":"https:\/\/thomasvino.ch\/"},{"@type":"ListItem","position":2,"name":"Six bonnes raisons de se mettre au vert"}]},{"@type":"WebSite","@id":"https:\/\/thomasvino.ch\/#website","url":"https:\/\/thomasvino.ch\/","name":"thomasvino","description":"Vins &amp; Gastronomie","potentialAction":[{"@type":"SearchAction","target":{"@type":"EntryPoint","urlTemplate":"https:\/\/thomasvino.ch\/?s={search_term_string}"},"query-input":"required name=search_term_string"}],"inLanguage":"fr-FR"},{"@type":"Person","@id":"https:\/\/thomasvino.ch\/#\/schema\/person\/670bf4486fe81152cf1d68bd585e062e","name":"Pierre Thomas","image":{"@type":"ImageObject","inLanguage":"fr-FR","@id":"https:\/\/thomasvino.ch\/#\/schema\/person\/image\/","url":"https:\/\/secure.gravatar.com\/avatar\/91fd5a76647f140e53db987a0dead4d7?s=96&d=mm&r=g","contentUrl":"https:\/\/secure.gravatar.com\/avatar\/91fd5a76647f140e53db987a0dead4d7?s=96&d=mm&r=g","caption":"Pierre Thomas"},"url":"https:\/\/thomasvino.ch\/?author=3"}]}},"jetpack_featured_media_url":"","jetpack_sharing_enabled":true,"jetpack_shortlink":"https:\/\/wp.me\/p3m4tZ-2hk","jetpack_likes_enabled":false,"jetpack-related-posts":[{"id":9562,"url":"https:\/\/thomasvino.ch\/?p=9562","url_meta":{"origin":8762,"position":0},"title":"O\u00f9 d\u00eener dans un jardin?","date":"16 janvier 2005","format":false,"excerpt":"Le bonheur est dans le jardin Les jardins, de surcro\u00eet o\u00f9 on mange bien, sont rares. Bien s\u00fbr, maints restaurants, \u00e0 la campagne, ont une terrasse qui ouvre sur un large horizon. Mais quels sont les oasis de paix d\u00eenatoire dans les villes romandes? Voici six bonnes adresses, dont quelques\u2026","rel":"","context":"Dans &quot;Adresses&quot;","img":{"alt_text":"","src":"","width":0,"height":0},"classes":[]},{"id":16737,"url":"https:\/\/thomasvino.ch\/?p=16737","url_meta":{"origin":8762,"position":1},"title":"800 bonnes raisons de boire des vins suisses!","date":"17 juillet 2020","format":false,"excerpt":"Swiss Wine Promotion est satisfait du succ\u00e8s remport\u00e9 par sa promotion Swiss Wine Summer. Plus de 800 \u00e9tablissements, 453 en Suisse al\u00e9manique, 343 en Suisse romande et 16 en Suisse italienne, font la promotion des vins suisses, de la cabane de montagne, \u00e0 la buvette du lac ou au restaurant,\u2026","rel":"","context":"Dans &quot;Actus - News&quot;","img":{"alt_text":"","src":"https:\/\/i0.wp.com\/thomasvino.ch\/wp-content\/uploads\/2020\/07\/Linpasse-Bar-\u00c3\u0096-Vin_morges-300x225.jpg?resize=350%2C200&ssl=1","width":350,"height":200},"classes":[]},{"id":9227,"url":"https:\/\/thomasvino.ch\/?p=9227","url_meta":{"origin":8762,"position":2},"title":"Lausanne &#8211; Gen\u00e8ve: deux guides non synergis\u00e9s","date":"30 ao\u00fbt 2011","format":false,"excerpt":"Bien manger \u00e0 Lausanne et Gen\u00e8ve Deux guides non synergis\u00e9s Concoct\u00e9s par les responsables des rubriques gastronomiques (ou ce qu\u2019il en reste) des quotidiens vaudois 24 Heures et genevois Tribune de Gen\u00e8ve (TG), David Moginier et Alain Giroud, les guides Le Coup de Fourchette et A table! 2011-2012 viennent de\u2026","rel":"","context":"Dans &quot;Gastro&quot;","img":{"alt_text":"","src":"","width":0,"height":0},"classes":[]},{"id":9960,"url":"https:\/\/thomasvino.ch\/?p=9960","url_meta":{"origin":8762,"position":3},"title":"La Sicile mise sur les routes des vins","date":"14 avril 2007","format":false,"excerpt":"Bonnes adressesLa Sicile \u00e0 voir et \u00e0 boireLa Sicile est l\u2019invit\u00e9e d\u2019honneur du salon des vins Arvinis, \u00e0 Morges, du 18 au 23 avril 2007. Et les responsables siciliens du tourisme misent sur leurs crus pour faire d\u00e9couvrir les beaut\u00e9s de la plus grande \u00eele m\u00e9diterran\u00e9enne.Pierre Thomas, SyracuseA l\u2019impossible, nul\u2026","rel":"","context":"Dans &quot;Vins italiens&quot;","img":{"alt_text":"","src":"","width":0,"height":0},"classes":[]},{"id":11477,"url":"https:\/\/thomasvino.ch\/?p=11477","url_meta":{"origin":8762,"position":4},"title":"Alba, \u00e0 la poursuite du \u00abdiamant gris\u00bb","date":"18 novembre 2013","format":false,"excerpt":"La truffe blanche d\u2019Alba est \u00e0 la f\u00eate en fin d\u2019ann\u00e9e. Et pour cause, c\u2019est un produit saisonnier et \u00e0 dur\u00e9e limit\u00e9e. En fin de texte, quelques adresses int\u00e9ressantes \u0153no-gastro-h\u00f4teli\u00e8res. Et reportage au Pi\u00e9mont. (PDF de la page de La Libert\u00e9, ici) Pierre Thomas, de retour d\u2019Alba Au c\u0153ur d\u2019Alba,\u2026","rel":"","context":"Dans &quot;Tendance&quot;","img":{"alt_text":"","src":"https:\/\/i0.wp.com\/www.thomasvino.ch\/wp-content\/uploads\/2013\/11\/site_trufalba31-300x225.jpg?resize=350%2C200","width":350,"height":200},"classes":[]},{"id":9128,"url":"https:\/\/thomasvino.ch\/?p=9128","url_meta":{"origin":8762,"position":5},"title":"Saint-Oyen (Italie) \u2014 H\u00f4tel Mont Velan","date":"12 janvier 2005","format":false,"excerpt":"En septembre 2006, le tandem de l'H\u00f4tel Suisse, Isabella Spazzarini et le cuisinier Michele Miliore, a d\u00e9m\u00e9nag\u00e9 \u00e0 l'H\u00f4tel Mont Velan, rue du Gd St-Bernard 13, Saint-Oyen (Aoste), t\u00e9l. 0039 0165 78 524www.montvelan.itLa philosophie de cet h\u00f4tel-restaurant reste la m\u00eame et il est ouvert toute l'ann\u00e9e (sauf 10 jours \u00e0\u2026","rel":"","context":"Dans &quot;Adresses&quot;","img":{"alt_text":"","src":"","width":0,"height":0},"classes":[]}],"_links":{"self":[{"href":"https:\/\/thomasvino.ch\/index.php?rest_route=\/wp\/v2\/posts\/8762"}],"collection":[{"href":"https:\/\/thomasvino.ch\/index.php?rest_route=\/wp\/v2\/posts"}],"about":[{"href":"https:\/\/thomasvino.ch\/index.php?rest_route=\/wp\/v2\/types\/post"}],"author":[{"embeddable":true,"href":"https:\/\/thomasvino.ch\/index.php?rest_route=\/wp\/v2\/users\/3"}],"replies":[{"embeddable":true,"href":"https:\/\/thomasvino.ch\/index.php?rest_route=%2Fwp%2Fv2%2Fcomments&post=8762"}],"version-history":[{"count":0,"href":"https:\/\/thomasvino.ch\/index.php?rest_route=\/wp\/v2\/posts\/8762\/revisions"}],"wp:attachment":[{"href":"https:\/\/thomasvino.ch\/index.php?rest_route=%2Fwp%2Fv2%2Fmedia&parent=8762"}],"wp:term":[{"taxonomy":"category","embeddable":true,"href":"https:\/\/thomasvino.ch\/index.php?rest_route=%2Fwp%2Fv2%2Fcategories&post=8762"},{"taxonomy":"post_tag","embeddable":true,"href":"https:\/\/thomasvino.ch\/index.php?rest_route=%2Fwp%2Fv2%2Ftags&post=8762"}],"curies":[{"name":"wp","href":"https:\/\/api.w.org\/{rel}","templated":true}]}}