{"id":8813,"date":"2008-11-04T14:39:00","date_gmt":"2008-11-04T14:39:00","guid":{"rendered":"http:\/\/localhost\/thomasvino\/?p=8813"},"modified":"2008-11-04T14:39:00","modified_gmt":"2008-11-04T14:39:00","slug":"le-tessin-a-lausanne-le-10-novembre-2008","status":"publish","type":"post","link":"https:\/\/thomasvino.ch\/?p=8813","title":{"rendered":"Le Tessin \u00e0 Lausanne, le 10 novembre 2008"},"content":{"rendered":"<p><font size=\"3\"><span style=\"font-size: 11pt; font-family: &quot;Calibri&quot;,&quot;sans-serif&quot;;\" lang=\"FR-CH\"><font style=\"font-weight: bold;\" size=\"5\">Le Tessin s&#39;exporte \u00e0 Lausanne<\/font><br \/><\/span><\/font><\/p>\n<div style=\"text-align: justify;\"><font size=\"3\"><span style=\"font-size: 11pt; font-family: &quot;Calibri&quot;,&quot;sans-serif&quot;;\" lang=\"FR-CH\">Lundi prochain, 10 novembre 2008, les meilleurs crus tessinois seront pr\u00e9sents au Lausanne Palace. A l\u2019initiative de Ticinowine, l\u2019office de promotion des vins tessinois, une trentaine de producteurs feront d\u00e9guster leurs meilleurs vins dans le palace du centre-ville, de 10h30 \u00e0 19h30. Cette d\u00e9gustation exceptionnelle sera organis\u00e9e en parall\u00e8le avec le Salon Gastronomia \u2013 o\u00f9 Ticinowine a \u00e9galement pr\u00e9vu un espace de d\u00e9gustation \u2013 et sera une occasion unique pour d\u00e9couvrir l\u2019excellence de ses crus. En plus de la d\u00e9gustation libre, deux workshops se tiendront, o\u00f9 un nombre limit\u00e9 de participants pourront d\u00e9couvrir les meilleurs crus de la r\u00e9gion, ses terroirs et plusieurs c\u00e9pages, en plus du merlot. Ces s\u00e9minaires auront lieu de 14h00 \u00e0 15h30 et de 16h30 \u00e0 18h00. Ils seront anim\u00e9s par Urs M\u00e4der, un expert en vins tessinois. Conditions d&#39;inscription (gratuite) sur <a style=\"font-weight: bold;\" href=\"http:\/\/www.ticinowine.ch\/\">www.ticinowine.ch<\/a>.<\/span><\/font><br \/><font size=\"3\"><\/font><\/div>\n","protected":false},"excerpt":{"rendered":"<p>Le Tessin s&#39;exporte \u00e0 Lausanne Lundi prochain, 10 novembre 2008, les meilleurs crus tessinois seront pr\u00e9sents au Lausanne Palace. A l\u2019initiative de Ticinowine, l\u2019office de promotion des vins tessinois, une trentaine de producteurs feront d\u00e9guster leurs meilleurs vins dans le palace du centre-ville, de 10h30 \u00e0 19h30. Cette d\u00e9gustation exceptionnelle sera organis\u00e9e en parall\u00e8le avec [&hellip;]<\/p>\n","protected":false},"author":3,"featured_media":0,"comment_status":"closed","ping_status":"open","sticky":false,"template":"","format":"standard","meta":{"_monsterinsights_skip_tracking":false,"_monsterinsights_sitenote_active":false,"_monsterinsights_sitenote_note":"","_monsterinsights_sitenote_category":0,"jetpack_post_was_ever_published":false,"jetpack_publicize_message":"","jetpack_is_tweetstorm":false,"jetpack_publicize_feature_enabled":true,"jetpack_social_post_already_shared":false,"jetpack_social_options":{"image_generator_settings":{"template":"highway","enabled":false}}},"categories":[15],"tags":[],"jetpack_publicize_connections":[],"yoast_head":"<!-- This site is optimized with the Yoast SEO plugin v20.6 - https:\/\/yoast.com\/wordpress\/plugins\/seo\/ -->\n<title>Le Tessin \u00e0 Lausanne, le 10 novembre 2008 - thomasvino<\/title>\n<meta name=\"robots\" content=\"index, follow, max-snippet:-1, max-image-preview:large, max-video-preview:-1\" \/>\n<link rel=\"canonical\" href=\"https:\/\/thomasvino.ch\/?p=8813\" \/>\n<meta property=\"og:locale\" content=\"fr_FR\" \/>\n<meta property=\"og:type\" content=\"article\" \/>\n<meta property=\"og:title\" content=\"Le Tessin \u00e0 Lausanne, le 10 novembre 2008 - thomasvino\" \/>\n<meta property=\"og:description\" content=\"Le Tessin s&#039;exporte \u00e0 Lausanne Lundi prochain, 10 novembre 2008, les meilleurs crus tessinois seront pr\u00e9sents au Lausanne Palace. A l\u2019initiative de Ticinowine, l\u2019office de promotion des vins tessinois, une trentaine de producteurs feront d\u00e9guster leurs meilleurs vins dans le palace du centre-ville, de 10h30 \u00e0 19h30. Cette d\u00e9gustation exceptionnelle sera organis\u00e9e en parall\u00e8le avec [&hellip;]\" \/>\n<meta property=\"og:url\" content=\"https:\/\/thomasvino.ch\/?p=8813\" \/>\n<meta property=\"og:site_name\" content=\"thomasvino\" \/>\n<meta property=\"article:published_time\" content=\"2008-11-04T14:39:00+00:00\" \/>\n<meta name=\"author\" content=\"Pierre Thomas\" \/>\n<meta name=\"twitter:label1\" content=\"\u00c9crit par\" \/>\n\t<meta name=\"twitter:data1\" content=\"Pierre Thomas\" \/>\n\t<meta name=\"twitter:label2\" content=\"Dur\u00e9e de lecture estim\u00e9e\" \/>\n\t<meta name=\"twitter:data2\" content=\"1 minute\" \/>\n<script type=\"application\/ld+json\" class=\"yoast-schema-graph\">{\"@context\":\"https:\/\/schema.org\",\"@graph\":[{\"@type\":\"WebPage\",\"@id\":\"https:\/\/thomasvino.ch\/?p=8813\",\"url\":\"https:\/\/thomasvino.ch\/?p=8813\",\"name\":\"Le Tessin \u00e0 Lausanne, le 10 novembre 2008 - thomasvino\",\"isPartOf\":{\"@id\":\"https:\/\/thomasvino.ch\/#website\"},\"datePublished\":\"2008-11-04T14:39:00+00:00\",\"dateModified\":\"2008-11-04T14:39:00+00:00\",\"author\":{\"@id\":\"https:\/\/thomasvino.ch\/#\/schema\/person\/670bf4486fe81152cf1d68bd585e062e\"},\"breadcrumb\":{\"@id\":\"https:\/\/thomasvino.ch\/?p=8813#breadcrumb\"},\"inLanguage\":\"fr-FR\",\"potentialAction\":[{\"@type\":\"ReadAction\",\"target\":[\"https:\/\/thomasvino.ch\/?p=8813\"]}]},{\"@type\":\"BreadcrumbList\",\"@id\":\"https:\/\/thomasvino.ch\/?p=8813#breadcrumb\",\"itemListElement\":[{\"@type\":\"ListItem\",\"position\":1,\"name\":\"Accueil\",\"item\":\"https:\/\/thomasvino.ch\/\"},{\"@type\":\"ListItem\",\"position\":2,\"name\":\"Le Tessin \u00e0 Lausanne, le 10 novembre 2008\"}]},{\"@type\":\"WebSite\",\"@id\":\"https:\/\/thomasvino.ch\/#website\",\"url\":\"https:\/\/thomasvino.ch\/\",\"name\":\"thomasvino\",\"description\":\"Vins &amp; Gastronomie\",\"potentialAction\":[{\"@type\":\"SearchAction\",\"target\":{\"@type\":\"EntryPoint\",\"urlTemplate\":\"https:\/\/thomasvino.ch\/?s={search_term_string}\"},\"query-input\":\"required name=search_term_string\"}],\"inLanguage\":\"fr-FR\"},{\"@type\":\"Person\",\"@id\":\"https:\/\/thomasvino.ch\/#\/schema\/person\/670bf4486fe81152cf1d68bd585e062e\",\"name\":\"Pierre Thomas\",\"image\":{\"@type\":\"ImageObject\",\"inLanguage\":\"fr-FR\",\"@id\":\"https:\/\/thomasvino.ch\/#\/schema\/person\/image\/\",\"url\":\"https:\/\/secure.gravatar.com\/avatar\/91fd5a76647f140e53db987a0dead4d7?s=96&d=mm&r=g\",\"contentUrl\":\"https:\/\/secure.gravatar.com\/avatar\/91fd5a76647f140e53db987a0dead4d7?s=96&d=mm&r=g\",\"caption\":\"Pierre Thomas\"},\"url\":\"https:\/\/thomasvino.ch\/?author=3\"}]}<\/script>\n<!-- \/ Yoast SEO plugin. -->","yoast_head_json":{"title":"Le Tessin \u00e0 Lausanne, le 10 novembre 2008 - thomasvino","robots":{"index":"index","follow":"follow","max-snippet":"max-snippet:-1","max-image-preview":"max-image-preview:large","max-video-preview":"max-video-preview:-1"},"canonical":"https:\/\/thomasvino.ch\/?p=8813","og_locale":"fr_FR","og_type":"article","og_title":"Le Tessin \u00e0 Lausanne, le 10 novembre 2008 - thomasvino","og_description":"Le Tessin s&#39;exporte \u00e0 Lausanne Lundi prochain, 10 novembre 2008, les meilleurs crus tessinois seront pr\u00e9sents au Lausanne Palace. A l\u2019initiative de Ticinowine, l\u2019office de promotion des vins tessinois, une trentaine de producteurs feront d\u00e9guster leurs meilleurs vins dans le palace du centre-ville, de 10h30 \u00e0 19h30. Cette d\u00e9gustation exceptionnelle sera organis\u00e9e en parall\u00e8le avec [&hellip;]","og_url":"https:\/\/thomasvino.ch\/?p=8813","og_site_name":"thomasvino","article_published_time":"2008-11-04T14:39:00+00:00","author":"Pierre Thomas","twitter_misc":{"\u00c9crit par":"Pierre Thomas","Dur\u00e9e de lecture estim\u00e9e":"1 minute"},"schema":{"@context":"https:\/\/schema.org","@graph":[{"@type":"WebPage","@id":"https:\/\/thomasvino.ch\/?p=8813","url":"https:\/\/thomasvino.ch\/?p=8813","name":"Le Tessin \u00e0 Lausanne, le 10 novembre 2008 - thomasvino","isPartOf":{"@id":"https:\/\/thomasvino.ch\/#website"},"datePublished":"2008-11-04T14:39:00+00:00","dateModified":"2008-11-04T14:39:00+00:00","author":{"@id":"https:\/\/thomasvino.ch\/#\/schema\/person\/670bf4486fe81152cf1d68bd585e062e"},"breadcrumb":{"@id":"https:\/\/thomasvino.ch\/?p=8813#breadcrumb"},"inLanguage":"fr-FR","potentialAction":[{"@type":"ReadAction","target":["https:\/\/thomasvino.ch\/?p=8813"]}]},{"@type":"BreadcrumbList","@id":"https:\/\/thomasvino.ch\/?p=8813#breadcrumb","itemListElement":[{"@type":"ListItem","position":1,"name":"Accueil","item":"https:\/\/thomasvino.ch\/"},{"@type":"ListItem","position":2,"name":"Le Tessin \u00e0 Lausanne, le 10 novembre 2008"}]},{"@type":"WebSite","@id":"https:\/\/thomasvino.ch\/#website","url":"https:\/\/thomasvino.ch\/","name":"thomasvino","description":"Vins &amp; Gastronomie","potentialAction":[{"@type":"SearchAction","target":{"@type":"EntryPoint","urlTemplate":"https:\/\/thomasvino.ch\/?s={search_term_string}"},"query-input":"required name=search_term_string"}],"inLanguage":"fr-FR"},{"@type":"Person","@id":"https:\/\/thomasvino.ch\/#\/schema\/person\/670bf4486fe81152cf1d68bd585e062e","name":"Pierre Thomas","image":{"@type":"ImageObject","inLanguage":"fr-FR","@id":"https:\/\/thomasvino.ch\/#\/schema\/person\/image\/","url":"https:\/\/secure.gravatar.com\/avatar\/91fd5a76647f140e53db987a0dead4d7?s=96&d=mm&r=g","contentUrl":"https:\/\/secure.gravatar.com\/avatar\/91fd5a76647f140e53db987a0dead4d7?s=96&d=mm&r=g","caption":"Pierre Thomas"},"url":"https:\/\/thomasvino.ch\/?author=3"}]}},"jetpack_featured_media_url":"","jetpack_sharing_enabled":true,"jetpack_shortlink":"https:\/\/wp.me\/p3m4tZ-2i9","jetpack_likes_enabled":false,"jetpack-related-posts":[{"id":18585,"url":"https:\/\/thomasvino.ch\/?p=18585","url_meta":{"origin":8813,"position":0},"title":"Wine Lausanne, march 2025","date":"11 f\u00e9vrier 2025","format":false,"excerpt":"L\u2019occasion est trop belle pour ne pas faire le clin d\u2019oeil, apr\u00e8s Wine Paris. Trois lundis de ce prochain mois de mars, Lausanne sera la capitale des (meilleurs) vins suisses et des domaines les plus innovants et jeunes. D\u2019abord, au Lausanne-Palace, le lundi 10 mars dans l\u2019apr\u00e8s-midi, d\u00e8s 15 h.,\u2026","rel":"","context":"Dans &quot;Actus - News&quot;","img":{"alt_text":"","src":"","width":0,"height":0},"classes":[]},{"id":9446,"url":"https:\/\/thomasvino.ch\/?p=9446","url_meta":{"origin":8813,"position":1},"title":"Merlots du Tessin: les Riservas 2010 en revue","date":"18 septembre 2012","format":false,"excerpt":"Peu tanniques, vifs, fins et \u00e9l\u00e9gants\u00a0: tel se sont pr\u00e9sent\u00e9s, d\u00e9but septembre, \u00e0 Lugano, \u00e0 l\u2019invitation de Ticinowine, les meilleurs merlots du Tessin, du mill\u00e9sime 2010. Un mill\u00e9sime de consommation facile et donc tr\u00e8s \u00abgastronomique.\u00bb Lire aussi 40 vins parmi les meilleurs, not\u00e9s sur 100, et class\u00e9s en trois cat\u00e9gories.\u2026","rel":"","context":"Dans &quot;Vins suisses&quot;","img":{"alt_text":"","src":"","width":0,"height":0},"classes":[]},{"id":9255,"url":"https:\/\/thomasvino.ch\/?p=9255","url_meta":{"origin":8813,"position":2},"title":"Eric Klausener, le Tessin pour destin","date":"12 octobre 2011","format":false,"excerpt":"\u00a9Thomas Burla Avec sa tignasse blanche, on le verrait volontiers en empereur romain. Lui, le hippie des ann\u00e9es 1970, qui pr\u00f4nait le \u00abretour \u00e0 la nature\u00bb, ponctu\u00e9 par quelques voyages en Inde et au N\u00e9pal, s\u2019est aussi mis \u00e0 la mandoline. Ca change des Pink Floyd\u00a0! Pilier de l\u2019association des\u2026","rel":"","context":"Dans &quot;Vins suisses&quot;","img":{"alt_text":"image_klausener.jpg","src":"img\/image_klausener.jpg","width":350,"height":200},"classes":[]},{"id":11800,"url":"https:\/\/thomasvino.ch\/?p=11800","url_meta":{"origin":8813,"position":3},"title":"MDVS: Les vins suisses dans la dur\u00e9e","date":"6 mars 2014","format":false,"excerpt":"Les vins suisses, fussent-ils reconnus, souffrent encore de nombreux clich\u00e9s. Faut-il les boire dans l\u2019ann\u00e9e\u00a0? S\u2019am\u00e9liorent-ils dans le temps\u00a0? La d\u00e9marche de la \u00abM\u00e9moire des vins suisses\u00bb tente de r\u00e9pondre \u00e0 ces questions depuis dix ans. Elle s\u2019arr\u00eate \u00e0 Lausanne. Par Pierre Thomas L\u2019id\u00e9e de cr\u00e9er une \u00abm\u00e9moire\u00bb des vins\u2026","rel":"","context":"Dans &quot;Tendance&quot;","img":{"alt_text":"","src":"https:\/\/i0.wp.com\/www.thomasvino.ch\/wp-content\/uploads\/2014\/03\/MDVS_Paolo_Basso_peterkeller-214x300.jpg?resize=350%2C200","width":350,"height":200},"classes":[]},{"id":9155,"url":"https:\/\/thomasvino.ch\/?p=9155","url_meta":{"origin":8813,"position":4},"title":"Quatre d\u00e9gustations de prestige","date":"23 mars 2011","format":false,"excerpt":"Sierre, Morges, Lausanne Quatre d\u00e9gustations de prestige Pour les amateurs de grands vins, signalons quatre d\u00e9gustation de prestige, o\u00f9 il est indispensable de s'inscrire. Verticale de 20 mill\u00e9simes de Sassicaia le 9 avril \u00e0 Veyras\/s\/Sierre L'\u0153nophile valaisan Dominique Fornage organise une d\u00e9gustation de vingt mill\u00e9simes du grand vin de style\u2026","rel":"","context":"Dans &quot;Actus - News&quot;","img":{"alt_text":"","src":"","width":0,"height":0},"classes":[]},{"id":9254,"url":"https:\/\/thomasvino.ch\/?p=9254","url_meta":{"origin":8813,"position":5},"title":"Tessin \u2014 Le merlot craint le chaud","date":"12 octobre 2011","format":false,"excerpt":"Terre du merlot Le Tessin craint le chaud Le Tessin conna\u00eet un beau succ\u00e8s avec son merlot, plant\u00e9 depuis plus d\u2019un si\u00e8cle. Mais la Roche tarp\u00e9ienne n\u2019est jamais tr\u00e8s loin du Capitole. Et s\u2019il faisait trop chaud pour le merlot, au Sud des Alpes\u00a0? Pierre Thomas, de retour de Lugano\u2026","rel":"","context":"Dans &quot;Vins suisses&quot;","img":{"alt_text":"","src":"","width":0,"height":0},"classes":[]}],"_links":{"self":[{"href":"https:\/\/thomasvino.ch\/index.php?rest_route=\/wp\/v2\/posts\/8813"}],"collection":[{"href":"https:\/\/thomasvino.ch\/index.php?rest_route=\/wp\/v2\/posts"}],"about":[{"href":"https:\/\/thomasvino.ch\/index.php?rest_route=\/wp\/v2\/types\/post"}],"author":[{"embeddable":true,"href":"https:\/\/thomasvino.ch\/index.php?rest_route=\/wp\/v2\/users\/3"}],"replies":[{"embeddable":true,"href":"https:\/\/thomasvino.ch\/index.php?rest_route=%2Fwp%2Fv2%2Fcomments&post=8813"}],"version-history":[{"count":0,"href":"https:\/\/thomasvino.ch\/index.php?rest_route=\/wp\/v2\/posts\/8813\/revisions"}],"wp:attachment":[{"href":"https:\/\/thomasvino.ch\/index.php?rest_route=%2Fwp%2Fv2%2Fmedia&parent=8813"}],"wp:term":[{"taxonomy":"category","embeddable":true,"href":"https:\/\/thomasvino.ch\/index.php?rest_route=%2Fwp%2Fv2%2Fcategories&post=8813"},{"taxonomy":"post_tag","embeddable":true,"href":"https:\/\/thomasvino.ch\/index.php?rest_route=%2Fwp%2Fv2%2Ftags&post=8813"}],"curies":[{"name":"wp","href":"https:\/\/api.w.org\/{rel}","templated":true}]}}