{"id":8830,"date":"2008-12-10T17:28:00","date_gmt":"2008-12-10T17:28:00","guid":{"rendered":"http:\/\/localhost\/thomasvino\/?p=8830"},"modified":"2008-12-10T17:28:00","modified_gmt":"2008-12-10T17:28:00","slug":"vaud-et-valais-les-aoc-se-decantent","status":"publish","type":"post","link":"https:\/\/thomasvino.ch\/?p=8830","title":{"rendered":"Vaud et Valais \u2014 Les AOC se d\u00e9cantent"},"content":{"rendered":"<div style=\"text-align: justify;\"><font size=\"5\"><span style=\"font-weight: bold;\"><span style=\"font-style: italic;\">Vaud-Valais<\/span><br \/>Les AOC se d\u00e9cantent<\/span><\/font><br style=\"font-weight: bold;\"><span style=\"font-weight: bold;\">Sur le front des \u00abappellations d\u2019origine contr\u00f4l\u00e9e\u00bb (AOC), les Vaudois avancent, tandis que les Valaisans doivent plier. Le point sur deux dossiers chauds.<\/span><br \/><span style=\"font-style: italic;\">Par Pierre Thomas<\/span><br \/>La pyramide des AOC vaudoises se met en place. Mardi pass\u00e9 (<span style=\"font-style: italic;\">2.12.08<\/span>), au Centre patronal de Paudex (VD), o\u00f9 sera d\u00e9sormais bas\u00e9 l\u2019Office des vins vaudois (OVV), qui cherche un(e) secr\u00e9taire g\u00e9n\u00e9ral(e), le pr\u00e9sident de la Communaut\u00e9 interprofessionnelle du vin vaudois (CIVV), Gilles Cornut, a fait le point sur ce \u00abprojet complexe et sensible\u00bb. Comme pr\u00e9vu, cet \u00e9difice comprendra trois \u00e9tages&nbsp;: des AOC r\u00e9gionales, des Grands Crus et des Premiers Grands Crus. Tout en bas, le vin de pays et le vin de table ne sont pas du ressort du canton, mais de la Conf\u00e9d\u00e9ration. Quant au sommet \u2014 les Premiers Grands Crus \u2014 il ne sera pas sous toit pour l\u2019an prochain. <br \/><span style=\"font-weight: bold;\">AOC r\u00e9gionales plus souples<\/span><br \/>Reste \u00e0 d\u00e9finir le gros des AOC r\u00e9gionales. Le projet vise \u00e0 supprimer la r\u00e8gle du 49%-51%, qui permet, dans certains cas, de couper un vin X par 49% de vin Y, tout en lui attribuant le nom X. Au niveau r\u00e9gional, cette r\u00e8gle sera, en fait, assouplie, puisque sous un nom r\u00e9gional, La C\u00f4te ou Lavaux, on pourra prendre en compte des vins de toute l\u2019aire de production. Ainsi, dans le Chablais, sous la d\u00e9nomination g\u00e9n\u00e9rique d\u2019Aigle, \u00e9largie \u00e0 tout le district, on pourra trouver du 100% Bex. Les noms de villages donneront droit \u00e0 une appellation Grand Cru, pour autant que des exigences de richesse en sucre l\u00e9g\u00e8rement sup\u00e9rieures \u00e0 l\u2019AOC r\u00e9gionale (+ 2\u00b0 Oechsl\u00e9) et le seul droit de coupage usuel de 10% soient respect\u00e9s. Domaines, ch\u00e2teaux et clos pourront aussi obtenir la mention de Grand Cru, aux m\u00eames conditions. <br \/><span style=\"font-weight: bold;\">Grands Crus \u00e0 g\u00e9om\u00e9trie variable<\/span><br \/>A quoi correspondra alors le Premier Grand Cru? A ce plus haut niveau, un cahier des charges, plus s\u00e9v\u00e8re que le Grand Cru, sera n\u00e9cessaire. Il pourra concerner une appellation d\u2019origine ou un domaine, mais aussi un groupe de vignerons. La marque Servagnin, les charte du Plant-Robert, de Chardonne ou la Baronnie du D\u00e9zaley, pourraient le revendiquer \u00e0 condition de s\u2019imposer de s\u00e9v\u00e8res exigences.<br \/>Par rapport au Valais, o\u00f9 l\u2019aire d\u2019appellation cantonale est tr\u00e8s utilis\u00e9e, les Vaudois conservent des r\u00e9gions qui, de fait, sont climatiquement diff\u00e9rentes. Et si le Vieux-Pays conna\u00eet aussi la r\u00e8gle de l\u2019AOC de village, sous le nom de Grand Cru sont commercialis\u00e9s des vins qui d\u00e9j\u00e0 r\u00e9pondent aux crit\u00e8res des futurs Premiers Grands Crus vaudois (Fully ou V\u00e9troz Grand Cru). C\u2019est la ran\u00e7on du f\u00e9d\u00e9ralisme\u2026<br \/><span style=\"font-weight: bold;\">Berne donne tort \u00e0 Sion<\/span><br \/>Mais si les cantons sont comp\u00e9tents en mati\u00e8re d\u2019AOC, Berne reste souverain dans l\u2019application de principes align\u00e9s sur l\u2019Europe. Ainsi, \u00e0 mi-novembre, le Conseil f\u00e9d\u00e9ral a donn\u00e9 tort \u00e0 la requ\u00eate valaisanne de faire coincider le nom du c\u00e9page avec l\u2019AOC et de le prot\u00e9ger. Selon cette vision, un Cornalin, une Humagne, une Amigne, une Arvine, une R\u00e8ze n\u2019auraient pu \u00eatre qu\u2019un vin AOC valaisan, \u00e0 l\u2019exclusion de tout autre provenance. Fendant, D\u00f4le et Goron sont d\u00e9j\u00e0 admis comme des \u00abd\u00e9nominations traditionnelles\u00bb r\u00e9serv\u00e9es au Valais. Berne a consenti \u00e0 y ajouter Heida-Pa\u00efen. Par contre, le Johannisberg et l\u2019(H)ermitage, qui correspondent \u00e0 des AOC europ\u00e9ennes, doivent \u00eatre suivis du localisant \u00abdu Valais\u00bb.<br \/><span style=\"font-weight: bold;\">De la pub pour tout le Valais!<\/span><br \/>\u00abDe facto\u00bb, tout vin portant le nom de c\u00e9page suivi \u00abdu Valais\u00bb r\u00e9pond aux crit\u00e8res de l\u2019AOC, selon la r\u00e9glementation en vigueur. Ce que craignent les Valaisans, c\u2019est de retrouver sur le march\u00e9 des \u00abvins de pays\u00bb sous le simple nom de \u00abpetite arvine\u00bb ou de \u00abcornalin\u00bb, produits \u00e0 haut rendement et vendus \u00e0 vil prix. Des exemples r\u00e9cents montrent, pourtant, qu\u2019en grandes surfaces, des vins AOC du Valais sont d\u00e9j\u00e0 \u00e9coul\u00e9s \u00e0 prix cass\u00e9s, par des n\u00e9gociants valaisans\u2026 <br \/>Dans ce dossier, Berne a suivi la philosophie du refus de consid\u00e9rer la \u00abraclette\u00bb comme valaisanne, tout en prot\u00e9geant le fromage \u00abRaclette du Valais AOC\u00bb. Et rien n\u2019emp\u00eacherait, sinon la mise en bouteille dans la zone de production, de faire b\u00e9n\u00e9ficier les vins de la marque de garantie \u00abValais\u00bb, adopt\u00e9e ce printemps. Que toute \u00e9tiquette de vin \u00abdu Valais\u00bb fasse de la pub au Valais, et au tourisme par exemple, ne para\u00eet pas n\u00e9gatif, du moins vu de l\u2019ext\u00e9rieur!<\/p>\n<p><span style=\"font-style: italic;\">Paru dans <\/span>H\u00f4tel Revue<span style=\"font-style: italic;\"> le 11 d\u00e9cembre 2008.<\/span><\/p>\n<p><\/div>\n","protected":false},"excerpt":{"rendered":"<p>Vaud-ValaisLes AOC se d\u00e9cantentSur le front des \u00abappellations d\u2019origine contr\u00f4l\u00e9e\u00bb (AOC), les Vaudois avancent, tandis que les Valaisans doivent plier. Le point sur deux dossiers chauds.Par Pierre ThomasLa pyramide des AOC vaudoises se met en place. Mardi pass\u00e9 (2.12.08), au Centre patronal de Paudex (VD), o\u00f9 sera d\u00e9sormais bas\u00e9 l\u2019Office des vins vaudois (OVV), qui [&hellip;]<\/p>\n","protected":false},"author":3,"featured_media":0,"comment_status":"closed","ping_status":"open","sticky":false,"template":"","format":"standard","meta":{"_monsterinsights_skip_tracking":false,"_monsterinsights_sitenote_active":false,"_monsterinsights_sitenote_note":"","_monsterinsights_sitenote_category":0,"jetpack_post_was_ever_published":false,"jetpack_publicize_message":"","jetpack_is_tweetstorm":false,"jetpack_publicize_feature_enabled":true,"jetpack_social_post_already_shared":false,"jetpack_social_options":{"image_generator_settings":{"template":"highway","enabled":false}}},"categories":[3],"tags":[],"jetpack_publicize_connections":[],"yoast_head":"<!-- This site is optimized with the Yoast SEO plugin v20.6 - https:\/\/yoast.com\/wordpress\/plugins\/seo\/ -->\n<title>Vaud et Valais \u2014 Les AOC se d\u00e9cantent - thomasvino<\/title>\n<meta name=\"robots\" content=\"index, follow, max-snippet:-1, max-image-preview:large, max-video-preview:-1\" \/>\n<link rel=\"canonical\" href=\"https:\/\/thomasvino.ch\/?p=8830\" \/>\n<meta property=\"og:locale\" content=\"fr_FR\" \/>\n<meta property=\"og:type\" content=\"article\" \/>\n<meta property=\"og:title\" content=\"Vaud et Valais \u2014 Les AOC se d\u00e9cantent - thomasvino\" \/>\n<meta property=\"og:description\" content=\"Vaud-ValaisLes AOC se d\u00e9cantentSur le front des \u00abappellations d\u2019origine contr\u00f4l\u00e9e\u00bb (AOC), les Vaudois avancent, tandis que les Valaisans doivent plier. Le point sur deux dossiers chauds.Par Pierre ThomasLa pyramide des AOC vaudoises se met en place. Mardi pass\u00e9 (2.12.08), au Centre patronal de Paudex (VD), o\u00f9 sera d\u00e9sormais bas\u00e9 l\u2019Office des vins vaudois (OVV), qui [&hellip;]\" \/>\n<meta property=\"og:url\" content=\"https:\/\/thomasvino.ch\/?p=8830\" \/>\n<meta property=\"og:site_name\" content=\"thomasvino\" \/>\n<meta property=\"article:published_time\" content=\"2008-12-10T17:28:00+00:00\" \/>\n<meta name=\"author\" content=\"Pierre Thomas\" \/>\n<meta name=\"twitter:label1\" content=\"\u00c9crit par\" \/>\n\t<meta name=\"twitter:data1\" content=\"Pierre Thomas\" \/>\n\t<meta name=\"twitter:label2\" content=\"Dur\u00e9e de lecture estim\u00e9e\" \/>\n\t<meta name=\"twitter:data2\" content=\"4 minutes\" \/>\n<script type=\"application\/ld+json\" class=\"yoast-schema-graph\">{\"@context\":\"https:\/\/schema.org\",\"@graph\":[{\"@type\":\"WebPage\",\"@id\":\"https:\/\/thomasvino.ch\/?p=8830\",\"url\":\"https:\/\/thomasvino.ch\/?p=8830\",\"name\":\"Vaud et Valais \u2014 Les AOC se d\u00e9cantent - thomasvino\",\"isPartOf\":{\"@id\":\"https:\/\/thomasvino.ch\/#website\"},\"datePublished\":\"2008-12-10T17:28:00+00:00\",\"dateModified\":\"2008-12-10T17:28:00+00:00\",\"author\":{\"@id\":\"https:\/\/thomasvino.ch\/#\/schema\/person\/670bf4486fe81152cf1d68bd585e062e\"},\"breadcrumb\":{\"@id\":\"https:\/\/thomasvino.ch\/?p=8830#breadcrumb\"},\"inLanguage\":\"fr-FR\",\"potentialAction\":[{\"@type\":\"ReadAction\",\"target\":[\"https:\/\/thomasvino.ch\/?p=8830\"]}]},{\"@type\":\"BreadcrumbList\",\"@id\":\"https:\/\/thomasvino.ch\/?p=8830#breadcrumb\",\"itemListElement\":[{\"@type\":\"ListItem\",\"position\":1,\"name\":\"Accueil\",\"item\":\"https:\/\/thomasvino.ch\/\"},{\"@type\":\"ListItem\",\"position\":2,\"name\":\"Vaud et Valais \u2014 Les AOC se d\u00e9cantent\"}]},{\"@type\":\"WebSite\",\"@id\":\"https:\/\/thomasvino.ch\/#website\",\"url\":\"https:\/\/thomasvino.ch\/\",\"name\":\"thomasvino\",\"description\":\"Vins &amp; Gastronomie\",\"potentialAction\":[{\"@type\":\"SearchAction\",\"target\":{\"@type\":\"EntryPoint\",\"urlTemplate\":\"https:\/\/thomasvino.ch\/?s={search_term_string}\"},\"query-input\":\"required name=search_term_string\"}],\"inLanguage\":\"fr-FR\"},{\"@type\":\"Person\",\"@id\":\"https:\/\/thomasvino.ch\/#\/schema\/person\/670bf4486fe81152cf1d68bd585e062e\",\"name\":\"Pierre Thomas\",\"image\":{\"@type\":\"ImageObject\",\"inLanguage\":\"fr-FR\",\"@id\":\"https:\/\/thomasvino.ch\/#\/schema\/person\/image\/\",\"url\":\"https:\/\/secure.gravatar.com\/avatar\/91fd5a76647f140e53db987a0dead4d7?s=96&d=mm&r=g\",\"contentUrl\":\"https:\/\/secure.gravatar.com\/avatar\/91fd5a76647f140e53db987a0dead4d7?s=96&d=mm&r=g\",\"caption\":\"Pierre Thomas\"},\"url\":\"https:\/\/thomasvino.ch\/?author=3\"}]}<\/script>\n<!-- \/ Yoast SEO plugin. -->","yoast_head_json":{"title":"Vaud et Valais \u2014 Les AOC se d\u00e9cantent - thomasvino","robots":{"index":"index","follow":"follow","max-snippet":"max-snippet:-1","max-image-preview":"max-image-preview:large","max-video-preview":"max-video-preview:-1"},"canonical":"https:\/\/thomasvino.ch\/?p=8830","og_locale":"fr_FR","og_type":"article","og_title":"Vaud et Valais \u2014 Les AOC se d\u00e9cantent - thomasvino","og_description":"Vaud-ValaisLes AOC se d\u00e9cantentSur le front des \u00abappellations d\u2019origine contr\u00f4l\u00e9e\u00bb (AOC), les Vaudois avancent, tandis que les Valaisans doivent plier. Le point sur deux dossiers chauds.Par Pierre ThomasLa pyramide des AOC vaudoises se met en place. Mardi pass\u00e9 (2.12.08), au Centre patronal de Paudex (VD), o\u00f9 sera d\u00e9sormais bas\u00e9 l\u2019Office des vins vaudois (OVV), qui [&hellip;]","og_url":"https:\/\/thomasvino.ch\/?p=8830","og_site_name":"thomasvino","article_published_time":"2008-12-10T17:28:00+00:00","author":"Pierre Thomas","twitter_misc":{"\u00c9crit par":"Pierre Thomas","Dur\u00e9e de lecture estim\u00e9e":"4 minutes"},"schema":{"@context":"https:\/\/schema.org","@graph":[{"@type":"WebPage","@id":"https:\/\/thomasvino.ch\/?p=8830","url":"https:\/\/thomasvino.ch\/?p=8830","name":"Vaud et Valais \u2014 Les AOC se d\u00e9cantent - thomasvino","isPartOf":{"@id":"https:\/\/thomasvino.ch\/#website"},"datePublished":"2008-12-10T17:28:00+00:00","dateModified":"2008-12-10T17:28:00+00:00","author":{"@id":"https:\/\/thomasvino.ch\/#\/schema\/person\/670bf4486fe81152cf1d68bd585e062e"},"breadcrumb":{"@id":"https:\/\/thomasvino.ch\/?p=8830#breadcrumb"},"inLanguage":"fr-FR","potentialAction":[{"@type":"ReadAction","target":["https:\/\/thomasvino.ch\/?p=8830"]}]},{"@type":"BreadcrumbList","@id":"https:\/\/thomasvino.ch\/?p=8830#breadcrumb","itemListElement":[{"@type":"ListItem","position":1,"name":"Accueil","item":"https:\/\/thomasvino.ch\/"},{"@type":"ListItem","position":2,"name":"Vaud et Valais \u2014 Les AOC se d\u00e9cantent"}]},{"@type":"WebSite","@id":"https:\/\/thomasvino.ch\/#website","url":"https:\/\/thomasvino.ch\/","name":"thomasvino","description":"Vins &amp; Gastronomie","potentialAction":[{"@type":"SearchAction","target":{"@type":"EntryPoint","urlTemplate":"https:\/\/thomasvino.ch\/?s={search_term_string}"},"query-input":"required name=search_term_string"}],"inLanguage":"fr-FR"},{"@type":"Person","@id":"https:\/\/thomasvino.ch\/#\/schema\/person\/670bf4486fe81152cf1d68bd585e062e","name":"Pierre Thomas","image":{"@type":"ImageObject","inLanguage":"fr-FR","@id":"https:\/\/thomasvino.ch\/#\/schema\/person\/image\/","url":"https:\/\/secure.gravatar.com\/avatar\/91fd5a76647f140e53db987a0dead4d7?s=96&d=mm&r=g","contentUrl":"https:\/\/secure.gravatar.com\/avatar\/91fd5a76647f140e53db987a0dead4d7?s=96&d=mm&r=g","caption":"Pierre Thomas"},"url":"https:\/\/thomasvino.ch\/?author=3"}]}},"jetpack_featured_media_url":"","jetpack_sharing_enabled":true,"jetpack_shortlink":"https:\/\/wp.me\/p3m4tZ-2iq","jetpack_likes_enabled":false,"jetpack-related-posts":[{"id":18533,"url":"https:\/\/thomasvino.ch\/?p=18533","url_meta":{"origin":8830,"position":0},"title":"Un 1er Grand Cru rouge pour le Conseil d\u2019Etat vaudois","date":"29 novembre 2024","format":false,"excerpt":"Pour la premi\u00e8re fois, \u00e0 c\u00f4t\u00e9 du chasselas 2023 de la Commune d\u2019Aigle Clos Maijoz, un vin du Conseil d\u2019Etat vaudois sera un rouge, le garanoir en barriques 2022 du Ch\u00e2teau du Rosey, \u00e0 Bursins. 24 Heures, qui donne la nouvelle, ne mentionne pas qu\u2019il s\u2019agit l\u00e0, comme le veut\u2026","rel":"","context":"Dans &quot;Actus - News&quot;","img":{"alt_text":"","src":"","width":0,"height":0},"classes":[]},{"id":8768,"url":"https:\/\/thomasvino.ch\/?p=8768","url_meta":{"origin":8830,"position":1},"title":"Vaud \u2014 Les Vaudois s&rsquo;attaquent \u00e0 leurs AOC","date":"18 ao\u00fbt 2008","format":false,"excerpt":"AOC vaudoisesLe chantier d'une laborieuse pyramideApr\u00e8s la croisade politique des Valaisans pour prot\u00e9ger leurs c\u00e9pages, les Vaudois empoignent, enfin, le dossier de leurs appellations d\u2019origine contr\u00f4l\u00e9e (AOC). Un chantier pyramidal.Pierre ThomasC\u2019est, finalement, un arr\u00eat du Tribunal europ\u00e9en de Luxembourg qui a d\u00e9nonc\u00e9 la supercherie des AOC vaudoises \u00e0 g\u00e9om\u00e9trie variable,\u2026","rel":"","context":"Dans &quot;Vins suisses&quot;","img":{"alt_text":"","src":"","width":0,"height":0},"classes":[]},{"id":8903,"url":"https:\/\/thomasvino.ch\/?p=8903","url_meta":{"origin":8830,"position":2},"title":"Vaud \u2014 Nouveau r\u00e8glement AOC adopt\u00e9","date":"29 mai 2009","format":false,"excerpt":"R\u00e8glement sur les vins vaudoisL'Etat met de l'eau dans son vinAdopt\u00e9 par le Conseil d\u2019Etat vaudois le 27 mai 2009, le \u00abr\u00e8glement sur les vins vaudois\u00bb (no 916.125.2) a \u00e9t\u00e9 publi\u00e9 dans la Feuille des Avis officiels (FAO) le vendredi 5 juin alors qu\u2019il est entr\u00e9 en vigueur le 1er\u2026","rel":"","context":"Dans &quot;R\u00e9cemment d\u00e9gust\u00e9&quot;","img":{"alt_text":"","src":"","width":0,"height":0},"classes":[]},{"id":13060,"url":"https:\/\/thomasvino.ch\/?p=13060","url_meta":{"origin":8830,"position":3},"title":"La pyramide des vins vaudois, selon Michel Logoz","date":"6 octobre 2015","format":false,"excerpt":"L\u2019\u00e9tude de l\u2019Observatoire BCV de l\u2019\u00e9conomie sur la\u00a0viniculture\u00a0 vaudoise nous offre un document bienvenu pour engager le dialogue. (\u2026) Pour me faire comprendre par un seul exemple, j\u2019ai not\u00e9 que la dite \u00e9tude, \u00e0 partir du constat que les ventes de nos vins se situent dans une fourchette de prix\u2026","rel":"","context":"Dans &quot;Vins suisses&quot;","img":{"alt_text":"","src":"","width":0,"height":0},"classes":[]},{"id":12323,"url":"https:\/\/thomasvino.ch\/?p=12323","url_meta":{"origin":8830,"position":4},"title":"Les AOC vaudoises font une nouvelle victime","date":"2 novembre 2014","format":false,"excerpt":"Le Matin-Dimanche de ce jour, 2 novembre 2014, r\u00e9v\u00e8le que le principal courtier vaudois s\u2019est fait prendre dans un coupage illicite de vin blanc de Saint-Saphorin. L\u2019erreur porterait sur 2,5% d\u2019exc\u00e9dent d'assemblage, sur un total de 60'000 litres, soit 75'000 bouteilles \u00e0 destination de Coop. L\u2019autorit\u00e9 \u00e0 qui le chimiste\u2026","rel":"","context":"Dans &quot;Vins suisses&quot;","img":{"alt_text":"","src":"","width":0,"height":0},"classes":[]},{"id":18571,"url":"https:\/\/thomasvino.ch\/?p=18571","url_meta":{"origin":8830,"position":5},"title":"AOC vaudoises\u00a0: en gros, rien ne change\u00a0!","date":"14 janvier 2025","format":false,"excerpt":"La Commission interprofessionnelle du vin vaudois (CIVV) vient de publier un fascicule sur \u00abLes AOC vaudoises de demain\u00bb. Eh bien, elles ressembleront \u00e0 celles d\u2019aujourd\u2019hui... si le Conseil d\u2019Etat le veut bien. Et pour l\u2019essentiel, contraires aux r\u00e8gles AOC de l\u2019Union europ\u00e9ennes, \u00e0 laquelle la Suisse devrait rester li\u00e9e par\u2026","rel":"","context":"Dans &quot;Actus - News&quot;","img":{"alt_text":"","src":"","width":0,"height":0},"classes":[]}],"_links":{"self":[{"href":"https:\/\/thomasvino.ch\/index.php?rest_route=\/wp\/v2\/posts\/8830"}],"collection":[{"href":"https:\/\/thomasvino.ch\/index.php?rest_route=\/wp\/v2\/posts"}],"about":[{"href":"https:\/\/thomasvino.ch\/index.php?rest_route=\/wp\/v2\/types\/post"}],"author":[{"embeddable":true,"href":"https:\/\/thomasvino.ch\/index.php?rest_route=\/wp\/v2\/users\/3"}],"replies":[{"embeddable":true,"href":"https:\/\/thomasvino.ch\/index.php?rest_route=%2Fwp%2Fv2%2Fcomments&post=8830"}],"version-history":[{"count":0,"href":"https:\/\/thomasvino.ch\/index.php?rest_route=\/wp\/v2\/posts\/8830\/revisions"}],"wp:attachment":[{"href":"https:\/\/thomasvino.ch\/index.php?rest_route=%2Fwp%2Fv2%2Fmedia&parent=8830"}],"wp:term":[{"taxonomy":"category","embeddable":true,"href":"https:\/\/thomasvino.ch\/index.php?rest_route=%2Fwp%2Fv2%2Fcategories&post=8830"},{"taxonomy":"post_tag","embeddable":true,"href":"https:\/\/thomasvino.ch\/index.php?rest_route=%2Fwp%2Fv2%2Ftags&post=8830"}],"curies":[{"name":"wp","href":"https:\/\/api.w.org\/{rel}","templated":true}]}}