{"id":8836,"date":"2009-01-14T20:04:00","date_gmt":"2009-01-14T20:04:00","guid":{"rendered":"http:\/\/localhost\/thomasvino\/?p=8836"},"modified":"2009-01-14T20:04:00","modified_gmt":"2009-01-14T20:04:00","slug":"tout-va-tres-bien-pour-le-vin","status":"publish","type":"post","link":"https:\/\/thomasvino.ch\/?p=8836","title":{"rendered":"Tout va tr\u00e8s bien pour le vin"},"content":{"rendered":"<div style=\"text-align: justify;\"><font size=\"5\"><font style=\"font-weight: bold;\" size=\"4\">Production en baisse <br \/>et conso en hausse<\/font><span style=\"font-weight: bold;\"><br \/>Les bons chiffres du vin<\/span><\/font><span style=\"font-weight: bold;\"><br \/>Double bonne nouvelle en deux mois pour le monde globalis\u00e9 du vin. A fin janvier 2009, l\u2019Organisation internationale de la vigne et du vin (OIV), \u00e0 Paris, annon\u00e7ait une stabilisation de la r\u00e9colte 2008, tandis que le 13 janvier 2009, Vinexpo divulguait une \u00e9tude prospective sur la consommation du vin. Elle devrait augmenter, entre 2008 et 2012, d&#39;au moins de 6%, soit autant qu\u2019entre 2003 et 2007.<\/span><br \/>Il serait donc loin le temps des affres, amorc\u00e9 d\u00e8s 2000, et culminant, en 2004, avec une production mondiale de 300 millions d\u2019hectolitres. Avec la perspective de voir enfler les stocks, vers un exc\u00e9dent d\u2019une ann\u00e9e de production accumul\u00e9 sur trois ans\u2026 <span style=\"font-weight: bold;\"><br \/>Ecart entre production <br \/>et consommation: moins de 10%<\/span><br \/>Selon les derniers chiffres de l\u2019OIV, la <span style=\"font-weight: bold;\">consommation mondiale 2008 devrait se situer autour de 247 mios d\u2019hl<\/span> et la production \u00e0 267 mios d\u2019hl, soit un exc\u00e9dent m\u00e9dian de production de moins de 10% (entre 13,5 et 33 mios d&#39;hl selon les estimations de consommation, haute ou basse). Federico Castellucci, directeur g\u00e9n\u00e9ral de l&#39;OIV, estime ainsi que \u00ables disponibilit\u00e9s en vins sont faibles\u00bb.<br \/>Et c\u2019est la deuxi\u00e8me ann\u00e9e cons\u00e9cutive que ce r\u00e9sultat est atteint. <span style=\"font-weight: bold;\">En 2008, la baisse est due \u00e0 l\u2019Europe<\/span>, qui a annonc\u00e9 <span style=\"font-weight: bold;\">la vendange la plus basse depuis 1991<\/span>. La France (\u00e0 Bordeaux, toutes appellations confondues, du moins 20%, mais deux fois et demi la production suisse, exactement&#8230;) affiche 24% de moins par rapport \u00e0 2004, l&#39;Espagne, moins 19%. <br \/>En 2008, le Portugal et l\u2019Autriche sont en retrait, tandis que la Roumanie (qui passe devant le Portugal), l\u2019Allemagne, la Gr\u00e8ce et la Hongrie ont produit davantage. Et m\u00eame <span style=\"font-weight: bold;\">la Suisse: une augmentation de 35&#39;130 hl sur un peu plus d&#39;un million d&#39;hl<\/span> (1,075).<br \/>Dans l\u2019h\u00e9misph\u00e8re Sud, l\u2019Australie, apr\u00e8s la s\u00e8cheresse de 2007 qui lui avait fait perdre le quart de sa vendange, revient au niveau de 2006 (12 mios d\u2019hl), tandis que la Nouvelle-Z\u00e9lande progresse (1,7 mios d\u2019hl).<span style=\"font-weight: bold;\"><br \/>Les Am\u00e9ricains bient\u00f4t <br \/>les plus gros consommateurs<\/span><br \/>Les Etats-Unis affichent 2,2% de production de plus. D\u2019ici quatre ans, les Etats-Unis devraient devenir le premier pays consommateur de vin au monde, avec 3,87 milliards de bouteilles. Toutefois, la croissance la plus spectaculaire sera le fait de la Russie et de la Chine, des march\u00e9s en croissance de 24,4% et de 36,6%. Du coup, les deux passeraient devant l\u2019Espagne. <br \/>Selon l\u2019\u00e9tude command\u00e9e au cabinet britannique ISWR, par Vinexpo \u00e0 Bordeaux (qui a lieu tous les deux ans, soit du 21 au 25 juin 2009), la production de vin va augmenter de 3,83% jusqu\u2019en 2012, \u00e0 hauteur de 36 milliards de bouteilles. Mais la valeur du vin va se renforcer aussi, de pr\u00e8s de 9%, portant le chiffre d\u2019affaires mondial du vin \u00e0 125 milliards d\u2019euros (soit pr\u00e8s de 190 milliards de francs suisses). En 2007, le plus gros importateur de vin est la Grande-Bretagne (1,7 milliard de bouteilles), mais les Britanniques ont encore une marge de progression, puisqu\u2019ils consomment 27,2 litres par t\u00eate.<font size=\"4\"><span style=\"font-weight: bold;\"><font style=\"font-style: italic;\" size=\"3\"><br \/>Perspective<\/font><br \/>Conso per capita: faux chiffres?<\/span><\/font><br \/>En t\u00eate des pays consommateurs, l\u2019Italie \u00e9tait pass\u00e9e devant la France, en 2007. Selon une d\u00e9p\u00eache de l\u2019ATS, la France aurait repris les devants, avec 58,8 litres par t\u00eate, devant l\u2019Italie, avec 56,4 litres. <span style=\"font-weight: bold;\">La Suisse pointe \u00e0 49,2 litres: un chiffre \u00e9tonnant<\/span>, qui fait prendre les autres avec des pincettes: jusqu\u2019ici, on admet que <span style=\"font-weight: bold;\">la Suisse consomme autour de 40 litres par habitant<\/span> (soit en 2007, pr\u00e8s de 280 mios de litres divis\u00e9s par un peu plus de 7 mios d\u2019habitants\u2026). Selon la R\u00e9gie f\u00e9d\u00e9rale des alcools, la consommation du vin en Suisse est pass\u00e9e en dix ans de 43,5 litres (1997) par t\u00eate \u00e0 39,3 litres (2007).<br \/>Reste \u00e0 savoir si l\u2019on compte les plus de 16 ou 18 ans et\/ou les touristes: le mode de calcul des statistiques du vin a d\u00e9clench\u00e9 une vive pol\u00e9mique, ces derniers mois, en France. Ces chiffres seraient enfl\u00e9s, au b\u00e9n\u00e9fice des prohibitionnistes, pour amplifier les effets de l\u2019alcoolisme (comme l\u2019\u00e9crit Denis Saverot, le r\u00e9dacteur en chef de la <span style=\"font-style: italic;\">Revue du Vin de France<\/span> dans\u00abIn Vino Satanas\u00bb, paru en septembre 2008 chez Albin Michel).<span style=\"font-style: italic;\"><br \/>\u00a9www.thomasvino.com, 020209<br \/><\/span><\/div>\n","protected":false},"excerpt":{"rendered":"<p>Production en baisse et conso en hausseLes bons chiffres du vinDouble bonne nouvelle en deux mois pour le monde globalis\u00e9 du vin. A fin janvier 2009, l\u2019Organisation internationale de la vigne et du vin (OIV), \u00e0 Paris, annon\u00e7ait une stabilisation de la r\u00e9colte 2008, tandis que le 13 janvier 2009, Vinexpo divulguait une \u00e9tude prospective [&hellip;]<\/p>\n","protected":false},"author":3,"featured_media":0,"comment_status":"closed","ping_status":"open","sticky":false,"template":"","format":"standard","meta":{"_monsterinsights_skip_tracking":false,"_monsterinsights_sitenote_active":false,"_monsterinsights_sitenote_note":"","_monsterinsights_sitenote_category":0,"jetpack_post_was_ever_published":false,"jetpack_publicize_message":"","jetpack_is_tweetstorm":false,"jetpack_publicize_feature_enabled":true,"jetpack_social_post_already_shared":false,"jetpack_social_options":{"image_generator_settings":{"template":"highway","enabled":false}}},"categories":[15],"tags":[],"jetpack_publicize_connections":[],"yoast_head":"<!-- This site is optimized with the Yoast SEO plugin v20.6 - https:\/\/yoast.com\/wordpress\/plugins\/seo\/ -->\n<title>Tout va tr\u00e8s bien pour le vin - thomasvino<\/title>\n<meta name=\"robots\" content=\"index, follow, max-snippet:-1, max-image-preview:large, max-video-preview:-1\" \/>\n<link rel=\"canonical\" href=\"https:\/\/thomasvino.ch\/?p=8836\" \/>\n<meta property=\"og:locale\" content=\"fr_FR\" \/>\n<meta property=\"og:type\" content=\"article\" \/>\n<meta property=\"og:title\" content=\"Tout va tr\u00e8s bien pour le vin - thomasvino\" \/>\n<meta property=\"og:description\" content=\"Production en baisse et conso en hausseLes bons chiffres du vinDouble bonne nouvelle en deux mois pour le monde globalis\u00e9 du vin. A fin janvier 2009, l\u2019Organisation internationale de la vigne et du vin (OIV), \u00e0 Paris, annon\u00e7ait une stabilisation de la r\u00e9colte 2008, tandis que le 13 janvier 2009, Vinexpo divulguait une \u00e9tude prospective [&hellip;]\" \/>\n<meta property=\"og:url\" content=\"https:\/\/thomasvino.ch\/?p=8836\" \/>\n<meta property=\"og:site_name\" content=\"thomasvino\" \/>\n<meta property=\"article:published_time\" content=\"2009-01-14T20:04:00+00:00\" \/>\n<meta name=\"author\" content=\"Pierre Thomas\" \/>\n<meta name=\"twitter:label1\" content=\"\u00c9crit par\" \/>\n\t<meta name=\"twitter:data1\" content=\"Pierre Thomas\" \/>\n\t<meta name=\"twitter:label2\" content=\"Dur\u00e9e de lecture estim\u00e9e\" \/>\n\t<meta name=\"twitter:data2\" content=\"3 minutes\" \/>\n<script type=\"application\/ld+json\" class=\"yoast-schema-graph\">{\"@context\":\"https:\/\/schema.org\",\"@graph\":[{\"@type\":\"WebPage\",\"@id\":\"https:\/\/thomasvino.ch\/?p=8836\",\"url\":\"https:\/\/thomasvino.ch\/?p=8836\",\"name\":\"Tout va tr\u00e8s bien pour le vin - thomasvino\",\"isPartOf\":{\"@id\":\"https:\/\/thomasvino.ch\/#website\"},\"datePublished\":\"2009-01-14T20:04:00+00:00\",\"dateModified\":\"2009-01-14T20:04:00+00:00\",\"author\":{\"@id\":\"https:\/\/thomasvino.ch\/#\/schema\/person\/670bf4486fe81152cf1d68bd585e062e\"},\"breadcrumb\":{\"@id\":\"https:\/\/thomasvino.ch\/?p=8836#breadcrumb\"},\"inLanguage\":\"fr-FR\",\"potentialAction\":[{\"@type\":\"ReadAction\",\"target\":[\"https:\/\/thomasvino.ch\/?p=8836\"]}]},{\"@type\":\"BreadcrumbList\",\"@id\":\"https:\/\/thomasvino.ch\/?p=8836#breadcrumb\",\"itemListElement\":[{\"@type\":\"ListItem\",\"position\":1,\"name\":\"Accueil\",\"item\":\"https:\/\/thomasvino.ch\/\"},{\"@type\":\"ListItem\",\"position\":2,\"name\":\"Tout va tr\u00e8s bien pour le vin\"}]},{\"@type\":\"WebSite\",\"@id\":\"https:\/\/thomasvino.ch\/#website\",\"url\":\"https:\/\/thomasvino.ch\/\",\"name\":\"thomasvino\",\"description\":\"Vins &amp; Gastronomie\",\"potentialAction\":[{\"@type\":\"SearchAction\",\"target\":{\"@type\":\"EntryPoint\",\"urlTemplate\":\"https:\/\/thomasvino.ch\/?s={search_term_string}\"},\"query-input\":\"required name=search_term_string\"}],\"inLanguage\":\"fr-FR\"},{\"@type\":\"Person\",\"@id\":\"https:\/\/thomasvino.ch\/#\/schema\/person\/670bf4486fe81152cf1d68bd585e062e\",\"name\":\"Pierre Thomas\",\"image\":{\"@type\":\"ImageObject\",\"inLanguage\":\"fr-FR\",\"@id\":\"https:\/\/thomasvino.ch\/#\/schema\/person\/image\/\",\"url\":\"https:\/\/secure.gravatar.com\/avatar\/91fd5a76647f140e53db987a0dead4d7?s=96&d=mm&r=g\",\"contentUrl\":\"https:\/\/secure.gravatar.com\/avatar\/91fd5a76647f140e53db987a0dead4d7?s=96&d=mm&r=g\",\"caption\":\"Pierre Thomas\"},\"url\":\"https:\/\/thomasvino.ch\/?author=3\"}]}<\/script>\n<!-- \/ Yoast SEO plugin. -->","yoast_head_json":{"title":"Tout va tr\u00e8s bien pour le vin - thomasvino","robots":{"index":"index","follow":"follow","max-snippet":"max-snippet:-1","max-image-preview":"max-image-preview:large","max-video-preview":"max-video-preview:-1"},"canonical":"https:\/\/thomasvino.ch\/?p=8836","og_locale":"fr_FR","og_type":"article","og_title":"Tout va tr\u00e8s bien pour le vin - thomasvino","og_description":"Production en baisse et conso en hausseLes bons chiffres du vinDouble bonne nouvelle en deux mois pour le monde globalis\u00e9 du vin. A fin janvier 2009, l\u2019Organisation internationale de la vigne et du vin (OIV), \u00e0 Paris, annon\u00e7ait une stabilisation de la r\u00e9colte 2008, tandis que le 13 janvier 2009, Vinexpo divulguait une \u00e9tude prospective [&hellip;]","og_url":"https:\/\/thomasvino.ch\/?p=8836","og_site_name":"thomasvino","article_published_time":"2009-01-14T20:04:00+00:00","author":"Pierre Thomas","twitter_misc":{"\u00c9crit par":"Pierre Thomas","Dur\u00e9e de lecture estim\u00e9e":"3 minutes"},"schema":{"@context":"https:\/\/schema.org","@graph":[{"@type":"WebPage","@id":"https:\/\/thomasvino.ch\/?p=8836","url":"https:\/\/thomasvino.ch\/?p=8836","name":"Tout va tr\u00e8s bien pour le vin - thomasvino","isPartOf":{"@id":"https:\/\/thomasvino.ch\/#website"},"datePublished":"2009-01-14T20:04:00+00:00","dateModified":"2009-01-14T20:04:00+00:00","author":{"@id":"https:\/\/thomasvino.ch\/#\/schema\/person\/670bf4486fe81152cf1d68bd585e062e"},"breadcrumb":{"@id":"https:\/\/thomasvino.ch\/?p=8836#breadcrumb"},"inLanguage":"fr-FR","potentialAction":[{"@type":"ReadAction","target":["https:\/\/thomasvino.ch\/?p=8836"]}]},{"@type":"BreadcrumbList","@id":"https:\/\/thomasvino.ch\/?p=8836#breadcrumb","itemListElement":[{"@type":"ListItem","position":1,"name":"Accueil","item":"https:\/\/thomasvino.ch\/"},{"@type":"ListItem","position":2,"name":"Tout va tr\u00e8s bien pour le vin"}]},{"@type":"WebSite","@id":"https:\/\/thomasvino.ch\/#website","url":"https:\/\/thomasvino.ch\/","name":"thomasvino","description":"Vins &amp; Gastronomie","potentialAction":[{"@type":"SearchAction","target":{"@type":"EntryPoint","urlTemplate":"https:\/\/thomasvino.ch\/?s={search_term_string}"},"query-input":"required name=search_term_string"}],"inLanguage":"fr-FR"},{"@type":"Person","@id":"https:\/\/thomasvino.ch\/#\/schema\/person\/670bf4486fe81152cf1d68bd585e062e","name":"Pierre Thomas","image":{"@type":"ImageObject","inLanguage":"fr-FR","@id":"https:\/\/thomasvino.ch\/#\/schema\/person\/image\/","url":"https:\/\/secure.gravatar.com\/avatar\/91fd5a76647f140e53db987a0dead4d7?s=96&d=mm&r=g","contentUrl":"https:\/\/secure.gravatar.com\/avatar\/91fd5a76647f140e53db987a0dead4d7?s=96&d=mm&r=g","caption":"Pierre Thomas"},"url":"https:\/\/thomasvino.ch\/?author=3"}]}},"jetpack_featured_media_url":"","jetpack_sharing_enabled":true,"jetpack_shortlink":"https:\/\/wp.me\/p3m4tZ-2iw","jetpack_likes_enabled":false,"jetpack-related-posts":[{"id":9481,"url":"https:\/\/thomasvino.ch\/?p=9481","url_meta":{"origin":8836,"position":0},"title":"March\u00e9 mondial du vin: l&rsquo;offre \u00e9gale la demande","date":"31 octobre 2012","format":false,"excerpt":"March\u00e9 mondial du vin 2012 L\u2019offre et la demande s\u2019\u00e9quilibrent On est loin du d\u00e9but du mill\u00e9naire, et de la pointe de 2004, qui laissait craindre une surproduction mondiale du vin\u00a0: en 2012, selon l\u2019O.I.V., l\u2019Organisation internationale de la vigne et du vin, \u00e0 Paris, l\u2019offre en vins et la\u2026","rel":"","context":"Dans &quot;Tendance&quot;","img":{"alt_text":"","src":"","width":0,"height":0},"classes":[]},{"id":15078,"url":"https:\/\/thomasvino.ch\/?p=15078","url_meta":{"origin":8836,"position":1},"title":"Suisse et monde: les chiffres-cl\u00e9s du vin 2017","date":"26 avril 2018","format":false,"excerpt":"L'Office f\u00e9d\u00e9ral de l'agriculture (OFAG) le confirme: en 2017, la consommation de vins a l\u00e9g\u00e8rement d\u00e9cru en Suisse. L'Organisation internationale de la vigne et du vin a publi\u00e9 le m\u00eame jour (24.04.18) ses propres chiffres. En Suisse, la consommation totale est pass\u00e9e sous la barre des 250 millions de litres\u2026","rel":"","context":"Dans &quot;Actus - News&quot;","img":{"alt_text":"","src":"","width":0,"height":0},"classes":[]},{"id":9165,"url":"https:\/\/thomasvino.ch\/?p=9165","url_meta":{"origin":8836,"position":2},"title":"Vins suisses: la consommation augmente en 2010","date":"27 avril 2011","format":false,"excerpt":"Vins suisses (et en Suisse) en 2010 La consommation augmente \u2014 les Valaisans bien plac\u00e9s En 2010, la consommation des vins suisses \u00e0 augment\u00e9 de 3,2%, contre une hausse des vins \u00e9trangers limit\u00e9e \u00e0 0,8%. La vendange\u00a0 suisse 2010, modeste, d\u2019un peu plus d\u2019un million d\u2019hectolitres, ne devrait juste pas\u2026","rel":"","context":"Dans &quot;Tendance&quot;","img":{"alt_text":"","src":"","width":0,"height":0},"classes":[]},{"id":9160,"url":"https:\/\/thomasvino.ch\/?p=9160","url_meta":{"origin":8836,"position":3},"title":"March\u00e9 mondial du vin: embellie en 2010","date":"2 avril 2011","format":false,"excerpt":"Chiffres OIV pour 2010 Le march\u00e9 des vins en reprise L\u2019\u00e9cart entre la production de vin (260 millions d\u2019hectolitres) et la consommation (236 mios d\u2019hl) indique toujours une surproduction de vin plan\u00e9taire en 2010 (24 mios d\u2019hl). Les Chinois vont-ils l\u2019absorber\u00a0? Ils sont pass\u00e9s au premier rang des consommateurs de\u2026","rel":"","context":"Dans &quot;Actus - News&quot;","img":{"alt_text":"","src":"","width":0,"height":0},"classes":[]},{"id":17611,"url":"https:\/\/thomasvino.ch\/?p=17611","url_meta":{"origin":8836,"position":4},"title":"Europe\u00a0: le vin bio a le vent en poupe\u00a0!","date":"9 d\u00e9cembre 2021","format":false,"excerpt":"A l\u2019occasion du salon Mill\u00e9sime Bio, toujours annonc\u00e9 en pr\u00e9sentiel \u00e0 Montpellier du 24 au 26 janvier 2022, une \u00e9tude a \u00e9t\u00e9 command\u00e9e sur trois march\u00e9s, France, Angleterre, Allemagne, sur l\u2019importance des vins bios\u00a0: elle est croissante, et fortement, partout en Europe. Dans sa paroisse, Nicolas Richarme, pr\u00e9sident de Sudvinbio,\u2026","rel":"","context":"Dans &quot;Tendance&quot;","img":{"alt_text":"","src":"","width":0,"height":0},"classes":[]},{"id":11915,"url":"https:\/\/thomasvino.ch\/?p=11915","url_meta":{"origin":8836,"position":5},"title":"Consommation du vin vaudois  Ces bons chiffres qui tombent si mal","date":"26 avril 2014","format":false,"excerpt":"L\u2019augmentation de la consommation des vins suisses en 2013 est principalement \u00e0 mettre au cr\u00e9dit des vins vaudois. Mais en 2012, c'\u00e9tait aussi \u00e0 cause de la baisse de la consommation des vins vaudois \u2014 et notamment du vin blanc descendu pour la deuxi\u00e8me ann\u00e9e cons\u00e9cutive sous les 19 millions\u2026","rel":"","context":"Dans &quot;Vins suisses&quot;","img":{"alt_text":"","src":"","width":0,"height":0},"classes":[]}],"_links":{"self":[{"href":"https:\/\/thomasvino.ch\/index.php?rest_route=\/wp\/v2\/posts\/8836"}],"collection":[{"href":"https:\/\/thomasvino.ch\/index.php?rest_route=\/wp\/v2\/posts"}],"about":[{"href":"https:\/\/thomasvino.ch\/index.php?rest_route=\/wp\/v2\/types\/post"}],"author":[{"embeddable":true,"href":"https:\/\/thomasvino.ch\/index.php?rest_route=\/wp\/v2\/users\/3"}],"replies":[{"embeddable":true,"href":"https:\/\/thomasvino.ch\/index.php?rest_route=%2Fwp%2Fv2%2Fcomments&post=8836"}],"version-history":[{"count":0,"href":"https:\/\/thomasvino.ch\/index.php?rest_route=\/wp\/v2\/posts\/8836\/revisions"}],"wp:attachment":[{"href":"https:\/\/thomasvino.ch\/index.php?rest_route=%2Fwp%2Fv2%2Fmedia&parent=8836"}],"wp:term":[{"taxonomy":"category","embeddable":true,"href":"https:\/\/thomasvino.ch\/index.php?rest_route=%2Fwp%2Fv2%2Fcategories&post=8836"},{"taxonomy":"post_tag","embeddable":true,"href":"https:\/\/thomasvino.ch\/index.php?rest_route=%2Fwp%2Fv2%2Ftags&post=8836"}],"curies":[{"name":"wp","href":"https:\/\/api.w.org\/{rel}","templated":true}]}}