{"id":8873,"date":"2009-04-19T17:39:00","date_gmt":"2009-04-19T17:39:00","guid":{"rendered":"http:\/\/localhost\/thomasvino\/?p=8873"},"modified":"2026-03-26T18:56:57","modified_gmt":"2026-03-26T17:56:57","slug":"au-brp-a-lausanne-la-cuisine-selon-pic","status":"publish","type":"post","link":"https:\/\/thomasvino.ch\/?p=8873","title":{"rendered":"Au BRP \u00e0 Lausanne: la cuisine selon Pic"},"content":{"rendered":"<div style=\"text-align: justify\"><em><font style=\"font-style: italic\" size=\"3\"><span style=\"font-weight: bold\">Au Beau-Rivage de Lausanne-Ouchy<\/span><\/font><\/em><strong><br \/>\n<\/strong><font size=\"5\"><span style=\"font-weight: bold\">La cuisine selon Pic<\/span><\/font><strong><br \/>\n<\/strong><span style=\"font-weight: bold\">L&rsquo;aventure aura <\/span><strong>dur\u00e9<\/strong><span style=\"font-weight: bold\"> 16 ans. A la fin de son contrat ce <\/span><strong>restaurant<\/strong><span style=\"font-weight: bold\"> fermera, \u00e0 fin <\/span><strong>d\u00e9cembre<\/strong><span style=\"font-weight: bold\"> 2026! La cheffe fran\u00e7aise Anne-Sophie Pic, seule femme triplement \u00e9toil\u00e9e par le Guide Michelin, vient d\u2019ouvrir son restaurant au c\u0153ur du <\/span><span style=\"font-weight: bold\"><a href=\"http:\/\/www.brp.ch\/fr\/navigation2.php\">Beau-Rivage Palace<\/a><\/span><span style=\"font-weight: bold\">, \u00e0 Lausanne-Ouchy. Ses premi\u00e8res impessions.<\/span><br \/>\n<span style=\"font-style: italic\">Par Pierre Thomas<\/span><br \/>\nCes deux-l\u00e0 semblent faits pour s\u2019entendre: sur la carte du nouveau restaurant gastronomique du Beau-Rivage Palace, ASP et BRP s\u2019enlacent. Comme les initiales d\u2019un couple de fianc\u00e9s. A 40 ans (elle les f\u00eatera le 12 septembre), elle tente le grand \u00e9cart&nbsp;: tenir d\u2019une main ferme sa maison de Valence, dans la vall\u00e9e du Rh\u00f4ne, et piloter le restaurant du palace d\u2019Ouchy, ouvert cette semaine. \u00abMa vie est Valence&nbsp;; je ne vais pas quitter la vall\u00e9e du Rh\u00f4ne. Mais \u00e0 Lausanne, je vais atteindre une cuisine aussi parfaite et r\u00e9guli\u00e8re que possible.\u00bb<br \/>\n<span style=\"font-weight: bold\">Une m\u00e8re qui d\u00e9l\u00e8gue<\/span><br \/>\nEntre les deux villes \u00abdont le provincialisme me pla\u00eet\u00bb, deux heures et demie d\u2019autoroute non-stop. \u00abJe vais revenir \u00e0 fin avril, puis en mai. Trois \u00e0 quatre fois l\u2019an, jusqu\u2019ici, j\u2019\u00e9tais en promotion \u00e0 l\u2019\u00e9tranger. A chaque fois, deux ou trois semaines d\u2019absence\u2026. J\u2019ai moins envie de \u00e7a, sauf du Japon, qui est une source d\u2019inspiration extraordinaire. Je viendrai donc moins longtemps mais plus r\u00e9guli\u00e8rement \u00e0 Lausanne. J\u2019imagine tr\u00e8s bien \u00eatre \u00e0 midi ici et le soir \u00e0 Valence&nbsp;!\u00bb.<br \/>\nEn cuisine, comme au service, un tiers des douze pros de chaque \u00e9quipe viennent directement de Valence, dont le chef de cuisine, Guillaume Raineix, et le responsable du restaurant, Florian Michelard. Un tiers a \u00e9t\u00e9 engag\u00e9 \u00e0 l\u2019ext\u00e9rieur et le dernier tiers est du Beau-Rivage, qui a ferm\u00e9 son restaurant La Rotonde. \u00abDepuis que je suis maman d\u2019un petit gar\u00e7on de trois ans et demi, j\u2019ai d\u00fb apprendre \u00e0 faire confiance \u00e0 des \u00e9quipes\u00bb, explique cette femme brunette menue, au caract\u00e8re bien tremp\u00e9.<br \/>\n<span style=\"font-weight: bold\">Comme Robuchon\u2026<\/span><br \/>\n\u00abLes gens ont envie de voir le chef, c\u2019est vrai, et ils ne le verront pas tous les jours. C\u2019est une chose, mais on va au restaurant pour un esprit. La cuisine elle-m\u00eame est une pr\u00e9sence. M\u00eame si je ne saurais me comparer \u00e0 lui, Jo\u00ebl Robuchon a montr\u00e9 qu\u2019il pouvait \u00eatre \u00e0 Paris et \u00e0 Las Vegas. Et si je viens \u00e0 Lausanne, c\u2019est parce que c\u2019est plus facile \u00e0 g\u00e9rer. La proximit\u00e9 est rassurante&nbsp;; c\u2019est un confort.\u00bb Et Lausanne, Anne-Sophie Pic conna\u00eet&nbsp;: elle y venait, \u00e0 Pully, jouer, enfant, avec sa cousine, plus tard dipl\u00f4m\u00e9e de l\u2019EHL&nbsp;! Et si ce partenariat ne devait pas durer, comme lorsque Jean Bardet, autre \u00e9toil\u00e9 fran\u00e7ais, l\u2019avait tent\u00e9 avec l\u2019h\u00f4tel lausannois Agora&nbsp;? \u00abJe suis jusqu\u2019auboutiste. Je ne me suis pas mis de d\u00e9lai. Je sais que nous sommes capables de tenir le cap.\u00bb<br \/>\nReste aussi \u00e0 convaincre les chefs de la r\u00e9gion, qui ne l\u2019ont pas accueillie avec enthousiasme \u2014 et c\u2019est un euph\u00e9misme&nbsp;: \u00abJ\u2019ai beaucoup de respect pour eux. Je ne viens pas en conqu\u00e9rante pour leur prendre des clients. Nous nous compl\u00e9terons. Une r\u00e9gion, plus elle devient gastronomique, plus elle devient attractive et cela fera venir de nouveaux clients chez tout le monde.\u00bb<br \/>\n<span style=\"font-weight: bold\">Une carte panach\u00e9e<\/span><br \/>\nEt comment, elle-m\u00eame, voit-elle sa cuisine? \u00abUne cuisine de femme\u2026 dit-elle dans un \u00e9clat de rire. Sans mettre la technique en avant, sans esbroufe. La plus simple et la plus pure possible, dans le respect du produit principal et par l\u2019\u00e9quilibre des dosages de chaque go\u00fbt et de chaque texture.\u00bb Pour y parvenir, la premi\u00e8re carte des mets d\u2019Anne-Sophie Pic au Beau-Rivage compte un tiers de plats revisit\u00e9s, en hommage \u00e0 son grand-p\u00e8re et \u00e0 son p\u00e8re, un tiers d\u00e9j\u00e0 servis \u00e0 Valence. Et un tiers propres \u00e0 l\u2019adresse lausannoise. \u00abJe vais changer ma carte quatre fois par ann\u00e9e, \u00e0 chaque saison. Et je vais travailler des produits locaux, comme les poissons du lac\u2026 Le L\u00e9man est vraiment magnifique depuis ici. Vous y \u00eatres habitu\u00e9s, mais moi, je ne m\u2019en lasse pas!\u00bb<br \/>\nQuant au prix des menus, il va de 75 fr. \u00e0 midi en semaine \u00e0 330 fr., en passant par deux menus \u00e0 185 et \u00e0 240 francs, soit au niveau des deux et trois macarons Michelin en Suisse.<br \/>\n<em><font style=\"font-style: italic\" size=\"3\"><span style=\"font-weight: bold\">Eclairage<\/span><\/font><\/em><strong><br \/>\n<\/strong><font size=\"4\"><span style=\"font-weight: bold\">Un restaurant r\u00e9solument ouvert<\/span><\/font><br \/>\nIl est ferm\u00e9 deux jours par semaine, le dimanche et le lundi. Mais le nouveau restaurant, con\u00e7u par les architectes lausannois Richter et Dahl Rocha, est largement ouvert sur le parc aux arbres splendides, le L\u00e9man et les montagnes de Savoie. Cinquante clients maximum sont servis dans un d\u00e9cor d\u00fb au bureau londonien WDA de Stuart Wilsdon&nbsp;: beaucoup de hauteur, des tons cr\u00e8me et chocolat, et une splendide terrasse.<br \/>\nDans les cales du paquebot Beau-Rivage, un espace-cuisine pour la brigade d\u2019Anne-Sophie Pic a \u00e9t\u00e9 am\u00e9nag\u00e9, ainsi qu\u2019un service de p\u00e2tisserie. Et, adoss\u00e9 au nouveau restaurant, un \u00ablobby lounge\u00bb \u00e0 la place du \u00abbar anglais\u00bb. Le tout pour une enveloppe de 3,5 millions de francs.<br \/>\nD\u00e8s octobre, les m\u00eames architectes vont s\u2019attaquer au b\u00e2timent de la rotonde, class\u00e9 monument historique. Un chantier, devis\u00e9 \u00e0 12 millions de francs, qui durera jusqu\u2019en juin 2010. Pour remplacer l\u2019espace d\u00e9di\u00e9 aux petits-d\u00e9jeuners, une structure provisoire sera install\u00e9e sur le toit du Caf\u00e9 Beau-Rivage.<br \/>\n\u00abL\u2019h\u00f4tel montre qu\u2019il ne stagne pas&nbsp;!\u00bb, se r\u00e9jouit le directeur g\u00e9n\u00e9ral Fran\u00e7ois Dussart. Qui s\u2019attend \u00e0 une augmentation des rentr\u00e9es du restaurant&nbsp;: 2 millions (seulement) sur les 66 millions de francs de chiffres d\u2019affaires de l\u2019ann\u00e9e 2008. \u00abUne ann\u00e9e record\u00bb, avec un taux d\u2019occupation entre des chambres entre 74% et 77% (H\u00f4tel d\u2019Angleterre). Ce d\u00e9but d\u2019ann\u00e9e, s\u2019il a \u00e9t\u00e9 marqu\u00e9 par des s\u00e9jours d\u2019affaires en retrait, est positif du c\u00f4t\u00e9 du tourisme individuel. \u00abLe restaurant d\u2019Anne-Sophie Pic nous am\u00e8ne d\u00e9j\u00e0 des h\u00f4tes, qui r\u00e9servent la table et la chambre\u00bb, assure M. Dussart. <span style=\"font-style: italic\">(pts)<\/span><\/p>\n<p><span style=\"font-style: italic\">Paru dans <\/span>H\u00f4tel Revue<span style=\"font-style: italic\"> du 23 avril 2009.<\/span><\/p>\n<\/div>\n","protected":false},"excerpt":{"rendered":"<p>Au Beau-Rivage de Lausanne-Ouchy La cuisine selon Pic L&rsquo;aventure aura dur\u00e9 16 ans. A la fin de son contrat ce restaurant fermera, \u00e0 fin d\u00e9cembre 2026! La cheffe fran\u00e7aise Anne-Sophie Pic, seule femme triplement \u00e9toil\u00e9e par le Guide Michelin, vient d\u2019ouvrir son restaurant au c\u0153ur du Beau-Rivage Palace, \u00e0 Lausanne-Ouchy. Ses premi\u00e8res impessions. Par Pierre [&hellip;]<\/p>\n","protected":false},"author":3,"featured_media":0,"comment_status":"closed","ping_status":"open","sticky":false,"template":"","format":"standard","meta":{"_monsterinsights_skip_tracking":false,"_monsterinsights_sitenote_active":false,"_monsterinsights_sitenote_note":"","_monsterinsights_sitenote_category":0,"jetpack_post_was_ever_published":false,"jetpack_publicize_message":"","jetpack_is_tweetstorm":false,"jetpack_publicize_feature_enabled":true,"jetpack_social_post_already_shared":false,"jetpack_social_options":{"image_generator_settings":{"template":"highway","enabled":false}}},"categories":[17],"tags":[],"jetpack_publicize_connections":[],"yoast_head":"<!-- This site is optimized with the Yoast SEO plugin v20.6 - https:\/\/yoast.com\/wordpress\/plugins\/seo\/ -->\n<title>Au BRP \u00e0 Lausanne: la cuisine selon Pic - thomasvino<\/title>\n<meta name=\"robots\" content=\"index, follow, max-snippet:-1, max-image-preview:large, max-video-preview:-1\" \/>\n<link rel=\"canonical\" href=\"https:\/\/thomasvino.ch\/?p=8873\" \/>\n<meta property=\"og:locale\" content=\"fr_FR\" \/>\n<meta property=\"og:type\" content=\"article\" \/>\n<meta property=\"og:title\" content=\"Au BRP \u00e0 Lausanne: la cuisine selon Pic - thomasvino\" \/>\n<meta property=\"og:description\" content=\"Au Beau-Rivage de Lausanne-Ouchy La cuisine selon Pic L&rsquo;aventure aura dur\u00e9 16 ans. A la fin de son contrat ce restaurant fermera, \u00e0 fin d\u00e9cembre 2026! La cheffe fran\u00e7aise Anne-Sophie Pic, seule femme triplement \u00e9toil\u00e9e par le Guide Michelin, vient d\u2019ouvrir son restaurant au c\u0153ur du Beau-Rivage Palace, \u00e0 Lausanne-Ouchy. Ses premi\u00e8res impessions. Par Pierre [&hellip;]\" \/>\n<meta property=\"og:url\" content=\"https:\/\/thomasvino.ch\/?p=8873\" \/>\n<meta property=\"og:site_name\" content=\"thomasvino\" \/>\n<meta property=\"article:published_time\" content=\"2009-04-19T17:39:00+00:00\" \/>\n<meta property=\"article:modified_time\" content=\"2026-03-26T17:56:57+00:00\" \/>\n<meta name=\"author\" content=\"Pierre Thomas\" \/>\n<meta name=\"twitter:label1\" content=\"\u00c9crit par\" \/>\n\t<meta name=\"twitter:data1\" content=\"Pierre Thomas\" \/>\n\t<meta name=\"twitter:label2\" content=\"Dur\u00e9e de lecture estim\u00e9e\" \/>\n\t<meta name=\"twitter:data2\" content=\"5 minutes\" \/>\n<script type=\"application\/ld+json\" class=\"yoast-schema-graph\">{\"@context\":\"https:\/\/schema.org\",\"@graph\":[{\"@type\":\"WebPage\",\"@id\":\"https:\/\/thomasvino.ch\/?p=8873\",\"url\":\"https:\/\/thomasvino.ch\/?p=8873\",\"name\":\"Au BRP \u00e0 Lausanne: la cuisine selon Pic - thomasvino\",\"isPartOf\":{\"@id\":\"https:\/\/thomasvino.ch\/#website\"},\"datePublished\":\"2009-04-19T17:39:00+00:00\",\"dateModified\":\"2026-03-26T17:56:57+00:00\",\"author\":{\"@id\":\"https:\/\/thomasvino.ch\/#\/schema\/person\/670bf4486fe81152cf1d68bd585e062e\"},\"breadcrumb\":{\"@id\":\"https:\/\/thomasvino.ch\/?p=8873#breadcrumb\"},\"inLanguage\":\"fr-FR\",\"potentialAction\":[{\"@type\":\"ReadAction\",\"target\":[\"https:\/\/thomasvino.ch\/?p=8873\"]}]},{\"@type\":\"BreadcrumbList\",\"@id\":\"https:\/\/thomasvino.ch\/?p=8873#breadcrumb\",\"itemListElement\":[{\"@type\":\"ListItem\",\"position\":1,\"name\":\"Accueil\",\"item\":\"https:\/\/thomasvino.ch\/\"},{\"@type\":\"ListItem\",\"position\":2,\"name\":\"Au BRP \u00e0 Lausanne: la cuisine selon Pic\"}]},{\"@type\":\"WebSite\",\"@id\":\"https:\/\/thomasvino.ch\/#website\",\"url\":\"https:\/\/thomasvino.ch\/\",\"name\":\"thomasvino\",\"description\":\"Vins &amp; Gastronomie\",\"potentialAction\":[{\"@type\":\"SearchAction\",\"target\":{\"@type\":\"EntryPoint\",\"urlTemplate\":\"https:\/\/thomasvino.ch\/?s={search_term_string}\"},\"query-input\":\"required name=search_term_string\"}],\"inLanguage\":\"fr-FR\"},{\"@type\":\"Person\",\"@id\":\"https:\/\/thomasvino.ch\/#\/schema\/person\/670bf4486fe81152cf1d68bd585e062e\",\"name\":\"Pierre Thomas\",\"image\":{\"@type\":\"ImageObject\",\"inLanguage\":\"fr-FR\",\"@id\":\"https:\/\/thomasvino.ch\/#\/schema\/person\/image\/\",\"url\":\"https:\/\/secure.gravatar.com\/avatar\/91fd5a76647f140e53db987a0dead4d7?s=96&d=mm&r=g\",\"contentUrl\":\"https:\/\/secure.gravatar.com\/avatar\/91fd5a76647f140e53db987a0dead4d7?s=96&d=mm&r=g\",\"caption\":\"Pierre Thomas\"},\"url\":\"https:\/\/thomasvino.ch\/?author=3\"}]}<\/script>\n<!-- \/ Yoast SEO plugin. -->","yoast_head_json":{"title":"Au BRP \u00e0 Lausanne: la cuisine selon Pic - thomasvino","robots":{"index":"index","follow":"follow","max-snippet":"max-snippet:-1","max-image-preview":"max-image-preview:large","max-video-preview":"max-video-preview:-1"},"canonical":"https:\/\/thomasvino.ch\/?p=8873","og_locale":"fr_FR","og_type":"article","og_title":"Au BRP \u00e0 Lausanne: la cuisine selon Pic - thomasvino","og_description":"Au Beau-Rivage de Lausanne-Ouchy La cuisine selon Pic L&rsquo;aventure aura dur\u00e9 16 ans. A la fin de son contrat ce restaurant fermera, \u00e0 fin d\u00e9cembre 2026! La cheffe fran\u00e7aise Anne-Sophie Pic, seule femme triplement \u00e9toil\u00e9e par le Guide Michelin, vient d\u2019ouvrir son restaurant au c\u0153ur du Beau-Rivage Palace, \u00e0 Lausanne-Ouchy. Ses premi\u00e8res impessions. Par Pierre [&hellip;]","og_url":"https:\/\/thomasvino.ch\/?p=8873","og_site_name":"thomasvino","article_published_time":"2009-04-19T17:39:00+00:00","article_modified_time":"2026-03-26T17:56:57+00:00","author":"Pierre Thomas","twitter_misc":{"\u00c9crit par":"Pierre Thomas","Dur\u00e9e de lecture estim\u00e9e":"5 minutes"},"schema":{"@context":"https:\/\/schema.org","@graph":[{"@type":"WebPage","@id":"https:\/\/thomasvino.ch\/?p=8873","url":"https:\/\/thomasvino.ch\/?p=8873","name":"Au BRP \u00e0 Lausanne: la cuisine selon Pic - thomasvino","isPartOf":{"@id":"https:\/\/thomasvino.ch\/#website"},"datePublished":"2009-04-19T17:39:00+00:00","dateModified":"2026-03-26T17:56:57+00:00","author":{"@id":"https:\/\/thomasvino.ch\/#\/schema\/person\/670bf4486fe81152cf1d68bd585e062e"},"breadcrumb":{"@id":"https:\/\/thomasvino.ch\/?p=8873#breadcrumb"},"inLanguage":"fr-FR","potentialAction":[{"@type":"ReadAction","target":["https:\/\/thomasvino.ch\/?p=8873"]}]},{"@type":"BreadcrumbList","@id":"https:\/\/thomasvino.ch\/?p=8873#breadcrumb","itemListElement":[{"@type":"ListItem","position":1,"name":"Accueil","item":"https:\/\/thomasvino.ch\/"},{"@type":"ListItem","position":2,"name":"Au BRP \u00e0 Lausanne: la cuisine selon Pic"}]},{"@type":"WebSite","@id":"https:\/\/thomasvino.ch\/#website","url":"https:\/\/thomasvino.ch\/","name":"thomasvino","description":"Vins &amp; Gastronomie","potentialAction":[{"@type":"SearchAction","target":{"@type":"EntryPoint","urlTemplate":"https:\/\/thomasvino.ch\/?s={search_term_string}"},"query-input":"required name=search_term_string"}],"inLanguage":"fr-FR"},{"@type":"Person","@id":"https:\/\/thomasvino.ch\/#\/schema\/person\/670bf4486fe81152cf1d68bd585e062e","name":"Pierre Thomas","image":{"@type":"ImageObject","inLanguage":"fr-FR","@id":"https:\/\/thomasvino.ch\/#\/schema\/person\/image\/","url":"https:\/\/secure.gravatar.com\/avatar\/91fd5a76647f140e53db987a0dead4d7?s=96&d=mm&r=g","contentUrl":"https:\/\/secure.gravatar.com\/avatar\/91fd5a76647f140e53db987a0dead4d7?s=96&d=mm&r=g","caption":"Pierre Thomas"},"url":"https:\/\/thomasvino.ch\/?author=3"}]}},"jetpack_featured_media_url":"","jetpack_sharing_enabled":true,"jetpack_shortlink":"https:\/\/wp.me\/p3m4tZ-2j7","jetpack_likes_enabled":false,"jetpack-related-posts":[{"id":8799,"url":"https:\/\/thomasvino.ch\/?p=8799","url_meta":{"origin":8873,"position":0},"title":"Anne-Sophie Pic au Beau-Rivage Palace de Lausanne-Ouchy","date":"7 octobre 2008","format":false,"excerpt":"Diagonale Valence-OuchyAs de Pic pour le Beau-RivageElue \u00abchef de l\u2019ann\u00e9e 2008\u00bb, par ses pairs \u00e9toil\u00e9s du Guide Michelin, il y a un an, Anne-Sophie Pic va rejoindre le Beau-Rivage Palace de Lausanne-Ouchy d\u00e8s P\u00e2ques 2009. En parall\u00e8le de sa belle maison de Valence.Par Pierre ThomasL\u2019une, dit-on, aurait d\u00fb faire l\u2019Ecole\u2026","rel":"","context":"Dans &quot;Gastro&quot;","img":{"alt_text":"","src":"","width":0,"height":0},"classes":[]},{"id":8790,"url":"https:\/\/thomasvino.ch\/?p=8790","url_meta":{"origin":8873,"position":1},"title":"Le Beau-Rivage perd La Rotonde et gagne Pic","date":"25 septembre 2008","format":false,"excerpt":"Gros travaux au palace lausannoisLe Beau-Rivage perd sa Rotonde...mais gagne PicTandis que le Caf\u00e9 Beau-Rivage, brasserie chic au rez du palace homonyme de Lausanne-Ouchy, f\u00eatait la semaine pass\u00e9e ses vingt ans, un important chantier d\u00e9bute fin septembre. Au 15 avril, il permettra d'accueillir le restaurant d'Anne-Sophie Pic, trois \u00e9toiles Michelin\u2026","rel":"","context":"Dans &quot;Tendance&quot;","img":{"alt_text":"","src":"","width":0,"height":0},"classes":[]},{"id":9871,"url":"https:\/\/thomasvino.ch\/?p=9871","url_meta":{"origin":8873,"position":2},"title":"Beau-Rivage de Lausanne, h\u00f4tel de l&rsquo;ann\u00e9e 2006","date":"11 septembre 2006","format":false,"excerpt":"Le Beau-Rivage Palace de Lausanne distingu\u00e9 en 2006 Le premier \u00abh\u00f4tel de l\u2019ann\u00e9e\u00bb romand Il y avait bien eu le Vieux-Manoir \u00e0 Meyriez-Morat en 1998\u2026 Mais en dix ans, jamais, jusqu\u2019ici, Gault Millau suisse n\u2019avait d\u00e9sign\u00e9 \u00abh\u00f4tel de l\u2019ann\u00e9e\u00bb un \u00e9tablissement romand. C\u2019est chose faite pour 2006, avec le Beau-Rivage\u2026","rel":"","context":"Dans &quot;Actus - News&quot;","img":{"alt_text":"","src":"","width":0,"height":0},"classes":[]},{"id":14883,"url":"https:\/\/thomasvino.ch\/?p=14883","url_meta":{"origin":8873,"position":3},"title":"Sommelier Challenge 2018: \u00e0 Lausanne fin mars!","date":"23 janvier 2018","format":false,"excerpt":"Relanc\u00e9 par le champagne Ruinart en Suisse l'ann\u00e9e pass\u00e9e, le Sommelier Challenge, destin\u00e9 aux professionnels, aura lieu le 26 mars au Beau-Rivage Palace \u00e0 Lausanne-Ouchy. Les inscriptions sont ouvertes jusqu'au 26 f\u00e9vrier 2018. La premi\u00e8re \u00e9dition de la comp\u00e9tition, \u00e0 Lucerne (photo ci-dessous), avait couronn\u00e9 Samuele Calistri, 26 ans. Ce\u2026","rel":"","context":"Dans &quot;Actus - News&quot;","img":{"alt_text":"","src":"https:\/\/i0.wp.com\/thomasvino.ch\/wp-content\/uploads\/2018\/01\/ruinart_som17-300x201.jpg?resize=350%2C200&ssl=1","width":350,"height":200},"classes":[]},{"id":9382,"url":"https:\/\/thomasvino.ch\/?p=9382","url_meta":{"origin":8873,"position":4},"title":"Lausanne, Ville du Go\u00fbt 2012: r\u00e9servez votre table \u00e9ph\u00e9m\u00e8re sur le Net","date":"21 mai 2012","format":false,"excerpt":"Lausanne, Ville du Go\u00fbt 2012 Le net pour une table \u00e9ph\u00e9m\u00e8re Pour Lausanne Ville du Go\u00fbt 2012, plusieurs chefs r\u00e9put\u00e9s se pr\u00eatent au jeu des rencontres in\u00e9dites. D\u00e8s mardi 22 mai \u00e0 midi, les gourmets peuvent r\u00e9server sur Internet l\u2019une des 15 tables install\u00e9es en des lieux \u00e9tonnants. Inscription sur\u2026","rel":"","context":"Dans &quot;Actus - News&quot;","img":{"alt_text":"","src":"","width":0,"height":0},"classes":[]},{"id":11196,"url":"https:\/\/thomasvino.ch\/?p=11196","url_meta":{"origin":8873,"position":5},"title":"Vins vaudois  plut\u00f4t B\u00e2le que Zurich","date":"2 octobre 2013","format":false,"excerpt":"Fin d\u2019ann\u00e9e active pour l\u2019Office des vins vaudois. Fin septembre, son directeur, Nicolas Joss et son assistant, Benjamin Gehrig, inauguraient un partenariat avec l\u2019Ecole h\u00f4teli\u00e8re de Lausanne. D\u00e9j\u00e0 amorc\u00e9 par une pr\u00e9sence accrue de vins et de vignerons dans des cours facultatifs, tout au long de l\u2019ann\u00e9e pr\u00e9paratoire renforc\u00e9e, les\u2026","rel":"","context":"Dans &quot;Ev\u00e9nements&quot;","img":{"alt_text":"","src":"","width":0,"height":0},"classes":[]}],"_links":{"self":[{"href":"https:\/\/thomasvino.ch\/index.php?rest_route=\/wp\/v2\/posts\/8873"}],"collection":[{"href":"https:\/\/thomasvino.ch\/index.php?rest_route=\/wp\/v2\/posts"}],"about":[{"href":"https:\/\/thomasvino.ch\/index.php?rest_route=\/wp\/v2\/types\/post"}],"author":[{"embeddable":true,"href":"https:\/\/thomasvino.ch\/index.php?rest_route=\/wp\/v2\/users\/3"}],"replies":[{"embeddable":true,"href":"https:\/\/thomasvino.ch\/index.php?rest_route=%2Fwp%2Fv2%2Fcomments&post=8873"}],"version-history":[{"count":1,"href":"https:\/\/thomasvino.ch\/index.php?rest_route=\/wp\/v2\/posts\/8873\/revisions"}],"predecessor-version":[{"id":18698,"href":"https:\/\/thomasvino.ch\/index.php?rest_route=\/wp\/v2\/posts\/8873\/revisions\/18698"}],"wp:attachment":[{"href":"https:\/\/thomasvino.ch\/index.php?rest_route=%2Fwp%2Fv2%2Fmedia&parent=8873"}],"wp:term":[{"taxonomy":"category","embeddable":true,"href":"https:\/\/thomasvino.ch\/index.php?rest_route=%2Fwp%2Fv2%2Fcategories&post=8873"},{"taxonomy":"post_tag","embeddable":true,"href":"https:\/\/thomasvino.ch\/index.php?rest_route=%2Fwp%2Fv2%2Ftags&post=8873"}],"curies":[{"name":"wp","href":"https:\/\/api.w.org\/{rel}","templated":true}]}}