{"id":8925,"date":"2009-08-08T17:16:00","date_gmt":"2009-08-08T17:16:00","guid":{"rendered":"http:\/\/localhost\/thomasvino\/?p=8925"},"modified":"2009-08-08T17:16:00","modified_gmt":"2009-08-08T17:16:00","slug":"aoste-la-mecque-des-vins-de-montagne","status":"publish","type":"post","link":"https:\/\/thomasvino.ch\/?p=8925","title":{"rendered":"Aoste, la Mecque des vins de montagne"},"content":{"rendered":"<h2><i>Concours du CERVIM<\/i><\/h2>\n<h1>Aoste, la Mecque <br \/>\ndes \u00abvins de montagne\u00bb<\/h1>\n<div style=\"text-align: justify;\"><b>Qu\u2019est-ce qui rassemble la Moselle, le Douro, la Galice, la Savoie et le Valais? Les vignes, pardi ! Et Aoste s\u2019est impos\u00e9e comme capitale des \u00abvins de montagne\u00bb.<\/b><br \/>\n<i><b>Pierre Thomas<\/b><\/i><br \/>\nVin de montagne ? Les Suisses, habitu\u00e9s \u00e0 boire du vin rouge \u00e9tranger depuis toujours, connaissaient, nagu\u00e8re, le \u00abmontagne\u00bb, volontiers affubl\u00e9 de \u00absup\u00e9rieur\u00bb. Aujourd\u2019hui, le \u00abvin de montagne\u00bb est un concept. Le CERVIM, pour Centre de recherche, d\u2019\u00e9tudes, de sauvegarde, de coordination et de la valorisation pour la viticulture de montagne, install\u00e9 dans une zone industrielle d\u2019Aoste, en est le garant. Depuis dix-huit ans, ce centre, qui r\u00e9unit de mani\u00e8re volontaire des r\u00e9gions europ\u00e9ennes, organise un concours (lire l\u2019encadr\u00e9). Peuvent y participer des vins issus de vignobles \u00abayant des difficult\u00e9s structurales permanentes\u00bb, par exemple situ\u00e9s \u00e0 plus de 500 m. d\u2019altitude (sauf les hauts plateaux, comme \u00e0 Mendoza, en Argentine), ou plant\u00e9s dans une pente de plus de 30% (par exemple, la Moselle), ou cultiv\u00e9s en terrasses ou en banquettes (Valais, Vall\u00e9e d\u2019Aoste) et, plus exotique, sur \u00abdes petites \u00eeles\u00bb. Les crit\u00e8res ne sont pas cumulatifs et des vins de toutes provenances r\u00e9pondant \u00e0 ces crit\u00e8res peuvent concourir.<br \/>\n<b>Une viticulture \u00abh\u00e9ro\u00efque\u00bb<\/b><br \/>\nEn avril, \u00e0 Sondrio, une table ronde a r\u00e9uni des vignerons et des chercheurs, sur le th\u00e8me de la \u00abviticulture h\u00e9ro\u00efque\u00bb, un adjectif qui montre ce que le travail de la vigne repr\u00e9sente. A Saint-Vincent, en conclusion du concours, le Pi\u00e9montais Enrico Zola, vice-pr\u00e9sident du CERVIM, a situ\u00e9 les enjeux de cet h\u00e9ro\u00efsme: d\u2019abord, valoriser le paysage, ensuite, le milieu socio-\u00e9conomique, puis favoriser le tourisme et cr\u00e9er une richesse dans les r\u00e9gions concern\u00e9es.<br \/>\nLa Vall\u00e9e d\u2019Aoste est un mod\u00e8le du genre. Au contraire du Valais, o\u00f9 la vigne n\u2019a cess\u00e9 de se d\u00e9velopper au 20\u00e8me si\u00e8cle \u2014une exception suisse ! \u2014, la vigne vald\u00f4taine est pass\u00e9e de 3&rsquo;000 hectares \u00e0 moins de 500. Aujourd\u2019hui, elle remonte \u00e0 plus de 520 ha. Et les producteurs, une douzaine il y a vingt ans, sont plus de quarante. A elles seules, les six caves coop\u00e9ratives \u00e9coulent 70% des deux millions de bouteilles par an. \u00abEn vingt ans, on est pass\u00e9 d\u2019un vignoble accessoire, revenu d\u2019appoint pour les paysans, \u00e0 une viticulture rationnelle, but en soi de toujours plus de jeunes vignerons\u00bb, se r\u00e9jouit Massimo Bellocchia, l\u2019\u0153nologue de la r\u00e9gion autonome. <br \/>\n<b>Des c\u00e9pages originaux<\/b><br \/>\nLes vins se concentrent sur des rouges (69% de la surface) et d\u00e9sormais, pr\u00e8s des deux tiers sont issus de c\u00e9pages autochtones, soit le Petit rouge, le Fumin, le Mayolet et le Cornalin (qui n\u2019est pas celui du Valais, mais l\u2019Humagne rouge). Pinot noir et Nebbiolo compl\u00e8tent la panoplie. <br \/>\nEn blanc, le Pri\u00e9 blanc est cultiv\u00e9 \u00e0 Morgex et La Salle, les plus hautes vignes d\u2019Europe (entre 1000 et 1250 m. d\u2019altitude, soit plus haut qu\u2019\u00e0 Visperterminen), tandis que la Petite Arvine conna\u00eet un bel essor. Vald\u00f4tains et Valaisans se disputent son origine : le fait est que l\u2019Institut agricole r\u00e9gional, fond\u00e9 par les chanoines valaisans du Grand-Saint-Bernard, a redonn\u00e9 du \u00abtonus\u00bb \u00e0 la vigne vald\u00f4taine, en multipliant les essais viticoles (\u00e0 c\u00f4t\u00e9 du d\u00e9veloppement de l\u2019agriculture de montagne).<br \/>\nPr\u00e8s de 85% des vins vald\u00f4tains sont consomm\u00e9s sur place, par les 120&rsquo;000 habitants de la vall\u00e9e et le million de touristes, d\u2019hiver et d\u2019\u00e9t\u00e9. \u00abNous avons de la chance : d\u2019une part, tout ou presque peut \u00eatre bu ici, d\u2019autre part, la raret\u00e9 des surfaces cultivables ne permet pas un d\u00e9veloppement de la viticulture. Nous sommes heureusement limit\u00e9\u00bb, explique l\u2019\u0153nologue r\u00e9gional. <br \/>\n<b>Le salut par l\u2019agritourisme<\/b><br \/>\nL\u2019agritourisme permet de jouer sur tous les tableaux, avec des exploitations mixtes, viticoles, agricoles (viande et fromage), de g\u00eete et de couvert. \u00abNous sommes une trentaine, avec des formules diverses\u00bb, explique Herv\u00e9 Deguillaume, \u00e0 La Vrille, \u00e0 Verrayes. Sur 1,5 hectares de vignes, il produit depuis 2005, dans une cave miniature ultra-moderne, financ\u00e9e en partie par les subventions europ\u00e9ennes, un des meilleurs fumin, vin rouge de garde vald\u00f4tain, et un exceptionnel muscat passerill\u00e9. Et 80% de ses vins sont servis, sur place, dans un restaurant o\u00f9 si le cadre est rustique, la cuisine se r\u00e9v\u00e8le raffin\u00e9e, pour les h\u00f4tes des six chambres comme pour les touristes de passage.<\/div>\n<h2><i>Eclairage<\/i><br \/>\nUn concours exemplaire<\/h2>\n<div style=\"text-align: justify;\"><i>Internationaux, donc gigantesques (Concours mondial de Bruxelles ou Mundus Vini en Allemagne), limit\u00e9s \u00e0 un seul c\u00e9page (Chardonnay du Monde, en Bourgogne ou Mondial du Pinot noir, \u00e0 Sierre), chasse gard\u00e9e d\u2019\u0153nologues (Vinalies de Paris, Concours de Vinitaly, \u00e0 V\u00e9rone) : les concours de vins en tous genres se multiplient. Celui du CERVIM, qui a connu sa dix-septi\u00e8me \u00e9dition au Grand H\u00f4tel Billia, \u00e0 Saint-Vincent, d\u00e9but juillet, reste particulier. Gr\u00e2ce \u00e0 sa dimension \u00abhumaine\u00bb (481 vins jug\u00e9s, de 183 producteurs), les vins sont appr\u00e9ci\u00e9s par type et cat\u00e9gorie (par exemple, vins blancs 2008, vins blancs 2007 et ant\u00e9rieurs, etc.). Dans ces dix cat\u00e9gories, pas de sous-cat\u00e9gories, comme dans certains concours o\u00f9, par exemple, les vins suisses ne sont jamais confront\u00e9s \u00e0 d\u2019autres vins. Des crus de sept pays \u00e9taient en lice, prioritairement de la vall\u00e9e d\u2019Aoste, de la Moselle et du Valais. Les <\/i><a href=\"http:\/\/www.cervim.org\/post-concorso-09.aspx\"><i><b>r\u00e9sultats<\/b><\/i><\/a><i> (soit trois m\u00e9dailles, grand or, or et argent par cat\u00e9gorie, et des mentions d\u2019honneur pour 30% des vins pr\u00e9sent\u00e9s) seront proclam\u00e9s le vendredi soir 4 septembre, \u00e0 l\u2019occasion de la onzi\u00e8me exposition des vins de la vall\u00e9e d\u2019Aoste, au Ch\u00e2teau d\u2019Aymavilles, la plus vaste commune viticole de la vall\u00e9e. (pt)<\/i><br \/>\n<i>Paru dans <\/i>H\u00f4tel Revue<i> du 6 ao\u00fbt 2009.<\/i><\/div>\n","protected":false},"excerpt":{"rendered":"<p>Concours du CERVIM Aoste, la Mecque des \u00abvins de montagne\u00bb Qu\u2019est-ce qui rassemble la Moselle, le Douro, la Galice, la Savoie et le Valais? Les vignes, pardi ! Et Aoste s\u2019est impos\u00e9e comme capitale des \u00abvins de montagne\u00bb. Pierre Thomas Vin de montagne ? Les Suisses, habitu\u00e9s \u00e0 boire du vin rouge \u00e9tranger depuis toujours, [&hellip;]<\/p>\n","protected":false},"author":3,"featured_media":0,"comment_status":"closed","ping_status":"open","sticky":false,"template":"","format":"standard","meta":{"_monsterinsights_skip_tracking":false,"_monsterinsights_sitenote_active":false,"_monsterinsights_sitenote_note":"","_monsterinsights_sitenote_category":0,"jetpack_post_was_ever_published":false,"jetpack_publicize_message":"","jetpack_is_tweetstorm":false,"jetpack_publicize_feature_enabled":true,"jetpack_social_post_already_shared":false,"jetpack_social_options":{"image_generator_settings":{"template":"highway","enabled":false}}},"categories":[10],"tags":[],"jetpack_publicize_connections":[],"yoast_head":"<!-- This site is optimized with the Yoast SEO plugin v20.6 - https:\/\/yoast.com\/wordpress\/plugins\/seo\/ -->\n<title>Aoste, la Mecque des vins de montagne - thomasvino<\/title>\n<meta name=\"robots\" content=\"index, follow, max-snippet:-1, max-image-preview:large, max-video-preview:-1\" \/>\n<link rel=\"canonical\" href=\"https:\/\/thomasvino.ch\/?p=8925\" \/>\n<meta property=\"og:locale\" content=\"fr_FR\" \/>\n<meta property=\"og:type\" content=\"article\" \/>\n<meta property=\"og:title\" content=\"Aoste, la Mecque des vins de montagne - thomasvino\" \/>\n<meta property=\"og:description\" content=\"Concours du CERVIM Aoste, la Mecque des \u00abvins de montagne\u00bb Qu\u2019est-ce qui rassemble la Moselle, le Douro, la Galice, la Savoie et le Valais? Les vignes, pardi ! Et Aoste s\u2019est impos\u00e9e comme capitale des \u00abvins de montagne\u00bb. Pierre Thomas Vin de montagne ? Les Suisses, habitu\u00e9s \u00e0 boire du vin rouge \u00e9tranger depuis toujours, [&hellip;]\" \/>\n<meta property=\"og:url\" content=\"https:\/\/thomasvino.ch\/?p=8925\" \/>\n<meta property=\"og:site_name\" content=\"thomasvino\" \/>\n<meta property=\"article:published_time\" content=\"2009-08-08T17:16:00+00:00\" \/>\n<meta name=\"author\" content=\"Pierre Thomas\" \/>\n<meta name=\"twitter:label1\" content=\"\u00c9crit par\" \/>\n\t<meta name=\"twitter:data1\" content=\"Pierre Thomas\" \/>\n\t<meta name=\"twitter:label2\" content=\"Dur\u00e9e de lecture estim\u00e9e\" \/>\n\t<meta name=\"twitter:data2\" content=\"5 minutes\" \/>\n<script type=\"application\/ld+json\" class=\"yoast-schema-graph\">{\"@context\":\"https:\/\/schema.org\",\"@graph\":[{\"@type\":\"WebPage\",\"@id\":\"https:\/\/thomasvino.ch\/?p=8925\",\"url\":\"https:\/\/thomasvino.ch\/?p=8925\",\"name\":\"Aoste, la Mecque des vins de montagne - thomasvino\",\"isPartOf\":{\"@id\":\"https:\/\/thomasvino.ch\/#website\"},\"datePublished\":\"2009-08-08T17:16:00+00:00\",\"dateModified\":\"2009-08-08T17:16:00+00:00\",\"author\":{\"@id\":\"https:\/\/thomasvino.ch\/#\/schema\/person\/670bf4486fe81152cf1d68bd585e062e\"},\"breadcrumb\":{\"@id\":\"https:\/\/thomasvino.ch\/?p=8925#breadcrumb\"},\"inLanguage\":\"fr-FR\",\"potentialAction\":[{\"@type\":\"ReadAction\",\"target\":[\"https:\/\/thomasvino.ch\/?p=8925\"]}]},{\"@type\":\"BreadcrumbList\",\"@id\":\"https:\/\/thomasvino.ch\/?p=8925#breadcrumb\",\"itemListElement\":[{\"@type\":\"ListItem\",\"position\":1,\"name\":\"Accueil\",\"item\":\"https:\/\/thomasvino.ch\/\"},{\"@type\":\"ListItem\",\"position\":2,\"name\":\"Aoste, la Mecque des vins de montagne\"}]},{\"@type\":\"WebSite\",\"@id\":\"https:\/\/thomasvino.ch\/#website\",\"url\":\"https:\/\/thomasvino.ch\/\",\"name\":\"thomasvino\",\"description\":\"Vins &amp; Gastronomie\",\"potentialAction\":[{\"@type\":\"SearchAction\",\"target\":{\"@type\":\"EntryPoint\",\"urlTemplate\":\"https:\/\/thomasvino.ch\/?s={search_term_string}\"},\"query-input\":\"required name=search_term_string\"}],\"inLanguage\":\"fr-FR\"},{\"@type\":\"Person\",\"@id\":\"https:\/\/thomasvino.ch\/#\/schema\/person\/670bf4486fe81152cf1d68bd585e062e\",\"name\":\"Pierre Thomas\",\"image\":{\"@type\":\"ImageObject\",\"inLanguage\":\"fr-FR\",\"@id\":\"https:\/\/thomasvino.ch\/#\/schema\/person\/image\/\",\"url\":\"https:\/\/secure.gravatar.com\/avatar\/91fd5a76647f140e53db987a0dead4d7?s=96&d=mm&r=g\",\"contentUrl\":\"https:\/\/secure.gravatar.com\/avatar\/91fd5a76647f140e53db987a0dead4d7?s=96&d=mm&r=g\",\"caption\":\"Pierre Thomas\"},\"url\":\"https:\/\/thomasvino.ch\/?author=3\"}]}<\/script>\n<!-- \/ Yoast SEO plugin. -->","yoast_head_json":{"title":"Aoste, la Mecque des vins de montagne - thomasvino","robots":{"index":"index","follow":"follow","max-snippet":"max-snippet:-1","max-image-preview":"max-image-preview:large","max-video-preview":"max-video-preview:-1"},"canonical":"https:\/\/thomasvino.ch\/?p=8925","og_locale":"fr_FR","og_type":"article","og_title":"Aoste, la Mecque des vins de montagne - thomasvino","og_description":"Concours du CERVIM Aoste, la Mecque des \u00abvins de montagne\u00bb Qu\u2019est-ce qui rassemble la Moselle, le Douro, la Galice, la Savoie et le Valais? Les vignes, pardi ! Et Aoste s\u2019est impos\u00e9e comme capitale des \u00abvins de montagne\u00bb. Pierre Thomas Vin de montagne ? Les Suisses, habitu\u00e9s \u00e0 boire du vin rouge \u00e9tranger depuis toujours, [&hellip;]","og_url":"https:\/\/thomasvino.ch\/?p=8925","og_site_name":"thomasvino","article_published_time":"2009-08-08T17:16:00+00:00","author":"Pierre Thomas","twitter_misc":{"\u00c9crit par":"Pierre Thomas","Dur\u00e9e de lecture estim\u00e9e":"5 minutes"},"schema":{"@context":"https:\/\/schema.org","@graph":[{"@type":"WebPage","@id":"https:\/\/thomasvino.ch\/?p=8925","url":"https:\/\/thomasvino.ch\/?p=8925","name":"Aoste, la Mecque des vins de montagne - thomasvino","isPartOf":{"@id":"https:\/\/thomasvino.ch\/#website"},"datePublished":"2009-08-08T17:16:00+00:00","dateModified":"2009-08-08T17:16:00+00:00","author":{"@id":"https:\/\/thomasvino.ch\/#\/schema\/person\/670bf4486fe81152cf1d68bd585e062e"},"breadcrumb":{"@id":"https:\/\/thomasvino.ch\/?p=8925#breadcrumb"},"inLanguage":"fr-FR","potentialAction":[{"@type":"ReadAction","target":["https:\/\/thomasvino.ch\/?p=8925"]}]},{"@type":"BreadcrumbList","@id":"https:\/\/thomasvino.ch\/?p=8925#breadcrumb","itemListElement":[{"@type":"ListItem","position":1,"name":"Accueil","item":"https:\/\/thomasvino.ch\/"},{"@type":"ListItem","position":2,"name":"Aoste, la Mecque des vins de montagne"}]},{"@type":"WebSite","@id":"https:\/\/thomasvino.ch\/#website","url":"https:\/\/thomasvino.ch\/","name":"thomasvino","description":"Vins &amp; Gastronomie","potentialAction":[{"@type":"SearchAction","target":{"@type":"EntryPoint","urlTemplate":"https:\/\/thomasvino.ch\/?s={search_term_string}"},"query-input":"required name=search_term_string"}],"inLanguage":"fr-FR"},{"@type":"Person","@id":"https:\/\/thomasvino.ch\/#\/schema\/person\/670bf4486fe81152cf1d68bd585e062e","name":"Pierre Thomas","image":{"@type":"ImageObject","inLanguage":"fr-FR","@id":"https:\/\/thomasvino.ch\/#\/schema\/person\/image\/","url":"https:\/\/secure.gravatar.com\/avatar\/91fd5a76647f140e53db987a0dead4d7?s=96&d=mm&r=g","contentUrl":"https:\/\/secure.gravatar.com\/avatar\/91fd5a76647f140e53db987a0dead4d7?s=96&d=mm&r=g","caption":"Pierre Thomas"},"url":"https:\/\/thomasvino.ch\/?author=3"}]}},"jetpack_featured_media_url":"","jetpack_sharing_enabled":true,"jetpack_shortlink":"https:\/\/wp.me\/p3m4tZ-2jX","jetpack_likes_enabled":false,"jetpack-related-posts":[{"id":9420,"url":"https:\/\/thomasvino.ch\/?p=9420","url_meta":{"origin":8925,"position":0},"title":"Provins en force \u00e0 Aoste","date":"16 ao\u00fbt 2012","format":false,"excerpt":"20\u00e8me Concours des vins de montagne Provins-Valais triomphe \u00e0 Aoste Les Valaisans ont fait main basse sur 8 des 9 m\u00e9dailles d'or \u00absuisses\u00bb du 20\u00e8me concours des vins de montagne, \u00e0 Aoste. La remise des prix aura lieu au Fort de Bard, le samedi 25 ao\u00fbt, tandis que le CERVIM,\u2026","rel":"","context":"Dans &quot;Actus - News&quot;","img":{"alt_text":"","src":"","width":0,"height":0},"classes":[]},{"id":9585,"url":"https:\/\/thomasvino.ch\/?p=9585","url_meta":{"origin":8925,"position":1},"title":"Valais \u2014 Aoste ou Sierre capitale des vins de montagne?","date":"19 janvier 2005","format":false,"excerpt":"Sierre, capitale du vin, mais d'o\u00f9? Les sixi\u00e8mes rencontres vinicoles de Sierre ont eu lieu le week-end pass\u00e9. En vedette, le \u00abMondial\u00bb du pinot noir et les vins de montagne. Par Pierre Thomas C'est, d\u00e9sormais, un rendez-vous annuel que l'on qualifiera d'\u00abincontournable\u00bb: les rencontres vinicoles de Sierre allient l'esprit festif\u2026","rel":"","context":"Dans &quot;Vins suisses&quot;","img":{"alt_text":"","src":"","width":0,"height":0},"classes":[]},{"id":12973,"url":"https:\/\/thomasvino.ch\/?p=12973","url_meta":{"origin":8925,"position":2},"title":"Provins-Valais, reine des vins de montagne","date":"28 ao\u00fbt 2015","format":false,"excerpt":"Une fois de plus, dira-t-on, Provins remporte la palme de cave la plus titr\u00e9e de Suisse au Concours des vins de montagne du CERVIM, \u00e0 Aoste. Et pendant ce temps-l\u00e0, sur le mode d\u2019\u00e9levage en altitude de la ligne Les Titans, un ch\u00e2teau bordelais a plac\u00e9 quelques barriques dans les\u2026","rel":"","context":"Dans &quot;Actus - News&quot;","img":{"alt_text":"","src":"https:\/\/i0.wp.com\/www.thomasvino.ch\/wp-content\/uploads\/2015\/08\/LesTitans\u00c2\u00a9photo-genicolivier.maire_-300x200.jpg?resize=350%2C200","width":350,"height":200},"classes":[]},{"id":12142,"url":"https:\/\/thomasvino.ch\/?p=12142","url_meta":{"origin":8925,"position":3},"title":"22\u00e8me Concours des vins de montagne \u00e0 Aoste  Une cave valaisanne \u00e0 l\u2019honneur","date":"4 ao\u00fbt 2014","format":false,"excerpt":"C\u2019est \u00e0 la Cave la Rodeline, \u00e0 Fully, que revient le titre du \u00abprix sp\u00e9cial\u00bb accord\u00e9 par le CERVIM, \u00e0 Aoste, au meilleur r\u00e9sultat de trois vins de trois cat\u00e9gories de ce concours, qui en est \u00e0 sa 22\u00e8me \u00e9dition. Le vin qui a obtenu la meilleure note du concours\u2026","rel":"","context":"Dans &quot;Actus - News&quot;","img":{"alt_text":"","src":"","width":0,"height":0},"classes":[]},{"id":8934,"url":"https:\/\/thomasvino.ch\/?p=8934","url_meta":{"origin":8925,"position":4},"title":"CERVIM 2009 et les vins suisses","date":"27 ao\u00fbt 2009","format":false,"excerpt":"Concours des vins de montagne Une confrontation originale Le vendredi soir 4 septembre 2009, au Ch\u00e2teau d\u2019Aymavilles, pr\u00e8s d\u2019Aoste, les vignerons prim\u00e9s au 17\u00e8me Concours international des vins de montagne re\u00e7oivent leur prix. Coup d\u2019\u0153il sur cette manifestation originale, par Pierre Thomas, membre du jury. Qu\u2019est-ce qui peut bien rapprocher\u2026","rel":"","context":"Dans &quot;Vins suisses&quot;","img":{"alt_text":"","src":"","width":0,"height":0},"classes":[]},{"id":9000,"url":"https:\/\/thomasvino.ch\/?p=9000","url_meta":{"origin":8925,"position":5},"title":"Fran\u00e7ois Murisier \u00e0 la t\u00eate de VINEA","date":"24 f\u00e9vrier 2010","format":false,"excerpt":"Fran\u00e7ois Murisier \u00e0 la t\u00eate de VINEA Le Valaisan de souche Fran\u00e7ois Murisier, n\u00e9 \u00e0 Orsi\u00e8res en 1946, mais qui habite les hauts de Vevey, a \u00e9t\u00e9 nomm\u00e9 \u00e0 la t\u00eate de VINEA, \u00e0 Sierre, qui se pose en \u00abcentre de comp\u00e9tences au service de la vigne et du vin\u2026","rel":"","context":"Dans &quot;Actus - News&quot;","img":{"alt_text":"","src":"","width":0,"height":0},"classes":[]}],"_links":{"self":[{"href":"https:\/\/thomasvino.ch\/index.php?rest_route=\/wp\/v2\/posts\/8925"}],"collection":[{"href":"https:\/\/thomasvino.ch\/index.php?rest_route=\/wp\/v2\/posts"}],"about":[{"href":"https:\/\/thomasvino.ch\/index.php?rest_route=\/wp\/v2\/types\/post"}],"author":[{"embeddable":true,"href":"https:\/\/thomasvino.ch\/index.php?rest_route=\/wp\/v2\/users\/3"}],"replies":[{"embeddable":true,"href":"https:\/\/thomasvino.ch\/index.php?rest_route=%2Fwp%2Fv2%2Fcomments&post=8925"}],"version-history":[{"count":0,"href":"https:\/\/thomasvino.ch\/index.php?rest_route=\/wp\/v2\/posts\/8925\/revisions"}],"wp:attachment":[{"href":"https:\/\/thomasvino.ch\/index.php?rest_route=%2Fwp%2Fv2%2Fmedia&parent=8925"}],"wp:term":[{"taxonomy":"category","embeddable":true,"href":"https:\/\/thomasvino.ch\/index.php?rest_route=%2Fwp%2Fv2%2Fcategories&post=8925"},{"taxonomy":"post_tag","embeddable":true,"href":"https:\/\/thomasvino.ch\/index.php?rest_route=%2Fwp%2Fv2%2Ftags&post=8925"}],"curies":[{"name":"wp","href":"https:\/\/api.w.org\/{rel}","templated":true}]}}