{"id":8941,"date":"2009-09-20T07:37:00","date_gmt":"2009-09-20T07:37:00","guid":{"rendered":"http:\/\/localhost\/thomasvino\/?p=8941"},"modified":"2009-09-20T07:37:00","modified_gmt":"2009-09-20T07:37:00","slug":"gpvs-09-kaleidoscope-trompeur","status":"publish","type":"post","link":"https:\/\/thomasvino.ch\/?p=8941","title":{"rendered":"GPVS 09 \u2014 Kal\u00e9idoscope trompeur"},"content":{"rendered":"<h3 style=\"text-align: justify;\">Grand Prix du Vin Suisse 2009<\/h3>\n<h1 style=\"text-align: justify;\">Kal\u00e9idoscope trompeur<\/h1>\n<div style=\"text-align: justify;\"><b>Le Grand Prix du Vin Suisse a attribu\u00e9 ses m\u00e9dailles et s\u00e9lectionn\u00e9 ses nomin\u00e9s. Le palmar\u00e8s sera coul\u00e9 dans le bronze \u00e0 Berne, le 23 octobre 2009. Mais d\u00e9j\u00e0 des surprises !<\/b><br \/>\n<i>Pierre Thomas<\/i><br \/>\nCe concours national se d\u00e9roule en deux phases. La premi\u00e8re, la d\u00e9gustation, sans pr\u00e9s\u00e9lections cantonales, de 2117 vins envoy\u00e9s par 471 encaveurs, cette ann\u00e9e. La d\u00e9gustation a eu lieu fin juin \u00e0 Sierre, organis\u00e9e par Vinea, avec le magazine <i>Vinum<\/i>. Elle permet d\u2019attribuer des m\u00e9dailles, 206 d\u2019or et 433 d\u2019argent. Cette hi\u00e9rarchisation d\u00e9bouche sur les six notes les plus \u00e9lev\u00e9es des onze cat\u00e9gories. Les pointages ne sont pas rendus publics. Mais on sait que tout concours se joue au millim\u00e8tre\u2026 <br \/>\n<b>Cat\u00e9gories diverses et vari\u00e9es<\/b><br \/>\nEt toutes les cat\u00e9gories ne p\u00e8sent pas le m\u00eame poids. Il y a autant de nomin\u00e9s (six, donc) pour le chasselas (345 vins pr\u00e9sent\u00e9s), les autres c\u00e9pages blancs (413), les pinots noirs (327), les assemblages rouges (254) et les autres c\u00e9pages rouges purs (253) que pour le M\u00fcller-Thurgau (49), les assemblages blancs (66), le gamay (64) ou le merlot (90). L\u2019affaire se corse quand dans une cat\u00e9gorie, comme le M\u00fcller-Thurgau, un seul vin obtient un dipl\u00f4me d\u2019or. Et comme seules les notes de l\u2019unique d\u00e9gustation font foi, ce vin sera champion (un vin de Riehen, vinifi\u00e9 par COOP, sponsor du concours\u2026). Dans les autres cat\u00e9gories, m\u00eame si les jeux sont d\u00e9j\u00e0 faits, il faudra attendre le Gala des vins suisses, \u00e0 Berne, le vendredi 23 octobre pour conna\u00eetre les champions nationaux.<br \/>\n<b>Vaudois qui rient et qui pleurent<\/b><br \/>\nDans les surprises, on classera les nomin\u00e9s des vins doux (d\u00e8s 8 grammes de sucre) : trois vins neuch\u00e2telois, dont un authentique cru de garage \u00e0 Fleurier, un vin genevois, un vaudois et un valaisan, mais vinifi\u00e9 par un Vaudois (une marsanne de Chamoson, par Louis Fonjallaz, d\u2019Epesses). Pas un seul vin liquoreux valaisan ! Alors que plusieurs sont dipl\u00f4m\u00e9s d\u2019or (33 dipl\u00f4mes dans cette cat\u00e9gorie). <br \/>\nSi les Vaudois peuvent sourire pour les liquoreux, alors que leurs chasselas ont obtenu 20 m\u00e9dailles d\u2019or, et les Valaisans 9 seulement, le titre de champion se jouera entre deux Vaudois et trois Valaisans, le Sierrois Robert Taramarcaz r\u00e9ussissant m\u00eame \u00e0 qualifier deux fendants (Classique et Granges 2008) en finale. Il n\u2019est pas le seul producteur \u00e0 deux vins sur six: la petite \u0153noth\u00e8que Zamberlani, sur la route du Gothard, \u00e0 Piotta (voisine d\u2019Ambri\u2026) place deux cuv\u00e9es confidentielles de merlot, Choix 2005 et La Roca 2007: en fait, ce sont deux sous-marins de Gialdi et de son \u0153nologue, Fred de Martin. <br \/>\nEn pinot noir, mari et femme font coup double, avec le Aagne Sp\u00e4tlese 2007 de Stefan Gysel \u00e0 Hallau (SH) et le T\u00eate de Cuv\u00e9e 2007 de sa femme Nadine Saxer, \u00e0 Neftenbach (ZH). Sans conteste le couple de l\u2019ann\u00e9e! Pour le vigneron du mill\u00e9sime, il faudra repasser : les conditions exactes pour obtenir le titre sont tenues secr\u00e8tes, pour \u00e9viter les sp\u00e9culations qui nous avaient permis, dans ce journal, de d\u00e9signer Madeleine Gay, vigneronne de l\u2019ann\u00e9e pass\u00e9e\u2026<br \/>\n<b>Grisons, tr\u00e8s forts\u2026 en blanc !<\/b><br \/>\nArithm\u00e9tiquement parlant encore, les Valaisans, avec 23 finalistes et les Vaudois, avec 12, se taillent la part du lion, mais ils avaient fourni plus de la moiti\u00e9 des vins d\u00e9gust\u00e9s, soit 927 respectivement 497 \u00e9chantillons. Suivent les Genevois (6 vins), \u00e0 \u00e9galit\u00e9 avec les Grisons : on attendait ces derniers avec des pinots noirs, o\u00f9 ils placent deux des leurs (Thomas Marugg de Fl\u00e4sch et la Famille Liesch de Malans), mais ils sont quatre dans les autres c\u00e9pages blancs, avec deux sauvignons, un chardonnay et un pinot blanc\u2026 <br \/>\nL\u2019effet invers\u00e9 du r\u00e9chauffement climatique ou la d\u00e9monstration de la versatilit\u00e9 des jur\u00e9s ?<br \/>\n<i>Palmar\u00e8s d\u00e9taill\u00e9 sur <\/i><a href=\"http:\/\/www.grandprixduvinsuisse.ch\/index_fr.html\"><b>www.grandprixduvinsuisse.ch<\/b><\/a><br \/>\n&#160;<\/div>\n<h3>Eclairage<br \/>\nDeux vins surprises des Trois-Lacs<\/h3>\n<div style=\"text-align: justify;\">Des trois vins doux neuch\u00e2telois (avec le Gewurztraminer vendange tardive 2008 de la Ville de Neuch\u00e2tel et le Pr\u00e9lude 2007 d\u2019Alain Gerber \u00e0 Hauterive), le plus \u00e9tonnant est le Pinot gris passerill\u00e9 2007 de la Cave la Claveni\u00e8re, \u00e0 Fleurier. Un vin de glace du Val-de-Travers ? Non, le propri\u00e9taire de quelque mille m\u00e8tres carr\u00e9s de vigne \u00e0 Serri\u00e8re, l\u2019ing\u00e9nieur civil Pascal Stirneman, \u00e9l\u00e8ve ce vin, aux soigneusement grappes tri\u00e9es, puis s\u00e9ch\u00e9es sur claies et vinifi\u00e9es en barriques, dans son\u2026 garage \u00e0 Fleurier. \u00abOn en a juste les 600 demi-bouteilles requises par le concours, pour les copains\u00bb, rigole ce vigneron du dimanche, aid\u00e9 par l\u2019\u0153nologue Christophe Landry (Caves de La B\u00e9roche). Autre curiosit\u00e9 finaliste, \u00abLes Trois Filles\u00bb 2008 de Fredi Marolf, de Cerlier, dans le Jolimont (rive sud du lac de Bienne) : il s\u2019agit d\u2019un vin tir\u00e9 d\u2019une parcelle complant\u00e9e, selon la tradition du Schiller, des trois pinots, blanc, gris et noir, cultiv\u00e9s, r\u00e9colt\u00e9s, puis vinifi\u00e9s ensemble pour donner un ros\u00e9.<\/p>\n<p><i>Paru dans <\/i>H\u00f4tel Revue<i> du 3 septembre 2009.<\/i><br \/>\n&#160;<\/div>\n","protected":false},"excerpt":{"rendered":"<p>Grand Prix du Vin Suisse 2009 Kal\u00e9idoscope trompeur Le Grand Prix du Vin Suisse a attribu\u00e9 ses m\u00e9dailles et s\u00e9lectionn\u00e9 ses nomin\u00e9s. Le palmar\u00e8s sera coul\u00e9 dans le bronze \u00e0 Berne, le 23 octobre 2009. Mais d\u00e9j\u00e0 des surprises ! Pierre Thomas Ce concours national se d\u00e9roule en deux phases. La premi\u00e8re, la d\u00e9gustation, sans [&hellip;]<\/p>\n","protected":false},"author":3,"featured_media":0,"comment_status":"closed","ping_status":"open","sticky":false,"template":"","format":"standard","meta":{"_monsterinsights_skip_tracking":false,"_monsterinsights_sitenote_active":false,"_monsterinsights_sitenote_note":"","_monsterinsights_sitenote_category":0,"jetpack_post_was_ever_published":false,"jetpack_publicize_message":"","jetpack_is_tweetstorm":false,"jetpack_publicize_feature_enabled":true,"jetpack_social_post_already_shared":false,"jetpack_social_options":{"image_generator_settings":{"template":"highway","enabled":false}}},"categories":[3],"tags":[],"jetpack_publicize_connections":[],"yoast_head":"<!-- This site is optimized with the Yoast SEO plugin v20.6 - https:\/\/yoast.com\/wordpress\/plugins\/seo\/ -->\n<title>GPVS 09 \u2014 Kal\u00e9idoscope trompeur - thomasvino<\/title>\n<meta name=\"robots\" content=\"index, follow, max-snippet:-1, max-image-preview:large, max-video-preview:-1\" \/>\n<link rel=\"canonical\" href=\"https:\/\/thomasvino.ch\/?p=8941\" \/>\n<meta property=\"og:locale\" content=\"fr_FR\" \/>\n<meta property=\"og:type\" content=\"article\" \/>\n<meta property=\"og:title\" content=\"GPVS 09 \u2014 Kal\u00e9idoscope trompeur - thomasvino\" \/>\n<meta property=\"og:description\" content=\"Grand Prix du Vin Suisse 2009 Kal\u00e9idoscope trompeur Le Grand Prix du Vin Suisse a attribu\u00e9 ses m\u00e9dailles et s\u00e9lectionn\u00e9 ses nomin\u00e9s. Le palmar\u00e8s sera coul\u00e9 dans le bronze \u00e0 Berne, le 23 octobre 2009. Mais d\u00e9j\u00e0 des surprises ! Pierre Thomas Ce concours national se d\u00e9roule en deux phases. La premi\u00e8re, la d\u00e9gustation, sans [&hellip;]\" \/>\n<meta property=\"og:url\" content=\"https:\/\/thomasvino.ch\/?p=8941\" \/>\n<meta property=\"og:site_name\" content=\"thomasvino\" \/>\n<meta property=\"article:published_time\" content=\"2009-09-20T07:37:00+00:00\" \/>\n<meta name=\"author\" content=\"Pierre Thomas\" \/>\n<meta name=\"twitter:label1\" content=\"\u00c9crit par\" \/>\n\t<meta name=\"twitter:data1\" content=\"Pierre Thomas\" \/>\n\t<meta name=\"twitter:label2\" content=\"Dur\u00e9e de lecture estim\u00e9e\" \/>\n\t<meta name=\"twitter:data2\" content=\"4 minutes\" \/>\n<script type=\"application\/ld+json\" class=\"yoast-schema-graph\">{\"@context\":\"https:\/\/schema.org\",\"@graph\":[{\"@type\":\"WebPage\",\"@id\":\"https:\/\/thomasvino.ch\/?p=8941\",\"url\":\"https:\/\/thomasvino.ch\/?p=8941\",\"name\":\"GPVS 09 \u2014 Kal\u00e9idoscope trompeur - thomasvino\",\"isPartOf\":{\"@id\":\"https:\/\/thomasvino.ch\/#website\"},\"datePublished\":\"2009-09-20T07:37:00+00:00\",\"dateModified\":\"2009-09-20T07:37:00+00:00\",\"author\":{\"@id\":\"https:\/\/thomasvino.ch\/#\/schema\/person\/670bf4486fe81152cf1d68bd585e062e\"},\"breadcrumb\":{\"@id\":\"https:\/\/thomasvino.ch\/?p=8941#breadcrumb\"},\"inLanguage\":\"fr-FR\",\"potentialAction\":[{\"@type\":\"ReadAction\",\"target\":[\"https:\/\/thomasvino.ch\/?p=8941\"]}]},{\"@type\":\"BreadcrumbList\",\"@id\":\"https:\/\/thomasvino.ch\/?p=8941#breadcrumb\",\"itemListElement\":[{\"@type\":\"ListItem\",\"position\":1,\"name\":\"Accueil\",\"item\":\"https:\/\/thomasvino.ch\/\"},{\"@type\":\"ListItem\",\"position\":2,\"name\":\"GPVS 09 \u2014 Kal\u00e9idoscope trompeur\"}]},{\"@type\":\"WebSite\",\"@id\":\"https:\/\/thomasvino.ch\/#website\",\"url\":\"https:\/\/thomasvino.ch\/\",\"name\":\"thomasvino\",\"description\":\"Vins &amp; Gastronomie\",\"potentialAction\":[{\"@type\":\"SearchAction\",\"target\":{\"@type\":\"EntryPoint\",\"urlTemplate\":\"https:\/\/thomasvino.ch\/?s={search_term_string}\"},\"query-input\":\"required name=search_term_string\"}],\"inLanguage\":\"fr-FR\"},{\"@type\":\"Person\",\"@id\":\"https:\/\/thomasvino.ch\/#\/schema\/person\/670bf4486fe81152cf1d68bd585e062e\",\"name\":\"Pierre Thomas\",\"image\":{\"@type\":\"ImageObject\",\"inLanguage\":\"fr-FR\",\"@id\":\"https:\/\/thomasvino.ch\/#\/schema\/person\/image\/\",\"url\":\"https:\/\/secure.gravatar.com\/avatar\/91fd5a76647f140e53db987a0dead4d7?s=96&d=mm&r=g\",\"contentUrl\":\"https:\/\/secure.gravatar.com\/avatar\/91fd5a76647f140e53db987a0dead4d7?s=96&d=mm&r=g\",\"caption\":\"Pierre Thomas\"},\"url\":\"https:\/\/thomasvino.ch\/?author=3\"}]}<\/script>\n<!-- \/ Yoast SEO plugin. -->","yoast_head_json":{"title":"GPVS 09 \u2014 Kal\u00e9idoscope trompeur - thomasvino","robots":{"index":"index","follow":"follow","max-snippet":"max-snippet:-1","max-image-preview":"max-image-preview:large","max-video-preview":"max-video-preview:-1"},"canonical":"https:\/\/thomasvino.ch\/?p=8941","og_locale":"fr_FR","og_type":"article","og_title":"GPVS 09 \u2014 Kal\u00e9idoscope trompeur - thomasvino","og_description":"Grand Prix du Vin Suisse 2009 Kal\u00e9idoscope trompeur Le Grand Prix du Vin Suisse a attribu\u00e9 ses m\u00e9dailles et s\u00e9lectionn\u00e9 ses nomin\u00e9s. Le palmar\u00e8s sera coul\u00e9 dans le bronze \u00e0 Berne, le 23 octobre 2009. Mais d\u00e9j\u00e0 des surprises ! Pierre Thomas Ce concours national se d\u00e9roule en deux phases. La premi\u00e8re, la d\u00e9gustation, sans [&hellip;]","og_url":"https:\/\/thomasvino.ch\/?p=8941","og_site_name":"thomasvino","article_published_time":"2009-09-20T07:37:00+00:00","author":"Pierre Thomas","twitter_misc":{"\u00c9crit par":"Pierre Thomas","Dur\u00e9e de lecture estim\u00e9e":"4 minutes"},"schema":{"@context":"https:\/\/schema.org","@graph":[{"@type":"WebPage","@id":"https:\/\/thomasvino.ch\/?p=8941","url":"https:\/\/thomasvino.ch\/?p=8941","name":"GPVS 09 \u2014 Kal\u00e9idoscope trompeur - thomasvino","isPartOf":{"@id":"https:\/\/thomasvino.ch\/#website"},"datePublished":"2009-09-20T07:37:00+00:00","dateModified":"2009-09-20T07:37:00+00:00","author":{"@id":"https:\/\/thomasvino.ch\/#\/schema\/person\/670bf4486fe81152cf1d68bd585e062e"},"breadcrumb":{"@id":"https:\/\/thomasvino.ch\/?p=8941#breadcrumb"},"inLanguage":"fr-FR","potentialAction":[{"@type":"ReadAction","target":["https:\/\/thomasvino.ch\/?p=8941"]}]},{"@type":"BreadcrumbList","@id":"https:\/\/thomasvino.ch\/?p=8941#breadcrumb","itemListElement":[{"@type":"ListItem","position":1,"name":"Accueil","item":"https:\/\/thomasvino.ch\/"},{"@type":"ListItem","position":2,"name":"GPVS 09 \u2014 Kal\u00e9idoscope trompeur"}]},{"@type":"WebSite","@id":"https:\/\/thomasvino.ch\/#website","url":"https:\/\/thomasvino.ch\/","name":"thomasvino","description":"Vins &amp; Gastronomie","potentialAction":[{"@type":"SearchAction","target":{"@type":"EntryPoint","urlTemplate":"https:\/\/thomasvino.ch\/?s={search_term_string}"},"query-input":"required name=search_term_string"}],"inLanguage":"fr-FR"},{"@type":"Person","@id":"https:\/\/thomasvino.ch\/#\/schema\/person\/670bf4486fe81152cf1d68bd585e062e","name":"Pierre Thomas","image":{"@type":"ImageObject","inLanguage":"fr-FR","@id":"https:\/\/thomasvino.ch\/#\/schema\/person\/image\/","url":"https:\/\/secure.gravatar.com\/avatar\/91fd5a76647f140e53db987a0dead4d7?s=96&d=mm&r=g","contentUrl":"https:\/\/secure.gravatar.com\/avatar\/91fd5a76647f140e53db987a0dead4d7?s=96&d=mm&r=g","caption":"Pierre Thomas"},"url":"https:\/\/thomasvino.ch\/?author=3"}]}},"jetpack_featured_media_url":"","jetpack_sharing_enabled":true,"jetpack_shortlink":"https:\/\/wp.me\/p3m4tZ-2kd","jetpack_likes_enabled":false,"jetpack-related-posts":[{"id":9431,"url":"https:\/\/thomasvino.ch\/?p=9431","url_meta":{"origin":8941,"position":0},"title":"Toujours plus (et trop!) de concours en Suisse","date":"30 ao\u00fbt 2012","format":false,"excerpt":"Mondial du chasselas, des pinots, du merlot, Grand Prix du Vin suisse L\u2019\u00e9t\u00e9 de tous les concours Mondial du Chasselas, Expovina, Grand Prix du Vin Suisse, en attendant les r\u00e9sultats du Mondial des Pinots et du Merlot. Les concours se multiplient et les m\u00e9dailles pleuvent sur le vignoble suisse. Par\u2026","rel":"","context":"Dans &quot;Tendance&quot;","img":{"alt_text":"","src":"","width":0,"height":0},"classes":[]},{"id":12149,"url":"https:\/\/thomasvino.ch\/?p=12149","url_meta":{"origin":8941,"position":1},"title":"Grand Prix du Vin Suisse 2014:  ainsi va la com&rsquo;!","date":"5 ao\u00fbt 2014","format":false,"excerpt":"Ca commence par la lecture du magazine Coop\u00e9ration, du 5 ao\u00fbt 2014 \u2014 cette semaine donc. En page 46, sous le titre \u00abLa cave la plus m\u00e9daill\u00e9e de Suisse\u00bb,\u00a0une demi-page annonce que \u00abpour la seconde fois, Provins a \u00e9t\u00e9 \u00e9lue cave de l\u2019ann\u00e9e\u00bb. Et \u00e7a d\u00e9bute ainsi\u00a0: \u00abPlus de 600\u2026","rel":"","context":"Dans &quot;Actus - News&quot;","img":{"alt_text":"","src":"","width":0,"height":0},"classes":[]},{"id":10020,"url":"https:\/\/thomasvino.ch\/?p=10020","url_meta":{"origin":8941,"position":2},"title":"Grand Prix du Vin Suisse: le suspense continue","date":"10 octobre 2007","format":false,"excerpt":"Grand Prix du Vin Suisse 2007 Les Valaisans prennent les devantsVendredi 19 octobre, \u00e0 Berne, aura lieu la proclamation du deuxi\u00e8me Grand Prix du Vin Suisse. On y d\u00e9signera aussi le \u00abmeilleur vigneron de l\u2019ann\u00e9e\u00bb 2007. Les Valaisans, qui ont 36 vins sur les 66 nomin\u00e9s, ont d\u00e9j\u00e0 pris les\u2026","rel":"","context":"Dans &quot;Vins suisses&quot;","img":{"alt_text":"","src":"","width":0,"height":0},"classes":[]},{"id":8772,"url":"https:\/\/thomasvino.ch\/?p=8772","url_meta":{"origin":8941,"position":3},"title":"Grand Prix du Vin Suisse 2008 \u2014 Le palmar\u00e8s d\u00e9voil\u00e9","date":"21 ao\u00fbt 2008","format":false,"excerpt":"Grand Prix du Vin Suisse 2008Les champions en puissance sont connusIls ne seront officiellement adoub\u00e9s que le 7 novembre \u00e0 Zurich, mais les champions 2008 des vins suisses sont connus. Analyse d\u2019un palmar\u00e8s qui met en exergue 66 vins parmi les 1860 d\u00e9gust\u00e9s fin juin \u00e0 Sierre.Pierre ThomasLes concours de\u2026","rel":"","context":"Dans &quot;Vins suisses&quot;","img":{"alt_text":"","src":"","width":0,"height":0},"classes":[]},{"id":11571,"url":"https:\/\/thomasvino.ch\/?p=11571","url_meta":{"origin":8941,"position":4},"title":"Vins suisses, la valse des concours","date":"18 d\u00e9cembre 2013","format":false,"excerpt":"L\u2019ann\u00e9e 2013 s\u2019\u00e9teint tandis que les Etoiles d\u2019or du Valais brillent\u00a0au firmament! Retour sur une ann\u00e9e de concours de vins en tous genres en Suisse. Chronique parue le 18 d\u00e9cembre dans La Libert\u00e9: le m\u00eame jour, m\u00eame sujet \u00e0 la RTS La Premi\u00e8re, dans l'\u00e9mission On en parle. Par Pierre\u2026","rel":"","context":"Dans &quot;Vins suisses&quot;","img":{"alt_text":"","src":"https:\/\/i0.wp.com\/www.thomasvino.ch\/wp-content\/uploads\/2013\/12\/lib1_lp2013-300x200.jpg?resize=350%2C200","width":350,"height":200},"classes":[]},{"id":9237,"url":"https:\/\/thomasvino.ch\/?p=9237","url_meta":{"origin":8941,"position":5},"title":"La grande loterie du blanc vaudois","date":"20 septembre 2011","format":false,"excerpt":"Le Concours Jean-Louis a 70 ans Grande loterie de blanc vaudois Je suis all\u00e9 faire le Concours Jean-Louis, 70\u00e8me du nom, le lundi du Je\u00fbne F\u00e9d\u00e9ral, au Comptoir (suisse), \u00e0 Lausanne. Nous \u00e9tions plus de 400 participants individuels, ce jour-l\u00e0, et 5 seulement ont trouv\u00e9 la combinaison gagnante des 5\u2026","rel":"","context":"Dans &quot;Actus - News&quot;","img":{"alt_text":"","src":"","width":0,"height":0},"classes":[]}],"_links":{"self":[{"href":"https:\/\/thomasvino.ch\/index.php?rest_route=\/wp\/v2\/posts\/8941"}],"collection":[{"href":"https:\/\/thomasvino.ch\/index.php?rest_route=\/wp\/v2\/posts"}],"about":[{"href":"https:\/\/thomasvino.ch\/index.php?rest_route=\/wp\/v2\/types\/post"}],"author":[{"embeddable":true,"href":"https:\/\/thomasvino.ch\/index.php?rest_route=\/wp\/v2\/users\/3"}],"replies":[{"embeddable":true,"href":"https:\/\/thomasvino.ch\/index.php?rest_route=%2Fwp%2Fv2%2Fcomments&post=8941"}],"version-history":[{"count":0,"href":"https:\/\/thomasvino.ch\/index.php?rest_route=\/wp\/v2\/posts\/8941\/revisions"}],"wp:attachment":[{"href":"https:\/\/thomasvino.ch\/index.php?rest_route=%2Fwp%2Fv2%2Fmedia&parent=8941"}],"wp:term":[{"taxonomy":"category","embeddable":true,"href":"https:\/\/thomasvino.ch\/index.php?rest_route=%2Fwp%2Fv2%2Fcategories&post=8941"},{"taxonomy":"post_tag","embeddable":true,"href":"https:\/\/thomasvino.ch\/index.php?rest_route=%2Fwp%2Fv2%2Ftags&post=8941"}],"curies":[{"name":"wp","href":"https:\/\/api.w.org\/{rel}","templated":true}]}}