{"id":8953,"date":"2009-10-12T17:03:00","date_gmt":"2009-10-12T17:03:00","guid":{"rendered":"http:\/\/localhost\/thomasvino\/?p=8953"},"modified":"2009-10-12T17:03:00","modified_gmt":"2009-10-12T17:03:00","slug":"guide-gaultmillau-2010-entre-equilibre-et-generosite","status":"publish","type":"post","link":"https:\/\/thomasvino.ch\/?p=8953","title":{"rendered":"Guide GaultMillau 2010, entre \u00e9quilibre et g\u00e9n\u00e9rosit\u00e9"},"content":{"rendered":"<h2><b><i>Guide <\/i>GaultMillau<i> Suisse 2010<\/i><br \/>\n<\/b><\/h2>\n<h1><b>Caminada, deuxi\u00e8me service<br \/>\n<\/b><\/h1>\n<div style=\"text-align: justify;\"><b>Pr\u00e9sent\u00e9 \u00e0 B\u00e2le, chez Stucki, en l\u2019honneur de la \u00abcuisini\u00e8re de l\u2019ann\u00e9e\u00bb, Tanja Grandits, le Gault Millau (2010), publi\u00e9 par Ringier, a aussi son \u00e9dition romande, en parall\u00e8le du guide national en allemand. Le Grison Andreas Caminada, Schauenstein, \u00e0 F\u00fcrstenau est couronn\u00e9 une seconde fois apr\u00e8s\u2026 2008.<\/b><br \/>\n<i>Pierre Thomas<\/i><br \/>\n<i>GaultMillau<\/i> aime bien brouiller les pistes. Ses choix et ses promotions n\u2019\u00e9chappent pas \u00e0 de savants calculs, entre alternance linguistique et diplomatie. Ainsi, apr\u00e8s le Genevois Dominique Gautier, impossible de nommer un \u00abchef de l\u2019ann\u00e9e\u00bb romand. Il est donc Grison et loin d\u2019\u00eatre inconnu: Andreas Caminada l\u2019\u00e9tait d\u00e9j\u00e0 en\u2026 2008. Mais le voil\u00e0 propuls\u00e9 \u00e0 19\/20 \u2014 dixi\u00e8me chef \u00e0 ce niveau en Suisse \u2014, \u00e0 32 ans. Quant \u00e0 Tanja Grandits, son av\u00e8nement \u00e0 17 points comme \u00abcuisini\u00e8re de l\u2019ann\u00e9e\u00bb ne fera pas d\u2019ombre aux ma\u00eetres queux b\u00e2lois : ses concurrents, Peter Knorgl, au Cheval Blanc de l\u2019h\u00f4tel des Trois-Rois (nagu\u00e8re au Mirador au Mont-P\u00e8lerin) et Peter Moser, aux Quatre Saisons, \u00e0 l\u2019h\u00f4tel Mercure, avaient d\u00e9j\u00e0 tous deux 18\/20.<br \/>\n<b>Anne-Sophie Pic en \u00abstand by\u00bb<\/b><br \/>\nEn Suisse romande, on attendait le guide au contour, avec l\u2019arriv\u00e9e d\u2019Anne-Sophie Pic, au Beau-Rivage d\u2019Ouchy-Lausanne. Eh bien, malgr\u00e9 un long compliment \u00e0 sa cuisine (quoique \u00e0 des tarifs on\u00e9reux, remarque le guide), la table lausannoise reste sans note. Le responsable romand, le journaliste Knut Schwander, s\u2019en explique dans sa pr\u00e9face : il a eu de la peine \u00e0 trancher entre l\u2019ubiquit\u00e9 de la cheffe de Valence triplement \u00e9toil\u00e9e (par le concurrent, le <i>Michelin<\/i>) et la \u00abfranchise\u00bb accord\u00e9e \u00e0 un restaurant \u00abgriff\u00e9\u00bb.<br \/>\nMais le <i>GaultMillau<\/i> n\u2019a rien contre les restaurants d\u2019h\u00f4tel, au contraire. Ainsi, Pierrick Suter, dans le petit h\u00f4tel familial de la Gare, \u00e0 Lucens, est d\u00e9sign\u00e9 \u00abcuisinier romand de l\u2019ann\u00e9e\u00bb (avec un point de plus, \u00e0 16), apr\u00e8s \u00eatre entr\u00e9 dans les \u00abGrandes tables de Suisse\u00bb, r\u00e9cemment. La \u00abd\u00e9couverte romande de l\u2019ann\u00e9e\u00bb est Pierre Crepaud (15), au nouveau LeCrans H\u00f4tel &amp; Spa, \u00e0 Crans-Montana et le sommelier (suisse !) de l\u2019ann\u00e9e, le jeune Geoffrey Bentrari, qui officie chez Didier de Courten, \u00e0 l\u2019H\u00f4tel Terminus, \u00e0 Sierre. <br \/>\n<b>Des h\u00f4tels bien not\u00e9s<\/b><br \/>\nPas moins d&rsquo;une trentaine de nouvelles adresses romandes&#8230; Parmi les meilleures notes, le C21 \u00e0 Champ\u00e9ry (15), supervis\u00e9 par Denis Martin, Le Botza, \u00e0 V\u00e9troz et le Coq en p\u00e2te, qui a d\u00e9m\u00e9nag\u00e9 de V\u00e9troz \u00e0 Sion (tous deux 14), le MC\u2019S \u00e0 Lausanne (14), tenu par S\u00e9bastien Rittner, qui a quitt\u00e9 Caux, o\u00f9 il fut \u00abd\u00e9couverte de l\u2019ann\u00e9e 2008\u00bb. <br \/>\nPlusieurs restaurants d\u2019h\u00f4tel romands gagnent un point: Les Sources des Alpes, \u00e0 Lo\u00e8che-les-Bains (15), le Chalet d\u2019Adrien, Verbier (entr\u00e9e dans le guide \u00e0 14), le Mirador Kempinski au Mont-P\u00e8lerin (retour \u00e0 15 apr\u00e8s r\u00e9novation), le Grand H\u00f4tel du Lac (15) et Les Trois Couronnes (14) tous deux \u00e0 Vevey, le Grand H\u00f4tel des Bains \u00e0 Yverdon (12), l\u2019H\u00f4tel Beau-Rivage \u00e0 Neuch\u00e2tel (13) et trois restaurants d\u2019h\u00f4tels genevois, le Vertig\u2019O de l\u2019H\u00f4tel de la Paix (16), le Spice\u2019s du Pr\u00e9sident Wilson (14) et le Ts\u00e9 Fung de La R\u00e9serve (14), tandis que le Vieux-Manoir \u00e0 Meyriez pr\u00e8s de Morat va conna\u00eetre une profonde r\u00e9novation, mais a accueilli dans sa pinte annexe le chef, ex-bernois et fribourgeois, Scotty Harper (14). Et trois des promus jurassiens poss\u00e8dent aussi des chambres, Le Terminus \u00e0 Porrentruy (13), le Cavalier \u00e0 Soyhi\u00e8res (12) et le B\u0153uf \u00e0 Courgenay (12). <br \/>\n<b>Gagnants et perdants<\/b><br \/>\nParmi les gagnants, on observe le retour de Martial Braendle, \u00e0 Vouvry (VS) \u00e0 17, dans le registre \u00abc\u2019est dans les vieilles marmites qu\u2019on fait la meilleure soupe\u00bb, et, rayon rel\u00e8ve r\u00e9ussie, les 15 \u00e0 la Pinte des Mossettes, pr\u00e8s de Charmey (FR), o\u00f9 S\u00e9bastien Gueugneau et Benjamin Villard ont su relever le d\u00e9fi de la d\u00e9licate succession de Judith Baumann, subtile artiste des fourneaux (not\u00e9e alors \u00e0 16).<br \/>\nEt parmi les perdants (un point de moins), Le Cigalon \u00e0 Th\u00f4nex (GE), pass\u00e9 de 17 \u00e0 16, La Clef d\u2019Or, \u00e0 Bursinel, \u00e0 13, l\u2019Auberge communale de la Chaux pr\u00e8s Cossonay, \u00e0 12, Le Vallon, \u00e0 Conches (GE), \u00e0 13, l\u2019H\u00f4tel du Midi, \u00e0 Del\u00e9mont, \u00e0 14, l\u2019H\u00f4tel-de-Ville d\u2019Echallens, \u00e0 14, l\u2019Aigle Noir \u00e0 Fribourg, \u00e0 12, l\u2019H\u00f4tel Victoria \u00e0 Glion, \u00e0 13, le Ch\u00e2teau d\u2019Ouchy, \u00e0 Lausanne, \u00e0 12, comme La Croisette, au Locle. <br \/>\n<b>Une tourn\u00e9e vaudoise de 15<\/b><br \/>\nPar temps de crise et de baisse de fr\u00e9quentation, les notes paraissent en hausse, comme la s\u00e9rie de 15 entre Lausanne et Vevey: Le Montagne, \u00e0 Chardonne, le Restaurant de la Gare \u00e0 Cully, promu au m\u00eame niveau que Le Raisin, le Trianon du Mirador au Mont-P\u00e8lerin, l\u2019Auberge de la Veveyse \u00e0 Saint-L\u00e9gier, l\u2019Auberge de l\u2019Onde \u00e0 Saint-Saphorin, le Grand H\u00f4tel du Lac \u00e0 Vevey (promu), tandis que l\u2019Auberge de Lavaux, \u00e0 La Conversion rejoint, \u00e0 16, le Guillaume Tell, \u00e0 Aran-Villette, et que montent aussi \u00e0 15 le Caf\u00e9 du Jorat \u00e0 M\u00e9zi\u00e8res et la Table de Marie, \u00e0 Cheseaux-pr\u00e8s-Nor\u00e9az.<br \/>\n<i>\u00a9www.thomasvino.com<\/i><\/p>\n<p>&#160;<\/p><\/div>\n","protected":false},"excerpt":{"rendered":"<p>Guide GaultMillau Suisse 2010 Caminada, deuxi\u00e8me service Pr\u00e9sent\u00e9 \u00e0 B\u00e2le, chez Stucki, en l\u2019honneur de la \u00abcuisini\u00e8re de l\u2019ann\u00e9e\u00bb, Tanja Grandits, le Gault Millau (2010), publi\u00e9 par Ringier, a aussi son \u00e9dition romande, en parall\u00e8le du guide national en allemand. Le Grison Andreas Caminada, Schauenstein, \u00e0 F\u00fcrstenau est couronn\u00e9 une seconde fois apr\u00e8s\u2026 2008. Pierre [&hellip;]<\/p>\n","protected":false},"author":3,"featured_media":0,"comment_status":"closed","ping_status":"open","sticky":false,"template":"","format":"standard","meta":{"_monsterinsights_skip_tracking":false,"_monsterinsights_sitenote_active":false,"_monsterinsights_sitenote_note":"","_monsterinsights_sitenote_category":0,"jetpack_post_was_ever_published":false,"jetpack_publicize_message":"","jetpack_is_tweetstorm":false,"jetpack_publicize_feature_enabled":true,"jetpack_social_post_already_shared":false,"jetpack_social_options":{"image_generator_settings":{"template":"highway","enabled":false}}},"categories":[17],"tags":[],"jetpack_publicize_connections":[],"yoast_head":"<!-- This site is optimized with the Yoast SEO plugin v20.6 - https:\/\/yoast.com\/wordpress\/plugins\/seo\/ -->\n<title>Guide GaultMillau 2010, entre \u00e9quilibre et g\u00e9n\u00e9rosit\u00e9 - thomasvino<\/title>\n<meta name=\"robots\" content=\"index, follow, max-snippet:-1, max-image-preview:large, max-video-preview:-1\" \/>\n<link rel=\"canonical\" href=\"https:\/\/thomasvino.ch\/?p=8953\" \/>\n<meta property=\"og:locale\" content=\"fr_FR\" \/>\n<meta property=\"og:type\" content=\"article\" \/>\n<meta property=\"og:title\" content=\"Guide GaultMillau 2010, entre \u00e9quilibre et g\u00e9n\u00e9rosit\u00e9 - thomasvino\" \/>\n<meta property=\"og:description\" content=\"Guide GaultMillau Suisse 2010 Caminada, deuxi\u00e8me service Pr\u00e9sent\u00e9 \u00e0 B\u00e2le, chez Stucki, en l\u2019honneur de la \u00abcuisini\u00e8re de l\u2019ann\u00e9e\u00bb, Tanja Grandits, le Gault Millau (2010), publi\u00e9 par Ringier, a aussi son \u00e9dition romande, en parall\u00e8le du guide national en allemand. Le Grison Andreas Caminada, Schauenstein, \u00e0 F\u00fcrstenau est couronn\u00e9 une seconde fois apr\u00e8s\u2026 2008. Pierre [&hellip;]\" \/>\n<meta property=\"og:url\" content=\"https:\/\/thomasvino.ch\/?p=8953\" \/>\n<meta property=\"og:site_name\" content=\"thomasvino\" \/>\n<meta property=\"article:published_time\" content=\"2009-10-12T17:03:00+00:00\" \/>\n<meta name=\"author\" content=\"Pierre Thomas\" \/>\n<meta name=\"twitter:label1\" content=\"\u00c9crit par\" \/>\n\t<meta name=\"twitter:data1\" content=\"Pierre Thomas\" \/>\n\t<meta name=\"twitter:label2\" content=\"Dur\u00e9e de lecture estim\u00e9e\" \/>\n\t<meta name=\"twitter:data2\" content=\"4 minutes\" \/>\n<script type=\"application\/ld+json\" class=\"yoast-schema-graph\">{\"@context\":\"https:\/\/schema.org\",\"@graph\":[{\"@type\":\"WebPage\",\"@id\":\"https:\/\/thomasvino.ch\/?p=8953\",\"url\":\"https:\/\/thomasvino.ch\/?p=8953\",\"name\":\"Guide GaultMillau 2010, entre \u00e9quilibre et g\u00e9n\u00e9rosit\u00e9 - thomasvino\",\"isPartOf\":{\"@id\":\"https:\/\/thomasvino.ch\/#website\"},\"datePublished\":\"2009-10-12T17:03:00+00:00\",\"dateModified\":\"2009-10-12T17:03:00+00:00\",\"author\":{\"@id\":\"https:\/\/thomasvino.ch\/#\/schema\/person\/670bf4486fe81152cf1d68bd585e062e\"},\"breadcrumb\":{\"@id\":\"https:\/\/thomasvino.ch\/?p=8953#breadcrumb\"},\"inLanguage\":\"fr-FR\",\"potentialAction\":[{\"@type\":\"ReadAction\",\"target\":[\"https:\/\/thomasvino.ch\/?p=8953\"]}]},{\"@type\":\"BreadcrumbList\",\"@id\":\"https:\/\/thomasvino.ch\/?p=8953#breadcrumb\",\"itemListElement\":[{\"@type\":\"ListItem\",\"position\":1,\"name\":\"Accueil\",\"item\":\"https:\/\/thomasvino.ch\/\"},{\"@type\":\"ListItem\",\"position\":2,\"name\":\"Guide GaultMillau 2010, entre \u00e9quilibre et g\u00e9n\u00e9rosit\u00e9\"}]},{\"@type\":\"WebSite\",\"@id\":\"https:\/\/thomasvino.ch\/#website\",\"url\":\"https:\/\/thomasvino.ch\/\",\"name\":\"thomasvino\",\"description\":\"Vins &amp; Gastronomie\",\"potentialAction\":[{\"@type\":\"SearchAction\",\"target\":{\"@type\":\"EntryPoint\",\"urlTemplate\":\"https:\/\/thomasvino.ch\/?s={search_term_string}\"},\"query-input\":\"required name=search_term_string\"}],\"inLanguage\":\"fr-FR\"},{\"@type\":\"Person\",\"@id\":\"https:\/\/thomasvino.ch\/#\/schema\/person\/670bf4486fe81152cf1d68bd585e062e\",\"name\":\"Pierre Thomas\",\"image\":{\"@type\":\"ImageObject\",\"inLanguage\":\"fr-FR\",\"@id\":\"https:\/\/thomasvino.ch\/#\/schema\/person\/image\/\",\"url\":\"https:\/\/secure.gravatar.com\/avatar\/91fd5a76647f140e53db987a0dead4d7?s=96&d=mm&r=g\",\"contentUrl\":\"https:\/\/secure.gravatar.com\/avatar\/91fd5a76647f140e53db987a0dead4d7?s=96&d=mm&r=g\",\"caption\":\"Pierre Thomas\"},\"url\":\"https:\/\/thomasvino.ch\/?author=3\"}]}<\/script>\n<!-- \/ Yoast SEO plugin. -->","yoast_head_json":{"title":"Guide GaultMillau 2010, entre \u00e9quilibre et g\u00e9n\u00e9rosit\u00e9 - thomasvino","robots":{"index":"index","follow":"follow","max-snippet":"max-snippet:-1","max-image-preview":"max-image-preview:large","max-video-preview":"max-video-preview:-1"},"canonical":"https:\/\/thomasvino.ch\/?p=8953","og_locale":"fr_FR","og_type":"article","og_title":"Guide GaultMillau 2010, entre \u00e9quilibre et g\u00e9n\u00e9rosit\u00e9 - thomasvino","og_description":"Guide GaultMillau Suisse 2010 Caminada, deuxi\u00e8me service Pr\u00e9sent\u00e9 \u00e0 B\u00e2le, chez Stucki, en l\u2019honneur de la \u00abcuisini\u00e8re de l\u2019ann\u00e9e\u00bb, Tanja Grandits, le Gault Millau (2010), publi\u00e9 par Ringier, a aussi son \u00e9dition romande, en parall\u00e8le du guide national en allemand. Le Grison Andreas Caminada, Schauenstein, \u00e0 F\u00fcrstenau est couronn\u00e9 une seconde fois apr\u00e8s\u2026 2008. Pierre [&hellip;]","og_url":"https:\/\/thomasvino.ch\/?p=8953","og_site_name":"thomasvino","article_published_time":"2009-10-12T17:03:00+00:00","author":"Pierre Thomas","twitter_misc":{"\u00c9crit par":"Pierre Thomas","Dur\u00e9e de lecture estim\u00e9e":"4 minutes"},"schema":{"@context":"https:\/\/schema.org","@graph":[{"@type":"WebPage","@id":"https:\/\/thomasvino.ch\/?p=8953","url":"https:\/\/thomasvino.ch\/?p=8953","name":"Guide GaultMillau 2010, entre \u00e9quilibre et g\u00e9n\u00e9rosit\u00e9 - thomasvino","isPartOf":{"@id":"https:\/\/thomasvino.ch\/#website"},"datePublished":"2009-10-12T17:03:00+00:00","dateModified":"2009-10-12T17:03:00+00:00","author":{"@id":"https:\/\/thomasvino.ch\/#\/schema\/person\/670bf4486fe81152cf1d68bd585e062e"},"breadcrumb":{"@id":"https:\/\/thomasvino.ch\/?p=8953#breadcrumb"},"inLanguage":"fr-FR","potentialAction":[{"@type":"ReadAction","target":["https:\/\/thomasvino.ch\/?p=8953"]}]},{"@type":"BreadcrumbList","@id":"https:\/\/thomasvino.ch\/?p=8953#breadcrumb","itemListElement":[{"@type":"ListItem","position":1,"name":"Accueil","item":"https:\/\/thomasvino.ch\/"},{"@type":"ListItem","position":2,"name":"Guide GaultMillau 2010, entre \u00e9quilibre et g\u00e9n\u00e9rosit\u00e9"}]},{"@type":"WebSite","@id":"https:\/\/thomasvino.ch\/#website","url":"https:\/\/thomasvino.ch\/","name":"thomasvino","description":"Vins &amp; Gastronomie","potentialAction":[{"@type":"SearchAction","target":{"@type":"EntryPoint","urlTemplate":"https:\/\/thomasvino.ch\/?s={search_term_string}"},"query-input":"required name=search_term_string"}],"inLanguage":"fr-FR"},{"@type":"Person","@id":"https:\/\/thomasvino.ch\/#\/schema\/person\/670bf4486fe81152cf1d68bd585e062e","name":"Pierre Thomas","image":{"@type":"ImageObject","inLanguage":"fr-FR","@id":"https:\/\/thomasvino.ch\/#\/schema\/person\/image\/","url":"https:\/\/secure.gravatar.com\/avatar\/91fd5a76647f140e53db987a0dead4d7?s=96&d=mm&r=g","contentUrl":"https:\/\/secure.gravatar.com\/avatar\/91fd5a76647f140e53db987a0dead4d7?s=96&d=mm&r=g","caption":"Pierre Thomas"},"url":"https:\/\/thomasvino.ch\/?author=3"}]}},"jetpack_featured_media_url":"","jetpack_sharing_enabled":true,"jetpack_shortlink":"https:\/\/wp.me\/p3m4tZ-2kp","jetpack_likes_enabled":false,"jetpack-related-posts":[{"id":11215,"url":"https:\/\/thomasvino.ch\/?p=11215","url_meta":{"origin":8953,"position":0},"title":"Tanja Grandits  une grande parmi ses pairs","date":"2 octobre 2013","format":false,"excerpt":"Quand il vivait encore \u2014 soit jusqu\u2019en 1998, il y a quinze ans exactement \u2014, Hans Stucki avait fait du Bruderholz une des meilleures tables de Suisse, le pendant de l\u2019H\u00f4tel-de-Ville de Crissier de son ami Fr\u00e9dy Girardet. L\u2019endroit lui a surv\u00e9cu, et m\u00eame sous son nom, repris par un\u2026","rel":"","context":"Dans &quot;Tendance&quot;","img":{"alt_text":"","src":"","width":0,"height":0},"classes":[]},{"id":8969,"url":"https:\/\/thomasvino.ch\/?p=8969","url_meta":{"origin":8953,"position":1},"title":"Guide Michelin 2010: chass\u00e9-crois\u00e9 avec GaultMillau","date":"17 novembre 2009","format":false,"excerpt":"Guide Michelin 2010 apr\u00e8s le GaultMillau Chass\u00e9-crois\u00e9 au sommet Alors que le Guide GaultMillau (Suisse), \u00e9dit\u00e9 par Ringier, nommait Andreas Caminada chef de l\u2019ann\u00e9e 2010, pour la deuxi\u00e8me fois (!), pour le Guide Michelin, qui para\u00eet le 19 novembre, le jeune prodige grison attendra encore au purgatoire des deux \u00e9toiles.\u2026","rel":"","context":"Dans &quot;Gastro&quot;","img":{"alt_text":"","src":"","width":0,"height":0},"classes":[]},{"id":8684,"url":"https:\/\/thomasvino.ch\/?p=8684","url_meta":{"origin":8953,"position":2},"title":"Un Michelin 2008 bien chiche","date":"20 novembre 2007","format":false,"excerpt":"Michelin 2008: centenaire \u00e0 la retiretteMichelin f\u00eate son centenaire en Suisse\u2026 M\u00eame si une tr\u00e8s longue \u00e9clipse a marqu\u00e9 le fameux \u00abguide rouge\u00bb, revenu aux affaires il y a une dizaine d\u2019ann\u00e9es dans notre pays. Pas d\u2019\u00e9toiles jet\u00e9es \u00e0 la t\u00eate des chefs, cette ann\u00e9e.La gu\u00e9guerre qui oppose les guides\u2026","rel":"","context":"Dans &quot;Actus - News&quot;","img":{"alt_text":"","src":"","width":0,"height":0},"classes":[]},{"id":16097,"url":"https:\/\/thomasvino.ch\/?p=16097","url_meta":{"origin":8953,"position":3},"title":"Gault Millau 2020\u00a0: \u00abbis repetita\u00bb pour Tanja Grandits","date":"7 octobre 2019","format":false,"excerpt":"Dans le guide jaune 2020, la r\u00e9cidive a lieu au sommet\u00a0: \u00e7a n\u2019est pas une premi\u00e8re. Par le pass\u00e9 d\u00e9j\u00e0, des chef(fe)s ont \u00e9t\u00e9 couronn\u00e9s deux fois. C\u2019est le cas de la B\u00e2loise Tanja Grandits, d\u00e9j\u00e0 \u00abcuisinier de l\u2019ann\u00e9e\u00bb en 2014. Elle obtient 19\/20 et 5 toques\u2026 \u00a0 Les restaurants\u2026","rel":"","context":"Dans &quot;Gastro&quot;","img":{"alt_text":"","src":"https:\/\/i0.wp.com\/thomasvino.ch\/wp-content\/uploads\/2019\/10\/gm_tanja_grandits-300x200.jpg?resize=350%2C200&ssl=1","width":350,"height":200},"classes":[]},{"id":14729,"url":"https:\/\/thomasvino.ch\/?p=14729","url_meta":{"origin":8953,"position":4},"title":"La course \u00e0 la toque\u00a0: le doubl\u00e9 de Guy Savoy","date":"4 d\u00e9cembre 2017","format":false,"excerpt":"Le chef parisien (et un peu suisse, d\u2019Attalens\u2026), Guy Savoy emm\u00e8ne La Liste, cuv\u00e9e 2018, pour la deuxi\u00e8me fois cons\u00e9cutive, avec 99.75\/100. L\u2019H\u00f4tel-de-Ville de Crissier pointe au 5\u00e8me rang, \u00e0 99.25\/100. On se souvient que feu Beno\u00eet Violier avait \u00e9t\u00e9 le premier leader de cette liste de \u00abmille tables d'exception\u00bb,\u2026","rel":"","context":"Dans &quot;Gastro&quot;","img":{"alt_text":"","src":"","width":0,"height":0},"classes":[]},{"id":9496,"url":"https:\/\/thomasvino.ch\/?p=9496","url_meta":{"origin":8953,"position":5},"title":"Cent restos \u00e9toil\u00e9s dans le Michelin Suisse 2013","date":"20 novembre 2012","format":false,"excerpt":"Guide Michelin Suisse 2013 La course aux \u00e9toiles Pour la premi\u00e8re fois, les restaurants \u00e9toil\u00e9s du Guide Michelin sur l\u2019ensemble de la Suisse sont au nombre de 100, exactement, avec l\u2019\u00e9dition 2013. Au sommet, Beno\u00eet Violier, \u00e0 Crissier, conserve les trois \u00e9toiles de son pr\u00e9d\u00e9cesseur jusqu'en avril, Philippe Rochat, tandis\u2026","rel":"","context":"Dans &quot;Actus - News&quot;","img":{"alt_text":"","src":"","width":0,"height":0},"classes":[]}],"_links":{"self":[{"href":"https:\/\/thomasvino.ch\/index.php?rest_route=\/wp\/v2\/posts\/8953"}],"collection":[{"href":"https:\/\/thomasvino.ch\/index.php?rest_route=\/wp\/v2\/posts"}],"about":[{"href":"https:\/\/thomasvino.ch\/index.php?rest_route=\/wp\/v2\/types\/post"}],"author":[{"embeddable":true,"href":"https:\/\/thomasvino.ch\/index.php?rest_route=\/wp\/v2\/users\/3"}],"replies":[{"embeddable":true,"href":"https:\/\/thomasvino.ch\/index.php?rest_route=%2Fwp%2Fv2%2Fcomments&post=8953"}],"version-history":[{"count":0,"href":"https:\/\/thomasvino.ch\/index.php?rest_route=\/wp\/v2\/posts\/8953\/revisions"}],"wp:attachment":[{"href":"https:\/\/thomasvino.ch\/index.php?rest_route=%2Fwp%2Fv2%2Fmedia&parent=8953"}],"wp:term":[{"taxonomy":"category","embeddable":true,"href":"https:\/\/thomasvino.ch\/index.php?rest_route=%2Fwp%2Fv2%2Fcategories&post=8953"},{"taxonomy":"post_tag","embeddable":true,"href":"https:\/\/thomasvino.ch\/index.php?rest_route=%2Fwp%2Fv2%2Ftags&post=8953"}],"curies":[{"name":"wp","href":"https:\/\/api.w.org\/{rel}","templated":true}]}}