{"id":8989,"date":"2009-12-31T10:11:00","date_gmt":"2009-12-31T10:11:00","guid":{"rendered":"http:\/\/localhost\/thomasvino\/?p=8989"},"modified":"2009-12-31T10:11:00","modified_gmt":"2009-12-31T10:11:00","slug":"qualite-du-millesime-2009-confirmee","status":"publish","type":"post","link":"https:\/\/thomasvino.ch\/?p=8989","title":{"rendered":"Qualit\u00e9 du mill\u00e9sime 2009 confirm\u00e9e"},"content":{"rendered":"<h3>Vendanges 2009<\/h3>\n<h1 class=\"webTitle\">Un petit air divin<\/h1>\n<p style=\"text-align: justify;\"><b>L&rsquo;Office f\u00e9d\u00e9ral de l&rsquo;agriculture OFAG) fait m\u00eame de l&rsquo;humour (le \u00ab10-20\u00bb du titre, l&rsquo;avant dernier-jour de l&rsquo;ann\u00e9e 2009&#8230;) Voici son communiqu\u00e9.<\/b><\/p>\n<p>La r\u00e9colte 2009 restera probablement dans les annales. Tout laisse en effet augurer d&rsquo;un mill\u00e9sime exceptionnel. Dans les diff\u00e9rentes r\u00e9gions viticoles suisses, les professionnels s&rsquo;accordent pour louer la qualit\u00e9 du raisin vendang\u00e9. Au niveau du volume, le sourire est \u00e9galement de mise. En 2009, 1&rsquo;109&rsquo;917 hectolitres (hl) ont \u00e9t\u00e9 r\u00e9colt\u00e9s, soit 35&rsquo;449 hl de plus qu&rsquo;en 2008. La surface viticole suisse reste stable et s&rsquo;\u00e9l\u00e8ve \u00e0 14&rsquo;841 ha de vignes.<\/p>\n<p style=\"text-align: justify;\">A la fin d&rsquo;un long hiver, froid et enneig\u00e9, la v\u00e9g\u00e9tation s&rsquo;est r\u00e9veill\u00e9e d&rsquo;un coup au mois d&rsquo;avril lorsque le printemps est arriv\u00e9. Un temps sec et chaud s&rsquo;est alors install\u00e9 jusqu&rsquo;en juin, initiant un d\u00e9part en floraison rapide dans la plupart des vignobles suisses.<\/p>\n<p style=\"text-align: justify;\">Apr\u00e8s un mois de juillet plut\u00f4t humide, la p\u00e9riode de maturation s&rsquo;est d\u00e9roul\u00e9e dans des conditions optimales, car le temps sec a favoris\u00e9 l&rsquo;accumulation de sucre dans les baies. Les vignerons ont ensuite pu compter sur un temps cl\u00e9ment durant toutes les vendanges. Au vu des sondages et de l&rsquo;\u00e9tat sanitaire du raisin- jug\u00e9 excellent- la satisfaction \u00e9tait manifeste dans les vignobles. La seule ombre au tableau provient des \u00e9pisodes de gr\u00eale qui se sont abattus dans certaines r\u00e9gions. <\/p>\n<p>Le Valais a encav\u00e9 l&rsquo;\u00e9quivalent de 450&rsquo;000 hl; Vaud, 290&rsquo;000 hl; Gen\u00e8ve, 94&rsquo;000 hl; le Tessin 59&rsquo;000 hl; Neuch\u00e2tel, 36&rsquo;100 hl, soit un peu moins que Zurich, premier canton al\u00e9manique, avec 36&rsquo;800 hl, devant Schaffhouse, 31&rsquo;000 hl, les Grisons, 25&rsquo;400 hl. et Argovie, 23&rsquo;489 hl. Le Vully fribourgeois repr\u00e9sente 9&rsquo;000 hl, soit moins que Berne (rives des lac de Bienne et de Thoune), 17&rsquo;000 hl.<\/p>\n","protected":false},"excerpt":{"rendered":"<p>Vendanges 2009 Un petit air divin L&rsquo;Office f\u00e9d\u00e9ral de l&rsquo;agriculture OFAG) fait m\u00eame de l&rsquo;humour (le \u00ab10-20\u00bb du titre, l&rsquo;avant dernier-jour de l&rsquo;ann\u00e9e 2009&#8230;) Voici son communiqu\u00e9. La r\u00e9colte 2009 restera probablement dans les annales. Tout laisse en effet augurer d&rsquo;un mill\u00e9sime exceptionnel. Dans les diff\u00e9rentes r\u00e9gions viticoles suisses, les professionnels s&rsquo;accordent pour louer la [&hellip;]<\/p>\n","protected":false},"author":3,"featured_media":0,"comment_status":"closed","ping_status":"open","sticky":false,"template":"","format":"standard","meta":{"_monsterinsights_skip_tracking":false,"_monsterinsights_sitenote_active":false,"_monsterinsights_sitenote_note":"","_monsterinsights_sitenote_category":0,"jetpack_post_was_ever_published":false,"jetpack_publicize_message":"","jetpack_is_tweetstorm":false,"jetpack_publicize_feature_enabled":true,"jetpack_social_post_already_shared":false,"jetpack_social_options":{"image_generator_settings":{"template":"highway","enabled":false}}},"categories":[15],"tags":[],"jetpack_publicize_connections":[],"yoast_head":"<!-- This site is optimized with the Yoast SEO plugin v20.6 - https:\/\/yoast.com\/wordpress\/plugins\/seo\/ -->\n<title>Qualit\u00e9 du mill\u00e9sime 2009 confirm\u00e9e - thomasvino<\/title>\n<meta name=\"robots\" content=\"index, follow, max-snippet:-1, max-image-preview:large, max-video-preview:-1\" \/>\n<link rel=\"canonical\" href=\"https:\/\/thomasvino.ch\/?p=8989\" \/>\n<meta property=\"og:locale\" content=\"fr_FR\" \/>\n<meta property=\"og:type\" content=\"article\" \/>\n<meta property=\"og:title\" content=\"Qualit\u00e9 du mill\u00e9sime 2009 confirm\u00e9e - thomasvino\" \/>\n<meta property=\"og:description\" content=\"Vendanges 2009 Un petit air divin L&rsquo;Office f\u00e9d\u00e9ral de l&rsquo;agriculture OFAG) fait m\u00eame de l&rsquo;humour (le \u00ab10-20\u00bb du titre, l&rsquo;avant dernier-jour de l&rsquo;ann\u00e9e 2009&#8230;) Voici son communiqu\u00e9. La r\u00e9colte 2009 restera probablement dans les annales. Tout laisse en effet augurer d&rsquo;un mill\u00e9sime exceptionnel. Dans les diff\u00e9rentes r\u00e9gions viticoles suisses, les professionnels s&rsquo;accordent pour louer la [&hellip;]\" \/>\n<meta property=\"og:url\" content=\"https:\/\/thomasvino.ch\/?p=8989\" \/>\n<meta property=\"og:site_name\" content=\"thomasvino\" \/>\n<meta property=\"article:published_time\" content=\"2009-12-31T10:11:00+00:00\" \/>\n<meta name=\"author\" content=\"Pierre Thomas\" \/>\n<meta name=\"twitter:label1\" content=\"\u00c9crit par\" \/>\n\t<meta name=\"twitter:data1\" content=\"Pierre Thomas\" \/>\n\t<meta name=\"twitter:label2\" content=\"Dur\u00e9e de lecture estim\u00e9e\" \/>\n\t<meta name=\"twitter:data2\" content=\"2 minutes\" \/>\n<script type=\"application\/ld+json\" class=\"yoast-schema-graph\">{\"@context\":\"https:\/\/schema.org\",\"@graph\":[{\"@type\":\"WebPage\",\"@id\":\"https:\/\/thomasvino.ch\/?p=8989\",\"url\":\"https:\/\/thomasvino.ch\/?p=8989\",\"name\":\"Qualit\u00e9 du mill\u00e9sime 2009 confirm\u00e9e - thomasvino\",\"isPartOf\":{\"@id\":\"https:\/\/thomasvino.ch\/#website\"},\"datePublished\":\"2009-12-31T10:11:00+00:00\",\"dateModified\":\"2009-12-31T10:11:00+00:00\",\"author\":{\"@id\":\"https:\/\/thomasvino.ch\/#\/schema\/person\/670bf4486fe81152cf1d68bd585e062e\"},\"breadcrumb\":{\"@id\":\"https:\/\/thomasvino.ch\/?p=8989#breadcrumb\"},\"inLanguage\":\"fr-FR\",\"potentialAction\":[{\"@type\":\"ReadAction\",\"target\":[\"https:\/\/thomasvino.ch\/?p=8989\"]}]},{\"@type\":\"BreadcrumbList\",\"@id\":\"https:\/\/thomasvino.ch\/?p=8989#breadcrumb\",\"itemListElement\":[{\"@type\":\"ListItem\",\"position\":1,\"name\":\"Accueil\",\"item\":\"https:\/\/thomasvino.ch\/\"},{\"@type\":\"ListItem\",\"position\":2,\"name\":\"Qualit\u00e9 du mill\u00e9sime 2009 confirm\u00e9e\"}]},{\"@type\":\"WebSite\",\"@id\":\"https:\/\/thomasvino.ch\/#website\",\"url\":\"https:\/\/thomasvino.ch\/\",\"name\":\"thomasvino\",\"description\":\"Vins &amp; Gastronomie\",\"potentialAction\":[{\"@type\":\"SearchAction\",\"target\":{\"@type\":\"EntryPoint\",\"urlTemplate\":\"https:\/\/thomasvino.ch\/?s={search_term_string}\"},\"query-input\":\"required name=search_term_string\"}],\"inLanguage\":\"fr-FR\"},{\"@type\":\"Person\",\"@id\":\"https:\/\/thomasvino.ch\/#\/schema\/person\/670bf4486fe81152cf1d68bd585e062e\",\"name\":\"Pierre Thomas\",\"image\":{\"@type\":\"ImageObject\",\"inLanguage\":\"fr-FR\",\"@id\":\"https:\/\/thomasvino.ch\/#\/schema\/person\/image\/\",\"url\":\"https:\/\/secure.gravatar.com\/avatar\/91fd5a76647f140e53db987a0dead4d7?s=96&d=mm&r=g\",\"contentUrl\":\"https:\/\/secure.gravatar.com\/avatar\/91fd5a76647f140e53db987a0dead4d7?s=96&d=mm&r=g\",\"caption\":\"Pierre Thomas\"},\"url\":\"https:\/\/thomasvino.ch\/?author=3\"}]}<\/script>\n<!-- \/ Yoast SEO plugin. -->","yoast_head_json":{"title":"Qualit\u00e9 du mill\u00e9sime 2009 confirm\u00e9e - thomasvino","robots":{"index":"index","follow":"follow","max-snippet":"max-snippet:-1","max-image-preview":"max-image-preview:large","max-video-preview":"max-video-preview:-1"},"canonical":"https:\/\/thomasvino.ch\/?p=8989","og_locale":"fr_FR","og_type":"article","og_title":"Qualit\u00e9 du mill\u00e9sime 2009 confirm\u00e9e - thomasvino","og_description":"Vendanges 2009 Un petit air divin L&rsquo;Office f\u00e9d\u00e9ral de l&rsquo;agriculture OFAG) fait m\u00eame de l&rsquo;humour (le \u00ab10-20\u00bb du titre, l&rsquo;avant dernier-jour de l&rsquo;ann\u00e9e 2009&#8230;) Voici son communiqu\u00e9. La r\u00e9colte 2009 restera probablement dans les annales. Tout laisse en effet augurer d&rsquo;un mill\u00e9sime exceptionnel. Dans les diff\u00e9rentes r\u00e9gions viticoles suisses, les professionnels s&rsquo;accordent pour louer la [&hellip;]","og_url":"https:\/\/thomasvino.ch\/?p=8989","og_site_name":"thomasvino","article_published_time":"2009-12-31T10:11:00+00:00","author":"Pierre Thomas","twitter_misc":{"\u00c9crit par":"Pierre Thomas","Dur\u00e9e de lecture estim\u00e9e":"2 minutes"},"schema":{"@context":"https:\/\/schema.org","@graph":[{"@type":"WebPage","@id":"https:\/\/thomasvino.ch\/?p=8989","url":"https:\/\/thomasvino.ch\/?p=8989","name":"Qualit\u00e9 du mill\u00e9sime 2009 confirm\u00e9e - thomasvino","isPartOf":{"@id":"https:\/\/thomasvino.ch\/#website"},"datePublished":"2009-12-31T10:11:00+00:00","dateModified":"2009-12-31T10:11:00+00:00","author":{"@id":"https:\/\/thomasvino.ch\/#\/schema\/person\/670bf4486fe81152cf1d68bd585e062e"},"breadcrumb":{"@id":"https:\/\/thomasvino.ch\/?p=8989#breadcrumb"},"inLanguage":"fr-FR","potentialAction":[{"@type":"ReadAction","target":["https:\/\/thomasvino.ch\/?p=8989"]}]},{"@type":"BreadcrumbList","@id":"https:\/\/thomasvino.ch\/?p=8989#breadcrumb","itemListElement":[{"@type":"ListItem","position":1,"name":"Accueil","item":"https:\/\/thomasvino.ch\/"},{"@type":"ListItem","position":2,"name":"Qualit\u00e9 du mill\u00e9sime 2009 confirm\u00e9e"}]},{"@type":"WebSite","@id":"https:\/\/thomasvino.ch\/#website","url":"https:\/\/thomasvino.ch\/","name":"thomasvino","description":"Vins &amp; Gastronomie","potentialAction":[{"@type":"SearchAction","target":{"@type":"EntryPoint","urlTemplate":"https:\/\/thomasvino.ch\/?s={search_term_string}"},"query-input":"required name=search_term_string"}],"inLanguage":"fr-FR"},{"@type":"Person","@id":"https:\/\/thomasvino.ch\/#\/schema\/person\/670bf4486fe81152cf1d68bd585e062e","name":"Pierre Thomas","image":{"@type":"ImageObject","inLanguage":"fr-FR","@id":"https:\/\/thomasvino.ch\/#\/schema\/person\/image\/","url":"https:\/\/secure.gravatar.com\/avatar\/91fd5a76647f140e53db987a0dead4d7?s=96&d=mm&r=g","contentUrl":"https:\/\/secure.gravatar.com\/avatar\/91fd5a76647f140e53db987a0dead4d7?s=96&d=mm&r=g","caption":"Pierre Thomas"},"url":"https:\/\/thomasvino.ch\/?author=3"}]}},"jetpack_featured_media_url":"","jetpack_sharing_enabled":true,"jetpack_shortlink":"https:\/\/wp.me\/p3m4tZ-2kZ","jetpack_likes_enabled":false,"jetpack-related-posts":[{"id":8951,"url":"https:\/\/thomasvino.ch\/?p=8951","url_meta":{"origin":8989,"position":0},"title":"2009 d&rsquo;anthologie \u00e0 Bordeaux et en Champagne","date":"9 octobre 2009","format":false,"excerpt":"Bordeaux et Champagne Un 2009 d\u2019anthologie Il faudrait remonter \u00e0 1949, \u00e0 Bordeaux, pour retrouver un mois de septembre aussi somptueux que le 2009. Ce matin (9 octobre), plusieurs sites Internet relaient une d\u00e9p\u00eache AFP qui vante les m\u00e9rites du dernier mill\u00e9sime rentr\u00e9 dans les chais. Le professeur d\u2019\u0153nologie Denis\u2026","rel":"","context":"Dans &quot;Actus - News&quot;","img":{"alt_text":"","src":"","width":0,"height":0},"classes":[]},{"id":14774,"url":"https:\/\/thomasvino.ch\/?p=14774","url_meta":{"origin":8989,"position":1},"title":"Bonne bouche \u2014 Un merlot (du Tessin) signature","date":"10 d\u00e9cembre 2017","format":false,"excerpt":"Apr\u00e8s un 2014 marqu\u00e9 par la mouche suzukii, qui s\u2019est abattue sur le merlot tessinois comme la petite v\u00e9role sur le bas clerg\u00e9, 2015 marque un grand mill\u00e9sime au Tessin. Seul regret, la production fut basse et les Riserva qui arrivent sur le march\u00e9 vont s\u2019arracher. Ces grands merlots, \u00e0\u2026","rel":"","context":"Dans &quot;Bonne bouche \u2014 encore!&quot;","img":{"alt_text":"","src":"","width":0,"height":0},"classes":[]},{"id":17348,"url":"https:\/\/thomasvino.ch\/?p=17348","url_meta":{"origin":8989,"position":2},"title":"Bordeaux 2020 et les prix des primeurs","date":"12 juin 2021","format":false,"excerpt":"Les oracles multiples et vari\u00e9s ont, pour la plupart \u00e0 domicile, d\u00e9gust\u00e9 les \u00e9chantillons des producteurs de Bordeaux, avant la fin de l\u2019\u00e9levage des vins rouges. Ces notes donn\u00e9es aux vins \u00abpas finis\u00bb sont r\u00e9put\u00e9es lancer la campagne des achats en primeurs. Sur les sites Internet, les commer\u00e7ants choisissent les\u2026","rel":"","context":"Dans &quot;Non class\u00e9&quot;","img":{"alt_text":"","src":"","width":0,"height":0},"classes":[]},{"id":13184,"url":"https:\/\/thomasvino.ch\/?p=13184","url_meta":{"origin":8989,"position":3},"title":"Mill\u00e9sime 2015 \u00e0 Bordeaux  Excellent en qualit\u00e9 et en quantit\u00e9 !","date":"17 novembre 2015","format":false,"excerpt":"Les mill\u00e9simes heureux n\u2019ont-ils pas d\u2019histoire \u00e0 raconter\u00a0? D\u00e9trompez-vous\u00a0! 2015 va prendre rang dans les fameux multiples de 5, tous r\u00e9cents : 1985, 1990, 1995, 2000, 2005, 2010 et 2015. Sept ann\u00e9es qui suffiraient au bonheur des amateurs de vins de Bordeaux. \u00ab2015 peut \u00eatre qualifi\u00e9 de grand mill\u00e9sime, car\u2026","rel":"","context":"Dans &quot;Actus - News&quot;","img":{"alt_text":"","src":"","width":0,"height":0},"classes":[]},{"id":9254,"url":"https:\/\/thomasvino.ch\/?p=9254","url_meta":{"origin":8989,"position":4},"title":"Tessin \u2014 Le merlot craint le chaud","date":"12 octobre 2011","format":false,"excerpt":"Terre du merlot Le Tessin craint le chaud Le Tessin conna\u00eet un beau succ\u00e8s avec son merlot, plant\u00e9 depuis plus d\u2019un si\u00e8cle. Mais la Roche tarp\u00e9ienne n\u2019est jamais tr\u00e8s loin du Capitole. Et s\u2019il faisait trop chaud pour le merlot, au Sud des Alpes\u00a0? Pierre Thomas, de retour de Lugano\u2026","rel":"","context":"Dans &quot;Vins suisses&quot;","img":{"alt_text":"","src":"","width":0,"height":0},"classes":[]},{"id":9035,"url":"https:\/\/thomasvino.ch\/?p=9035","url_meta":{"origin":8989,"position":5},"title":"Vaud \u2014 Le mill\u00e9sime 2009 vu par les \u0153nologues","date":"23 juin 2010","format":false,"excerpt":"Vins vaudois 2009 vu par les \u0153nologues On le savait depuis la fin des vendanges\u00a0: 2009 sera un mill\u00e9sime d\u2019anthologie. Mais, alors que les premiers vins sortent de cave, comment ces qualit\u00e9s s\u2019exprimeront-elles\u00a0? L\u2019avis de quelques \u0153nologues vaudois. Par Pierre Thomas \u00abLes grands mill\u00e9simes climatiques sont difficiles \u00e0 vinifier\u00bb, constate\u2026","rel":"","context":"Dans &quot;Vins suisses&quot;","img":{"alt_text":"","src":"","width":0,"height":0},"classes":[]}],"_links":{"self":[{"href":"https:\/\/thomasvino.ch\/index.php?rest_route=\/wp\/v2\/posts\/8989"}],"collection":[{"href":"https:\/\/thomasvino.ch\/index.php?rest_route=\/wp\/v2\/posts"}],"about":[{"href":"https:\/\/thomasvino.ch\/index.php?rest_route=\/wp\/v2\/types\/post"}],"author":[{"embeddable":true,"href":"https:\/\/thomasvino.ch\/index.php?rest_route=\/wp\/v2\/users\/3"}],"replies":[{"embeddable":true,"href":"https:\/\/thomasvino.ch\/index.php?rest_route=%2Fwp%2Fv2%2Fcomments&post=8989"}],"version-history":[{"count":0,"href":"https:\/\/thomasvino.ch\/index.php?rest_route=\/wp\/v2\/posts\/8989\/revisions"}],"wp:attachment":[{"href":"https:\/\/thomasvino.ch\/index.php?rest_route=%2Fwp%2Fv2%2Fmedia&parent=8989"}],"wp:term":[{"taxonomy":"category","embeddable":true,"href":"https:\/\/thomasvino.ch\/index.php?rest_route=%2Fwp%2Fv2%2Fcategories&post=8989"},{"taxonomy":"post_tag","embeddable":true,"href":"https:\/\/thomasvino.ch\/index.php?rest_route=%2Fwp%2Fv2%2Ftags&post=8989"}],"curies":[{"name":"wp","href":"https:\/\/api.w.org\/{rel}","templated":true}]}}