{"id":8992,"date":"2010-01-28T14:23:00","date_gmt":"2010-01-28T14:23:00","guid":{"rendered":"http:\/\/localhost\/thomasvino\/?p=8992"},"modified":"2010-01-28T14:23:00","modified_gmt":"2010-01-28T14:23:00","slug":"interprofession-des-vins-suisses-pas-prete","status":"publish","type":"post","link":"https:\/\/thomasvino.ch\/?p=8992","title":{"rendered":"Interprofession des vins suisses: pas pr\u00eate!"},"content":{"rendered":"<h2><b><i>Interprofession de la vigne et des vins suisses<\/i><br \/>\n<\/b><\/h2>\n<h1><b>C\u2019est reparti pour un tour<br \/>\n\u2026 de table<br \/>\n<\/b><\/h1>\n<div style=\"text-align: justify;\"><b>L\u2019Interprofession de la vigne et des vins suisses (IVS) devait \u00eatre fond\u00e9e \u00e0 Berne le 14 d\u00e9cembre dernier. La s\u00e9ance a \u00e9t\u00e9 report\u00e9e et le dernier projet esquiss\u00e9, suspendu. Les partenaires vont rediscuter. La premi\u00e8re s\u00e9ance du groupe de travail aura lieu \u00e0 mi-f\u00e9vrier, pr\u00e9sid\u00e9e par le Vaudois Thierry Walz.<\/b><br \/>\n<i>Par Pierre Thomas<\/i><br \/>\nA \u00e9couter la F\u00e9d\u00e9ration suisse des vignerons et son nouveau pr\u00e9sident, le conseiller national Laurent Favre (<i>interview&#160; ci-dessous<\/i>), et la pr\u00e9sidente de l\u2019Association suisse des vignerons-encaveurs, la Genevoise Claude Bocquet Thonney, l\u2019affaire paraissait en bonne voie. Pourtant, quelques jours avant la s\u00e9ance constitutive, fin novembre 2009, les d\u00e9l\u00e9gu\u00e9s de l\u2019Interprofession de la vigne et du vin du Valais (IVV), en assembl\u00e9e extraordinaire, se sont prononc\u00e9s \u00e0 l\u2019unanimit\u00e9 contre le projet propos\u00e9. Et la Soci\u00e9t\u00e9 des encaveurs suisses, pr\u00e9sid\u00e9e depuis septembre par le S\u00e9dunois Philippe Varone \u2014 ancien pr\u00e9sident de l\u2019Interprofession suisse du vin, de 2004 \u00e0 2006 \u2014 a demand\u00e9 le renvoi de la s\u00e9ance constitutive.<br \/>\n<b>La voie ouverte \u00e0 des blocages<\/b><br \/>\nIl n\u2019en a pas fallu davantage pour que, dans le reste de la Suisse romande, le bruit se r\u00e9pande que \u00ables Valaisans font de l\u2019obstruction\u00bb. Cette mani\u00e8re de pr\u00e9senter les choses irrite le pr\u00e9sident de l\u2019IVV, Eric Germanier. Pour lui, c\u2019est davantage la forme que le fond qui \u00e9tait contest\u00e9&#160;: \u00abOn doit avoir une interprofession nationale pour le lobbying. On ne peut pas \u00eatre fondamentalement contre. Mais encore faut-il que cet organisme fonctionne et ne conduise pas au blocage syst\u00e9matique. Avec les doubles casquettes des interprofessions r\u00e9gionales, d\u2019une part, et des associations nationales, d\u2019autre part, le risque \u00e9tait grand que les points de vue s\u2019opposent et s\u2019annulent. Comment auraient d\u00fb voter les d\u00e9l\u00e9gu\u00e9s \u00e0 la fois impliqu\u00e9s dans une interprofession r\u00e9gionale et dans une association nationale, si l\u2019une et l\u2019autre avaient un point divergent sur une question?\u00bb<br \/>\n<b>Une interprofession sans le Valais?<\/b><br \/>\nD\u2019aucuns, en Suisse romande, ont alors imagin\u00e9 mettre sur pied une interprofession nationale, mais sans le Valais, qui p\u00e8se 35% des vins suisses. \u00abPersonne n\u2019a int\u00e9r\u00eat \u00e0 ne pas avoir tous les cantons ensemble\u00bb, affirme Eric Germanier. \u00abNous ne sommes pas tr\u00e8s nombreux \u00e0 pouvoir si\u00e9ger dans de telles instances et \u00e0 y consacrer du temps\u00bb, pr\u00e9cise le pr\u00e9sident de l\u2019IVV, qui est aussi pr\u00e9sident de la F\u00e9d\u00e9ration valaisanne des vignerons. Cette derni\u00e8re n\u2019a toujours pas rejoint la F\u00e9d\u00e9ration suisse (FSV). Les Valaisans reprochent \u00e0 l\u2019association fa\u00eeti\u00e8re d\u2019avoir d\u00e9fendu des points de vue contraires aux int\u00e9r\u00eats du plus important canton viticole suisse dans les discussions sur de la politique agricole (PA 2011). \u00abCette rupture, qui remonte \u00e0 pr\u00e8s de trois ans, a laiss\u00e9 des traces. Mais \u00e0 terme, on a int\u00e9r\u00eat \u00e0 \u00eatre pr\u00e9sents au niveau national\u00bb, affirme Eric Germanier. Des tractations auront lieu pour y parvenir.<br \/>\n<b>Autour d\u2019un projet de promotion nationale<\/b><br \/>\nLe dossier de l\u2019IVVS n\u2019est pas enterr\u00e9 non plus. Un groupe de travail form\u00e9 de d\u00e9l\u00e9gu\u00e9s des six r\u00e9gions, des cinq associations nationales (F\u00e9d\u00e9ration suisse des vignerons, vignerons-encaveurs, Association nationale des coop\u00e9ratives, Soci\u00e9t\u00e9 des encaveurs suisses, Association du Commerce des vins) et de Swiss Wine Promotion, va plancher sur un nouveau projet plus simple. Pour Ernest D\u00e4llenbach, secr\u00e9taire \u00e0 la fois des encaveurs et des commer\u00e7ants, \u00abil faut limiter les comp\u00e9tences de l\u2019IVVS \u00e0 celles fix\u00e9es par la loi f\u00e9d\u00e9rale sur l\u2019agriculture, soit la promotion du produit et l\u2019observation du march\u00e9.\u00bb Au niveau europ\u00e9en, les interprofessions ont des r\u00f4les plus importants dans la r\u00e9gulation du march\u00e9. En Suisse, le syst\u00e8me f\u00e9d\u00e9raliste donne des comp\u00e9tences aux cantons, notamment pour g\u00e9rer les AOC (appellations d\u2019origine contr\u00f4l\u00e9e). \u00abDans le vin, \u00e7a n\u2019est pas comme dans le lait ou la pomme de terre&#160;: 80% des comp\u00e9tences sont cantonales\u00bb, rappelle Ernest D\u00e4llenbach.<br \/>\n<b>Une question de gros sous<\/b><br \/>\nPour le Valaisan Eric Germanier, il faut d\u2019abord parler d\u2019un projet concret avant de monter une structure. Ce projet devrait \u00eatre celui de la promotion des vins suisses au niveau national. Et pour Ernest D\u00e4llenbach, il devrait comporter un volet d\u2019autofinancement&#160;: \u00abSi nous percevons 1 centime par m2 de vignes et 1 centime par kilo de raisin encav\u00e9, nous pouvons d\u00e9gager 2,5 millions de francs de fonds propres.\u00bb Car, se fondant sur l\u2019Ordonnance sur l\u2019aide \u00e0 la promotion des ventes de produits agricoles, l\u2019Office f\u00e9d\u00e9ral de l\u2019agriculture (OFAG) exige 50% d\u2019autofinancement pour les mesures nationales et 75% pour les mesures r\u00e9gionales. Ainsi, en 2010, l\u2019OFAG apportera 1,446 millions de francs sur un budget total de 3,265 millions. L\u2019office f\u00e9d\u00e9ral analyse, tous les quatre ans au moins, le portefeuille de chaque produit \u00e0 promouvoir. Pour le vin, la derni\u00e8re analyse remonte \u00e0 avril 2009 et porte sur le financement 2010 \u00e0 2013. Mais l\u2019OFAG, pr\u00e9cise \u00e0 Berne Alessandra Silauri, a annonc\u00e9 \u00abqu\u2019il envisage d\u2019augmenter par \u00e9tapes le financement pour la promotion des vins suisses jusqu\u2019\u00e0 3 ou 4 millions de francs par an\u00bb, pour autant qu\u2019aucune mesure d\u2019\u00e9conomies budg\u00e9taires ne soient adopt\u00e9es par le Gouvernement ou le Parlement. <br \/>\n\u00abIl faut aller chercher ces 3 millions restants!\u00bb, lance Ernest D\u00e4llenbach. Les projets pr\u00e9sent\u00e9s doivent obtenir l\u2019aval de l\u2019OFAG&#160;: celui-ci ne soutiendra plus les projets de promotion dans la grande distribution, comme Swiss Wine Promotion, association constitu\u00e9e par les offices r\u00e9gionaux de promotion, les a pr\u00e9sent\u00e9s en 2008 (financ\u00e9s en partie par la Conf\u00e9d\u00e9ration) et 2009 (encore en suspens). La preuve que toute la fili\u00e8re doit offrir un front uni et s\u2019entendre sur un projet commun pour obtenir gain de cause.<br \/>\n&#160;<\/div>\n<h2><i>Interview de Laurent Favre, pr\u00e9sident de la FSV<\/i><br \/>\n\u00abUne interprofession suisse est n\u00e9cessaire\u00bb<\/h2>\n<div style=\"text-align: justify;\"><b><i>Laurent Favre, 38 ans, de Fleurier, est le nouveau pr\u00e9sident de la F\u00e9d\u00e9ration suisse des vignerons (FSV), depuis le printemps 2009. Il est directeur de la Chambre neuch\u00e2teloise de l\u2019agriculture et de la viticulture \u00e0 Cernier et pr\u00e9side l\u2019Interprofession viti-vinicole&#160; neuch\u00e2teloise. Il est conseiller national lib\u00e9ral-radical depuis l\u2019hiver 2007, o\u00f9 il avait succ\u00e9d\u00e9 au futur conseiller f\u00e9d\u00e9ral Didier Burkhalter, \u00e9lu alors au Conseil des Etats.<\/p>\n<p><\/i><\/b><\/div>\n<div style=\"text-align: justify;\"><b>Etes-vous d\u00e9\u00e7u de ne pas avoir r\u00e9ussi \u00e0 mettre sur pied \u00e0 fin 2009 une Interprofession de la vigne et des vins suisses&#160;?<\/b><br \/>\nC\u2019est une petite d\u00e9ception. Nous avons travaill\u00e9 sur ce projet durant six mois, depuis mai 2009. Nous \u00e9tions parvenus \u00e0 proposer une structure \u00e9quilibr\u00e9e et all\u00e9g\u00e9e par rapport au projet de d\u00e9part.<br \/>\n<b>Une interprofession nationale avec les seules interprofessions r\u00e9gionales est-elle envisageable&#160;?<\/b><br \/>\nDu point de vue l\u00e9gal, les \u00abdeux familles\u00bb (production et commercialisation) doivent avoir voix au chapitre. Et dans les faits, ce sont ces associations, l\u2019Association suisse du commerce des vins (ASCV) et la F\u00e9d\u00e9ration suisse des vignerons (FSV), et leur secr\u00e9tariat, qui pr\u00e9parent les dossiers et font le travail.<br \/>\n<b>Mais avant de parler structure, ne faut-il pas parler du r\u00f4le \u00e0 jouer&#160;?<\/b><br \/>\nC\u2019est le sens de la demande de l\u2019Interprofession du Valais&#160;: discuter de la promotion, de son financement et du r\u00f4le de Swiss Wine Promotion. Ces m\u00eames questions ont fond\u00e9 la relance de l\u2019Interprofession suisse, il y a un an\u2026 Si les Valaisans veulent des garanties d\u2019efficacit\u00e9, nous ferons l\u2019effort de les leur donner. Mais il ne faut pas se perdre en de&#160; nombreuses s\u00e9ances de groupe de travail. Au printemps, on doit se retrouver ensemble.<br \/>\n<b>Ces garanties donn\u00e9es, la structure propos\u00e9e est-elle la bonne&#160;?<\/b><br \/>\nOui, la structure est bonne. Avec 24 d\u00e9l\u00e9gu\u00e9s aux interprofessions r\u00e9gionales, en fonction du nombre d\u2019hectares, et 6 d\u00e9l\u00e9gu\u00e9s pour les associations nationales, les deux familles sont repr\u00e9sent\u00e9es. Pour \u00e9viter des d\u00e9cisions prises \u00e0 l\u00e9g\u00e8re, on propose un quorum de 65% et une majorit\u00e9 des deux tiers. Il serait faux de regrouper seulement les interprofessions r\u00e9gionales. Quand la premi\u00e8re interprofession a \u00e9t\u00e9 lanc\u00e9e, elle n\u2019\u00e9tait form\u00e9e que des associations nationales. On ne peut pas dire qu\u2019elle fonctionnait mal, malgr\u00e9 la faillite de Swiss Wine Communication. <br \/>\n<b>Existe-t-il des th\u00e8mes de discussion suffisants&#160;?<\/b><br \/>\nOutre la promotion nationale, il y a suffisamment de dossiers, comme l\u2019harmonisation du droit suisse avec le droit europ\u00e9en, la pr\u00e9vention de l\u2019alcoolisme ou la d\u00e9finition des vins de pays et des vins de table. Il faut \u00eatre capable de rassembler les forces, de trouver une position commune pour d\u00e9fendre les int\u00e9r\u00eats de toute la branche de fa\u00e7on solidaire. C\u2019est ce qui manque&#160;aujourd\u2019hui! S\u2019il y a d\u2019un c\u00f4t\u00e9 des interprofessions r\u00e9gionales, m\u00eame avec un organisme commun, qui disent blanc, et, de l\u2019autre c\u00f4t\u00e9, des associations nationales qui disent gris ou noir, le lobbying sera mauvais. Les parlementaires diront \u00abVous voyez, la vitiviniculture est incapable de s\u2019entendre&#160;!\u00bb <br \/>\n<b>Et si le projet n&rsquo;aboutit pas, quelles cons\u00e9quences pour la FSV ?<\/b><br \/>\nPour moi, si on veut \u00e9jecter les associations nationales, une interprofession est inutile. Je le dis sans provocation. Car si le projet d\u2019interprofession n\u2019aboutit pas, le poids politique de la F\u00e9d\u00e9ration des vignerons sera renforc\u00e9&#160;: elle continuera \u00e0 g\u00e9rer le groupe parlementaire et la formation professionnelle.<br \/>\n&#160;&#160;&#160; &#160;&#160;&#160; &#160;&#160;&#160; &#160;&#160;&#160; &#160;&#160;&#160; &#160;&#160;&#160; &#160;&#160;&#160;<i>&#160;&#160;&#160;&#160;&#160;&#160;&#160;&#160;&#160;&#160;&#160;&#160;&#160;&#160;&#160;&#160;&#160;&#160;&#160;&#160;&#160;&#160;&#160;&#160;&#160;&#160;&#160;&#160;&#160;&#160;&#160;&#160;&#160;&#160;&#160;&#160;&#160;&#160;&#160;&#160;&#160;&#160;&#160;&#160;&#160;&#160;&#160;&#160;&#160;&#160;&#160;&#160;&#160;&#160;&#160;&#160;&#160;&#160;&#160;&#160;&#160;&#160;&#160;&#160;&#160; Propos recueillis par Pierre Thomas<\/i><\/p>\n<p><i>Dossier paru dans le <\/i>Journal vinicole suisse<i>, \u00e9dition de f\u00e9vrier 2010.<br \/>\n<\/i><\/p>\n<p>\n&#160;<\/div>\n","protected":false},"excerpt":{"rendered":"<p>Interprofession de la vigne et des vins suisses C\u2019est reparti pour un tour \u2026 de table L\u2019Interprofession de la vigne et des vins suisses (IVS) devait \u00eatre fond\u00e9e \u00e0 Berne le 14 d\u00e9cembre dernier. La s\u00e9ance a \u00e9t\u00e9 report\u00e9e et le dernier projet esquiss\u00e9, suspendu. Les partenaires vont rediscuter. La premi\u00e8re s\u00e9ance du groupe de [&hellip;]<\/p>\n","protected":false},"author":3,"featured_media":0,"comment_status":"closed","ping_status":"open","sticky":false,"template":"","format":"standard","meta":{"_monsterinsights_skip_tracking":false,"_monsterinsights_sitenote_active":false,"_monsterinsights_sitenote_note":"","_monsterinsights_sitenote_category":0,"jetpack_post_was_ever_published":false,"jetpack_publicize_message":"","jetpack_is_tweetstorm":false,"jetpack_publicize_feature_enabled":true,"jetpack_social_post_already_shared":false,"jetpack_social_options":{"image_generator_settings":{"template":"highway","enabled":false}}},"categories":[3],"tags":[],"jetpack_publicize_connections":[],"yoast_head":"<!-- This site is optimized with the Yoast SEO plugin v20.6 - https:\/\/yoast.com\/wordpress\/plugins\/seo\/ -->\n<title>Interprofession des vins suisses: pas pr\u00eate! - thomasvino<\/title>\n<meta name=\"robots\" content=\"index, follow, max-snippet:-1, max-image-preview:large, max-video-preview:-1\" \/>\n<link rel=\"canonical\" href=\"https:\/\/thomasvino.ch\/?p=8992\" \/>\n<meta property=\"og:locale\" content=\"fr_FR\" \/>\n<meta property=\"og:type\" content=\"article\" \/>\n<meta property=\"og:title\" content=\"Interprofession des vins suisses: pas pr\u00eate! - thomasvino\" \/>\n<meta property=\"og:description\" content=\"Interprofession de la vigne et des vins suisses C\u2019est reparti pour un tour \u2026 de table L\u2019Interprofession de la vigne et des vins suisses (IVS) devait \u00eatre fond\u00e9e \u00e0 Berne le 14 d\u00e9cembre dernier. La s\u00e9ance a \u00e9t\u00e9 report\u00e9e et le dernier projet esquiss\u00e9, suspendu. Les partenaires vont rediscuter. La premi\u00e8re s\u00e9ance du groupe de [&hellip;]\" \/>\n<meta property=\"og:url\" content=\"https:\/\/thomasvino.ch\/?p=8992\" \/>\n<meta property=\"og:site_name\" content=\"thomasvino\" \/>\n<meta property=\"article:published_time\" content=\"2010-01-28T14:23:00+00:00\" \/>\n<meta name=\"author\" content=\"Pierre Thomas\" \/>\n<meta name=\"twitter:label1\" content=\"\u00c9crit par\" \/>\n\t<meta name=\"twitter:data1\" content=\"Pierre Thomas\" \/>\n\t<meta name=\"twitter:label2\" content=\"Dur\u00e9e de lecture estim\u00e9e\" \/>\n\t<meta name=\"twitter:data2\" content=\"8 minutes\" \/>\n<script type=\"application\/ld+json\" class=\"yoast-schema-graph\">{\"@context\":\"https:\/\/schema.org\",\"@graph\":[{\"@type\":\"WebPage\",\"@id\":\"https:\/\/thomasvino.ch\/?p=8992\",\"url\":\"https:\/\/thomasvino.ch\/?p=8992\",\"name\":\"Interprofession des vins suisses: pas pr\u00eate! - thomasvino\",\"isPartOf\":{\"@id\":\"https:\/\/thomasvino.ch\/#website\"},\"datePublished\":\"2010-01-28T14:23:00+00:00\",\"dateModified\":\"2010-01-28T14:23:00+00:00\",\"author\":{\"@id\":\"https:\/\/thomasvino.ch\/#\/schema\/person\/670bf4486fe81152cf1d68bd585e062e\"},\"breadcrumb\":{\"@id\":\"https:\/\/thomasvino.ch\/?p=8992#breadcrumb\"},\"inLanguage\":\"fr-FR\",\"potentialAction\":[{\"@type\":\"ReadAction\",\"target\":[\"https:\/\/thomasvino.ch\/?p=8992\"]}]},{\"@type\":\"BreadcrumbList\",\"@id\":\"https:\/\/thomasvino.ch\/?p=8992#breadcrumb\",\"itemListElement\":[{\"@type\":\"ListItem\",\"position\":1,\"name\":\"Accueil\",\"item\":\"https:\/\/thomasvino.ch\/\"},{\"@type\":\"ListItem\",\"position\":2,\"name\":\"Interprofession des vins suisses: pas pr\u00eate!\"}]},{\"@type\":\"WebSite\",\"@id\":\"https:\/\/thomasvino.ch\/#website\",\"url\":\"https:\/\/thomasvino.ch\/\",\"name\":\"thomasvino\",\"description\":\"Vins &amp; Gastronomie\",\"potentialAction\":[{\"@type\":\"SearchAction\",\"target\":{\"@type\":\"EntryPoint\",\"urlTemplate\":\"https:\/\/thomasvino.ch\/?s={search_term_string}\"},\"query-input\":\"required name=search_term_string\"}],\"inLanguage\":\"fr-FR\"},{\"@type\":\"Person\",\"@id\":\"https:\/\/thomasvino.ch\/#\/schema\/person\/670bf4486fe81152cf1d68bd585e062e\",\"name\":\"Pierre Thomas\",\"image\":{\"@type\":\"ImageObject\",\"inLanguage\":\"fr-FR\",\"@id\":\"https:\/\/thomasvino.ch\/#\/schema\/person\/image\/\",\"url\":\"https:\/\/secure.gravatar.com\/avatar\/91fd5a76647f140e53db987a0dead4d7?s=96&d=mm&r=g\",\"contentUrl\":\"https:\/\/secure.gravatar.com\/avatar\/91fd5a76647f140e53db987a0dead4d7?s=96&d=mm&r=g\",\"caption\":\"Pierre Thomas\"},\"url\":\"https:\/\/thomasvino.ch\/?author=3\"}]}<\/script>\n<!-- \/ Yoast SEO plugin. -->","yoast_head_json":{"title":"Interprofession des vins suisses: pas pr\u00eate! - thomasvino","robots":{"index":"index","follow":"follow","max-snippet":"max-snippet:-1","max-image-preview":"max-image-preview:large","max-video-preview":"max-video-preview:-1"},"canonical":"https:\/\/thomasvino.ch\/?p=8992","og_locale":"fr_FR","og_type":"article","og_title":"Interprofession des vins suisses: pas pr\u00eate! - thomasvino","og_description":"Interprofession de la vigne et des vins suisses C\u2019est reparti pour un tour \u2026 de table L\u2019Interprofession de la vigne et des vins suisses (IVS) devait \u00eatre fond\u00e9e \u00e0 Berne le 14 d\u00e9cembre dernier. La s\u00e9ance a \u00e9t\u00e9 report\u00e9e et le dernier projet esquiss\u00e9, suspendu. Les partenaires vont rediscuter. La premi\u00e8re s\u00e9ance du groupe de [&hellip;]","og_url":"https:\/\/thomasvino.ch\/?p=8992","og_site_name":"thomasvino","article_published_time":"2010-01-28T14:23:00+00:00","author":"Pierre Thomas","twitter_misc":{"\u00c9crit par":"Pierre Thomas","Dur\u00e9e de lecture estim\u00e9e":"8 minutes"},"schema":{"@context":"https:\/\/schema.org","@graph":[{"@type":"WebPage","@id":"https:\/\/thomasvino.ch\/?p=8992","url":"https:\/\/thomasvino.ch\/?p=8992","name":"Interprofession des vins suisses: pas pr\u00eate! - thomasvino","isPartOf":{"@id":"https:\/\/thomasvino.ch\/#website"},"datePublished":"2010-01-28T14:23:00+00:00","dateModified":"2010-01-28T14:23:00+00:00","author":{"@id":"https:\/\/thomasvino.ch\/#\/schema\/person\/670bf4486fe81152cf1d68bd585e062e"},"breadcrumb":{"@id":"https:\/\/thomasvino.ch\/?p=8992#breadcrumb"},"inLanguage":"fr-FR","potentialAction":[{"@type":"ReadAction","target":["https:\/\/thomasvino.ch\/?p=8992"]}]},{"@type":"BreadcrumbList","@id":"https:\/\/thomasvino.ch\/?p=8992#breadcrumb","itemListElement":[{"@type":"ListItem","position":1,"name":"Accueil","item":"https:\/\/thomasvino.ch\/"},{"@type":"ListItem","position":2,"name":"Interprofession des vins suisses: pas pr\u00eate!"}]},{"@type":"WebSite","@id":"https:\/\/thomasvino.ch\/#website","url":"https:\/\/thomasvino.ch\/","name":"thomasvino","description":"Vins &amp; Gastronomie","potentialAction":[{"@type":"SearchAction","target":{"@type":"EntryPoint","urlTemplate":"https:\/\/thomasvino.ch\/?s={search_term_string}"},"query-input":"required name=search_term_string"}],"inLanguage":"fr-FR"},{"@type":"Person","@id":"https:\/\/thomasvino.ch\/#\/schema\/person\/670bf4486fe81152cf1d68bd585e062e","name":"Pierre Thomas","image":{"@type":"ImageObject","inLanguage":"fr-FR","@id":"https:\/\/thomasvino.ch\/#\/schema\/person\/image\/","url":"https:\/\/secure.gravatar.com\/avatar\/91fd5a76647f140e53db987a0dead4d7?s=96&d=mm&r=g","contentUrl":"https:\/\/secure.gravatar.com\/avatar\/91fd5a76647f140e53db987a0dead4d7?s=96&d=mm&r=g","caption":"Pierre Thomas"},"url":"https:\/\/thomasvino.ch\/?author=3"}]}},"jetpack_featured_media_url":"","jetpack_sharing_enabled":true,"jetpack_shortlink":"https:\/\/wp.me\/p3m4tZ-2l2","jetpack_likes_enabled":false,"jetpack-related-posts":[{"id":8980,"url":"https:\/\/thomasvino.ch\/?p=8980","url_meta":{"origin":8992,"position":0},"title":"L&rsquo;interprofession des vins suisses n&rsquo;est pas pour demain","date":"12 d\u00e9cembre 2009","format":false,"excerpt":"Interprofession de la vigne et des vins suisses (IVVS) S\u00e9ance constitutive renvoy\u00e9e Lundi 14 d\u00e9cembre, \u00e0 Berne, l\u2019Interprofession de la vigne et des vins suisses devait \u00eatre port\u00e9e sur les fonts baptismaux. La s\u00e9ance a \u00e9t\u00e9 renvoy\u00e9e \u00absine die\u00bb. L\u2019Interprofession de la vigne et du vin du Valais (IVV) a,\u2026","rel":"","context":"Dans &quot;Actus - News&quot;","img":{"alt_text":"","src":"","width":0,"height":0},"classes":[]},{"id":9038,"url":"https:\/\/thomasvino.ch\/?p=9038","url_meta":{"origin":8992,"position":1},"title":"Vins suisses: retour \u00e0 l&rsquo;union nationale","date":"23 juin 2010","format":false,"excerpt":"Vignerons suisses Le retour \u00e0 l\u2019union nationale A Berne, le 15 avril 2010, la F\u00e9d\u00e9ration suisse des vignerons (FSV), pr\u00e9sid\u00e9e par le conseiller national Laurent Favre, est redevenue nationale, avec le retour officiel des Valaisans et des Suisse al\u00e9maniques. En attendant une Interprofession que la pr\u00e9sident de la Conf\u00e9d\u00e9ration et\u2026","rel":"","context":"Dans &quot;Vins suisses&quot;","img":{"alt_text":"","src":"","width":0,"height":0},"classes":[]},{"id":9076,"url":"https:\/\/thomasvino.ch\/?p=9076","url_meta":{"origin":8992,"position":2},"title":"Union et campagne nationales pour le vin suisse","date":"24 septembre 2010","format":false,"excerpt":"Interprofession de la vigne et des vins suisses (IVVS) Comit\u00e9 \u00e9lu et campagne d\u00e9cid\u00e9e Double premi\u00e8re, \u00e0 huis-clos, \u00e0 Berne, d\u00e9but septembre 2010 : l\u2019Interprofession de la vigne et des vins suisses (IVVS) est re-n\u00e9e des cendres de la structure Swiss Wine et elle s\u2019est prononc\u00e9e, \u00e0 l\u2019unanimit\u00e9, pour une\u2026","rel":"","context":"Dans &quot;Actus - News&quot;","img":{"alt_text":"","src":"","width":0,"height":0},"classes":[]},{"id":9310,"url":"https:\/\/thomasvino.ch\/?p=9310","url_meta":{"origin":8992,"position":3},"title":"Pour la promotion, la Suisse compte ses vignerons","date":"8 janvier 2012","format":false,"excerpt":"2 centimes pour la promotion des vins suisses Combien de vignerons en Suisse? Combien la Suisse compte-t-elle de vignerons\u00a0? Pour obtenir une aide f\u00e9d\u00e9rale pour la promotion entre 2012 et 2014, l\u2019Interprofession de la vigne et des vins suisses (IVVS) a d\u00fb compter ses troupes. Non sans difficult\u00e9\u2026 La requ\u00eate\u2026","rel":"","context":"Dans &quot;Actus - News&quot;","img":{"alt_text":"","src":"","width":0,"height":0},"classes":[]},{"id":13511,"url":"https:\/\/thomasvino.ch\/?p=13511","url_meta":{"origin":8992,"position":4},"title":"Uvavins-Cidis-IVVS  La succession de Thierry Walz","date":"14 avril 2016","format":false,"excerpt":"Le directeur g\u00e9n\u00e9ral d\u2019Uvavins-Cidis, Thierry Walz, 61 ans, remet ses mandats. Son successeur, \u00e0 la t\u00eate de la coop\u00e9rative de Tolochenaz, est le Lausannois Julien Hoefliger, 45 ans, dipl\u00f4m\u00e9 de l\u2019IMD Lausanne. Il est entr\u00e9 en fonction le 11 avril, en parall\u00e8le avec son pr\u00e9d\u00e9cesseur jusqu'en juin. Le choix du\u2026","rel":"","context":"Dans &quot;Actus - News&quot;","img":{"alt_text":"","src":"https:\/\/i0.wp.com\/www.thomasvino.ch\/wp-content\/uploads\/2016\/04\/site_hoefliger-300x300.jpg?resize=350%2C200","width":350,"height":200},"classes":[]},{"id":14463,"url":"https:\/\/thomasvino.ch\/?p=14463","url_meta":{"origin":8992,"position":5},"title":"La promotion des vins suisses se restructure","date":"6 juillet 2017","format":false,"excerpt":"Apr\u00e8s 5 ans d\u2019existence, Suisse Wine Promotion s\u2019est transform\u00e9e en soci\u00e9t\u00e9 anonyme. Son assembl\u00e9e constitutive a eu lieu \u00e0 Aigle. 7,5 millions de francs seront inject\u00e9s dans la promotion des vins suisses l\u2019an prochain. Jusqu\u2019ici, SWP \u00e9tait le \u00abbras arm\u00e9\u00bb des offices r\u00e9gionaux de promotion des vins. D\u00e9sormais, SWP SA\u2026","rel":"","context":"Dans &quot;Vins suisses&quot;","img":{"alt_text":"","src":"https:\/\/i0.wp.com\/thomasvino.ch\/wp-content\/uploads\/2017\/07\/site_wiederkehr-236x300.jpg?resize=350%2C200&ssl=1","width":350,"height":200},"classes":[]}],"_links":{"self":[{"href":"https:\/\/thomasvino.ch\/index.php?rest_route=\/wp\/v2\/posts\/8992"}],"collection":[{"href":"https:\/\/thomasvino.ch\/index.php?rest_route=\/wp\/v2\/posts"}],"about":[{"href":"https:\/\/thomasvino.ch\/index.php?rest_route=\/wp\/v2\/types\/post"}],"author":[{"embeddable":true,"href":"https:\/\/thomasvino.ch\/index.php?rest_route=\/wp\/v2\/users\/3"}],"replies":[{"embeddable":true,"href":"https:\/\/thomasvino.ch\/index.php?rest_route=%2Fwp%2Fv2%2Fcomments&post=8992"}],"version-history":[{"count":0,"href":"https:\/\/thomasvino.ch\/index.php?rest_route=\/wp\/v2\/posts\/8992\/revisions"}],"wp:attachment":[{"href":"https:\/\/thomasvino.ch\/index.php?rest_route=%2Fwp%2Fv2%2Fmedia&parent=8992"}],"wp:term":[{"taxonomy":"category","embeddable":true,"href":"https:\/\/thomasvino.ch\/index.php?rest_route=%2Fwp%2Fv2%2Fcategories&post=8992"},{"taxonomy":"post_tag","embeddable":true,"href":"https:\/\/thomasvino.ch\/index.php?rest_route=%2Fwp%2Fv2%2Ftags&post=8992"}],"curies":[{"name":"wp","href":"https:\/\/api.w.org\/{rel}","templated":true}]}}