{"id":9007,"date":"2010-03-16T16:58:00","date_gmt":"2010-03-16T16:58:00","guid":{"rendered":"http:\/\/localhost\/thomasvino\/?p=9007"},"modified":"2010-03-16T16:58:00","modified_gmt":"2010-03-16T16:58:00","slug":"triple-genevois-en-or-a-chardonnay-du-monde","status":"publish","type":"post","link":"https:\/\/thomasvino.ch\/?p=9007","title":{"rendered":"Tripl\u00e9 genevois en or \u00e0 Chardonnay-du-Monde"},"content":{"rendered":"<h1 style=\"text-align: justify;\"><i>Chardonnay-du-Monde<\/i><br \/>\nUn tripl\u00e9 genevois en or<\/h1>\n<div style=\"text-align: justify;\"><b>Derri\u00e8re la France (41 m\u00e9dailles d&rsquo;or&#8230;), la Suisse se place deuxi\u00e8me au tableau des m\u00e9dailles de la confrontation Chardonnay-du-Monde, qui s&rsquo;est d\u00e9roul\u00e9e \u00e0 mi-mars en basse Bourgogne. Elle est le seul pays \u00e0 avoir remport\u00e9 4 m\u00e9dailles d&rsquo;or, dont 3 pour Gen\u00e8ve, canton qui fait aussi bien que l&rsquo;Italie (Sicile comprise) et l&rsquo;Autriche en entier&#8230; <br \/>\n<\/b>887 chardonnays de 37 pays \u00e9taient en comp\u00e9tition, pour 65 m\u00e9dailles d&rsquo;or, 174 d&rsquo;argent et m\u00eame 57 de bornze, dans la limite des 30% de vins m\u00e9daill\u00e9s, r\u00e8gle des concours internationaux. Si le r\u00e9sultat d&rsquo;ensemble des Helv\u00e8tes est bon, aucun de leurs chardonnays ne figurent dans le \u00abtop 10\u00bb, qui rassemble pourtant un vin grec, un vin autrichien et un vin espagnol. <br \/>\nLe <b>Domaine des Abeilles d&rsquo;Or,<\/b> \u00e0 Chouilly (GE), de Ren\u00e9 Desbaillets, avec un 2007 \u00e9lev\u00e9 en barriques, la <b>Cave des Perri\u00e8res<\/b>, \u00e0 Peissy (GE), de Fabian Rochaix, avec un 2008 en f\u00fbt de ch\u00eane, et <b>Les Hutins<\/b>, \u00e0 Dardagny (GE), de Jean et Emilienne Hutin, avec un vin de cuve 2008, forme le trio d&rsquo;or genevois, compl\u00e9t\u00e9 par la R\u00e9serve des Administrateurs 2008, \u00e9lev\u00e9 en f\u00fbts, de la <b>Cave Saint-Pierre SA<\/b> \u00e0 Saint-Pierre-de-Clages (VS). <br \/>\nPlusieurs Neuch\u00e2telois (Cave de Chambleau, barrique 2008, Jean-Claude Angelrath, barrique 2007, Ch\u00e2teau d&rsquo;Auvernier, barrique 2008) se parent d&rsquo;argent, \u00e0 l&rsquo;instar du meilleur mousseux suisse du concours, le Baccarat Blanc de Blanc Brut de la Cave de Gen\u00e8ve SA. Un chardonnay tessinois, le Rovio Riserva 2008 en barrique, de Gianfranco Chiesa, d\u00e9croche une m\u00e9daille de bronze, comme les deux Vaudois, Raymond Paccot (Chardonnay R\u00e9serve en barrique 2007) et les fr\u00e8res Dutruy (Les Romaines Grande R\u00e9serve en barrique 2008). Palmar\u00e8s complet, par pays et par m\u00e9daille, sur <a href=\"http:\/\/www.chardonnay-du-monde.com\/\"><b>www.chardonnay-du-monde.com.<br \/>\n<\/b><\/a><\/div>\n","protected":false},"excerpt":{"rendered":"<p>Chardonnay-du-Monde Un tripl\u00e9 genevois en or Derri\u00e8re la France (41 m\u00e9dailles d&rsquo;or&#8230;), la Suisse se place deuxi\u00e8me au tableau des m\u00e9dailles de la confrontation Chardonnay-du-Monde, qui s&rsquo;est d\u00e9roul\u00e9e \u00e0 mi-mars en basse Bourgogne. Elle est le seul pays \u00e0 avoir remport\u00e9 4 m\u00e9dailles d&rsquo;or, dont 3 pour Gen\u00e8ve, canton qui fait aussi bien que l&rsquo;Italie [&hellip;]<\/p>\n","protected":false},"author":3,"featured_media":0,"comment_status":"closed","ping_status":"open","sticky":false,"template":"","format":"standard","meta":{"_monsterinsights_skip_tracking":false,"_monsterinsights_sitenote_active":false,"_monsterinsights_sitenote_note":"","_monsterinsights_sitenote_category":0,"jetpack_post_was_ever_published":false,"jetpack_publicize_message":"","jetpack_is_tweetstorm":false,"jetpack_publicize_feature_enabled":true,"jetpack_social_post_already_shared":false,"jetpack_social_options":{"image_generator_settings":{"template":"highway","enabled":false}}},"categories":[15],"tags":[],"jetpack_publicize_connections":[],"yoast_head":"<!-- This site is optimized with the Yoast SEO plugin v20.6 - https:\/\/yoast.com\/wordpress\/plugins\/seo\/ -->\n<title>Tripl\u00e9 genevois en or \u00e0 Chardonnay-du-Monde - thomasvino<\/title>\n<meta name=\"robots\" content=\"index, follow, max-snippet:-1, max-image-preview:large, max-video-preview:-1\" \/>\n<link rel=\"canonical\" href=\"https:\/\/thomasvino.ch\/?p=9007\" \/>\n<meta property=\"og:locale\" content=\"fr_FR\" \/>\n<meta property=\"og:type\" content=\"article\" \/>\n<meta property=\"og:title\" content=\"Tripl\u00e9 genevois en or \u00e0 Chardonnay-du-Monde - thomasvino\" \/>\n<meta property=\"og:description\" content=\"Chardonnay-du-Monde Un tripl\u00e9 genevois en or Derri\u00e8re la France (41 m\u00e9dailles d&rsquo;or&#8230;), la Suisse se place deuxi\u00e8me au tableau des m\u00e9dailles de la confrontation Chardonnay-du-Monde, qui s&rsquo;est d\u00e9roul\u00e9e \u00e0 mi-mars en basse Bourgogne. Elle est le seul pays \u00e0 avoir remport\u00e9 4 m\u00e9dailles d&rsquo;or, dont 3 pour Gen\u00e8ve, canton qui fait aussi bien que l&rsquo;Italie [&hellip;]\" \/>\n<meta property=\"og:url\" content=\"https:\/\/thomasvino.ch\/?p=9007\" \/>\n<meta property=\"og:site_name\" content=\"thomasvino\" \/>\n<meta property=\"article:published_time\" content=\"2010-03-16T16:58:00+00:00\" \/>\n<meta name=\"author\" content=\"Pierre Thomas\" \/>\n<meta name=\"twitter:label1\" content=\"\u00c9crit par\" \/>\n\t<meta name=\"twitter:data1\" content=\"Pierre Thomas\" \/>\n\t<meta name=\"twitter:label2\" content=\"Dur\u00e9e de lecture estim\u00e9e\" \/>\n\t<meta name=\"twitter:data2\" content=\"1 minute\" \/>\n<script type=\"application\/ld+json\" class=\"yoast-schema-graph\">{\"@context\":\"https:\/\/schema.org\",\"@graph\":[{\"@type\":\"WebPage\",\"@id\":\"https:\/\/thomasvino.ch\/?p=9007\",\"url\":\"https:\/\/thomasvino.ch\/?p=9007\",\"name\":\"Tripl\u00e9 genevois en or \u00e0 Chardonnay-du-Monde - thomasvino\",\"isPartOf\":{\"@id\":\"https:\/\/thomasvino.ch\/#website\"},\"datePublished\":\"2010-03-16T16:58:00+00:00\",\"dateModified\":\"2010-03-16T16:58:00+00:00\",\"author\":{\"@id\":\"https:\/\/thomasvino.ch\/#\/schema\/person\/670bf4486fe81152cf1d68bd585e062e\"},\"breadcrumb\":{\"@id\":\"https:\/\/thomasvino.ch\/?p=9007#breadcrumb\"},\"inLanguage\":\"fr-FR\",\"potentialAction\":[{\"@type\":\"ReadAction\",\"target\":[\"https:\/\/thomasvino.ch\/?p=9007\"]}]},{\"@type\":\"BreadcrumbList\",\"@id\":\"https:\/\/thomasvino.ch\/?p=9007#breadcrumb\",\"itemListElement\":[{\"@type\":\"ListItem\",\"position\":1,\"name\":\"Accueil\",\"item\":\"https:\/\/thomasvino.ch\/\"},{\"@type\":\"ListItem\",\"position\":2,\"name\":\"Tripl\u00e9 genevois en or \u00e0 Chardonnay-du-Monde\"}]},{\"@type\":\"WebSite\",\"@id\":\"https:\/\/thomasvino.ch\/#website\",\"url\":\"https:\/\/thomasvino.ch\/\",\"name\":\"thomasvino\",\"description\":\"Vins &amp; Gastronomie\",\"potentialAction\":[{\"@type\":\"SearchAction\",\"target\":{\"@type\":\"EntryPoint\",\"urlTemplate\":\"https:\/\/thomasvino.ch\/?s={search_term_string}\"},\"query-input\":\"required name=search_term_string\"}],\"inLanguage\":\"fr-FR\"},{\"@type\":\"Person\",\"@id\":\"https:\/\/thomasvino.ch\/#\/schema\/person\/670bf4486fe81152cf1d68bd585e062e\",\"name\":\"Pierre Thomas\",\"image\":{\"@type\":\"ImageObject\",\"inLanguage\":\"fr-FR\",\"@id\":\"https:\/\/thomasvino.ch\/#\/schema\/person\/image\/\",\"url\":\"https:\/\/secure.gravatar.com\/avatar\/91fd5a76647f140e53db987a0dead4d7?s=96&d=mm&r=g\",\"contentUrl\":\"https:\/\/secure.gravatar.com\/avatar\/91fd5a76647f140e53db987a0dead4d7?s=96&d=mm&r=g\",\"caption\":\"Pierre Thomas\"},\"url\":\"https:\/\/thomasvino.ch\/?author=3\"}]}<\/script>\n<!-- \/ Yoast SEO plugin. -->","yoast_head_json":{"title":"Tripl\u00e9 genevois en or \u00e0 Chardonnay-du-Monde - thomasvino","robots":{"index":"index","follow":"follow","max-snippet":"max-snippet:-1","max-image-preview":"max-image-preview:large","max-video-preview":"max-video-preview:-1"},"canonical":"https:\/\/thomasvino.ch\/?p=9007","og_locale":"fr_FR","og_type":"article","og_title":"Tripl\u00e9 genevois en or \u00e0 Chardonnay-du-Monde - thomasvino","og_description":"Chardonnay-du-Monde Un tripl\u00e9 genevois en or Derri\u00e8re la France (41 m\u00e9dailles d&rsquo;or&#8230;), la Suisse se place deuxi\u00e8me au tableau des m\u00e9dailles de la confrontation Chardonnay-du-Monde, qui s&rsquo;est d\u00e9roul\u00e9e \u00e0 mi-mars en basse Bourgogne. Elle est le seul pays \u00e0 avoir remport\u00e9 4 m\u00e9dailles d&rsquo;or, dont 3 pour Gen\u00e8ve, canton qui fait aussi bien que l&rsquo;Italie [&hellip;]","og_url":"https:\/\/thomasvino.ch\/?p=9007","og_site_name":"thomasvino","article_published_time":"2010-03-16T16:58:00+00:00","author":"Pierre Thomas","twitter_misc":{"\u00c9crit par":"Pierre Thomas","Dur\u00e9e de lecture estim\u00e9e":"1 minute"},"schema":{"@context":"https:\/\/schema.org","@graph":[{"@type":"WebPage","@id":"https:\/\/thomasvino.ch\/?p=9007","url":"https:\/\/thomasvino.ch\/?p=9007","name":"Tripl\u00e9 genevois en or \u00e0 Chardonnay-du-Monde - thomasvino","isPartOf":{"@id":"https:\/\/thomasvino.ch\/#website"},"datePublished":"2010-03-16T16:58:00+00:00","dateModified":"2010-03-16T16:58:00+00:00","author":{"@id":"https:\/\/thomasvino.ch\/#\/schema\/person\/670bf4486fe81152cf1d68bd585e062e"},"breadcrumb":{"@id":"https:\/\/thomasvino.ch\/?p=9007#breadcrumb"},"inLanguage":"fr-FR","potentialAction":[{"@type":"ReadAction","target":["https:\/\/thomasvino.ch\/?p=9007"]}]},{"@type":"BreadcrumbList","@id":"https:\/\/thomasvino.ch\/?p=9007#breadcrumb","itemListElement":[{"@type":"ListItem","position":1,"name":"Accueil","item":"https:\/\/thomasvino.ch\/"},{"@type":"ListItem","position":2,"name":"Tripl\u00e9 genevois en or \u00e0 Chardonnay-du-Monde"}]},{"@type":"WebSite","@id":"https:\/\/thomasvino.ch\/#website","url":"https:\/\/thomasvino.ch\/","name":"thomasvino","description":"Vins &amp; Gastronomie","potentialAction":[{"@type":"SearchAction","target":{"@type":"EntryPoint","urlTemplate":"https:\/\/thomasvino.ch\/?s={search_term_string}"},"query-input":"required name=search_term_string"}],"inLanguage":"fr-FR"},{"@type":"Person","@id":"https:\/\/thomasvino.ch\/#\/schema\/person\/670bf4486fe81152cf1d68bd585e062e","name":"Pierre Thomas","image":{"@type":"ImageObject","inLanguage":"fr-FR","@id":"https:\/\/thomasvino.ch\/#\/schema\/person\/image\/","url":"https:\/\/secure.gravatar.com\/avatar\/91fd5a76647f140e53db987a0dead4d7?s=96&d=mm&r=g","contentUrl":"https:\/\/secure.gravatar.com\/avatar\/91fd5a76647f140e53db987a0dead4d7?s=96&d=mm&r=g","caption":"Pierre Thomas"},"url":"https:\/\/thomasvino.ch\/?author=3"}]}},"jetpack_featured_media_url":"","jetpack_sharing_enabled":true,"jetpack_shortlink":"https:\/\/wp.me\/p3m4tZ-2lh","jetpack_likes_enabled":false,"jetpack-related-posts":[{"id":15650,"url":"https:\/\/thomasvino.ch\/?p=15650","url_meta":{"origin":9007,"position":0},"title":"Chardonnay et Sauvignons du Monde: les m\u00e9dailles d&rsquo;or suisses","date":"14 mars 2019","format":false,"excerpt":"Quatre vins suisses ont d\u00e9croch\u00e9 l\u2019or et sept l\u2019argent au Concours Chardonnay-du-Monde, en Bourgogne, cette ann\u00e9e. Et un vin neuch\u00e2telois s'est class\u00e9 parmi les 15 vins les mieux not\u00e9s. Au Concours Mondial du Sauvignon, \u00e0 Udine, dans le Frioul italien, une seule m\u00e9daille d'or suisse, pour le Sauvignon 2017 de\u2026","rel":"","context":"Dans &quot;Actus - News&quot;","img":{"alt_text":"","src":"","width":0,"height":0},"classes":[]},{"id":8861,"url":"https:\/\/thomasvino.ch\/?p=8861","url_meta":{"origin":9007,"position":1},"title":"Chardonnays de Neuch\u00e2tel en or","date":"17 mars 2009","format":false,"excerpt":"Chardonnay-du-Monde 2009Deux Neuch\u00e2telois seuls en orSur les 17 m\u00e9dailles remport\u00e9es par des vins suisses \u00e0 Chardonnay-du-Monde, en basse Bourgogne, en mars, les deux seules m\u00e9dailles d'or reviennent \u00e0 des blancs en barriques de Neuch\u00e2tel, l'Expression de la B\u00e9roche 2006, des caves homonymes, et, d'un r\u00e9cidiviste \u00e0 ce haut niveau, le\u2026","rel":"","context":"Dans &quot;Actus - News&quot;","img":{"alt_text":"","src":"","width":0,"height":0},"classes":[]},{"id":12660,"url":"https:\/\/thomasvino.ch\/?p=12660","url_meta":{"origin":9007,"position":2},"title":"Vinalies de Paris et Chardonnay du Monde Quand les m\u00e9dailles font le printemps","date":"24 mars 2015","format":false,"excerpt":"D\u00eetes 33... m\u00e9dailles d\u2019or, \u00e0 une \u00e9crasante majorit\u00e9 valaisanne (22) aux Vinalies de Paris, 3 m\u00e9dailles d\u2019or, toutes genevoises, \u00e0 Chardonnay du Monde, dans le Beaujolais: comme chaque ann\u00e9e, les vignerons suisses, et plus encore les \u00abgrandes maisons\u00bb, font le plein de m\u00e9dailles au printemps. Au Ch\u00e2teau de Ravatys, \u00e0\u2026","rel":"","context":"Dans &quot;Actus - News&quot;","img":{"alt_text":"","src":"","width":0,"height":0},"classes":[]},{"id":17194,"url":"https:\/\/thomasvino.ch\/?p=17194","url_meta":{"origin":9007,"position":3},"title":"Concours monoc\u00e9pages\u00a0: cinq chardonnays suisses en or","date":"17 mars 2021","format":false,"excerpt":"La confrontation \u00abChardonnay du Monde\u00bb s\u2019est d\u00e9roul\u00e9 en Bourgogne, pour la 28\u00e8me fois, avec un quart de d\u00e9gustateurs venus d\u2019ailleurs que de la France. Sur 51 m\u00e9dailles d\u2019or, 5 sont suisses. Le Blanc de blanc Brut mill\u00e9sim\u00e9 2014 de la Cave du Tunnel, \u00e0 Conthey (VS), pointe au 11\u00e8me range\u2026","rel":"","context":"Dans &quot;Actus - News&quot;","img":{"alt_text":"","src":"","width":0,"height":0},"classes":[]},{"id":11859,"url":"https:\/\/thomasvino.ch\/?p=11859","url_meta":{"origin":9007,"position":4},"title":"Chardonnay du Monde:  entr\u00e9e de gamme au sommet!","date":"31 mars 2014","format":false,"excerpt":"C'est avec un vin destin\u00e9 au harddiscounter Aldi que Orsat, \u00e0 Martigny, a remport\u00e9 la seule m\u00e9daille d'or suisse de Chardonnay du Monde, en mars 2014. Ce Chardonnay Les Raccards 2013 devrait \u00eatre vendu 7.99 francs dans les rayons de Aldi, pour un vin class\u00e9 parmi les bois\u00e9s... Mais attention,\u2026","rel":"","context":"Dans &quot;Actus - News&quot;","img":{"alt_text":"","src":"","width":0,"height":0},"classes":[]},{"id":16476,"url":"https:\/\/thomasvino.ch\/?p=16476","url_meta":{"origin":9007,"position":5},"title":"Chardonnays du Monde: que de l&rsquo;argent pour les suisses","date":"20 mars 2020","format":false,"excerpt":"Apr\u00e8s les Vinalies de Paris 2020, chiches avec les vins suisses, Chardonnay du Monde n'a distingu\u00e9 que quatre vins suisses, avec une des 160 m\u00e9dailles d'argent. Aucune des 58 ors... La confrontation a r\u00e9uni 300 d\u00e9gustateurs du 11 au 13 mars au Ch\u00e2teau des Ravatys, dans le Beaujolais, propri\u00e9t\u00e9 de\u2026","rel":"","context":"Dans &quot;Actus - News&quot;","img":{"alt_text":"","src":"","width":0,"height":0},"classes":[]}],"_links":{"self":[{"href":"https:\/\/thomasvino.ch\/index.php?rest_route=\/wp\/v2\/posts\/9007"}],"collection":[{"href":"https:\/\/thomasvino.ch\/index.php?rest_route=\/wp\/v2\/posts"}],"about":[{"href":"https:\/\/thomasvino.ch\/index.php?rest_route=\/wp\/v2\/types\/post"}],"author":[{"embeddable":true,"href":"https:\/\/thomasvino.ch\/index.php?rest_route=\/wp\/v2\/users\/3"}],"replies":[{"embeddable":true,"href":"https:\/\/thomasvino.ch\/index.php?rest_route=%2Fwp%2Fv2%2Fcomments&post=9007"}],"version-history":[{"count":0,"href":"https:\/\/thomasvino.ch\/index.php?rest_route=\/wp\/v2\/posts\/9007\/revisions"}],"wp:attachment":[{"href":"https:\/\/thomasvino.ch\/index.php?rest_route=%2Fwp%2Fv2%2Fmedia&parent=9007"}],"wp:term":[{"taxonomy":"category","embeddable":true,"href":"https:\/\/thomasvino.ch\/index.php?rest_route=%2Fwp%2Fv2%2Fcategories&post=9007"},{"taxonomy":"post_tag","embeddable":true,"href":"https:\/\/thomasvino.ch\/index.php?rest_route=%2Fwp%2Fv2%2Ftags&post=9007"}],"curies":[{"name":"wp","href":"https:\/\/api.w.org\/{rel}","templated":true}]}}