{"id":9038,"date":"2010-06-23T17:53:00","date_gmt":"2010-06-23T17:53:00","guid":{"rendered":"http:\/\/localhost\/thomasvino\/?p=9038"},"modified":"2010-06-23T17:53:00","modified_gmt":"2010-06-23T17:53:00","slug":"vins-suisses-retour-a-lunion-nationale","status":"publish","type":"post","link":"https:\/\/thomasvino.ch\/?p=9038","title":{"rendered":"Vins suisses: retour \u00e0 l&rsquo;union nationale"},"content":{"rendered":"<h3><b><i>Vignerons suisses<\/i><br \/>\n<\/b><\/h3>\n<h1><b>Le retour \u00e0 l\u2019union nationale<br \/>\n<\/b><\/h1>\n<div style=\"text-align: justify;\"><b>A Berne, le 15 avril 2010, la F\u00e9d\u00e9ration suisse des vignerons (FSV), pr\u00e9sid\u00e9e par le conseiller national Laurent Favre, est redevenue nationale, avec le retour officiel des Valaisans et des Suisse al\u00e9maniques. En attendant une Interprofession que la pr\u00e9sident de la Conf\u00e9d\u00e9ration et ministre de l\u2019\u00e9conomie Doris Leuthard appelle de ses v\u0153ux et (re)fond\u00e9e en septembre. A cette s\u00e9ance, une <\/b><b>grande campagne de pub pour les vins suisses en 2011 sera mise sur orbite. Co\u00fbt: 2,5 millions, dont la moiti\u00e9 \u00e0 charge de la Conf\u00e9d\u00e9ration.<\/b><br \/>\n<i>Par Pierre Thomas<\/i><br \/>\nLe retour des Valaisans, repr\u00e9sent\u00e9s \u00e0 Berne par <b>Thierry Constantin<\/b>, pr\u00e9sident du groupement des organisations viticoles valaisannes (GOV), et de la f\u00e9d\u00e9ration valaisanne des vignerons-encaveurs, et par <b>Eric Germanier<\/b>, pr\u00e9sident de la f\u00e9d\u00e9ration valaisanne des vignerons et de l\u2019Interprofession de la vigne et du vin (IVV), ne s\u2019est pas fait sans am\u00e9nagement. Les statuts ont \u00e9t\u00e9 modifi\u00e9s et le comit\u00e9 compl\u00e9t\u00e9. Principal canton viticole suisse, le Valais aura trois d\u00e9l\u00e9gu\u00e9s (les deux d\u00e9j\u00e0 cit\u00e9s et un d\u00e9l\u00e9gu\u00e9 de la coop\u00e9rative Provins-Valais), Vaud, deux, comme la Suisse al\u00e9manique, qui revient de plein droit dans la FSV. Tessin, Gen\u00e8ve et la r\u00e9gion des Trois-Lacs occupent chacun un si\u00e8ge, pour un comit\u00e9 \u00e0 dix. <br \/>\n<b>Interprofession suisse toujours en vue<\/b><br \/>\nLa Suisse al\u00e9manique, organis\u00e9e en interprofession, posait le probl\u00e8me de la garantie de la repr\u00e9sentativit\u00e9 de la \u00abfamille\u00bb de la production. Car la FSV, dans l\u2019optique d\u2019une Interprofession de la vigne et des vins suisses, qui pourrait se reconstituer avant l\u2019\u00e9t\u00e9, ne repr\u00e9sente que les int\u00e9r\u00eats de la production. Le comit\u00e9 de la FSV se prononcera \u00e0 la majorit\u00e9 des deux tiers, sauf sur les questions d\u2019appellation d\u2019origine contr\u00f4l\u00e9e (AOC), o\u00f9 l\u2019unanimit\u00e9 des membres pr\u00e9sents sera n\u00e9cessaire, pour manifester \u00abun vrai consensus professionnel\u00bb, comme l\u2019a dit <b>Laurent Favre<\/b>. <br \/>\nDans son intervention, la conseill\u00e8re f\u00e9d\u00e9rale <b>Doris Leuthard<\/b> a rappel\u00e9 que l\u2019Union europ\u00e9enne entend \u00abrestituer les AOP (appellations d\u2019origine prot\u00e9g\u00e9e, terme g\u00e9n\u00e9ralis\u00e9 \u00e0 l\u2019agriculture) et les IGP (indications g\u00e9ographiques prot\u00e9g\u00e9es) aux interprofessions\u00bb et veut \u00e9tendre le syst\u00e8me d\u2019enregistrement, connu dans les produits agricoles, aux vins. En Suisse, les syst\u00e8mes sont diff\u00e9rents, en mati\u00e8re agricole ou viticole&#160;: pour le vin, les cantons restent souverains pour les AOC, la Conf\u00e9d\u00e9ration, pour les vins de table et les vins de pays, selon une l\u00e9gislation diff\u00e9rente des nouvelles dispositions europ\u00e9enne entr\u00e9es en vigueur en juillet 2009. S\u2019exprimant en fran\u00e7ais et en allemand, la pr\u00e9sidente de la Conf\u00e9d\u00e9ration s\u2019est r\u00e9jouie de la d\u00e9fense unanime \u00abd\u2019une branche forte sur tout le terroir suisse\u00bb \u2014 un fort joli lapsus (terroir pour territoire). On peut y voir un appel du pied \u00e0 une Interprofession suisse de la vigne et du vin\u2026<br \/>\n<b>Un accord avec l\u2019UE in\u00e9luctable&#160;?<\/b><br \/>\nDans le vaste d\u00e9bat sur la politique agricole, Doris Leuthard a rappel\u00e9 qu\u2019une seule solution ne pourra pas \u00eatre appliqu\u00e9e \u00e0 tout le secteur agricole. \u00abVous avez d\u2019autres besoins que le lait ou la viande\u00bb, une diff\u00e9rence dont il faudra tenir compte dans la r\u00e9organisation des paiements directs, une mesure de soutien \u00e9tatique que la Suisse entend maintenir. Doris Leuthard a aussi admis que \u00able budget de promotion des vins n\u2019est pas tr\u00e8s grand\u00bb. Et la Conf\u00e9d\u00e9ration pourrait \u00abs\u2019engager plus\u00bb \u00e0 titre de \u00abmesure d\u2019accompagnement\u00bb, dans la perspective d\u2019un Accord de libre-\u00e9change agricole (ALEA). La FSV y est oppos\u00e9e et a rejoint l\u2019association (ASSAF-Suisse) constitu\u00e9e contre ce projet, cher \u00e0 la ministre de l\u2019Economie. Mais pour Doris Leuthard, un tel accord para\u00eet in\u00e9luctable, notamment si les Etats-Unis d\u00e9cident d\u2019appliquer le cycle de Doha dans les mois \u00e0 venir. La Suisse devrait alors r\u00e9duire de moiti\u00e9 les droits de douane. Dans la balance, faciliter l\u2019exportation des produits suisses vers l\u2019Europe deviendrait indispensable, \u00abil suffirait de convaincre 1% des Europ\u00e9ens de la qualit\u00e9 de nos produits.\u00bb<br \/>\n<b>Distinguer le vin de l\u2019alcool <br \/>\n&#8230;et faire de la pub<\/b><br \/>\nAutre chapitre sur lequel la FSV entend qu\u2019on fasse un distingo&#160;: la future loi sur l\u2019alcool, qui met sur un pied d\u2019\u00e9galit\u00e9, pour la premi\u00e8re fois, le vin et tous les spiritueux. La FSV compte sur le \u00ablobbying\u00bb du groupe parlementaire vitivinicole, fort de 76 parlemtaires f\u00e9d\u00e9raux, que pr\u00e9side Laurent Favre, flanqu\u00e9 des conseillers nationaux valaisan <b>Jean-Ren\u00e9 Germanier<\/b> et vaudois <b>Andr\u00e9 Bugnon<\/b>.<br \/>\n<meta content=\"\" name=\"Titre\"><br \/>\n<meta content=\"\" name=\"Mots cl\u00e9s\"><br \/>\n<meta content=\"text\/html; charset=utf-8\" http-equiv=\"Content-Type\"><br \/>\n<meta content=\"Word.Document\" name=\"ProgId\"><br \/>\n<meta content=\"Microsoft Word 2008\" name=\"Generator\"><br \/>\n<meta content=\"Microsoft Word 2008\" name=\"Originator\">\n<link href=\"file:\/\/localhost\/Users\/pierrethomas\/Library\/Caches\/TemporaryItems\/msoclip\/0\/clip_filelist.xml\" rel=\"File-List\" \/> <!--[if gte mso 9]><xml>\n<o:OfficeDocumentSettings>\n<o:AllowPNG \/>\n<\/o:OfficeDocumentSettings>\n<\/xml><![endif]--><!--[if gte mso 9]><xml>\n<w:WordDocument>\n<w:Zoom>0<\/w:Zoom>\n<w:TrackMoves>false<\/w:TrackMoves>\n<w:TrackFormatting \/>\n<w:HyphenationZone>21<\/w:HyphenationZone>\n<w:PunctuationKerning \/>\n<w:DrawingGridHorizontalSpacing>18 pt<\/w:DrawingGridHorizontalSpacing>\n<w:DrawingGridVerticalSpacing>18 pt<\/w:DrawingGridVerticalSpacing>\n<w:DisplayHorizontalDrawingGridEvery>0<\/w:DisplayHorizontalDrawingGridEvery>\n<w:DisplayVerticalDrawingGridEvery>0<\/w:DisplayVerticalDrawingGridEvery>\n<w:ValidateAgainstSchemas \/>\n<w:SaveIfXMLInvalid>false<\/w:SaveIfXMLInvalid>\n<w:IgnoreMixedContent>false<\/w:IgnoreMixedContent>\n<w:AlwaysShowPlaceholderText>false<\/w:AlwaysShowPlaceholderText>\n<w:Compatibility>\n<w:BreakWrappedTables \/>\n<w:DontGrowAutofit \/>\n<w:DontAutofitConstrainedTables \/>\n<w:DontVertAlignInTxbx \/>\n<\/w:Compatibility>\n<\/w:WordDocument>\n<\/xml><![endif]--><!--[if gte mso 9]><xml>\n<w:LatentStyles DefLockedState=\"false\" LatentStyleCount=\"276\">\n<\/w:LatentStyles>\n<\/xml><![endif]--> <\/p>\n<style type=\"text\/css\">\n<!--\n \/* Font Definitions *\/\n@font-face\n\t{font-family:Times;\n\tpanose-1:2 0 5 0 0 0 0 0 0 0;\n\tmso-font-charset:0;\n\tmso-generic-font-family:auto;\n\tmso-font-pitch:variable;\n\tmso-font-signature:3 0 0 0 1 0;}\n \/* Style Definitions *\/\np.MsoNormal, li.MsoNormal, div.MsoNormal\n\t{mso-style-parent:\"\";\n\tmargin:0cm;\n\tmargin-bottom:.0001pt;\n\tmso-pagination:widow-orphan;\n\tfont-size:12.0pt;\n\tmso-bidi-font-size:10.0pt;\n\tfont-family:\"Times New Roman\";\n\tmso-ascii-font-family:Times;\n\tmso-fareast-font-family:Times;\n\tmso-hansi-font-family:Times;\n\tmso-bidi-font-family:\"Times New Roman\";}\n@page Section1\n\t{size:612.0pt 792.0pt;\n\tmargin:70.85pt 70.85pt 70.85pt 70.85pt;\n\tmso-header-margin:36.0pt;\n\tmso-footer-margin:36.0pt;\n\tmso-paper-source:0;}\ndiv.Section1\n\t{page:Section1;}\n-->\n<\/style>\n<p> <!--[if gte mso 10]>\n\n\n<style>\n\/* Style Definitions *\/\ntable.MsoNormalTable\n{mso-style-name:\"Tableau Normal\";\nmso-tstyle-rowband-size:0;\nmso-tstyle-colband-size:0;\nmso-style-noshow:yes;\nmso-style-parent:\"\";\nmso-padding-alt:0cm 5.4pt 0cm 5.4pt;\nmso-para-margin:0cm;\nmso-para-margin-bottom:.0001pt;\nmso-pagination:widow-orphan;\nfont-size:12.0pt;\nfont-family:\"Times New Roman\";\nmso-ascii-font-family:Cambria;\nmso-ascii-theme-font:minor-latin;\nmso-fareast-font-family:\"Times New Roman\";\nmso-fareast-theme-font:minor-fareast;\nmso-hansi-font-family:Cambria;\nmso-hansi-theme-font:minor-latin;\nmso-bidi-font-family:\"Times New Roman\";\nmso-bidi-theme-font:minor-bidi;}\n<\/style>\n\n\n<![endif]-->  <!--StartFragment-->Dans un climat morose de baisse de la consommation, (\u2014 5,4% pour les rouges, \u00e0 54 millions de litres, et \u2014 3,8% pour les blancs, \u00e0 49 millions de litres), pour que les vins indig\u00e8nes atteignent \u00abun seuil de perception convenable en Suisse\u00bb, un montant global de 2,5 millions de francs devrait \u00eatre d\u00e9bloqu\u00e9, r\u00e9parti entre de l\u2019argent public f\u00e9d\u00e9ral, fourni par l\u2019Office f\u00e9d\u00e9ral de l\u2019agriculture, et une participation des r\u00e9gions viticoles d\u2019un peu moins de 100 francs par hectare de vigne. D\u00e9cision sur ce principe, d\u00e9but septembre qui se traduira par une campagne de publicit\u00e9 nationale en 2011, confi\u00e9e \u00e0 l&rsquo;agence de communication Grand de Sierre.<br \/>\n<i>\u00a9thomasvino.com\/avril2010<\/i><br \/>\n&#160;      <\/meta><br \/>\n<\/meta><br \/>\n<\/meta><br \/>\n<\/meta><br \/>\n<\/meta><br \/>\n<\/meta>\n<\/div>\n","protected":false},"excerpt":{"rendered":"<p>Vignerons suisses Le retour \u00e0 l\u2019union nationale A Berne, le 15 avril 2010, la F\u00e9d\u00e9ration suisse des vignerons (FSV), pr\u00e9sid\u00e9e par le conseiller national Laurent Favre, est redevenue nationale, avec le retour officiel des Valaisans et des Suisse al\u00e9maniques. En attendant une Interprofession que la pr\u00e9sident de la Conf\u00e9d\u00e9ration et ministre de l\u2019\u00e9conomie Doris Leuthard [&hellip;]<\/p>\n","protected":false},"author":3,"featured_media":0,"comment_status":"closed","ping_status":"open","sticky":false,"template":"","format":"standard","meta":{"_monsterinsights_skip_tracking":false,"_monsterinsights_sitenote_active":false,"_monsterinsights_sitenote_note":"","_monsterinsights_sitenote_category":0,"jetpack_post_was_ever_published":false,"jetpack_publicize_message":"","jetpack_is_tweetstorm":false,"jetpack_publicize_feature_enabled":true,"jetpack_social_post_already_shared":false,"jetpack_social_options":{"image_generator_settings":{"template":"highway","enabled":false}}},"categories":[3],"tags":[],"jetpack_publicize_connections":[],"yoast_head":"<!-- This site is optimized with the Yoast SEO plugin v20.6 - https:\/\/yoast.com\/wordpress\/plugins\/seo\/ -->\n<title>Vins suisses: retour \u00e0 l&#039;union nationale - thomasvino<\/title>\n<meta name=\"robots\" content=\"index, follow, max-snippet:-1, max-image-preview:large, max-video-preview:-1\" \/>\n<link rel=\"canonical\" href=\"https:\/\/thomasvino.ch\/?p=9038\" \/>\n<meta property=\"og:locale\" content=\"fr_FR\" \/>\n<meta property=\"og:type\" content=\"article\" \/>\n<meta property=\"og:title\" content=\"Vins suisses: retour \u00e0 l&#039;union nationale - thomasvino\" \/>\n<meta property=\"og:description\" content=\"Vignerons suisses Le retour \u00e0 l\u2019union nationale A Berne, le 15 avril 2010, la F\u00e9d\u00e9ration suisse des vignerons (FSV), pr\u00e9sid\u00e9e par le conseiller national Laurent Favre, est redevenue nationale, avec le retour officiel des Valaisans et des Suisse al\u00e9maniques. En attendant une Interprofession que la pr\u00e9sident de la Conf\u00e9d\u00e9ration et ministre de l\u2019\u00e9conomie Doris Leuthard [&hellip;]\" \/>\n<meta property=\"og:url\" content=\"https:\/\/thomasvino.ch\/?p=9038\" \/>\n<meta property=\"og:site_name\" content=\"thomasvino\" \/>\n<meta property=\"article:published_time\" content=\"2010-06-23T17:53:00+00:00\" \/>\n<meta name=\"author\" content=\"Pierre Thomas\" \/>\n<meta name=\"twitter:label1\" content=\"\u00c9crit par\" \/>\n\t<meta name=\"twitter:data1\" content=\"Pierre Thomas\" \/>\n\t<meta name=\"twitter:label2\" content=\"Dur\u00e9e de lecture estim\u00e9e\" \/>\n\t<meta name=\"twitter:data2\" content=\"5 minutes\" \/>\n<script type=\"application\/ld+json\" class=\"yoast-schema-graph\">{\"@context\":\"https:\/\/schema.org\",\"@graph\":[{\"@type\":\"WebPage\",\"@id\":\"https:\/\/thomasvino.ch\/?p=9038\",\"url\":\"https:\/\/thomasvino.ch\/?p=9038\",\"name\":\"Vins suisses: retour \u00e0 l'union nationale - thomasvino\",\"isPartOf\":{\"@id\":\"https:\/\/thomasvino.ch\/#website\"},\"datePublished\":\"2010-06-23T17:53:00+00:00\",\"dateModified\":\"2010-06-23T17:53:00+00:00\",\"author\":{\"@id\":\"https:\/\/thomasvino.ch\/#\/schema\/person\/670bf4486fe81152cf1d68bd585e062e\"},\"breadcrumb\":{\"@id\":\"https:\/\/thomasvino.ch\/?p=9038#breadcrumb\"},\"inLanguage\":\"fr-FR\",\"potentialAction\":[{\"@type\":\"ReadAction\",\"target\":[\"https:\/\/thomasvino.ch\/?p=9038\"]}]},{\"@type\":\"BreadcrumbList\",\"@id\":\"https:\/\/thomasvino.ch\/?p=9038#breadcrumb\",\"itemListElement\":[{\"@type\":\"ListItem\",\"position\":1,\"name\":\"Accueil\",\"item\":\"https:\/\/thomasvino.ch\/\"},{\"@type\":\"ListItem\",\"position\":2,\"name\":\"Vins suisses: retour \u00e0 l&rsquo;union nationale\"}]},{\"@type\":\"WebSite\",\"@id\":\"https:\/\/thomasvino.ch\/#website\",\"url\":\"https:\/\/thomasvino.ch\/\",\"name\":\"thomasvino\",\"description\":\"Vins &amp; Gastronomie\",\"potentialAction\":[{\"@type\":\"SearchAction\",\"target\":{\"@type\":\"EntryPoint\",\"urlTemplate\":\"https:\/\/thomasvino.ch\/?s={search_term_string}\"},\"query-input\":\"required name=search_term_string\"}],\"inLanguage\":\"fr-FR\"},{\"@type\":\"Person\",\"@id\":\"https:\/\/thomasvino.ch\/#\/schema\/person\/670bf4486fe81152cf1d68bd585e062e\",\"name\":\"Pierre Thomas\",\"image\":{\"@type\":\"ImageObject\",\"inLanguage\":\"fr-FR\",\"@id\":\"https:\/\/thomasvino.ch\/#\/schema\/person\/image\/\",\"url\":\"https:\/\/secure.gravatar.com\/avatar\/91fd5a76647f140e53db987a0dead4d7?s=96&d=mm&r=g\",\"contentUrl\":\"https:\/\/secure.gravatar.com\/avatar\/91fd5a76647f140e53db987a0dead4d7?s=96&d=mm&r=g\",\"caption\":\"Pierre Thomas\"},\"url\":\"https:\/\/thomasvino.ch\/?author=3\"}]}<\/script>\n<!-- \/ Yoast SEO plugin. -->","yoast_head_json":{"title":"Vins suisses: retour \u00e0 l'union nationale - thomasvino","robots":{"index":"index","follow":"follow","max-snippet":"max-snippet:-1","max-image-preview":"max-image-preview:large","max-video-preview":"max-video-preview:-1"},"canonical":"https:\/\/thomasvino.ch\/?p=9038","og_locale":"fr_FR","og_type":"article","og_title":"Vins suisses: retour \u00e0 l'union nationale - thomasvino","og_description":"Vignerons suisses Le retour \u00e0 l\u2019union nationale A Berne, le 15 avril 2010, la F\u00e9d\u00e9ration suisse des vignerons (FSV), pr\u00e9sid\u00e9e par le conseiller national Laurent Favre, est redevenue nationale, avec le retour officiel des Valaisans et des Suisse al\u00e9maniques. En attendant une Interprofession que la pr\u00e9sident de la Conf\u00e9d\u00e9ration et ministre de l\u2019\u00e9conomie Doris Leuthard [&hellip;]","og_url":"https:\/\/thomasvino.ch\/?p=9038","og_site_name":"thomasvino","article_published_time":"2010-06-23T17:53:00+00:00","author":"Pierre Thomas","twitter_misc":{"\u00c9crit par":"Pierre Thomas","Dur\u00e9e de lecture estim\u00e9e":"5 minutes"},"schema":{"@context":"https:\/\/schema.org","@graph":[{"@type":"WebPage","@id":"https:\/\/thomasvino.ch\/?p=9038","url":"https:\/\/thomasvino.ch\/?p=9038","name":"Vins suisses: retour \u00e0 l'union nationale - thomasvino","isPartOf":{"@id":"https:\/\/thomasvino.ch\/#website"},"datePublished":"2010-06-23T17:53:00+00:00","dateModified":"2010-06-23T17:53:00+00:00","author":{"@id":"https:\/\/thomasvino.ch\/#\/schema\/person\/670bf4486fe81152cf1d68bd585e062e"},"breadcrumb":{"@id":"https:\/\/thomasvino.ch\/?p=9038#breadcrumb"},"inLanguage":"fr-FR","potentialAction":[{"@type":"ReadAction","target":["https:\/\/thomasvino.ch\/?p=9038"]}]},{"@type":"BreadcrumbList","@id":"https:\/\/thomasvino.ch\/?p=9038#breadcrumb","itemListElement":[{"@type":"ListItem","position":1,"name":"Accueil","item":"https:\/\/thomasvino.ch\/"},{"@type":"ListItem","position":2,"name":"Vins suisses: retour \u00e0 l&rsquo;union nationale"}]},{"@type":"WebSite","@id":"https:\/\/thomasvino.ch\/#website","url":"https:\/\/thomasvino.ch\/","name":"thomasvino","description":"Vins &amp; Gastronomie","potentialAction":[{"@type":"SearchAction","target":{"@type":"EntryPoint","urlTemplate":"https:\/\/thomasvino.ch\/?s={search_term_string}"},"query-input":"required name=search_term_string"}],"inLanguage":"fr-FR"},{"@type":"Person","@id":"https:\/\/thomasvino.ch\/#\/schema\/person\/670bf4486fe81152cf1d68bd585e062e","name":"Pierre Thomas","image":{"@type":"ImageObject","inLanguage":"fr-FR","@id":"https:\/\/thomasvino.ch\/#\/schema\/person\/image\/","url":"https:\/\/secure.gravatar.com\/avatar\/91fd5a76647f140e53db987a0dead4d7?s=96&d=mm&r=g","contentUrl":"https:\/\/secure.gravatar.com\/avatar\/91fd5a76647f140e53db987a0dead4d7?s=96&d=mm&r=g","caption":"Pierre Thomas"},"url":"https:\/\/thomasvino.ch\/?author=3"}]}},"jetpack_featured_media_url":"","jetpack_sharing_enabled":true,"jetpack_shortlink":"https:\/\/wp.me\/p3m4tZ-2lM","jetpack_likes_enabled":false,"jetpack-related-posts":[{"id":9278,"url":"https:\/\/thomasvino.ch\/?p=9278","url_meta":{"origin":9038,"position":0},"title":"Mill\u00e9sime 2011: vignerons suisses sous pression","date":"16 novembre 2011","format":false,"excerpt":"G\u00e9n\u00e9reuses vendanges et franc fort: les vignerons sous pression Trop de vin en Suisse et trop d\u2019attrait \u00e0 l\u2019\u00e9tranger. Il n\u2019en faut pas plus pour inqui\u00e9ter les vignerons. Les Vaudois d\u2019abord. Ils vont contre-attaquer avec la promotion. Par Pierre Thomas Version douce en fran\u00e7ais... (suite tout en bas) Mercredi 9\u2026","rel":"","context":"Dans &quot;Tendance&quot;","img":{"alt_text":"vaud.jpg","src":"img\/vaud.jpg","width":350,"height":200},"classes":[]},{"id":9076,"url":"https:\/\/thomasvino.ch\/?p=9076","url_meta":{"origin":9038,"position":1},"title":"Union et campagne nationales pour le vin suisse","date":"24 septembre 2010","format":false,"excerpt":"Interprofession de la vigne et des vins suisses (IVVS) Comit\u00e9 \u00e9lu et campagne d\u00e9cid\u00e9e Double premi\u00e8re, \u00e0 huis-clos, \u00e0 Berne, d\u00e9but septembre 2010 : l\u2019Interprofession de la vigne et des vins suisses (IVVS) est re-n\u00e9e des cendres de la structure Swiss Wine et elle s\u2019est prononc\u00e9e, \u00e0 l\u2019unanimit\u00e9, pour une\u2026","rel":"","context":"Dans &quot;Actus - News&quot;","img":{"alt_text":"","src":"","width":0,"height":0},"classes":[]},{"id":8992,"url":"https:\/\/thomasvino.ch\/?p=8992","url_meta":{"origin":9038,"position":2},"title":"Interprofession des vins suisses: pas pr\u00eate!","date":"28 janvier 2010","format":false,"excerpt":"Interprofession de la vigne et des vins suisses C\u2019est reparti pour un tour \u2026 de table L\u2019Interprofession de la vigne et des vins suisses (IVS) devait \u00eatre fond\u00e9e \u00e0 Berne le 14 d\u00e9cembre dernier. La s\u00e9ance a \u00e9t\u00e9 report\u00e9e et le dernier projet esquiss\u00e9, suspendu. Les partenaires vont rediscuter. La\u2026","rel":"","context":"Dans &quot;Vins suisses&quot;","img":{"alt_text":"","src":"","width":0,"height":0},"classes":[]},{"id":9724,"url":"https:\/\/thomasvino.ch\/?p=9724","url_meta":{"origin":9038,"position":3},"title":"Vins suisses \u2014 Swiss Wine Communication sabord\u00e9!","date":"10 f\u00e9vrier 2006","format":false,"excerpt":"Vins suisses \u2014 Swiss Wine Communication se saborde La promotion retourne aux cantons Vendredi 9 f\u00e9vrier, en assembl\u00e9e extraordinaire, l\u2019Interprofession suisse du vin a d\u00e9cid\u00e9 de demander un ajournement de faillite de son agence de promotion, Swiss Wine Communication (SWC). Une d\u00e9cision prise contre l\u2019avis du pr\u00e9sident et du vice-pr\u00e9sident\u2026","rel":"","context":"Dans &quot;Actus - News&quot;","img":{"alt_text":"","src":"","width":0,"height":0},"classes":[]},{"id":9310,"url":"https:\/\/thomasvino.ch\/?p=9310","url_meta":{"origin":9038,"position":4},"title":"Pour la promotion, la Suisse compte ses vignerons","date":"8 janvier 2012","format":false,"excerpt":"2 centimes pour la promotion des vins suisses Combien de vignerons en Suisse? Combien la Suisse compte-t-elle de vignerons\u00a0? Pour obtenir une aide f\u00e9d\u00e9rale pour la promotion entre 2012 et 2014, l\u2019Interprofession de la vigne et des vins suisses (IVVS) a d\u00fb compter ses troupes. Non sans difficult\u00e9\u2026 La requ\u00eate\u2026","rel":"","context":"Dans &quot;Actus - News&quot;","img":{"alt_text":"","src":"","width":0,"height":0},"classes":[]},{"id":16172,"url":"https:\/\/thomasvino.ch\/?p=16172","url_meta":{"origin":9038,"position":5},"title":"Vin suisse\u00a0: contre la crise, une campagne de promo\u00a0!","date":"13 novembre 2019","format":false,"excerpt":"Des stocks importants, une consommation en baisse et la r\u00e9duction des quotas (vaudois et valaisans) mettent \u00e0 mal la production vitivinicole suisse. Une campagne de promotion de plusieurs millions de francs, \u00e9tal\u00e9e sur deux ans, d\u00e9marre, sous le contr\u00f4le de Swiss Wine Promotion. Elle vise d\u2019abord les grandes surfaces, o\u00f9\u2026","rel":"","context":"Dans &quot;Vins suisses&quot;","img":{"alt_text":"","src":"","width":0,"height":0},"classes":[]}],"_links":{"self":[{"href":"https:\/\/thomasvino.ch\/index.php?rest_route=\/wp\/v2\/posts\/9038"}],"collection":[{"href":"https:\/\/thomasvino.ch\/index.php?rest_route=\/wp\/v2\/posts"}],"about":[{"href":"https:\/\/thomasvino.ch\/index.php?rest_route=\/wp\/v2\/types\/post"}],"author":[{"embeddable":true,"href":"https:\/\/thomasvino.ch\/index.php?rest_route=\/wp\/v2\/users\/3"}],"replies":[{"embeddable":true,"href":"https:\/\/thomasvino.ch\/index.php?rest_route=%2Fwp%2Fv2%2Fcomments&post=9038"}],"version-history":[{"count":0,"href":"https:\/\/thomasvino.ch\/index.php?rest_route=\/wp\/v2\/posts\/9038\/revisions"}],"wp:attachment":[{"href":"https:\/\/thomasvino.ch\/index.php?rest_route=%2Fwp%2Fv2%2Fmedia&parent=9038"}],"wp:term":[{"taxonomy":"category","embeddable":true,"href":"https:\/\/thomasvino.ch\/index.php?rest_route=%2Fwp%2Fv2%2Fcategories&post=9038"},{"taxonomy":"post_tag","embeddable":true,"href":"https:\/\/thomasvino.ch\/index.php?rest_route=%2Fwp%2Fv2%2Ftags&post=9038"}],"curies":[{"name":"wp","href":"https:\/\/api.w.org\/{rel}","templated":true}]}}