{"id":9046,"date":"2010-07-26T19:00:00","date_gmt":"2010-07-26T19:00:00","guid":{"rendered":"http:\/\/localhost\/thomasvino\/?p=9046"},"modified":"2010-07-26T19:00:00","modified_gmt":"2010-07-26T19:00:00","slug":"valais-le-mont-dor-relance-un-rhin-sec","status":"publish","type":"post","link":"https:\/\/thomasvino.ch\/?p=9046","title":{"rendered":"Valais \u2014 Le Mont-d&rsquo;Or relance un Rhin sec"},"content":{"rendered":"<h2 style=\"text-align: justify;\"><i>Domaine du Mont-d\u2019Or, Sion<\/i><\/h2>\n<h1 style=\"text-align: justify;\">Le Johannis\u2019 retourne au sec<\/h1>\n<div style=\"text-align: justify;\"><b>Le Domaine du Mont-d\u2019Or, aux portes de Sion, \u00e0 Pont-de-la-Morge, d\u00e9sormais enti\u00e8rement la propri\u00e9t\u00e9 du groupe vaudois Schenk, (re)lance un Johannisberg sec. Mais sans toucher \u00e0 son \u00e9tiquette phare, vinifi\u00e9e en demi-doux ces derni\u00e8res ann\u00e9es. <br \/>\n<\/b><i>Par Pierre Thomas<\/i><br \/>\nEn 2009, le Sylvaner, appel\u00e9 improprement <i><b>Johannisberg<\/b><\/i> en Valais ou, localement, Rhin, avec 3 millions de kilos r\u00e9colt\u00e9s, repr\u00e9sentait 5% de la vendange valaisanne. <i><b>C\u2019est le deuxi\u00e8me c\u00e9page blanc le plus plant\u00e9 en Valais, sur 232 ha, contre 1&rsquo;070 ha de Chasselas et 150 ha de Petite Arvine.<\/b><\/i> Sur les 21 ha du Domaine du Mont-d\u2019Or, il occupe un peu plus de 40% de la surface, r\u00e9partie sur 220 terrasses de la fameuse colline. <br \/>\n<b>Un pionnier des surmatur\u00e9s<\/b><br \/>\nJusqu\u2019ici au Mont-d\u2019Or, le Sylvaner, ramen\u00e9 d\u2019Allemagne vers 1880 par Georges Masson, le fils du cr\u00e9ateur du domaine Fran\u00e7ois-Eug\u00e8ne (en 1848), n\u2019\u00e9tait vinifi\u00e9 qu\u2019en version l\u00e9g\u00e9rement moelleuse (60&rsquo;000 bouteilles) et en vin surmatur\u00e9, le Saint-Martin et en assemblage dans le Go\u00fbt du Conseil. Le premier vin fait partie de la Charte Grain Noble ConfidenCiel, dont le Mont-d\u2019Or est un des fondateurs, en 1996. <br \/>\n<i><b>Le domaine consacre un tiers de sa surface pour \u00e9laborer, bon an, mal an, quelque 30&rsquo;000 flacons de vins surmatur\u00e9s<\/b><\/i> sur souche, un volume stable, commente le directeur depuis bient\u00f4t vingt ans, Simon Lambiel. Celui-ci explique la d\u00e9marche&#160;: \u00abAvec un vin sec, le Siccus 2009, tir\u00e9 \u00e0 10&rsquo;000 bouteilles, nous voulions retrouver le Johannisberg d\u2019il y a vingt ans, plus sec que celui \u00e9labor\u00e9 d\u00e8s les ann\u00e9es 1990. La mode a \u00e9volu\u00e9 et la client\u00e8le nous demande un vin plus sec.\u00bb Toutefois, assure M. Lambiel, ce nouveau vin compl\u00e8te l\u2019assortiment, mais pas au d\u00e9triment de la cuv\u00e9e classique, demi-douce. Ces quatre derni\u00e8res ann\u00e9es, des parcelles de Chasselas, de Pinot et de Gamay ont \u00e9t\u00e9 replant\u00e9es en Sylvaner. <br \/>\nM\u00eame s\u2019il ne peut les commercialiser \u00e0 large \u00e9chelle, <i><b>le domaine dispose d\u2019une r\u00e9serve de vieux mill\u00e9simes<\/b><\/i>, par exemple pour des d\u00e9gustations verticales, comme celle organis\u00e9e au Restaurant Philippe Rochat, \u00e0 Crissier, pour le lancement du Siccus. Si, comme en t\u00e9moigne Dominique Fornage, d\u00e9gustateur valaisan chevronn\u00e9, les Johannisberg du Mont-d\u2019Or ont toujours \u00abeu la r\u00e9putation d\u2019\u00eatre doux, en tout cas plus doux que ceux de Chamoson\u00bb, jusque dans les ann\u00e9es 1970, ce vin blanc affichait des taux d\u2019alcool de 14% et plus, pour un sucre r\u00e9siduel d\u00e9passant rarement les 5 g.\/litre. D\u00e8s les ann\u00e9es 1980, ces facteurs se rapprochent de 13% d\u2019alcool et de 15 \u00e0 30 g.\/litre de sucre r\u00e9siduel.<br \/>\n<b>Nouveau pr\u00e9sident<\/b><br \/>\n<i><b>Ce printemps 2010, le Domaine du Mont-d\u2019Or SA est pass\u00e9 enti\u00e8rement dans les mains du groupe vaudois Schenk SA. La Banque Cantonale Vaudoise (BCV) lui a c\u00e9d\u00e9 les 22% de parts dont elle disposait jusqu\u2019ici. L\u2019ex-co-pr\u00e9sident de VINEA \u00e0 Sierre, Vincent Bonvin, succ\u00e8de \u00e0 l\u2019avocat s\u00e9dunois Jacques Allet \u00e0 la pr\u00e9sidence du conseil d\u2019administration<\/b><\/i>, o\u00f9 si\u00e8gent notamment Pierre K\u00fcnzle, ancien directeur de la maison Obrist, qui distribue hors Valais les vins du domaine, et Jacques R. Meyer, ancien directeur g\u00e9n\u00e9ral de la Banque Cantonale Vaudoise.<\/div>\n<h2 style=\"text-align: justify;\">D\u00e9gustation verticale de <br \/>\nJohannisberg \u00abclassique\u00bb du Mont-d\u2019Or<\/h2>\n<div style=\"text-align: justify;\"><b>Johannisberg 2009<\/b><br \/>\nRobe jaune brillante&#160;; nez ouvert, notes d\u2019amandes douces&#160;; attaque sur le moelleux, la douceur (22 g.\/litre)&#160;; \u00e9quilibr\u00e9, rond&#160;; l\u00e9g\u00e8re amertume finale, \u00e0 la fois min\u00e9rale et typ\u00e9e du c\u00e9page. <b>86\/100<\/b><\/p>\n<p><b>Johannisberg 2003<\/b><br \/>\nRobe dor\u00e9e&#160;; nez ouvert, traces de p\u00e9trole&#160;; attaque sur des notes vanill\u00e9es, de caramel mou, de fruits blancs confits&#160;; d\u00e9s\u00e9quilibr\u00e9 entre le sucre tr\u00e8s pr\u00e9sent (58 g.\/litre) et le bas taux d\u2019alcool (11,4 %). <b>88\/100<\/b><\/p>\n<p><b>Johannisberg 2000<\/b><br \/>\nRobe dor\u00e9e&#160;; nez de champignon, de botrytis&#160;; attaque souple&#160;; belle structure, gras en milieu de bouche&#160;; belle ampleur et finale fra\u00eeche. Un magnifique \u00e9quilibre. <b>90\/100<\/b><\/p>\n<p><b>Johannisberg 1998<\/b><br \/>\nVieil or&#160;; nez grill\u00e9&#160;; notes d\u2019\u00e9corce d\u2019oranges confites, de safran, \u00e9voluant vers des notes tertiaires&#160;; finale sur l\u2019amande am\u00e8re&#160;; belle complexit\u00e9. <b>88\/100<\/b><\/p>\n<p><b>Johannisberg 1992<\/b><br \/>\nRobe dor\u00e9e&#160;; nez de miel d\u2019accacia, de cire d\u2019abeille&#160;; attaque un peu mince (12% d\u2019alcool seulement)&#160;; l\u00e9g\u00e8re oxydation et champignon en finale. <b>85\/100<\/b><\/p>\n<p><b>Johannisberg 1989<\/b><br \/>\nRobe dor\u00e9e&#160;; nez d\u2019allumette frott\u00e9e&#160;; attaque huileuse&#160;; un peu aust\u00e8re&#160;; poivre blanc et \u00e9pice en finale&#160;; notes de moka. Bel \u00e9quilibre et grande \u00e9l\u00e9gance. <b>88\/100<\/b><\/p>\n<p><b>Johannisberg 1987<\/b><br \/>\nRobe dor\u00e9e&#160;; nez d\u2019allumette frott\u00e9e&#160;; notes d\u2019amertume \u00e0 l\u2019attaque&#160;; mince, finale sur le champignon et l\u2019amande grill\u00e9e. <b>86\/100<\/b><\/p>\n<p><b>Johannisberg 1979<\/b><br \/>\nVieil or&#160;; nez de citron confit, l\u00e9g\u00e8re note de truffe blanche&#160;; finale sur les abricots secs, avec une pointe de vivacit\u00e9. <b>86\/100<\/b><\/p>\n<p><b>Johannisberg 1969<\/b><br \/>\nVieil or&#160;; nez exub\u00e9rant de glycine&#160;; attaque sur les herbes s\u00e8ches, le foin&#160;; notes de poivre blanc et de curry&#160;; manque un peu de longueur. <b>88\/100<\/b><\/p>\n<p><b>Johannisberg 1967<\/b><br \/>\nVieil or&#160;; nez d\u2019allumette frott\u00e9e&#160;; nuances d\u2019\u00e9pices orientales, de pain de seigle grill\u00e9&#160;; du gras en milieu de bouche et une finale sur l\u2019amande grill\u00e9e, avec des notes de safran&#160;; riche, puissant et n\u00e9anmoins frais. <b>90\/100<\/b><\/p>\n<p><b>Johannisberg 1959<\/b><br \/>\nTrouble, \u00e0 reflets brun\u00e2tres&#160;; nez de noix, de vin jaune du Jura, avec du caramel&#160;; attaque souple, sur des ar\u00f4mes de malt, de pain de seigle grill\u00e9&#160;; un vin qui a entam\u00e9 sa descente et rappelle un vieux Mad\u00e8re. <b>86\/100<\/b><\/p>\n<p><b>Siccus 2009<\/b>, <i>Johannisberg sec (vendang\u00e9 15 jours avant le classique, 14% d\u2019alcool)<\/i><br \/>\nJaune brillant&#160;; nez d\u2019amande douce&#160;; pointe de CO2 \u00e0 l\u2019attaque, sur les fruits exotiques, l\u2019ananas, la mangue&#160;; pointe d\u2019amertume finale. <b>86\/100<\/b><\/p>\n<p><i>\u00a9www.thomasvino.com \u2014 mai 2010<\/i><\/div>\n","protected":false},"excerpt":{"rendered":"<p>Domaine du Mont-d\u2019Or, Sion Le Johannis\u2019 retourne au sec Le Domaine du Mont-d\u2019Or, aux portes de Sion, \u00e0 Pont-de-la-Morge, d\u00e9sormais enti\u00e8rement la propri\u00e9t\u00e9 du groupe vaudois Schenk, (re)lance un Johannisberg sec. Mais sans toucher \u00e0 son \u00e9tiquette phare, vinifi\u00e9e en demi-doux ces derni\u00e8res ann\u00e9es. Par Pierre Thomas En 2009, le Sylvaner, appel\u00e9 improprement Johannisberg en [&hellip;]<\/p>\n","protected":false},"author":3,"featured_media":0,"comment_status":"closed","ping_status":"open","sticky":false,"template":"","format":"standard","meta":{"_monsterinsights_skip_tracking":false,"_monsterinsights_sitenote_active":false,"_monsterinsights_sitenote_note":"","_monsterinsights_sitenote_category":0,"jetpack_post_was_ever_published":false,"jetpack_publicize_message":"","jetpack_is_tweetstorm":false,"jetpack_publicize_feature_enabled":true,"jetpack_social_post_already_shared":false,"jetpack_social_options":{"image_generator_settings":{"template":"highway","enabled":false}}},"categories":[3],"tags":[],"jetpack_publicize_connections":[],"yoast_head":"<!-- This site is optimized with the Yoast SEO plugin v20.6 - https:\/\/yoast.com\/wordpress\/plugins\/seo\/ -->\n<title>Valais \u2014 Le Mont-d&#039;Or relance un Rhin sec - thomasvino<\/title>\n<meta name=\"robots\" content=\"index, follow, max-snippet:-1, max-image-preview:large, max-video-preview:-1\" \/>\n<link rel=\"canonical\" href=\"https:\/\/thomasvino.ch\/?p=9046\" \/>\n<meta property=\"og:locale\" content=\"fr_FR\" \/>\n<meta property=\"og:type\" content=\"article\" \/>\n<meta property=\"og:title\" content=\"Valais \u2014 Le Mont-d&#039;Or relance un Rhin sec - thomasvino\" \/>\n<meta property=\"og:description\" content=\"Domaine du Mont-d\u2019Or, Sion Le Johannis\u2019 retourne au sec Le Domaine du Mont-d\u2019Or, aux portes de Sion, \u00e0 Pont-de-la-Morge, d\u00e9sormais enti\u00e8rement la propri\u00e9t\u00e9 du groupe vaudois Schenk, (re)lance un Johannisberg sec. Mais sans toucher \u00e0 son \u00e9tiquette phare, vinifi\u00e9e en demi-doux ces derni\u00e8res ann\u00e9es. Par Pierre Thomas En 2009, le Sylvaner, appel\u00e9 improprement Johannisberg en [&hellip;]\" \/>\n<meta property=\"og:url\" content=\"https:\/\/thomasvino.ch\/?p=9046\" \/>\n<meta property=\"og:site_name\" content=\"thomasvino\" \/>\n<meta property=\"article:published_time\" content=\"2010-07-26T19:00:00+00:00\" \/>\n<meta name=\"author\" content=\"Pierre Thomas\" \/>\n<meta name=\"twitter:label1\" content=\"\u00c9crit par\" \/>\n\t<meta name=\"twitter:data1\" content=\"Pierre Thomas\" \/>\n\t<meta name=\"twitter:label2\" content=\"Dur\u00e9e de lecture estim\u00e9e\" \/>\n\t<meta name=\"twitter:data2\" content=\"5 minutes\" \/>\n<script type=\"application\/ld+json\" class=\"yoast-schema-graph\">{\"@context\":\"https:\/\/schema.org\",\"@graph\":[{\"@type\":\"WebPage\",\"@id\":\"https:\/\/thomasvino.ch\/?p=9046\",\"url\":\"https:\/\/thomasvino.ch\/?p=9046\",\"name\":\"Valais \u2014 Le Mont-d'Or relance un Rhin sec - thomasvino\",\"isPartOf\":{\"@id\":\"https:\/\/thomasvino.ch\/#website\"},\"datePublished\":\"2010-07-26T19:00:00+00:00\",\"dateModified\":\"2010-07-26T19:00:00+00:00\",\"author\":{\"@id\":\"https:\/\/thomasvino.ch\/#\/schema\/person\/670bf4486fe81152cf1d68bd585e062e\"},\"breadcrumb\":{\"@id\":\"https:\/\/thomasvino.ch\/?p=9046#breadcrumb\"},\"inLanguage\":\"fr-FR\",\"potentialAction\":[{\"@type\":\"ReadAction\",\"target\":[\"https:\/\/thomasvino.ch\/?p=9046\"]}]},{\"@type\":\"BreadcrumbList\",\"@id\":\"https:\/\/thomasvino.ch\/?p=9046#breadcrumb\",\"itemListElement\":[{\"@type\":\"ListItem\",\"position\":1,\"name\":\"Accueil\",\"item\":\"https:\/\/thomasvino.ch\/\"},{\"@type\":\"ListItem\",\"position\":2,\"name\":\"Valais \u2014 Le Mont-d&rsquo;Or relance un Rhin sec\"}]},{\"@type\":\"WebSite\",\"@id\":\"https:\/\/thomasvino.ch\/#website\",\"url\":\"https:\/\/thomasvino.ch\/\",\"name\":\"thomasvino\",\"description\":\"Vins &amp; Gastronomie\",\"potentialAction\":[{\"@type\":\"SearchAction\",\"target\":{\"@type\":\"EntryPoint\",\"urlTemplate\":\"https:\/\/thomasvino.ch\/?s={search_term_string}\"},\"query-input\":\"required name=search_term_string\"}],\"inLanguage\":\"fr-FR\"},{\"@type\":\"Person\",\"@id\":\"https:\/\/thomasvino.ch\/#\/schema\/person\/670bf4486fe81152cf1d68bd585e062e\",\"name\":\"Pierre Thomas\",\"image\":{\"@type\":\"ImageObject\",\"inLanguage\":\"fr-FR\",\"@id\":\"https:\/\/thomasvino.ch\/#\/schema\/person\/image\/\",\"url\":\"https:\/\/secure.gravatar.com\/avatar\/91fd5a76647f140e53db987a0dead4d7?s=96&d=mm&r=g\",\"contentUrl\":\"https:\/\/secure.gravatar.com\/avatar\/91fd5a76647f140e53db987a0dead4d7?s=96&d=mm&r=g\",\"caption\":\"Pierre Thomas\"},\"url\":\"https:\/\/thomasvino.ch\/?author=3\"}]}<\/script>\n<!-- \/ Yoast SEO plugin. -->","yoast_head_json":{"title":"Valais \u2014 Le Mont-d'Or relance un Rhin sec - thomasvino","robots":{"index":"index","follow":"follow","max-snippet":"max-snippet:-1","max-image-preview":"max-image-preview:large","max-video-preview":"max-video-preview:-1"},"canonical":"https:\/\/thomasvino.ch\/?p=9046","og_locale":"fr_FR","og_type":"article","og_title":"Valais \u2014 Le Mont-d'Or relance un Rhin sec - thomasvino","og_description":"Domaine du Mont-d\u2019Or, Sion Le Johannis\u2019 retourne au sec Le Domaine du Mont-d\u2019Or, aux portes de Sion, \u00e0 Pont-de-la-Morge, d\u00e9sormais enti\u00e8rement la propri\u00e9t\u00e9 du groupe vaudois Schenk, (re)lance un Johannisberg sec. Mais sans toucher \u00e0 son \u00e9tiquette phare, vinifi\u00e9e en demi-doux ces derni\u00e8res ann\u00e9es. Par Pierre Thomas En 2009, le Sylvaner, appel\u00e9 improprement Johannisberg en [&hellip;]","og_url":"https:\/\/thomasvino.ch\/?p=9046","og_site_name":"thomasvino","article_published_time":"2010-07-26T19:00:00+00:00","author":"Pierre Thomas","twitter_misc":{"\u00c9crit par":"Pierre Thomas","Dur\u00e9e de lecture estim\u00e9e":"5 minutes"},"schema":{"@context":"https:\/\/schema.org","@graph":[{"@type":"WebPage","@id":"https:\/\/thomasvino.ch\/?p=9046","url":"https:\/\/thomasvino.ch\/?p=9046","name":"Valais \u2014 Le Mont-d'Or relance un Rhin sec - thomasvino","isPartOf":{"@id":"https:\/\/thomasvino.ch\/#website"},"datePublished":"2010-07-26T19:00:00+00:00","dateModified":"2010-07-26T19:00:00+00:00","author":{"@id":"https:\/\/thomasvino.ch\/#\/schema\/person\/670bf4486fe81152cf1d68bd585e062e"},"breadcrumb":{"@id":"https:\/\/thomasvino.ch\/?p=9046#breadcrumb"},"inLanguage":"fr-FR","potentialAction":[{"@type":"ReadAction","target":["https:\/\/thomasvino.ch\/?p=9046"]}]},{"@type":"BreadcrumbList","@id":"https:\/\/thomasvino.ch\/?p=9046#breadcrumb","itemListElement":[{"@type":"ListItem","position":1,"name":"Accueil","item":"https:\/\/thomasvino.ch\/"},{"@type":"ListItem","position":2,"name":"Valais \u2014 Le Mont-d&rsquo;Or relance un Rhin sec"}]},{"@type":"WebSite","@id":"https:\/\/thomasvino.ch\/#website","url":"https:\/\/thomasvino.ch\/","name":"thomasvino","description":"Vins &amp; Gastronomie","potentialAction":[{"@type":"SearchAction","target":{"@type":"EntryPoint","urlTemplate":"https:\/\/thomasvino.ch\/?s={search_term_string}"},"query-input":"required name=search_term_string"}],"inLanguage":"fr-FR"},{"@type":"Person","@id":"https:\/\/thomasvino.ch\/#\/schema\/person\/670bf4486fe81152cf1d68bd585e062e","name":"Pierre Thomas","image":{"@type":"ImageObject","inLanguage":"fr-FR","@id":"https:\/\/thomasvino.ch\/#\/schema\/person\/image\/","url":"https:\/\/secure.gravatar.com\/avatar\/91fd5a76647f140e53db987a0dead4d7?s=96&d=mm&r=g","contentUrl":"https:\/\/secure.gravatar.com\/avatar\/91fd5a76647f140e53db987a0dead4d7?s=96&d=mm&r=g","caption":"Pierre Thomas"},"url":"https:\/\/thomasvino.ch\/?author=3"}]}},"jetpack_featured_media_url":"","jetpack_sharing_enabled":true,"jetpack_shortlink":"https:\/\/wp.me\/p3m4tZ-2lU","jetpack_likes_enabled":false,"jetpack-related-posts":[{"id":14400,"url":"https:\/\/thomasvino.ch\/?p=14400","url_meta":{"origin":9046,"position":0},"title":"Nouveau directeur au Domaine du Mont-d\u2019Or","date":"12 juin 2017","format":false,"excerpt":"C\u2019est le directeur technique de Provins depuis un an seulement, Marc-Andr\u00e9 Devant\u00e9ry, qui succ\u00e8dera d\u00e9but ao\u00fbt \u00e0 Simon Lambiel, \u00e0 la t\u00eate du Domaine du Mont-d\u2019Or, un des plus beaux domaines viticoles de Suisse, 24 hectares d\u2019un seul tenant sur une colline \u00e0 l\u2019entr\u00e9e de Sion, \u00e0 Pont-de-la-Morge. Avant de\u2026","rel":"","context":"Dans &quot;Vins suisses&quot;","img":{"alt_text":"","src":"https:\/\/i0.wp.com\/thomasvino.ch\/wp-content\/uploads\/2017\/06\/site_montdor17-300x200.jpg?resize=350%2C200&ssl=1","width":350,"height":200},"classes":[]},{"id":15457,"url":"https:\/\/thomasvino.ch\/?p=15457","url_meta":{"origin":9046,"position":1},"title":"Les Etoiles du Valais 2018 ont de la M\u00e9moire","date":"6 d\u00e9cembre 2018","format":false,"excerpt":"A Berne, pour la seconde fois, l\u2019Interprofession de la vigne et du vin du Valais (IVVVs) a d\u00e9cern\u00e9 ses \u00ab\u00e9toiles\u00bb, soit le titre supr\u00eame du vin qui a obtenu le plus haut pointage de la S\u00e9lection de vins qui, en Valais, a lieu en septembre (Gen\u00e8ve, Vaud, Neuch\u00e2tel sont au\u2026","rel":"","context":"Dans &quot;Vins suisses&quot;","img":{"alt_text":"","src":"https:\/\/i0.wp.com\/thomasvino.ch\/wp-content\/uploads\/2018\/12\/vs_etoiles_coffret18-300x202.jpg?resize=350%2C200&ssl=1","width":350,"height":200},"classes":[]},{"id":17063,"url":"https:\/\/thomasvino.ch\/?p=17063","url_meta":{"origin":9046,"position":2},"title":"Bonne bouche: sur un air de fl\u00fbte enchant\u00e9e","date":"30 d\u00e9cembre 2020","format":false,"excerpt":"En cette fin d\u2019ann\u00e9e, le Domaine du Mont-d\u2019Or, lance une gamme \u00abCh\u00e2teau\u00bb. Et son Siccus 2019 d\u00e9croche, pour la deuxi\u00e8me fois en trois ans, l\u2019\u00e9toile d\u2019or du johannisberg le mieux not\u00e9 de la S\u00e9lection des vins du Valais. \u00abNous \u00e9laborons 70% de vins secs, il faut que cela se sache\u00a0!\u00bb,\u2026","rel":"","context":"Dans &quot;Bonne bouche \u2014 encore!&quot;","img":{"alt_text":"","src":"","width":0,"height":0},"classes":[]},{"id":15769,"url":"https:\/\/thomasvino.ch\/?p=15769","url_meta":{"origin":9046,"position":3},"title":"Bonne bouche &#8211; Un rouge du pays au sommet","date":"1 mai 2019","format":false,"excerpt":"\u00abC\u2019est quoi, le cornalin\u00a0?\u00bb, se sont exclam\u00e9s, \u00e0 l\u2019issue des 25\u00e8mes Vinalies de Paris, les \u0153nologues fran\u00e7ais qui d\u00e9couvraient le vin le mieux not\u00e9 du concours\u00a0: 99 points sur 100\u00a0! Une unanimit\u00e9 rarissime \u00e0 un tel niveau\u2026 Cet honneur \u00e9choit au Domaine du Mont-d\u2019Or, qu\u2019on voit du train ou de\u2026","rel":"","context":"Dans &quot;Bonne bouche \u2014 encore!&quot;","img":{"alt_text":"","src":"","width":0,"height":0},"classes":[]},{"id":9977,"url":"https:\/\/thomasvino.ch\/?p=9977","url_meta":{"origin":9046,"position":4},"title":"Une petite arvine \u00abchampionne du monde\u00bb","date":"2 juin 2007","format":false,"excerpt":"Au Concours de Ljubljana (Slov\u00e9nie)Une petite arvine \u00abchampionne du monde\u00bbUn des plus ancien concours de vins du monde, qui en est \u00e0 sa 53\u00e8me \u00e9dition, et revendique le titre d'\u00ab\u00e9valuation internationale de vins\u00bb a distingu\u00e9 comme meilleur vin blanc sec, la petite arvine 2006 des jeunes fr\u00e8res Antoine et Christophe\u2026","rel":"","context":"Dans &quot;Actus - News&quot;","img":{"alt_text":"","src":"","width":0,"height":0},"classes":[]},{"id":8860,"url":"https:\/\/thomasvino.ch\/?p=8860","url_meta":{"origin":9046,"position":5},"title":"Le Valais en force aux Vinalies","date":"16 mars 2009","format":false,"excerpt":"Vinalies de Paris\u00a02009Le Valais en force... comme d\u2019hab\u2019C\u2019est d\u00e9sormais une tradition\u00a0: les Vinalies Internationales de Paris sourient aux Valaisans. Sur les 17 m\u00e9dailles d\u2019or de l\u2019\u00e9dition 2009 pour la Suisse, 16 vont \u00e0 des vins du Vieux-Pays. L\u2019honneur vaudois est sauv\u00e9 par le gamaret f\u00fbts de ch\u00eane 2006 de la\u2026","rel":"","context":"Dans &quot;Actus - News&quot;","img":{"alt_text":"","src":"","width":0,"height":0},"classes":[]}],"_links":{"self":[{"href":"https:\/\/thomasvino.ch\/index.php?rest_route=\/wp\/v2\/posts\/9046"}],"collection":[{"href":"https:\/\/thomasvino.ch\/index.php?rest_route=\/wp\/v2\/posts"}],"about":[{"href":"https:\/\/thomasvino.ch\/index.php?rest_route=\/wp\/v2\/types\/post"}],"author":[{"embeddable":true,"href":"https:\/\/thomasvino.ch\/index.php?rest_route=\/wp\/v2\/users\/3"}],"replies":[{"embeddable":true,"href":"https:\/\/thomasvino.ch\/index.php?rest_route=%2Fwp%2Fv2%2Fcomments&post=9046"}],"version-history":[{"count":0,"href":"https:\/\/thomasvino.ch\/index.php?rest_route=\/wp\/v2\/posts\/9046\/revisions"}],"wp:attachment":[{"href":"https:\/\/thomasvino.ch\/index.php?rest_route=%2Fwp%2Fv2%2Fmedia&parent=9046"}],"wp:term":[{"taxonomy":"category","embeddable":true,"href":"https:\/\/thomasvino.ch\/index.php?rest_route=%2Fwp%2Fv2%2Fcategories&post=9046"},{"taxonomy":"post_tag","embeddable":true,"href":"https:\/\/thomasvino.ch\/index.php?rest_route=%2Fwp%2Fv2%2Ftags&post=9046"}],"curies":[{"name":"wp","href":"https:\/\/api.w.org\/{rel}","templated":true}]}}