{"id":9059,"date":"2010-08-14T14:45:00","date_gmt":"2010-08-14T14:45:00","guid":{"rendered":"http:\/\/localhost\/thomasvino\/?p=9059"},"modified":"2010-08-14T14:45:00","modified_gmt":"2010-08-14T14:45:00","slug":"feiring-sur-les-traces-de-jonathan-nossiter","status":"publish","type":"post","link":"https:\/\/thomasvino.ch\/?p=9059","title":{"rendered":"Feiring sur les traces de Jonathan Nossiter"},"content":{"rendered":"<h2>Alice Feiring, journaliste am\u00e9ricaine<\/h2>\n<p>Auteure de <i>\u00abLa bataille du vin et de l\u2019amour\u00bb<\/i> (Jean-Paul Rocher, \u00e9diteur, publi\u00e9 en janvier 2010) (en anglais <i>\u00ab\u2026 pour le vin et l\u2019amour\u00bb<\/i>).<br \/>\nSon blog&#160;:&#160;<a href=\"http:\/\/www.alicefeiring.com\/\"><b> in vino veritas<\/b><\/a>, chroniques dans le New York Times<br \/>\nChroniques dans le <i>New York Times<\/i>.<\/p>\n<p><i><b>Son credo&#160;pour les vins de demain&#160;:<\/b><\/i><br \/>\n\u00abIl existe un d\u00e9bat pour savoir jusqu\u2019o\u00f9 le naturel est naturel. Le strict minimum est de commencer par une culture aussi biologique que possible et ensuite d\u2019\u00e9viter les ajouts, les additifs, les ar\u00f4mes de synth\u00e8se (y compris le ch\u00eane), les machines qui changent la texture ou la saveur ou le taux d\u2019alcool. Est-il possible que l\u2019\u00e9tude des manipulations existantes ait \u00e9chapp\u00e9 \u00e0 l\u2019attention de Robert Parker&#160;?\u00bb (p. 205)<br \/>\nCe qui implique&#160;:<br \/>\n\u2014 des pratiques agricoles saines<br \/>\n\u2014 une vendange manuelle<br \/>\n\u2014 pas de mac\u00e9ration \u00e0 froid prolong\u00e9e<br \/>\n\u2014 pas d\u2019ajout de levures ou de bact\u00e9ries<br \/>\n\u2014 pas d\u2019ajouts d\u2019enzymes<br \/>\n\u2014 pas de saveurs de bois\u00e9 ou de grill\u00e9<br \/>\n\u2014 pas d\u2019additifs pour structurer le go\u00fbt ou la texture<br \/>\n\u2014 pas d\u2019usage de proc\u00e9d\u00e9s m\u00e9caniques pour manipuler le taux d\u2019alcool, le go\u00fbt, la texture ou qui favorisent un vieillissement pr\u00e9matur\u00e9<\/p>\n<p><i><b>Se bat aussi pour que la liste des produits utilis\u00e9s dans le vin paraisse sur la contre-\u00e9tiquette<\/b><\/i>&#160;: moins il y en a, plus le vin appara\u00eetra franc&#160;!<br \/>\nNe conteste formellement ni le soufre (\u00abvin sans SO2\u00bb, abusivement nomm\u00e9s \u00abvins naturels\u00bb par certains sommeliers fran\u00e7ais), ni l\u2019enrichissement au sucre de betterave (la chaptalisation).<br \/>\n<i>\u00a9www.thomasvino.com, 150810<\/i><\/p>\n","protected":false},"excerpt":{"rendered":"<p>Alice Feiring, journaliste am\u00e9ricaine Auteure de \u00abLa bataille du vin et de l\u2019amour\u00bb (Jean-Paul Rocher, \u00e9diteur, publi\u00e9 en janvier 2010) (en anglais \u00ab\u2026 pour le vin et l\u2019amour\u00bb). Son blog&#160;:&#160; in vino veritas, chroniques dans le New York Times Chroniques dans le New York Times. Son credo&#160;pour les vins de demain&#160;: \u00abIl existe un d\u00e9bat [&hellip;]<\/p>\n","protected":false},"author":3,"featured_media":0,"comment_status":"closed","ping_status":"open","sticky":false,"template":"","format":"standard","meta":{"_monsterinsights_skip_tracking":false,"_monsterinsights_sitenote_active":false,"_monsterinsights_sitenote_note":"","_monsterinsights_sitenote_category":0,"jetpack_post_was_ever_published":false,"jetpack_publicize_message":"","jetpack_is_tweetstorm":false,"jetpack_publicize_feature_enabled":true,"jetpack_social_post_already_shared":false,"jetpack_social_options":{"image_generator_settings":{"template":"highway","enabled":false}}},"categories":[15],"tags":[],"jetpack_publicize_connections":[],"yoast_head":"<!-- This site is optimized with the Yoast SEO plugin v20.6 - https:\/\/yoast.com\/wordpress\/plugins\/seo\/ -->\n<title>Feiring sur les traces de Jonathan Nossiter - thomasvino<\/title>\n<meta name=\"robots\" content=\"index, follow, max-snippet:-1, max-image-preview:large, max-video-preview:-1\" \/>\n<link rel=\"canonical\" href=\"https:\/\/thomasvino.ch\/?p=9059\" \/>\n<meta property=\"og:locale\" content=\"fr_FR\" \/>\n<meta property=\"og:type\" content=\"article\" \/>\n<meta property=\"og:title\" content=\"Feiring sur les traces de Jonathan Nossiter - thomasvino\" \/>\n<meta property=\"og:description\" content=\"Alice Feiring, journaliste am\u00e9ricaine Auteure de \u00abLa bataille du vin et de l\u2019amour\u00bb (Jean-Paul Rocher, \u00e9diteur, publi\u00e9 en janvier 2010) (en anglais \u00ab\u2026 pour le vin et l\u2019amour\u00bb). Son blog&#160;:&#160; in vino veritas, chroniques dans le New York Times Chroniques dans le New York Times. Son credo&#160;pour les vins de demain&#160;: \u00abIl existe un d\u00e9bat [&hellip;]\" \/>\n<meta property=\"og:url\" content=\"https:\/\/thomasvino.ch\/?p=9059\" \/>\n<meta property=\"og:site_name\" content=\"thomasvino\" \/>\n<meta property=\"article:published_time\" content=\"2010-08-14T14:45:00+00:00\" \/>\n<meta name=\"author\" content=\"Pierre Thomas\" \/>\n<meta name=\"twitter:label1\" content=\"\u00c9crit par\" \/>\n\t<meta name=\"twitter:data1\" content=\"Pierre Thomas\" \/>\n\t<meta name=\"twitter:label2\" content=\"Dur\u00e9e de lecture estim\u00e9e\" \/>\n\t<meta name=\"twitter:data2\" content=\"1 minute\" \/>\n<script type=\"application\/ld+json\" class=\"yoast-schema-graph\">{\"@context\":\"https:\/\/schema.org\",\"@graph\":[{\"@type\":\"WebPage\",\"@id\":\"https:\/\/thomasvino.ch\/?p=9059\",\"url\":\"https:\/\/thomasvino.ch\/?p=9059\",\"name\":\"Feiring sur les traces de Jonathan Nossiter - thomasvino\",\"isPartOf\":{\"@id\":\"https:\/\/thomasvino.ch\/#website\"},\"datePublished\":\"2010-08-14T14:45:00+00:00\",\"dateModified\":\"2010-08-14T14:45:00+00:00\",\"author\":{\"@id\":\"https:\/\/thomasvino.ch\/#\/schema\/person\/670bf4486fe81152cf1d68bd585e062e\"},\"breadcrumb\":{\"@id\":\"https:\/\/thomasvino.ch\/?p=9059#breadcrumb\"},\"inLanguage\":\"fr-FR\",\"potentialAction\":[{\"@type\":\"ReadAction\",\"target\":[\"https:\/\/thomasvino.ch\/?p=9059\"]}]},{\"@type\":\"BreadcrumbList\",\"@id\":\"https:\/\/thomasvino.ch\/?p=9059#breadcrumb\",\"itemListElement\":[{\"@type\":\"ListItem\",\"position\":1,\"name\":\"Accueil\",\"item\":\"https:\/\/thomasvino.ch\/\"},{\"@type\":\"ListItem\",\"position\":2,\"name\":\"Feiring sur les traces de Jonathan Nossiter\"}]},{\"@type\":\"WebSite\",\"@id\":\"https:\/\/thomasvino.ch\/#website\",\"url\":\"https:\/\/thomasvino.ch\/\",\"name\":\"thomasvino\",\"description\":\"Vins &amp; Gastronomie\",\"potentialAction\":[{\"@type\":\"SearchAction\",\"target\":{\"@type\":\"EntryPoint\",\"urlTemplate\":\"https:\/\/thomasvino.ch\/?s={search_term_string}\"},\"query-input\":\"required name=search_term_string\"}],\"inLanguage\":\"fr-FR\"},{\"@type\":\"Person\",\"@id\":\"https:\/\/thomasvino.ch\/#\/schema\/person\/670bf4486fe81152cf1d68bd585e062e\",\"name\":\"Pierre Thomas\",\"image\":{\"@type\":\"ImageObject\",\"inLanguage\":\"fr-FR\",\"@id\":\"https:\/\/thomasvino.ch\/#\/schema\/person\/image\/\",\"url\":\"https:\/\/secure.gravatar.com\/avatar\/91fd5a76647f140e53db987a0dead4d7?s=96&d=mm&r=g\",\"contentUrl\":\"https:\/\/secure.gravatar.com\/avatar\/91fd5a76647f140e53db987a0dead4d7?s=96&d=mm&r=g\",\"caption\":\"Pierre Thomas\"},\"url\":\"https:\/\/thomasvino.ch\/?author=3\"}]}<\/script>\n<!-- \/ Yoast SEO plugin. -->","yoast_head_json":{"title":"Feiring sur les traces de Jonathan Nossiter - thomasvino","robots":{"index":"index","follow":"follow","max-snippet":"max-snippet:-1","max-image-preview":"max-image-preview:large","max-video-preview":"max-video-preview:-1"},"canonical":"https:\/\/thomasvino.ch\/?p=9059","og_locale":"fr_FR","og_type":"article","og_title":"Feiring sur les traces de Jonathan Nossiter - thomasvino","og_description":"Alice Feiring, journaliste am\u00e9ricaine Auteure de \u00abLa bataille du vin et de l\u2019amour\u00bb (Jean-Paul Rocher, \u00e9diteur, publi\u00e9 en janvier 2010) (en anglais \u00ab\u2026 pour le vin et l\u2019amour\u00bb). Son blog&#160;:&#160; in vino veritas, chroniques dans le New York Times Chroniques dans le New York Times. Son credo&#160;pour les vins de demain&#160;: \u00abIl existe un d\u00e9bat [&hellip;]","og_url":"https:\/\/thomasvino.ch\/?p=9059","og_site_name":"thomasvino","article_published_time":"2010-08-14T14:45:00+00:00","author":"Pierre Thomas","twitter_misc":{"\u00c9crit par":"Pierre Thomas","Dur\u00e9e de lecture estim\u00e9e":"1 minute"},"schema":{"@context":"https:\/\/schema.org","@graph":[{"@type":"WebPage","@id":"https:\/\/thomasvino.ch\/?p=9059","url":"https:\/\/thomasvino.ch\/?p=9059","name":"Feiring sur les traces de Jonathan Nossiter - thomasvino","isPartOf":{"@id":"https:\/\/thomasvino.ch\/#website"},"datePublished":"2010-08-14T14:45:00+00:00","dateModified":"2010-08-14T14:45:00+00:00","author":{"@id":"https:\/\/thomasvino.ch\/#\/schema\/person\/670bf4486fe81152cf1d68bd585e062e"},"breadcrumb":{"@id":"https:\/\/thomasvino.ch\/?p=9059#breadcrumb"},"inLanguage":"fr-FR","potentialAction":[{"@type":"ReadAction","target":["https:\/\/thomasvino.ch\/?p=9059"]}]},{"@type":"BreadcrumbList","@id":"https:\/\/thomasvino.ch\/?p=9059#breadcrumb","itemListElement":[{"@type":"ListItem","position":1,"name":"Accueil","item":"https:\/\/thomasvino.ch\/"},{"@type":"ListItem","position":2,"name":"Feiring sur les traces de Jonathan Nossiter"}]},{"@type":"WebSite","@id":"https:\/\/thomasvino.ch\/#website","url":"https:\/\/thomasvino.ch\/","name":"thomasvino","description":"Vins &amp; Gastronomie","potentialAction":[{"@type":"SearchAction","target":{"@type":"EntryPoint","urlTemplate":"https:\/\/thomasvino.ch\/?s={search_term_string}"},"query-input":"required name=search_term_string"}],"inLanguage":"fr-FR"},{"@type":"Person","@id":"https:\/\/thomasvino.ch\/#\/schema\/person\/670bf4486fe81152cf1d68bd585e062e","name":"Pierre Thomas","image":{"@type":"ImageObject","inLanguage":"fr-FR","@id":"https:\/\/thomasvino.ch\/#\/schema\/person\/image\/","url":"https:\/\/secure.gravatar.com\/avatar\/91fd5a76647f140e53db987a0dead4d7?s=96&d=mm&r=g","contentUrl":"https:\/\/secure.gravatar.com\/avatar\/91fd5a76647f140e53db987a0dead4d7?s=96&d=mm&r=g","caption":"Pierre Thomas"},"url":"https:\/\/thomasvino.ch\/?author=3"}]}},"jetpack_featured_media_url":"","jetpack_sharing_enabled":true,"jetpack_shortlink":"https:\/\/wp.me\/p3m4tZ-2m7","jetpack_likes_enabled":false,"jetpack-related-posts":[{"id":13519,"url":"https:\/\/thomasvino.ch\/?p=13519","url_meta":{"origin":9059,"position":0},"title":"G\u00e9orgie: aux origines du vin","date":"17 avril 2016","format":false,"excerpt":"O\u00f9 l\u2019homme a-t-il, le premier, appr\u00e9ci\u00e9 le jus de raisin ferment\u00e9 et l\u2019ivresse qu\u2019il procure? Sans doute en G\u00e9orgie o\u00f9 subsistent des vins faits comme il y a 8'000 ans. Reportage, paru dans le suppl\u00e9ment encore! du Matin-Dimanche et de la Sonntagszeitung du 17 avril 2016 (pdf ici, en deux\u2026","rel":"","context":"Dans &quot;Tendance&quot;","img":{"alt_text":"","src":"https:\/\/i0.wp.com\/www.thomasvino.ch\/wp-content\/uploads\/2016\/04\/IMG_6034-1-e1460905841269-300x225.jpg?resize=350%2C200","width":350,"height":200},"classes":[]},{"id":14232,"url":"https:\/\/thomasvino.ch\/?p=14232","url_meta":{"origin":9059,"position":1},"title":"La \u00abguerre des bouchons\u00bb fait le buzz","date":"15 mai 2017","format":false,"excerpt":"Comment garantir que le bouchon ne communique pas un faux go\u00fbt au vin\u00a0? Tel est l\u2019enjeu des fabricants qui traitent le li\u00e8ge. Ils rivalisent d\u2019ing\u00e9niosit\u00e9 pour rassurer leurs clients. Visite \u00e0 l\u2019usine Diam \u00e0 C\u00e9ret, en Catalogne fran\u00e7aise. Et d\u2019abord, retour sur un pr\u00e9c\u00e9dent voyage\u00a0: nous \u00e9tions, au printemps 2016,\u2026","rel":"","context":"Dans &quot;Tendance&quot;","img":{"alt_text":"","src":"https:\/\/i0.wp.com\/thomasvino.ch\/wp-content\/uploads\/2017\/03\/site_liegediam-300x200.jpg?resize=350%2C200&ssl=1","width":350,"height":200},"classes":[]},{"id":10035,"url":"https:\/\/thomasvino.ch\/?p=10035","url_meta":{"origin":9059,"position":2},"title":"Le Petit Nossiter illustr\u00e9 par l&rsquo;exemple","date":"5 novembre 2007","format":false,"excerpt":"Le Petit Nossiter illustr\u00e9 par l\u2019exempleDans un bouquin publi\u00e9 fin octobre 2007 (\u00abLe go\u00fbt et le pouvoir\u00bb, Grasset, 410 pages), le cin\u00e9aste Jonathan Nossiter, auteur de \u00abMondovino\u00bb, 46 ans, New Yorkais \u00e9lev\u00e9 \u00e0 Paris, et vivant aujourd\u2019hui \u00e0 Rio de Janeiro, prolonge l\u2019effet de son film. Aphorismes et formule \u00e0\u2026","rel":"","context":"Dans &quot;Tendance&quot;","img":{"alt_text":"","src":"","width":0,"height":0},"classes":[]},{"id":9527,"url":"https:\/\/thomasvino.ch\/?p=9527","url_meta":{"origin":9059,"position":3},"title":"Vins naturels et vieux mill\u00e9simes Arsenic et vieilles piquettes","date":"2 f\u00e9vrier 2013","format":false,"excerpt":"Vous voulez para\u00eetre dans le vent\u00a0? Alors parlez de \u00abvins naturels\u00bb et de \u00abvieux mill\u00e9simes\u00bb. Les deux th\u00e8mes sont r\u00e9cup\u00e9r\u00e9s ces prochains jours (d\u00e9but 2013) par des organisateurs de manifestations qui ont flair\u00e9 le bon filon\u2026 Surtout, ce sont l\u00e0 deux th\u00e8mes hautement controvers\u00e9s. Le premier concerne peu les vins\u2026","rel":"","context":"Dans &quot;Tendance&quot;","img":{"alt_text":"degustateurs2012.jpg","src":"img\/degustateurs2012.jpg","width":350,"height":200},"classes":[]},{"id":9772,"url":"https:\/\/thomasvino.ch\/?p=9772","url_meta":{"origin":9059,"position":4},"title":"Moins d&rsquo;alcool, moins d&rsquo;\u00e2me au vin?","date":"11 juin 2006","format":false,"excerpt":"A propos de d\u00e9salcoolisation Vin sans alcool donc sans \u00e2me? Dans une ode au vin, Baudelaire faisait chanter \u00abL\u2019\u00e2me du vin\u00bb. C\u2019\u00e9tait il y a un si\u00e8cle et demi. Aujourd\u2019hui, les vins avec peu, ou m\u00eame sans, alcool, d\u00e9barquent, m\u00eame en Suisse. Avec quelles chances de succ\u00e8s? Pierre Thomas \u00abJ\u2019\u00e9prouve\u2026","rel":"","context":"Dans &quot;Tendance&quot;","img":{"alt_text":"","src":"","width":0,"height":0},"classes":[]},{"id":8793,"url":"https:\/\/thomasvino.ch\/?p=8793","url_meta":{"origin":9059,"position":5},"title":"Midi 20 est ouvert!","date":"26 septembre 2008","format":false,"excerpt":"Midi 20, le bar \u00e0 vins que Lausanne attendaitQue ce soit \u00e0 Venise depuis des si\u00e8cles ou \u00e0 New York, Shanghai, Barcelone ou Gen\u00e8ve depuis dix ans, les bars \u00e0 vins, \u00abenoteca\u00bb ou \u00abwinebars\u00bb sont dans l\u2019air du temps. Voil\u00e0 la raison pour laquelle une quinzaine d\u2019associ\u00e9s, passionn\u00e9s de vins\u2026","rel":"","context":"Dans &quot;Actus - News&quot;","img":{"alt_text":"","src":"","width":0,"height":0},"classes":[]}],"_links":{"self":[{"href":"https:\/\/thomasvino.ch\/index.php?rest_route=\/wp\/v2\/posts\/9059"}],"collection":[{"href":"https:\/\/thomasvino.ch\/index.php?rest_route=\/wp\/v2\/posts"}],"about":[{"href":"https:\/\/thomasvino.ch\/index.php?rest_route=\/wp\/v2\/types\/post"}],"author":[{"embeddable":true,"href":"https:\/\/thomasvino.ch\/index.php?rest_route=\/wp\/v2\/users\/3"}],"replies":[{"embeddable":true,"href":"https:\/\/thomasvino.ch\/index.php?rest_route=%2Fwp%2Fv2%2Fcomments&post=9059"}],"version-history":[{"count":0,"href":"https:\/\/thomasvino.ch\/index.php?rest_route=\/wp\/v2\/posts\/9059\/revisions"}],"wp:attachment":[{"href":"https:\/\/thomasvino.ch\/index.php?rest_route=%2Fwp%2Fv2%2Fmedia&parent=9059"}],"wp:term":[{"taxonomy":"category","embeddable":true,"href":"https:\/\/thomasvino.ch\/index.php?rest_route=%2Fwp%2Fv2%2Fcategories&post=9059"},{"taxonomy":"post_tag","embeddable":true,"href":"https:\/\/thomasvino.ch\/index.php?rest_route=%2Fwp%2Fv2%2Ftags&post=9059"}],"curies":[{"name":"wp","href":"https:\/\/api.w.org\/{rel}","templated":true}]}}