{"id":9084,"date":"2010-10-23T17:08:00","date_gmt":"2010-10-23T17:08:00","guid":{"rendered":"http:\/\/localhost\/thomasvino\/?p=9084"},"modified":"2010-10-23T17:08:00","modified_gmt":"2010-10-23T17:08:00","slug":"pierre-devanthery-nouveau-directeur-de-livv","status":"publish","type":"post","link":"https:\/\/thomasvino.ch\/?p=9084","title":{"rendered":"Pierre Devanth\u00e9ry, nouveau directeur de l&rsquo;IVV"},"content":{"rendered":"<div style=\"text-align: justify;\">&#160;<\/div>\n<h2 style=\"text-align: justify;\">\n<meta content=\"\" name=\"Titre\" \/><br \/>\n<meta content=\"\" name=\"Mots cl\u00e9s\" \/><br \/>\n<meta content=\"text\/html; charset=utf-8\" http-equiv=\"Content-Type\" \/><br \/>\n<meta content=\"Word.Document\" name=\"ProgId\" \/><br \/>\n<meta content=\"Microsoft Word 2008\" name=\"Generator\" \/><br \/>\n<meta content=\"Microsoft Word 2008\" name=\"Originator\" \/>\n<link href=\"file:\/\/localhost\/Users\/pierrethomas\/Library\/Caches\/TemporaryItems\/msoclip\/0clip_filelist.xml\" rel=\"File-List\" \/> <!--[if gte mso 9]><xml>\n<o:OfficeDocumentSettings>\n<o:AllowPNG \/>\n<\/o:OfficeDocumentSettings>\n<\/xml><![endif]--><!--[if gte mso 9]><xml>\n<w:WordDocument>\n<w:Zoom>0<\/w:Zoom>\n<w:TrackMoves>false<\/w:TrackMoves>\n<w:TrackFormatting \/>\n<w:HyphenationZone>21<\/w:HyphenationZone>\n<w:PunctuationKerning \/>\n<w:DrawingGridHorizontalSpacing>18 pt<\/w:DrawingGridHorizontalSpacing>\n<w:DrawingGridVerticalSpacing>18 pt<\/w:DrawingGridVerticalSpacing>\n<w:DisplayHorizontalDrawingGridEvery>0<\/w:DisplayHorizontalDrawingGridEvery>\n<w:DisplayVerticalDrawingGridEvery>0<\/w:DisplayVerticalDrawingGridEvery>\n<w:ValidateAgainstSchemas \/>\n<w:SaveIfXMLInvalid>false<\/w:SaveIfXMLInvalid>\n<w:IgnoreMixedContent>false<\/w:IgnoreMixedContent>\n<w:AlwaysShowPlaceholderText>false<\/w:AlwaysShowPlaceholderText>\n<w:Compatibility>\n<w:BreakWrappedTables \/>\n<w:DontGrowAutofit \/>\n<w:DontAutofitConstrainedTables \/>\n<w:DontVertAlignInTxbx \/>\n<\/w:Compatibility>\n<\/w:WordDocument>\n<\/xml><![endif]--><!--[if gte mso 9]><xml>\n<w:LatentStyles DefLockedState=\"false\" LatentStyleCount=\"276\">\n<\/w:LatentStyles>\n<\/xml><![endif]--> <\/p>\n<style type=\"text\/css\">\n<!--\n \/* Font Definitions *\/\n@font-face\n\t{font-family:Times;\n\tpanose-1:2 0 5 0 0 0 0 0 0 0;\n\tmso-font-charset:0;\n\tmso-generic-font-family:auto;\n\tmso-font-pitch:variable;\n\tmso-font-signature:3 0 0 0 1 0;}\n \/* Style Definitions *\/\np.MsoNormal, li.MsoNormal, div.MsoNormal\n\t{mso-style-parent:\"\";\n\tmargin:0cm;\n\tmargin-bottom:.0001pt;\n\tmso-pagination:widow-orphan;\n\tfont-size:12.0pt;\n\tmso-bidi-font-size:10.0pt;\n\tfont-family:\"Times New Roman\";\n\tmso-ascii-font-family:Times;\n\tmso-fareast-font-family:Times;\n\tmso-hansi-font-family:Times;\n\tmso-bidi-font-family:\"Times New Roman\";}\nh1\n\t{mso-style-link:\"Titre 1 Car\";\n\tmso-style-next:Normal;\n\tmargin:0cm;\n\tmargin-bottom:.0001pt;\n\tmso-pagination:widow-orphan;\n\tpage-break-after:avoid;\n\tmso-outline-level:1;\n\tfont-size:12.0pt;\n\tmso-bidi-font-size:10.0pt;\n\tfont-family:\"Times New Roman\";\n\tmso-ascii-font-family:Times;\n\tmso-hansi-font-family:Times;\n\tmso-font-kerning:0pt;\n\ttext-decoration:underline;\n\ttext-underline:single;}\nspan.Titre1Car\n\t{mso-style-name:\"Titre 1 Car\";\n\tmso-style-locked:yes;\n\tmso-style-link:\"Titre 1\";\n\tmso-ansi-font-size:12.0pt;\n\tfont-weight:bold;\n\tmso-bidi-font-weight:normal;\n\ttext-decoration:underline;\n\ttext-underline:single;}\n@page Section1\n\t{size:612.0pt 792.0pt;\n\tmargin:70.85pt 70.85pt 70.85pt 70.85pt;\n\tmso-header-margin:36.0pt;\n\tmso-footer-margin:36.0pt;\n\tmso-paper-source:0;}\ndiv.Section1\n\t{page:Section1;}\n-->\n<\/style>\n<p> <!--[if gte mso 10]>\n\n\n<style>\n\/* Style Definitions *\/\ntable.MsoNormalTable\n{mso-style-name:\"Tableau Normal\";\nmso-tstyle-rowband-size:0;\nmso-tstyle-colband-size:0;\nmso-style-noshow:yes;\nmso-style-parent:\"\";\nmso-padding-alt:0cm 5.4pt 0cm 5.4pt;\nmso-para-margin:0cm;\nmso-para-margin-bottom:.0001pt;\nmso-pagination:widow-orphan;\nfont-size:12.0pt;\nfont-family:\"Times New Roman\";\nmso-ascii-font-family:Cambria;\nmso-ascii-theme-font:minor-latin;\nmso-fareast-font-family:\"Times New Roman\";\nmso-fareast-theme-font:minor-fareast;\nmso-hansi-font-family:Cambria;\nmso-hansi-theme-font:minor-latin;\nmso-bidi-font-family:\"Times New Roman\";\nmso-bidi-theme-font:minor-bidi;}\n<\/style>\n\n\n<![endif]--><!--[if gte mso 9]><xml>\n<o:shapedefaults v:ext=\"edit\" spidmax=\"2049\" \/>\n<\/xml><![endif]--><!--[if gte mso 9]><xml>\n<o:shapelayout v:ext=\"edit\">\n<o:idmap v:ext=\"edit\" data=\"1\" \/>\n<\/o:shapelayout><\/xml><![endif]-->  <!--StartFragment--><i>Lu dans <\/i>Le Matin&#8230;<\/h2>\n<h2 style=\"text-align: justify;\">Pierre Devanth\u00e9ry, directeur de l&rsquo;IVV<\/h2>\n<p style=\"text-align: justify;\"><b>Lu dans Le Matin du 6 octobre 2004, le bref portrait de Pierre Devanth\u00e9ry par Pierre Thomas. Le directeur de l&rsquo;IVV est sur le ballant en octobre 2010 (<\/b><a href=\"http:\/\/valaisduvin.blogvie.com\/2010\/10\/22\/ivv-la-petaudiere\/\"><b>lire l&rsquo;info du 22.10.10<\/b><\/a><b>).<\/b><br \/>\nIl est le nouveau directeur de l&rsquo;Interprofession du vin du Valais. Rien ne pr\u00e9destinait ce natif de Saint-L\u00e9onard \u00e0 occuper, un jour, le sommet de la pyramide des 200 n\u00e9goces, 800 vignerons-encaveurs et 22 000 propri\u00e9taires qui cultivent les 5000 hectares du plus grand vignoble de Suisse. Fils de buraliste postal, il aurait pu faire carri\u00e8re chez le g\u00e9ant jaune, o\u00f9 il fut secr\u00e9taire d&rsquo;exploitation. Et si sa famille ne poss\u00e8de aucune vigne, sa rencontre avec le vin, il la doit au hasard. Un jour de 1992, \u00e0 Vevey, il passe la porte de la vinoth\u00e8que Le Mill\u00e9sime, o\u00f9 il a remarqu\u00e9 un Sassicaia 1985. \u00abJe l&rsquo;ai achet\u00e9, je l&rsquo;ai d\u00e9gust\u00e9 et j&rsquo;ai \u00e9t\u00e9 \u00e9poustoufl\u00e9.\u00bb D\u00e8s ce jour, Devanth\u00e9ry va tout d\u00e9guster et tout lire sur le vin. <br \/>\n\u00abLe moteur de ma vie a toujours \u00e9t\u00e9 la passion , dit-il simplement. Passions, au pluriel: outre les vins, la litt\u00e9rature japonaise ou am\u00e9ricaine. Son livre de chevet, ces jours, c&rsquo;est \u00abDe Marquette \u00e0 Veracruz , le dernier roman de Jim Harrison. Le Valaisan a rencontr\u00e9 l&rsquo;\u00e9crivain culte chez Payot \u00e0 Lausanne, l&rsquo;an pass\u00e9. Il lui a amen\u00e9 deux cadeaux: un flacon de son calvados pr\u00e9f\u00e9r\u00e9 et une bouteille d&rsquo;un assemblage rouge valaisan baptis\u00e9 Le Sorcier, qui est (\u00e9videmment) le titre d&rsquo;un des romans de Harrison &#8230; Ce vin, Pierre Devanth\u00e9ry l&rsquo;a produit lorsqu&rsquo;il fut directeur, jusqu&rsquo;en juin dernier, de la Cave Sainte-Anne, \u00e0 Sion. Quatre ans durant, il a appris, sur le terrain, que \u00abpour faire de bons vins, il faut accepter de faire des sacrifices. Puis, libre de tout engagement mais fort d&rsquo;une belle exp\u00e9rience, cet \u00e9t\u00e9, Pierre Devanth\u00e9ry a pr\u00e9sent\u00e9 sa candidature \u00e0 l&rsquo;Interprofession du vin du Valais et a \u00e9t\u00e9 choisi parmi une cinquantaine de candidats. <br \/>\nAujourd&rsquo;hui, il se r\u00e9jouit de \u00abd\u00e9fendre la bonne image des vins valaisans\u00bb. Et tant pis s&rsquo;il ne pourra plus animer lui-m\u00eame les soir\u00e9es des \u00abL\u00e9gendes d&rsquo;automne\u00bb, titre d&rsquo;une trilogie de Harrison, un cycle de d\u00e9gustations de grandes et belles bouteilles. Reste toutefois le \u00abClub des amis de Joe\u00bb (du nom de son chien cocker de 7 ans), un groupe de copains amateurs de vin. Joe et Cocker, un gag sur fond sonore du chanteur homonyme, autre passion de Pierre Devanth\u00e9ry. Promis, l&rsquo;avenir des vins valaisans sera tr\u00e8s rock&rsquo;n&rsquo;roll !<br \/>\n<i>Le Matin, 9 octobre 2004<\/i><br \/>\n<span style=\"font-style: italic;\"><br \/>\n<\/span><i style=\"\"><span lang=\"FR-CH\" style=\"\"><o:p><\/o:p><\/span><\/i>  <!--EndFragment--><\/p>\n","protected":false},"excerpt":{"rendered":"<p>&#160; Lu dans Le Matin&#8230; Pierre Devanth\u00e9ry, directeur de l&rsquo;IVV Lu dans Le Matin du 6 octobre 2004, le bref portrait de Pierre Devanth\u00e9ry par Pierre Thomas. Le directeur de l&rsquo;IVV est sur le ballant en octobre 2010 (lire l&rsquo;info du 22.10.10). Il est le nouveau directeur de l&rsquo;Interprofession du vin du Valais. Rien ne [&hellip;]<\/p>\n","protected":false},"author":3,"featured_media":0,"comment_status":"closed","ping_status":"open","sticky":false,"template":"","format":"standard","meta":{"_monsterinsights_skip_tracking":false,"_monsterinsights_sitenote_active":false,"_monsterinsights_sitenote_note":"","_monsterinsights_sitenote_category":0,"jetpack_post_was_ever_published":false,"jetpack_publicize_message":"","jetpack_is_tweetstorm":false,"jetpack_publicize_feature_enabled":true,"jetpack_social_post_already_shared":false,"jetpack_social_options":{"image_generator_settings":{"template":"highway","enabled":false}}},"categories":[3],"tags":[],"jetpack_publicize_connections":[],"yoast_head":"<!-- This site is optimized with the Yoast SEO plugin v20.6 - https:\/\/yoast.com\/wordpress\/plugins\/seo\/ -->\n<title>Pierre Devanth\u00e9ry, nouveau directeur de l&#039;IVV - thomasvino<\/title>\n<meta name=\"robots\" content=\"index, follow, max-snippet:-1, max-image-preview:large, max-video-preview:-1\" \/>\n<link rel=\"canonical\" href=\"https:\/\/thomasvino.ch\/?p=9084\" \/>\n<meta property=\"og:locale\" content=\"fr_FR\" \/>\n<meta property=\"og:type\" content=\"article\" \/>\n<meta property=\"og:title\" content=\"Pierre Devanth\u00e9ry, nouveau directeur de l&#039;IVV - thomasvino\" \/>\n<meta property=\"og:description\" content=\"&#160; Lu dans Le Matin&#8230; Pierre Devanth\u00e9ry, directeur de l&rsquo;IVV Lu dans Le Matin du 6 octobre 2004, le bref portrait de Pierre Devanth\u00e9ry par Pierre Thomas. Le directeur de l&rsquo;IVV est sur le ballant en octobre 2010 (lire l&rsquo;info du 22.10.10). Il est le nouveau directeur de l&rsquo;Interprofession du vin du Valais. Rien ne [&hellip;]\" \/>\n<meta property=\"og:url\" content=\"https:\/\/thomasvino.ch\/?p=9084\" \/>\n<meta property=\"og:site_name\" content=\"thomasvino\" \/>\n<meta property=\"article:published_time\" content=\"2010-10-23T17:08:00+00:00\" \/>\n<meta name=\"author\" content=\"Pierre Thomas\" \/>\n<meta name=\"twitter:label1\" content=\"\u00c9crit par\" \/>\n\t<meta name=\"twitter:data1\" content=\"Pierre Thomas\" \/>\n\t<meta name=\"twitter:label2\" content=\"Dur\u00e9e de lecture estim\u00e9e\" \/>\n\t<meta name=\"twitter:data2\" content=\"2 minutes\" \/>\n<script type=\"application\/ld+json\" class=\"yoast-schema-graph\">{\"@context\":\"https:\/\/schema.org\",\"@graph\":[{\"@type\":\"WebPage\",\"@id\":\"https:\/\/thomasvino.ch\/?p=9084\",\"url\":\"https:\/\/thomasvino.ch\/?p=9084\",\"name\":\"Pierre Devanth\u00e9ry, nouveau directeur de l'IVV - thomasvino\",\"isPartOf\":{\"@id\":\"https:\/\/thomasvino.ch\/#website\"},\"datePublished\":\"2010-10-23T17:08:00+00:00\",\"dateModified\":\"2010-10-23T17:08:00+00:00\",\"author\":{\"@id\":\"https:\/\/thomasvino.ch\/#\/schema\/person\/670bf4486fe81152cf1d68bd585e062e\"},\"breadcrumb\":{\"@id\":\"https:\/\/thomasvino.ch\/?p=9084#breadcrumb\"},\"inLanguage\":\"fr-FR\",\"potentialAction\":[{\"@type\":\"ReadAction\",\"target\":[\"https:\/\/thomasvino.ch\/?p=9084\"]}]},{\"@type\":\"BreadcrumbList\",\"@id\":\"https:\/\/thomasvino.ch\/?p=9084#breadcrumb\",\"itemListElement\":[{\"@type\":\"ListItem\",\"position\":1,\"name\":\"Accueil\",\"item\":\"https:\/\/thomasvino.ch\/\"},{\"@type\":\"ListItem\",\"position\":2,\"name\":\"Pierre Devanth\u00e9ry, nouveau directeur de l&rsquo;IVV\"}]},{\"@type\":\"WebSite\",\"@id\":\"https:\/\/thomasvino.ch\/#website\",\"url\":\"https:\/\/thomasvino.ch\/\",\"name\":\"thomasvino\",\"description\":\"Vins &amp; Gastronomie\",\"potentialAction\":[{\"@type\":\"SearchAction\",\"target\":{\"@type\":\"EntryPoint\",\"urlTemplate\":\"https:\/\/thomasvino.ch\/?s={search_term_string}\"},\"query-input\":\"required name=search_term_string\"}],\"inLanguage\":\"fr-FR\"},{\"@type\":\"Person\",\"@id\":\"https:\/\/thomasvino.ch\/#\/schema\/person\/670bf4486fe81152cf1d68bd585e062e\",\"name\":\"Pierre Thomas\",\"image\":{\"@type\":\"ImageObject\",\"inLanguage\":\"fr-FR\",\"@id\":\"https:\/\/thomasvino.ch\/#\/schema\/person\/image\/\",\"url\":\"https:\/\/secure.gravatar.com\/avatar\/91fd5a76647f140e53db987a0dead4d7?s=96&d=mm&r=g\",\"contentUrl\":\"https:\/\/secure.gravatar.com\/avatar\/91fd5a76647f140e53db987a0dead4d7?s=96&d=mm&r=g\",\"caption\":\"Pierre Thomas\"},\"url\":\"https:\/\/thomasvino.ch\/?author=3\"}]}<\/script>\n<!-- \/ Yoast SEO plugin. -->","yoast_head_json":{"title":"Pierre Devanth\u00e9ry, nouveau directeur de l'IVV - thomasvino","robots":{"index":"index","follow":"follow","max-snippet":"max-snippet:-1","max-image-preview":"max-image-preview:large","max-video-preview":"max-video-preview:-1"},"canonical":"https:\/\/thomasvino.ch\/?p=9084","og_locale":"fr_FR","og_type":"article","og_title":"Pierre Devanth\u00e9ry, nouveau directeur de l'IVV - thomasvino","og_description":"&#160; Lu dans Le Matin&#8230; Pierre Devanth\u00e9ry, directeur de l&rsquo;IVV Lu dans Le Matin du 6 octobre 2004, le bref portrait de Pierre Devanth\u00e9ry par Pierre Thomas. Le directeur de l&rsquo;IVV est sur le ballant en octobre 2010 (lire l&rsquo;info du 22.10.10). Il est le nouveau directeur de l&rsquo;Interprofession du vin du Valais. Rien ne [&hellip;]","og_url":"https:\/\/thomasvino.ch\/?p=9084","og_site_name":"thomasvino","article_published_time":"2010-10-23T17:08:00+00:00","author":"Pierre Thomas","twitter_misc":{"\u00c9crit par":"Pierre Thomas","Dur\u00e9e de lecture estim\u00e9e":"2 minutes"},"schema":{"@context":"https:\/\/schema.org","@graph":[{"@type":"WebPage","@id":"https:\/\/thomasvino.ch\/?p=9084","url":"https:\/\/thomasvino.ch\/?p=9084","name":"Pierre Devanth\u00e9ry, nouveau directeur de l'IVV - thomasvino","isPartOf":{"@id":"https:\/\/thomasvino.ch\/#website"},"datePublished":"2010-10-23T17:08:00+00:00","dateModified":"2010-10-23T17:08:00+00:00","author":{"@id":"https:\/\/thomasvino.ch\/#\/schema\/person\/670bf4486fe81152cf1d68bd585e062e"},"breadcrumb":{"@id":"https:\/\/thomasvino.ch\/?p=9084#breadcrumb"},"inLanguage":"fr-FR","potentialAction":[{"@type":"ReadAction","target":["https:\/\/thomasvino.ch\/?p=9084"]}]},{"@type":"BreadcrumbList","@id":"https:\/\/thomasvino.ch\/?p=9084#breadcrumb","itemListElement":[{"@type":"ListItem","position":1,"name":"Accueil","item":"https:\/\/thomasvino.ch\/"},{"@type":"ListItem","position":2,"name":"Pierre Devanth\u00e9ry, nouveau directeur de l&rsquo;IVV"}]},{"@type":"WebSite","@id":"https:\/\/thomasvino.ch\/#website","url":"https:\/\/thomasvino.ch\/","name":"thomasvino","description":"Vins &amp; Gastronomie","potentialAction":[{"@type":"SearchAction","target":{"@type":"EntryPoint","urlTemplate":"https:\/\/thomasvino.ch\/?s={search_term_string}"},"query-input":"required name=search_term_string"}],"inLanguage":"fr-FR"},{"@type":"Person","@id":"https:\/\/thomasvino.ch\/#\/schema\/person\/670bf4486fe81152cf1d68bd585e062e","name":"Pierre Thomas","image":{"@type":"ImageObject","inLanguage":"fr-FR","@id":"https:\/\/thomasvino.ch\/#\/schema\/person\/image\/","url":"https:\/\/secure.gravatar.com\/avatar\/91fd5a76647f140e53db987a0dead4d7?s=96&d=mm&r=g","contentUrl":"https:\/\/secure.gravatar.com\/avatar\/91fd5a76647f140e53db987a0dead4d7?s=96&d=mm&r=g","caption":"Pierre Thomas"},"url":"https:\/\/thomasvino.ch\/?author=3"}]}},"jetpack_featured_media_url":"","jetpack_sharing_enabled":true,"jetpack_shortlink":"https:\/\/wp.me\/p3m4tZ-2mw","jetpack_likes_enabled":false,"jetpack-related-posts":[{"id":9091,"url":"https:\/\/thomasvino.ch\/?p=9091","url_meta":{"origin":9084,"position":0},"title":"Un Valaisan du marketing horloger \u00e0 l&rsquo;IVV","date":"16 novembre 2010","format":false,"excerpt":"Nouveau directeur des Vins du Valais Un \u00abhorloger\u00bb pour remettre les pendules \u00e0 l\u2019heure Il a commenc\u00e9 sa carri\u00e8re aux Bains de Saillon, l\u2019a poursuivie dans le groupe Swatch, avant de t\u00e2ter du tourisme (\u00e0 Verbier-Saint-Bernard), le Valaisan G\u00e9rard-Philippe Mabillard, 45 ans, est le nouveau directeur de l\u2019Interprofession de la\u2026","rel":"","context":"Dans &quot;Actus - News&quot;","img":{"alt_text":"","src":"","width":0,"height":0},"classes":[]},{"id":8733,"url":"https:\/\/thomasvino.ch\/?p=8733","url_meta":{"origin":9084,"position":1},"title":"Valais \u2014 Nouvelle image pour c\u00e9pages anciens","date":"10 janvier 2005","format":false,"excerpt":"Le choc des images, le poids des c\u00e9pages Le plus grand canton viticole se donne les moyens de promouvoir ses vins, surtout en Suisse al\u00e9manique. Et remet cet automne 600'000 francs dans une campagne de publicit\u00e9 aux visuels renouvel\u00e9s. Par Pierre Thomas Apr\u00e8s le message \u00absimple et efficace\u00bb, selon Olivier\u2026","rel":"","context":"Dans &quot;Vins suisses&quot;","img":{"alt_text":"","src":"","width":0,"height":0},"classes":[]},{"id":9158,"url":"https:\/\/thomasvino.ch\/?p=9158","url_meta":{"origin":9084,"position":2},"title":"Vins du Valais \u2014 Politiquement correct","date":"30 mars 2011","format":false,"excerpt":"Interprofession de la Vigne et du Vin du Valais (IVV) Une touche de politiquement correct Le conseiller national (PDC) Paul-Andr\u00e9 Roux, membre, au nom de son cabinet fiscal et financier de nombreux conseils d\u2019administration, a \u00e9t\u00e9 nomm\u00e9 pr\u00e9sident de l\u2019Interprofession de la Vigne et du Vin du Valais, le 30\u2026","rel":"","context":"Dans &quot;Vins suisses&quot;","img":{"alt_text":"ivv2_jpg.jpg","src":"img\/ivv2_jpg.jpg","width":350,"height":200},"classes":[]},{"id":10017,"url":"https:\/\/thomasvino.ch\/?p=10017","url_meta":{"origin":9084,"position":3},"title":"Vins du Valais: raid sur Ouchy","date":"29 septembre 2007","format":false,"excerpt":"Remise des \u00ab\u00e9toiles du mill\u00e9sime\u00bbRaid valaisan sur OuchyMercredi 26 septembre 2007, sous les lustres du Beau-Rivage Palace \u00e0 Lausanne-Ouchy, l\u2019Interprofession de la vigne et du vin du Valais (IVV), a proclam\u00e9 le palmar\u00e8s des \u00ab\u00e9toiles du mill\u00e9sime\u00bb. Dix huit vins ont \u00e9t\u00e9 d\u00e9sign\u00e9s \u00abcoups de c\u0153ur\u00bb, dans six cat\u00e9gories.Volontiers provocateur,\u2026","rel":"","context":"Dans &quot;Actus - News&quot;","img":{"alt_text":"","src":"","width":0,"height":0},"classes":[]},{"id":9705,"url":"https:\/\/thomasvino.ch\/?p=9705","url_meta":{"origin":9084,"position":4},"title":"Vins suisses \u2014 L&rsquo;image du Valais en jeu","date":"20 d\u00e9cembre 2005","format":false,"excerpt":"Vins suisses \u2014 D\u00e9gustation (\u00abTout Compte Fait\u00bb, d\u00e9cembre 2005) L\u2019image du Valais en jeu Le mill\u00e9sime 2004 n\u2019a jamais autant produit de \u00absp\u00e9cialit\u00e9s\u00bb valaisannes. Immanquablement, elles se retrouvent dans les lin\u00e9aires des supermarch\u00e9s. Et ces vins, h\u00e9las, sont d\u00e9cevants. Mais \u00e7a s\u2019explique ! Pierre Thomas Depuis 2000, jnous n\u2019aurions pas\u2026","rel":"","context":"Dans &quot;Conso&quot;","img":{"alt_text":"","src":"","width":0,"height":0},"classes":[]},{"id":13302,"url":"https:\/\/thomasvino.ch\/?p=13302","url_meta":{"origin":9084,"position":5},"title":"Badoux et Provins: pros de l&rsquo;\u0153no promus","date":"5 janvier 2016","format":false,"excerpt":"C'est l'\u0153nologue maison, Daniel Dufaux, 52 ans, qui succ\u00e8de, chez Badoux, \u00e0 Aigle, au directeur Kurt Egli, plus de 40 ans dans la maison, mais depuis 7 ans directeur. Chez Provins, l'\u0153nologue valaisan Marc-Andr\u00e9 Devanth\u00e9ry, 48 ans, acc\u00e8de \u00e0 la direction technique, apr\u00e8s le d\u00e9part abrupt\u00a0l'\u00e9t\u00e9 dernier du Valaisan G\u00e9rald\u2026","rel":"","context":"Dans &quot;Actus - News&quot;","img":{"alt_text":"","src":"","width":0,"height":0},"classes":[]}],"_links":{"self":[{"href":"https:\/\/thomasvino.ch\/index.php?rest_route=\/wp\/v2\/posts\/9084"}],"collection":[{"href":"https:\/\/thomasvino.ch\/index.php?rest_route=\/wp\/v2\/posts"}],"about":[{"href":"https:\/\/thomasvino.ch\/index.php?rest_route=\/wp\/v2\/types\/post"}],"author":[{"embeddable":true,"href":"https:\/\/thomasvino.ch\/index.php?rest_route=\/wp\/v2\/users\/3"}],"replies":[{"embeddable":true,"href":"https:\/\/thomasvino.ch\/index.php?rest_route=%2Fwp%2Fv2%2Fcomments&post=9084"}],"version-history":[{"count":0,"href":"https:\/\/thomasvino.ch\/index.php?rest_route=\/wp\/v2\/posts\/9084\/revisions"}],"wp:attachment":[{"href":"https:\/\/thomasvino.ch\/index.php?rest_route=%2Fwp%2Fv2%2Fmedia&parent=9084"}],"wp:term":[{"taxonomy":"category","embeddable":true,"href":"https:\/\/thomasvino.ch\/index.php?rest_route=%2Fwp%2Fv2%2Fcategories&post=9084"},{"taxonomy":"post_tag","embeddable":true,"href":"https:\/\/thomasvino.ch\/index.php?rest_route=%2Fwp%2Fv2%2Ftags&post=9084"}],"curies":[{"name":"wp","href":"https:\/\/api.w.org\/{rel}","templated":true}]}}