{"id":9106,"date":"2010-12-07T09:22:00","date_gmt":"2010-12-07T09:22:00","guid":{"rendered":"http:\/\/localhost\/thomasvino\/?p=9106"},"modified":"2010-12-07T09:22:00","modified_gmt":"2010-12-07T09:22:00","slug":"jean-rene-germanier-et-les-vins-suisses","status":"publish","type":"post","link":"https:\/\/thomasvino.ch\/?p=9106","title":{"rendered":"Jean-Ren\u00e9 Germanier et les vins suisses"},"content":{"rendered":"<h2 style=\"text-align: justify;\"><i>Revue de presse I<\/i><br \/>\nJean-Ren\u00e9 Germanier, <br \/>\npremier citoyen suisse <br \/>\net vigneron \u00e0 V\u00e9troz<\/h2>\n<div style=\"text-align: justify;\">Dans <i>Agri <\/i>(<a href=\"http:\/\/www.agrihebdo.ch\/\"><b>www.agrihebdo.ch<\/b><\/a>) du 3 d\u00e9cembre 2010, dans une interview men\u00e9e par le r\u00e9dacteur en chef <b>Christian Pidoux<\/b>, le lib\u00e9ral-radical valaisan <b>Jean-Ren\u00e9 Germanier<\/b>, tout frais \u00e9lu pr\u00e9sident du Conseil national, et vigneron-encaveur \u00e0 V\u00e9troz r\u00e9sume les nouveaux enjeux de la viticulture suisse&#160;:<br \/>\n\u00abIl y a trente ans, les fronti\u00e8res \u00e9taient ferm\u00e9es, les Suisses condamn\u00e9s \u00e0 boire suisse <i>(r\u00e9d.&#160;: un protectionnissme valable pour le blanc, le rouge \u00e9tait pratiquement lib\u00e9ralis\u00e9 par voie de contingent).<\/i> <b>Nous produisions alors un vin de masse que les Suisses \u00e9taient oblig\u00e9s de consommer.<\/b> <b>Aujourd\u2019hui, le march\u00e9 est ouvert et nous sommes confront\u00e9s \u00e0 une concurrence forte de l\u2019\u00e9tranger.<\/b> Cela nous a pouss\u00e9s \u00e0 l\u2019excellence. Les volumes de production ont diminu\u00e9 de 30%, mais au final, nous sommes mont\u00e9s en gamme et nous affrontons le march\u00e9 en \u00e9tant concurrentiels. <b>Le client consomme nos vins plus chers par conviction et non plus par obligation<\/b>.\u00bb <br \/>\nEt \u00e0 la question de savoir comment les producteurs suisses doivent aborder le march\u00e9 indig\u00e8ne, Jean-Ren\u00e9 Germanier r\u00e9pond&#160;: \u00ab<b>J\u2019appelle de tous mes v\u0153ux \u00e0 un travail collectif et \u00e0 une coordination nationale de toutes les r\u00e9gions viticoles pour <a href=\"articles.php?lng=fr&amp;pg=1482\">la promotion des vins suisses<\/a>. Notre cible est clairement le vin \u00e9tranger qui occupe aujourd\u2019hui 62% de parts de march\u00e9<\/b>. Il ne fait aucun sens de vouloir se cannibaliser entre les diff\u00e9rents cantons.\u00bb <br \/>\nDes opinions sans doute partag\u00e9es par celui qui, plus que jamais durant cette ann\u00e9e pr\u00e9sidentielle du patron, m\u00e8nera la barque de la cave de V\u00e9troz, l\u2019\u0153nologue <b>Gilles Besse<\/b>, neveu de Jean-Ren\u00e9 Germanier. Une ann\u00e9e 2011 pas forc\u00e9ment de tout repos pour l\u2019encaveur&#160;: <b>Gilles Besse va reprendre en mars, selon un tournus entre les \u00abfamilles\u00bb de la fili\u00e8re, la pr\u00e9sidence de l\u2019Interprofession de la vigne et du vin du Valais<\/b>, \u00e0 la suite d\u2019un autre <b>Germanier, Eric<\/b>, viticulteur \u00e0 Conthey.<br \/>\n<i>\u00a9thomasvino.ch\/08.12.10<\/i><\/div>\n","protected":false},"excerpt":{"rendered":"<p>Revue de presse I Jean-Ren\u00e9 Germanier, premier citoyen suisse et vigneron \u00e0 V\u00e9troz Dans Agri (www.agrihebdo.ch) du 3 d\u00e9cembre 2010, dans une interview men\u00e9e par le r\u00e9dacteur en chef Christian Pidoux, le lib\u00e9ral-radical valaisan Jean-Ren\u00e9 Germanier, tout frais \u00e9lu pr\u00e9sident du Conseil national, et vigneron-encaveur \u00e0 V\u00e9troz r\u00e9sume les nouveaux enjeux de la viticulture suisse&#160;: [&hellip;]<\/p>\n","protected":false},"author":3,"featured_media":0,"comment_status":"closed","ping_status":"open","sticky":false,"template":"","format":"standard","meta":{"_monsterinsights_skip_tracking":false,"_monsterinsights_sitenote_active":false,"_monsterinsights_sitenote_note":"","_monsterinsights_sitenote_category":0,"jetpack_post_was_ever_published":false,"jetpack_publicize_message":"","jetpack_is_tweetstorm":false,"jetpack_publicize_feature_enabled":true,"jetpack_social_post_already_shared":false,"jetpack_social_options":{"image_generator_settings":{"template":"highway","enabled":false}}},"categories":[15],"tags":[],"jetpack_publicize_connections":[],"yoast_head":"<!-- This site is optimized with the Yoast SEO plugin v20.6 - https:\/\/yoast.com\/wordpress\/plugins\/seo\/ -->\n<title>Jean-Ren\u00e9 Germanier et les vins suisses - thomasvino<\/title>\n<meta name=\"robots\" content=\"index, follow, max-snippet:-1, max-image-preview:large, max-video-preview:-1\" \/>\n<link rel=\"canonical\" href=\"https:\/\/thomasvino.ch\/?p=9106\" \/>\n<meta property=\"og:locale\" content=\"fr_FR\" \/>\n<meta property=\"og:type\" content=\"article\" \/>\n<meta property=\"og:title\" content=\"Jean-Ren\u00e9 Germanier et les vins suisses - thomasvino\" \/>\n<meta property=\"og:description\" content=\"Revue de presse I Jean-Ren\u00e9 Germanier, premier citoyen suisse et vigneron \u00e0 V\u00e9troz Dans Agri (www.agrihebdo.ch) du 3 d\u00e9cembre 2010, dans une interview men\u00e9e par le r\u00e9dacteur en chef Christian Pidoux, le lib\u00e9ral-radical valaisan Jean-Ren\u00e9 Germanier, tout frais \u00e9lu pr\u00e9sident du Conseil national, et vigneron-encaveur \u00e0 V\u00e9troz r\u00e9sume les nouveaux enjeux de la viticulture suisse&#160;: [&hellip;]\" \/>\n<meta property=\"og:url\" content=\"https:\/\/thomasvino.ch\/?p=9106\" \/>\n<meta property=\"og:site_name\" content=\"thomasvino\" \/>\n<meta property=\"article:published_time\" content=\"2010-12-07T09:22:00+00:00\" \/>\n<meta name=\"author\" content=\"Pierre Thomas\" \/>\n<meta name=\"twitter:label1\" content=\"\u00c9crit par\" \/>\n\t<meta name=\"twitter:data1\" content=\"Pierre Thomas\" \/>\n\t<meta name=\"twitter:label2\" content=\"Dur\u00e9e de lecture estim\u00e9e\" \/>\n\t<meta name=\"twitter:data2\" content=\"2 minutes\" \/>\n<script type=\"application\/ld+json\" class=\"yoast-schema-graph\">{\"@context\":\"https:\/\/schema.org\",\"@graph\":[{\"@type\":\"WebPage\",\"@id\":\"https:\/\/thomasvino.ch\/?p=9106\",\"url\":\"https:\/\/thomasvino.ch\/?p=9106\",\"name\":\"Jean-Ren\u00e9 Germanier et les vins suisses - thomasvino\",\"isPartOf\":{\"@id\":\"https:\/\/thomasvino.ch\/#website\"},\"datePublished\":\"2010-12-07T09:22:00+00:00\",\"dateModified\":\"2010-12-07T09:22:00+00:00\",\"author\":{\"@id\":\"https:\/\/thomasvino.ch\/#\/schema\/person\/670bf4486fe81152cf1d68bd585e062e\"},\"breadcrumb\":{\"@id\":\"https:\/\/thomasvino.ch\/?p=9106#breadcrumb\"},\"inLanguage\":\"fr-FR\",\"potentialAction\":[{\"@type\":\"ReadAction\",\"target\":[\"https:\/\/thomasvino.ch\/?p=9106\"]}]},{\"@type\":\"BreadcrumbList\",\"@id\":\"https:\/\/thomasvino.ch\/?p=9106#breadcrumb\",\"itemListElement\":[{\"@type\":\"ListItem\",\"position\":1,\"name\":\"Accueil\",\"item\":\"https:\/\/thomasvino.ch\/\"},{\"@type\":\"ListItem\",\"position\":2,\"name\":\"Jean-Ren\u00e9 Germanier et les vins suisses\"}]},{\"@type\":\"WebSite\",\"@id\":\"https:\/\/thomasvino.ch\/#website\",\"url\":\"https:\/\/thomasvino.ch\/\",\"name\":\"thomasvino\",\"description\":\"Vins &amp; Gastronomie\",\"potentialAction\":[{\"@type\":\"SearchAction\",\"target\":{\"@type\":\"EntryPoint\",\"urlTemplate\":\"https:\/\/thomasvino.ch\/?s={search_term_string}\"},\"query-input\":\"required name=search_term_string\"}],\"inLanguage\":\"fr-FR\"},{\"@type\":\"Person\",\"@id\":\"https:\/\/thomasvino.ch\/#\/schema\/person\/670bf4486fe81152cf1d68bd585e062e\",\"name\":\"Pierre Thomas\",\"image\":{\"@type\":\"ImageObject\",\"inLanguage\":\"fr-FR\",\"@id\":\"https:\/\/thomasvino.ch\/#\/schema\/person\/image\/\",\"url\":\"https:\/\/secure.gravatar.com\/avatar\/91fd5a76647f140e53db987a0dead4d7?s=96&d=mm&r=g\",\"contentUrl\":\"https:\/\/secure.gravatar.com\/avatar\/91fd5a76647f140e53db987a0dead4d7?s=96&d=mm&r=g\",\"caption\":\"Pierre Thomas\"},\"url\":\"https:\/\/thomasvino.ch\/?author=3\"}]}<\/script>\n<!-- \/ Yoast SEO plugin. -->","yoast_head_json":{"title":"Jean-Ren\u00e9 Germanier et les vins suisses - thomasvino","robots":{"index":"index","follow":"follow","max-snippet":"max-snippet:-1","max-image-preview":"max-image-preview:large","max-video-preview":"max-video-preview:-1"},"canonical":"https:\/\/thomasvino.ch\/?p=9106","og_locale":"fr_FR","og_type":"article","og_title":"Jean-Ren\u00e9 Germanier et les vins suisses - thomasvino","og_description":"Revue de presse I Jean-Ren\u00e9 Germanier, premier citoyen suisse et vigneron \u00e0 V\u00e9troz Dans Agri (www.agrihebdo.ch) du 3 d\u00e9cembre 2010, dans une interview men\u00e9e par le r\u00e9dacteur en chef Christian Pidoux, le lib\u00e9ral-radical valaisan Jean-Ren\u00e9 Germanier, tout frais \u00e9lu pr\u00e9sident du Conseil national, et vigneron-encaveur \u00e0 V\u00e9troz r\u00e9sume les nouveaux enjeux de la viticulture suisse&#160;: [&hellip;]","og_url":"https:\/\/thomasvino.ch\/?p=9106","og_site_name":"thomasvino","article_published_time":"2010-12-07T09:22:00+00:00","author":"Pierre Thomas","twitter_misc":{"\u00c9crit par":"Pierre Thomas","Dur\u00e9e de lecture estim\u00e9e":"2 minutes"},"schema":{"@context":"https:\/\/schema.org","@graph":[{"@type":"WebPage","@id":"https:\/\/thomasvino.ch\/?p=9106","url":"https:\/\/thomasvino.ch\/?p=9106","name":"Jean-Ren\u00e9 Germanier et les vins suisses - thomasvino","isPartOf":{"@id":"https:\/\/thomasvino.ch\/#website"},"datePublished":"2010-12-07T09:22:00+00:00","dateModified":"2010-12-07T09:22:00+00:00","author":{"@id":"https:\/\/thomasvino.ch\/#\/schema\/person\/670bf4486fe81152cf1d68bd585e062e"},"breadcrumb":{"@id":"https:\/\/thomasvino.ch\/?p=9106#breadcrumb"},"inLanguage":"fr-FR","potentialAction":[{"@type":"ReadAction","target":["https:\/\/thomasvino.ch\/?p=9106"]}]},{"@type":"BreadcrumbList","@id":"https:\/\/thomasvino.ch\/?p=9106#breadcrumb","itemListElement":[{"@type":"ListItem","position":1,"name":"Accueil","item":"https:\/\/thomasvino.ch\/"},{"@type":"ListItem","position":2,"name":"Jean-Ren\u00e9 Germanier et les vins suisses"}]},{"@type":"WebSite","@id":"https:\/\/thomasvino.ch\/#website","url":"https:\/\/thomasvino.ch\/","name":"thomasvino","description":"Vins &amp; Gastronomie","potentialAction":[{"@type":"SearchAction","target":{"@type":"EntryPoint","urlTemplate":"https:\/\/thomasvino.ch\/?s={search_term_string}"},"query-input":"required name=search_term_string"}],"inLanguage":"fr-FR"},{"@type":"Person","@id":"https:\/\/thomasvino.ch\/#\/schema\/person\/670bf4486fe81152cf1d68bd585e062e","name":"Pierre Thomas","image":{"@type":"ImageObject","inLanguage":"fr-FR","@id":"https:\/\/thomasvino.ch\/#\/schema\/person\/image\/","url":"https:\/\/secure.gravatar.com\/avatar\/91fd5a76647f140e53db987a0dead4d7?s=96&d=mm&r=g","contentUrl":"https:\/\/secure.gravatar.com\/avatar\/91fd5a76647f140e53db987a0dead4d7?s=96&d=mm&r=g","caption":"Pierre Thomas"},"url":"https:\/\/thomasvino.ch\/?author=3"}]}},"jetpack_featured_media_url":"","jetpack_sharing_enabled":true,"jetpack_shortlink":"https:\/\/wp.me\/p3m4tZ-2mS","jetpack_likes_enabled":false,"jetpack-related-posts":[{"id":8905,"url":"https:\/\/thomasvino.ch\/?p=8905","url_meta":{"origin":9106,"position":0},"title":"Une syrah valaisanne dans le Top Ten","date":"4 juin 2009","format":false,"excerpt":"Syrah du monde 2009Une syrah valaisanne dans le top tenLes syrahs suisses, de fait toutes valaisannes, ont fait bonne figure lors du troisi\u00e8me concours mondial de ce c\u00e9page, organis\u00e9 fin mai \u00e0 Ampuis, dans la Vall\u00e9e du Rh\u00f4ne. Sur les 35 m\u00e9dailles d'or, deux sont valaisannes: la Cayas R\u00e9serve 2006\u2026","rel":"","context":"Dans &quot;Actus - News&quot;","img":{"alt_text":"","src":"","width":0,"height":0},"classes":[]},{"id":9313,"url":"https:\/\/thomasvino.ch\/?p=9313","url_meta":{"origin":9106,"position":1},"title":"13 gamays suisses en or \u00e0 Lyon","date":"18 janvier 2012","format":false,"excerpt":"Concours des gamays \u00e0 Lyon 22, v\u2019l\u00e0 les Suisses Les caves helv\u00e9tiques sont revenues avec 22 m\u00e9dailles du 2\u00e8me concours international du gamay, \u00e0 Lyon, le samedi 14 janvier. Pr\u00e8s de 600 vins \u00e9taient en comp\u00e9tition. La France s\u2019est taill\u00e9 la part du lion avec 145 des 169 m\u00e9dailles. Les\u2026","rel":"","context":"Dans &quot;Actus - News&quot;","img":{"alt_text":"","src":"","width":0,"height":0},"classes":[]},{"id":9981,"url":"https:\/\/thomasvino.ch\/?p=9981","url_meta":{"origin":9106,"position":2},"title":"Tout sur les vins d&rsquo;Alinghi","date":"11 juin 2007","format":false,"excerpt":"Sur un air de \u00abTontons flingueurs\u00bbAlinghi, du vin dans les voiles\u00abQue serait la voile sans eau?\u00bb, interroge une marque d\u2019eau min\u00e9rale, soutien officiel d\u2019Alinghi. Le \u00abdefender\u00bb de la Coupe de l\u2019America peut r\u00e9torquer qu\u2019il marche \u00e0 l\u2019eau et au\u2026vin. Car l\u2019amiti\u00e9 lie un \u0153nologue valaisan, Gilles Besse, et Ernesto Berteralli,\u2026","rel":"","context":"Dans &quot;Tendance&quot;","img":{"alt_text":"","src":"","width":0,"height":0},"classes":[]},{"id":8739,"url":"https:\/\/thomasvino.ch\/?p=8739","url_meta":{"origin":9106,"position":3},"title":"Deux syrahs de Salquenen en or","date":"21 mai 2008","format":false,"excerpt":"Deux m\u00e9dailles d\u2019or valaisannes \u00e0 Syrah du mondeOrganis\u00e9e dans la vall\u00e9e du Rh\u00f4ne du 13 au 15 mai 2008, la deuxi\u00e8me confrontation des syrahs du monde a r\u00e9uni 384 \u00e9chantillons provenant de 23 pays (18% de vins de plus et 6 nouveaux pays par rapport \u00e0 la premi\u00e8re \u00e9dition). Les\u2026","rel":"","context":"Dans &quot;Actus - News&quot;","img":{"alt_text":"","src":"","width":0,"height":0},"classes":[]},{"id":13707,"url":"https:\/\/thomasvino.ch\/?p=13707","url_meta":{"origin":9106,"position":4},"title":"Vin bio suisse 2016  Un vigneron Neuch\u00e2telois et un vin blanc vaudois champions","date":"22 juin 2016","format":false,"excerpt":"Les vignerons de la Suisse romande ainsi que les vins venant des c\u00e9pages r\u00e9sistants aux champignons (Piwi) ont remport\u00e9 chacun deux victoires au Concours Vin Bio Suisse 2016. Le titre de \u00abVigneron bio de l'ann\u00e9e\u00bb couronne pour la premi\u00e8re fois un producteur romand, Jean-Denis Perrochet, d\u2019 Auvernier (NE). 139 vins\u2026","rel":"","context":"Dans &quot;Vins suisses&quot;","img":{"alt_text":"","src":"https:\/\/i0.wp.com\/www.thomasvino.ch\/wp-content\/uploads\/2016\/06\/Perrochet_Maison_Carree-300x280.jpg?resize=350%2C200","width":350,"height":200},"classes":[]},{"id":9587,"url":"https:\/\/thomasvino.ch\/?p=9587","url_meta":{"origin":9106,"position":5},"title":"Vins suisses \u2014 Les vins suisses sont-ils de garde?","date":"6 janvier 2005","format":false,"excerpt":"Vins suissesQuelle garde pour les vins suisses? Doit-on conserver des vins suisses dans sa cave? Jusqu\u2019il y a dix ans, la question ne se posait gu\u00e8re: la Suisse produisait des vins blancs vite bus. Tout a chang\u00e9 en une d\u00e9cennie. Tour d\u2019horizon avec de jeunes \u0153nologues et sommeliers. Par Pierre\u2026","rel":"","context":"Dans &quot;Tendance&quot;","img":{"alt_text":"","src":"","width":0,"height":0},"classes":[]}],"_links":{"self":[{"href":"https:\/\/thomasvino.ch\/index.php?rest_route=\/wp\/v2\/posts\/9106"}],"collection":[{"href":"https:\/\/thomasvino.ch\/index.php?rest_route=\/wp\/v2\/posts"}],"about":[{"href":"https:\/\/thomasvino.ch\/index.php?rest_route=\/wp\/v2\/types\/post"}],"author":[{"embeddable":true,"href":"https:\/\/thomasvino.ch\/index.php?rest_route=\/wp\/v2\/users\/3"}],"replies":[{"embeddable":true,"href":"https:\/\/thomasvino.ch\/index.php?rest_route=%2Fwp%2Fv2%2Fcomments&post=9106"}],"version-history":[{"count":0,"href":"https:\/\/thomasvino.ch\/index.php?rest_route=\/wp\/v2\/posts\/9106\/revisions"}],"wp:attachment":[{"href":"https:\/\/thomasvino.ch\/index.php?rest_route=%2Fwp%2Fv2%2Fmedia&parent=9106"}],"wp:term":[{"taxonomy":"category","embeddable":true,"href":"https:\/\/thomasvino.ch\/index.php?rest_route=%2Fwp%2Fv2%2Fcategories&post=9106"},{"taxonomy":"post_tag","embeddable":true,"href":"https:\/\/thomasvino.ch\/index.php?rest_route=%2Fwp%2Fv2%2Ftags&post=9106"}],"curies":[{"name":"wp","href":"https:\/\/api.w.org\/{rel}","templated":true}]}}