{"id":9111,"date":"2010-12-17T18:29:00","date_gmt":"2010-12-17T18:29:00","guid":{"rendered":"http:\/\/localhost\/thomasvino\/?p=9111"},"modified":"2010-12-17T18:29:00","modified_gmt":"2010-12-17T18:29:00","slug":"des-bouquins-sous-le-sapin-2010","status":"publish","type":"post","link":"https:\/\/thomasvino.ch\/?p=9111","title":{"rendered":"Des bouquins sous le sapin (2010)"},"content":{"rendered":"<h1><b><i>Vin et cuisine<\/i><br \/>\nBeaux livres sous le sapin<br \/>\n<\/b><\/h1>\n<div style=\"text-align: justify;\"><b>Qu\u2019acheter \u00e0 No\u00ebl, qui puisse durer&#160;? Le livre reste un fondamental du cadeau. utile En voici quelques uns, s\u00e9lectionn\u00e9s pour vous sur les th\u00e8mes du vin, tonneau des Dana\u00efdes \u00e9ditorial, et de la cuisine, d\u00e9bit\u00e9e en tranches&#8230; de vie.<\/b><\/div>\n<h2>Le vin encyclop\u00e9dique<\/h2>\n<div style=\"text-align: justify;\">On signalera pour m\u00e9moire un gros livre (500 pages), cl\u00e9 de vo\u00fbte d\u2019un exercice jamais fait encore en Suisse&#160;: l\u2019<i><b>\u00abHistoire de la Vigne et du Vin en Valais\u00bb<\/b><\/i>. Mieux qu\u2019un docte livre historique, c\u2019est <b>une v\u00e9ritable encyclop\u00e9die<\/b>. Elle renseigne non seulement sur les vins du Vieux-Pays, devenu depuis le milieu du XX\u00e8me si\u00e8cle le principal canton viticole (5&rsquo;200 hectares, un tiers du vignoble suisse), mais aussi sur les \u00e9volutions du vin en Suisse. La r\u00e9v\u00e9lation que la vigne, venue d\u2019Italie, remonte en Valais \u00e0 800 ans avant les Romains, a pu surprendre\u2026 Durant six ans, trente chercheurs ont fouill\u00e9 le pass\u00e9 et le pr\u00e9sent. Et, selon une technique \u2014 le test ADN \u2014 jug\u00e9e futuriste il y a vingt ans encore, le g\u00e9n\u00e9ticien (valaisan&#160;!) <b>Jos\u00e9 Vouillamoz<\/b> \u00e9claire d\u2019un jour nouveau la plupart des cinquante c\u00e9pages cultiv\u00e9s sur les coteaux du Rh\u00f4ne. A d\u00e9guster \u00e0 petites doses et sans mod\u00e9ration : le d\u00e9coupage du livre s\u2019y pr\u00eate parfaitement.<br \/>\n<i>\u00abHistoire de la Vigne et du Vin en Valais\u00bb, Mus\u00e9e valaisan de la Vigne et du Vin et Infolio, 85 fr. <a href=\"http:\/\/www.museevalaisanduvin.ch\/histoire_vigne_vin_valais_publications_hvvv.html\"><b>www.museevalaisanduvin.ch<\/b><\/a><\/i><\/p>\n<p>En plus modeste, mais toujours en Suisse, une petite <b>bible des c\u00e9pages cultiv\u00e9s en Suisse<\/b>. Bien s\u00fbr, des livres sur les c\u00e9pages, il en existe, en fran\u00e7ais, en anglais\u2026 Mais \u00e0 chaque fois, la r\u00e9alit\u00e9 helv\u00e9tique est occult\u00e9e. Deux sp\u00e9cialistes suisses, <b>Philippe Dupraz<\/b> (Ecole d\u2019ing\u00e9nieurs de Changins) et <b>Jean-Laurent Spring<\/b> (station de recherches Agroscope Changins-W\u00e4denswil) ont mis leurs connaissances en commun pour d\u00e9crire 57 vari\u00e9t\u00e9s de raisin pr\u00e9sentes en Suisse. Plusieurs c\u00e9pages, comme le Doral, le Garanoir, la Gamaret, le Mara, le Carminoir et le Diolinoir sont le fruit des exp\u00e9rimentations de Changins. L\u2019ouvrage remplace un jeu de fiches, peu pratiques. Il est compl\u00e9t\u00e9 par un glossaire qui explique, par le texte et par l\u2019image, les normes de description de l\u2019Organisation internationale de la vigne et du vin (OIV).<br \/>\n<i>C\u00e9pages, 130 p., format A4, 57 fr., en librairie ou \u00e0 ACW Changins, cp 1006, 1260 Nyon<\/i><\/p>\n<p>Et diablement utile si vous lisez, notamment sur Internet, des blogs sur le vin, un <b>dictionnaire des termes du vin<\/b>. Comment dit-on \u00abc\u00e9page\u00bb en allemand, anglais, espagnol, fran\u00e7ais, italien et m\u00eame su\u00e9dois&#160;? Un ouvrage pratique qui r\u00e9pond \u00e0 la question. Pas d\u2019explications d\u00e9taill\u00e9es, mais l\u2019\u00e9quivalence dans les six langues de quelque deux mille mots cl\u00e9s. L\u2019\u00e9diteur suisse Lis Medien, de Stansstad, a eu l\u2019excellente id\u00e9e de publier cet ouvrage. Chaque mot est pr\u00e9sent\u00e9 dans un chapitre propre \u00e0 chaque langue, dans l\u2019ordre alphab\u00e9tique, avec sa traduction dans les cinq autres langues. Le dictionnaire recouvre \u00e0 la fois des mots techniques, de l\u00e9gislation ou des expressions courantes. Utile autant au professionnel qu\u2019\u00e0 l\u2019amateur et, surtout, au consommateur.<br \/>\n<i>Dictionnaire du vin, 368 pages, 29,90 fr.,&#160; en librairie ou sur <a href=\"http:\/\/www.listmedien.com\/\"><b>www.listmedien.com<\/b><\/a><\/i><\/p>\n<p>Et puis, jouxtant la Suisse romande, <b>la Bourgogne b\u00e9n\u00e9ficie d\u2019un autre ouvrage monumental<\/b>, le <i><b>\u00abDictionnaire universel du vin de Bourgogne\u00bb<\/b><\/i>, \u00e9dit\u00e9 entre Thonon-les-Bains, Pontalier et Fleurier (<a href=\"http:\/\/www.pressesdubelvedere.com\/\"><b>www.pressesdubelvedere.com<\/b><\/a>). Il est d\u00fb \u00e0 <b>Jean-Fran\u00e7ois Bazin<\/b>, presque septuag\u00e9naire (il est n\u00e9 en 1942), journaliste, romancier (il publie cette ann\u00e9e chez Calmann-L\u00e9vy <i>\u00abLes raisins bleus\u00bb<\/i>, saga d\u2019une famille viticole bourguignonne) et politicien (il fut pr\u00e9sident du Conseil r\u00e9gional de Bourgogne au milieu des ann\u00e9es 1990). Un <b>dictionnaire<\/b> parce que les articles (courts) sont rang\u00e9s par ordre alphab\u00e9tique de A (comme abeille) \u00e0 Z (comme zone viticole). Et <b>bourguignon<\/b> dans le sens o\u00f9 il \u00e9voque notamment des grandes figures de la r\u00e9gion. Mais aussi <b>universel<\/b> parce qu\u2019il peut servir de r\u00e9f\u00e9rence pour \u00e9claire les mots du vin, valables partout. La bibliographie est exhaustive et toute la fin de l\u2019ouvrage est consacr\u00e9s \u00e0 des images hors texte et des cartes, si n\u00e9cessaire quand la classification (et la hi\u00e9rarchie) correspond \u00e0 un d\u00e9coupage g\u00e9ographique pr\u00e9cis des \u00abclimats\u00bb. <br \/>\nLes cartes reprennent celles de <i><b>\u00abLes vins de Bourgogne\u00bb<\/b><\/i>, de <b>Sylvain Pitiot<\/b> et <b>Jean-Charles Servant<\/b>, un titre irrempla\u00e7able pour conna\u00eetre les AOC, 1er crus et grands crus, dont la quatorzi\u00e8me \u00e9dition (depuis 1952) est parue en 2010 (<i>360 pages<\/i>). <a href=\"http:\/\/www.collection-pierrepoupon.com\/livre.html\"><b>www.collection-pierrepoupon.com<\/b><\/a><\/p>\n<p>Dans les ouvrages \u00e0 contenu de quelques dizaines de pages (seulement), pour lecteurs rapides, mais \u00e0 forte valeur (intellectuelle) ajout\u00e9e, on signalera deux publications \u00e9patantes. Aux \u00e9ditions Autrement, l\u2019<i><b>Atlas mondial des vins<\/b><\/i>, de <b>Rapha\u00ebl Schirmer<\/b> et <b>H\u00e9l\u00e8ne Velasco-Graciet<\/b>, bourr\u00e9 d\u2019infographies malines pour comprendre les enjeux du vin aujourd\u2019hui, comme le dit le sous-titre&#160;: <i><b>\u00abLa&#160; fin d\u2019un ordre consacr\u00e9&#160;?\u00bb<\/b><\/i>. 80 pages illustr\u00e9es en couleurs. Synth\u00e9tique et remarquable&#160;: indispensable&#160;! (<a href=\"http:\/\/www.autrement.com\/ouvrages.php?ouv=2746714175\"><b>www.autrement.com<\/b><\/a>). <\/p>\n<p>En 40 pages A 4, le fondateur du CAVE (Club des amateurs des vins exquis), \u00e0 Gland, <b>Jacques Perrin<\/b> brosse un parcours d\u2019initiation \u00e0 l\u2019univers du go\u00fbt et de la d\u00e9gustation, sous-titre explicatif de <i><b>\u00abLe vin, une histoire d\u2019amour\u00bb<\/b><\/i>. Un excellent vade-mecum vendu 15 fr. (<a href=\"http:\/\/www.cavesa.ch\/news\/le-vin-une-histoire-damour\/30.html\"><b>www.cavesa.ch<\/b><\/a>) o\u00f9 quelques v\u00e9rit\u00e9s sont dites et bien dites. Le CAVE, fond\u00e9 il y aura 25 ans le 30 avril 2011 a mis sur pied pr\u00e8s de 650 cours \u00e0 th\u00e8mes et accueilli pr\u00e8s de 10&rsquo;000 amateurs de vins exquis\u2026<\/div>\n<h2>La cuisine feuillet\u00e9e<\/h2>\n<div style=\"text-align: justify;\">Les <a href=\"http:\/\/www.editionsfavre.com\/\"><b>\u00e9ditions Favre \u00e0 Lausanne<\/b><\/a> sortent chaque ann\u00e9e leur brass\u00e9e d\u2019albums sur des cuisiniers. Un signet large en mentionne sept rang\u00e9es de tierc\u00e9s, dont les bestsellers restent un <b>Girardet<\/b>, un <b>Rochat<\/b>, un <b>Crisci<\/b>, deux <b>Rabaey<\/b> et quelques autres moins fameux.<br \/>\nCet hiver, la galerie s\u2019enrichit d\u2019un <b>Etienne Krebs<\/b>, d\u2019un Ravet et d\u2019un livre plus th\u00e9matique sur la cusine vietnamienne. La recette est \u00e9prouv\u00e9e&#160;: un portrait-souvenir par un auteur, journaliste g\u00e9n\u00e9ralement, des photos de plats, dont les recettes d\u00e9taill\u00e9es figurent dans l\u2019ouvrage et, parfois, une pr\u00e9face enlev\u00e9e par une plume parisienne. Les trois albums de 2010 n\u2019\u00e9chappent pas \u00e0 la formule. Avec des nuances.<br \/>\n<b>Etienne Krebs<\/b> se confie au journaliste de <i>24 Heures<\/i> <b>David Moginier<\/b>. Le patron de l\u2019Ermitage, \u00e0 Clarens, s\u2019est mis sous le signe de la nostalgie, avec cet <i><b>\u00abH\u00e9ritages\u00bb<\/b><\/i>. Et c\u2019est le photographe de mode <b>Dominique Derisbourg<\/b> qui signe l\u2019illustration. Rythme simple et efficace&#160;: une recette, une photo du plat, sans chichi inutile, mais joliment contrast\u00e9e dans les couleurs. Cet \u00e9l\u00e8ve de <b>Fr\u00e9dy Girardet<\/b> et de feu <b>Hans Stucki<\/b> (\u00e0 B\u00e2le) met l\u2019accent sur \u00abfaire plaisir\u00bb, un mot d\u2019ordre conjugu\u00e9 avec son \u00e9pouse Isabelle, rencontr\u00e9e chez le chef valaisan feu <b>Fritz Balestra<\/b>, \u00e0 Champ\u00e9ry. La pr\u00e9face est sign\u00e9e du Jurassien <b>Georges Wenger<\/b> (en 2011, il f\u00eatera ses trente ans \u00e0 la barre de l\u2019ex-buffet de la gare du Noirmont&#160;!), un camarade de service militaire, rest\u00e9 un compagnon de route du Vaudois, dont la cuisine s\u2019est agr\u00e9ablement modernis\u00e9e sur des bases classiques.<br \/>\n<i>\u00abH\u00e9ritages\u00bb, Etienne Krebs, 192 pages, 89 CHF<\/i><\/p>\n<p>Deuxi\u00e8me \u00abpav\u00e9\u00bb, <b>\u00able\u00bb Ravet, ou plut\u00f4t \u00ables\u00bb Ravet<\/b>. Car ils sont cinq \u00e0 se partager la page de titre. En gros, <b>Bernard <\/b>et son fils <b>Guy<\/b>, mais aussi <b>Ruth<\/b>, l\u2019\u00e9pouse de Bernard, et la m\u00e8re de <b>Nathalie<\/b> et <b>Isabelle<\/b>. Un v\u00e9ritable clan dans la \u00abth\u00e9ba\u00efade de Vufflens-le-Ch\u00e2teau\u00bb, comme l\u2019a d\u00e9crit <b>Claude Imbert<\/b>, le fondateur et \u00e9ditorialiste du magazine <i>Le Point<\/i> \u2014 qui s\u2019est \u00e9tabli sur La C\u00f4te vaudoise. Pour ce pr\u00e9facier, pas de doute, <b>\u00abla grande cuisine met de l\u2019art dans le manger. Et de la civilisation dans sa n\u00e9cessit\u00e9\u00bb<\/b> et, partant, comme elle exige autant de celui qui fait que de ceux qui la consomment, elle&#160;\u00abest une culture\u00bb. Les propos de <b>Michel Logoz<\/b> gravitent dans la m\u00eame stratosph\u00e8re dans son ode raveyzienne \u00e0 la tribu de Vufflens et fourmille de formules, comme <b>\u00abune grande table n\u2019est pas un lieu pour les acrobates du Magic Circus\u00bb<\/b>. Les Ravet, p\u00e8re et fils en cuisine, sont des tenants d\u2019une cuisine all\u00e9g\u00e9e dans le sens de la di\u00e9t\u00e9tique moderne, mais qui ne flirtent pas avec les mirages des techniques post-<i>nouvelle cuisine<\/i>. Tous sont fiers d\u2019avoir rejoint, en 2009, les grands chefs des Relais &amp; Ch\u00e2teaux, apr\u00e8s vingt ans pass\u00e9s dans cet (autre) Ermitage. <br \/>\nMieux, Michel Logoz, grand connaisseur des vins suisses, s\u2019est attach\u00e9 \u00e0 proposer un vin (souvent helv\u00e9tique) pour chaque plat d\u00e9crit minutieusement, avec son indice de difficult\u00e9. L\u2019harmonie mets-flacons, dont ceux de <b>la collection Le Vin Vivant<\/b> que Bernard Ravet, et Nathalie, sommelier, s\u00e9lectionnent avec <b>Philippe Corthay<\/b>, puis <b>Rodrigo Banto<\/b>, \u0153nologues d\u2019Uvavins, est fort belle \u00e0 regarder, sous l\u2019objectif de <b>Pierre-Michel Delessert<\/b>. Mais qu\u2019est-ce qui a pris <b>Oscar Ribes<\/b>, le metteur en sc\u00e8ne (et en pages) ? Les fonds gris\u00e9s, doubl\u00e9s d\u2019une typographie exag\u00e9r\u00e9ment fine, emp\u00eachent de lire la majorit\u00e9 des textes\u2026 Impardonnable, si l\u2019on veut qu\u2019un ouvrage si bellement \u00e9crit d\u00e9passe <b>l<\/b><b>e syndrome du CTB (Coffee Table Book<\/b>&#160;: le genre de livre qu\u2019on laisse sur la table du salon sans jamais l\u2019ouvrir\u2026). Comme si le meilleur des plats \u00e9tait servi dans une assiette inappropri\u00e9e, f\u00fbt-elle un service de Limoges!<br \/>\n<i>Ravet, 208 pages, 89 CHF<\/i><\/p>\n<p>A qui est lass\u00e9 de la cuisine moderne, fran\u00e7aise peu ou prou, l\u2019art culinaire du Vi\u00eat Nam offrira une bouff\u00e9e d\u2019air frais bienvenu. Finalement, des trois livr\u00e9s par les \u00e9ditions Favre, il est le plus agr\u00e9able \u00e0 regarder. <b>Pierre-Michel Delessert<\/b>, fid\u00e8le ami de l\u2019\u00e9diteur, a vari\u00e9 les angles et les fonds des photos. Pour la pr\u00e9face, <b>Jean Lacouture<\/b> se souvient de l\u2019Indochine et de ses premiers \u00abrouleaux de printemps\u00bb. Le sc\u00e9nario de leur \u00e9laboration ouvre le livre de 90 recettes, dues \u00e0 <b>Madame Thanh Lan<\/b>. Celle-ci avoue deux passions, la cuisine, comme fille d\u2019h\u00f4teli\u00e8re des environs d\u2019Hano\u00ef, et le golf., depuis son arriv\u00e9e en Suisse, il y a quarante ans. Entre com (le riz), pho (potage), nuoc mam (sauce de poisson, \u00absauce nationale\u00bb), le journaliste <b>Olivier Grivat<\/b> se faufile sur des airs de Yin et de Yang. Sachez que le canard, le poisson, les crustac\u00e9s, les courgettes ou le chou du Yin \u00e9quilibrent le gingembre, le piment et le poivre du Yang. <br \/>\nVoil\u00e0 qui donne envie de retrouver une table vietnamienne, comme celle <b>de bons lausannois que sont Le Jasmin<\/b> (pr\u00e8s de la Pontaise), le <b>Chalet Dalat<\/b> (pr\u00e8s de l\u2019ancien funiculaire de Sauvabelin) ou <b>l\u2019Indochine<\/b> (pr\u00e8s de l\u2019h\u00f4pital de l\u2019enfance).<br \/>\n<i>\u00abL&rsquo;art culinaire du Vi\u00eat Nam\u00bb, Thanh Lan, 224 pages, 65 CHF<\/i><\/p>\n<p><b>Mais qu\u2019est-ce que la cuisine fran\u00e7aise? Elle a fait l\u2019objet d\u2019un petit livre \u00e9clairant d\u2019Alain Drouard<\/b>, publi\u00e9 par les \u00e9ditions du tr\u00e8s s\u00e9rieux CNRS (Centre national de la recherche scientifique). Titre sans amiguit\u00e9&#160;: <i><b>\u00abLe mythe gastronomique fran\u00e7ais\u00bb<\/b><\/i>. Une bonne cl\u00e9 pour comprendre le ph\u00e9nom\u00e8ne, class\u00e9 en novembre 2010 au Patrimoine mondial de l\u2019humanit\u00e9 par l\u2019Unesco, dans la cat\u00e9gorie du \u00abpatrimoine culturel immat\u00e9riel\u00bb \u2014 \u00e0 quand la fondue fribourgeoise, la raclette valaisanne ou le papet vaudois&#160;? Aux fourchettes, citoyens helv\u00e8tes&#160;! <i>(<a href=\"http:\/\/www.cnrseditions.fr\/Histoire\/6265-le-mythe-gastronomique-francaise-alain-drouard.html\"><b>CNRS \u00e9ditions<\/b><\/a>, 160 pages, 17 euros)<\/i>.<\/p>\n<p>Et si vous pr\u00e9f\u00e9rez la cuisine italienne, pr\u00e9cipitez-vous sur les <i><b>\u00ab101 risotti des plus grands restaurants du monde\u00bb<\/b><\/i>, \u00e9dit\u00e9 par le producteur Gallo et l\u2019\u00e9diteur Giunti. Dans la huiti\u00e8me \u00e9dition, bilingue fran\u00e7ais-allemand (370 pages), les recettes des chefs officiant en Suisse, <b>Gian Luca Bos<\/b>, au Concabella de Vacallo (<i>\u00abrisotto \u00e0 la saucisse du pays et oignon rouge d\u00e9guis\u00e9 en jaune d\u2019\u0153uf\u00bb<\/i>), <b>Silvio Galizzi<\/b> d\u2019Il Portone, \u00e0 Lugano (<i>\u00abrisotto aux orties avec filet de perche dans une couche de polenta blanche\u00bb<\/i>), de <b>Mauro Grandi<\/b>, de la Villa Sassa, \u00e0 Lugano (<i>\u00abrisotto aux crevettes bouquet, citron vert, menthe et gingembre\u00bb<\/i>), de <b>Martin Dalsass<\/b>, du Santabbondio, \u00e0 Sorengo (<i>\u00abrisotto aux poivrons farcis au poivre de Sichuan garni de crevettes rouges\u00bb<\/i>), de <b>Dario Ranza<\/b>, de la Villa Principe Leopoldo (<i>\u00abrisotto \u00e0 la ciboulette, thym et poitrine de pigeon\u00bb<\/i>), de <b>Laurent Omphalius<\/b>, des Sources des Alpes, \u00e0 Lo\u00e8che-les-Bains (<i>\u00abrisotto avec filet de perche\u00bb<\/i>) et d\u2019<b>Andr\u00e9 Jaeger<\/b>, du Fischerzunft, \u00e0 Schaffhouse (<i>\u00abrisotto \u00e0 la vanille avec homard en sauce de lime\u00bb<\/i>), illustrent \u00e0 merveille <b>comment un plat simple peut \u00e9voluer vers la sophistication<\/b>\u2026 Une jolie le\u00e7on venue d\u2019Italie&#160;! Toutes les recettes figurent en annexe en fin d\u2019ouvrage. (<a href=\"http:\/\/www.risogallo.it\/risogallo\/fra\/guida_gallo.html\"><b>www.risogallo.it<\/b><\/a>).<\/p>\n<p>Et, comme le disait un sociologue au <i>Journal du Dimanche<\/i> du 14 novembre, la gastronomie a encore de beaux jours devant elle&#160;: <b>\u00abIl y a une vraie tendance de fond en sa faveur. La pr\u00e9occupation pour la sant\u00e9 et le bien-\u00eatre ainsi que le go\u00fbt pour le do it yourself sont d\u00e9sormais fortement ancr\u00e9s en nous.\u00bb<\/b> Les \u00e9diteurs de livres de cuisine ont de beaux jours devant eux\u2026<\/p>\n<p>Deux beaux livres, enfin, toujours chez <b>le Lausannois Pierre-Marcel Favre<\/b>. Le tr\u00e8s agreste <i><b>\u00abTavillons et bardeaux\u00bb<\/b><\/i> d\u2019<b>Olivier Veuve<\/b> et <b>Pierre Grandjean <\/b>et quelques autres, pr\u00e9fac\u00e9 par le ch\u00e2telain vaudois (Ch\u00e2teau de Vincy \u00e0 Gilly) et n\u00e9anmoins lord de sa Gracieuse Majest\u00e9 anglaise <b>Norman Foster<\/b> et <b>Pierre Landolt<\/b>. <b>O\u00f9 comment la noblesse de l\u2019architecture et de la finance red\u00e9couvre une mani\u00e8re ancestrale de construire de vrais chalets d\u2019alpage<\/b>. Voil\u00e0 un livre qui parle au Gru\u00e9rien et \u00e0 l&rsquo;arpenteur des p\u00e2turages qu&rsquo;est rest\u00e9 le soussign\u00e9&#8230;<br \/>\n<i>\u00abTavillons et bardeaux\u00bb, 168 pages, 38 CHF.<br \/>\n<\/i><br \/>\nChez Favre encore, pour les trente ans du <b>Festival Pal\u00e9o<\/b>, <i><b>\u00abLa magie de l\u2019\u00e9ph\u00e9m\u00e8re\u00bb<\/b><\/i> <i>(208 pages, 44 CHF)<\/i>, qui ne fait \u00e9videmment pas allusion \u00e0 la long\u00e9vit\u00e9 de la manifestation, ni \u00e0 l\u2019accent mis sur le d\u00e9veloppement durable, mais \u00e0 son renouvellement annuel. Pal\u00e9o aura bient\u00f4t accueilli cinq millions de spectateurs. Et l\u2019ouvrage, richement illustr\u00e9 de superbes photos, souvent insolites, fait suite \u00e0 quelques autres parus ces derni\u00e8res ann\u00e9es. <\/p>\n<p>C\u2019\u00e9tait aussi un post-scriptum nostalgique du co-auteur de <b>\u00abLa Suisse au bois dormant\u00bb<\/b> (<i>Georg, 1990<\/i>) et de <b>Pal\u00e9o Festival Nyon \u2013 Colovray<\/b> (<i>Pal\u00e9o, 1990<\/i>). Il y a vingt ans, donc.<br \/>\n<i>Pierre Thomas, 17.12.2010<\/i><\/div>\n","protected":false},"excerpt":{"rendered":"<p>Vin et cuisine Beaux livres sous le sapin Qu\u2019acheter \u00e0 No\u00ebl, qui puisse durer&#160;? Le livre reste un fondamental du cadeau. utile En voici quelques uns, s\u00e9lectionn\u00e9s pour vous sur les th\u00e8mes du vin, tonneau des Dana\u00efdes \u00e9ditorial, et de la cuisine, d\u00e9bit\u00e9e en tranches&#8230; de vie. Le vin encyclop\u00e9dique On signalera pour m\u00e9moire un [&hellip;]<\/p>\n","protected":false},"author":3,"featured_media":0,"comment_status":"closed","ping_status":"open","sticky":false,"template":"","format":"standard","meta":{"_monsterinsights_skip_tracking":false,"_monsterinsights_sitenote_active":false,"_monsterinsights_sitenote_note":"","_monsterinsights_sitenote_category":0,"jetpack_post_was_ever_published":false,"jetpack_publicize_message":"","jetpack_is_tweetstorm":false,"jetpack_publicize_feature_enabled":true,"jetpack_social_post_already_shared":false,"jetpack_social_options":{"image_generator_settings":{"template":"highway","enabled":false}}},"categories":[29],"tags":[],"jetpack_publicize_connections":[],"yoast_head":"<!-- This site is optimized with the Yoast SEO plugin v20.6 - https:\/\/yoast.com\/wordpress\/plugins\/seo\/ -->\n<title>Des bouquins sous le sapin (2010) - thomasvino<\/title>\n<meta name=\"robots\" content=\"index, follow, max-snippet:-1, max-image-preview:large, max-video-preview:-1\" \/>\n<link rel=\"canonical\" href=\"https:\/\/thomasvino.ch\/?p=9111\" \/>\n<meta property=\"og:locale\" content=\"fr_FR\" \/>\n<meta property=\"og:type\" content=\"article\" \/>\n<meta property=\"og:title\" content=\"Des bouquins sous le sapin (2010) - thomasvino\" \/>\n<meta property=\"og:description\" content=\"Vin et cuisine Beaux livres sous le sapin Qu\u2019acheter \u00e0 No\u00ebl, qui puisse durer&#160;? Le livre reste un fondamental du cadeau. utile En voici quelques uns, s\u00e9lectionn\u00e9s pour vous sur les th\u00e8mes du vin, tonneau des Dana\u00efdes \u00e9ditorial, et de la cuisine, d\u00e9bit\u00e9e en tranches&#8230; de vie. Le vin encyclop\u00e9dique On signalera pour m\u00e9moire un [&hellip;]\" \/>\n<meta property=\"og:url\" content=\"https:\/\/thomasvino.ch\/?p=9111\" \/>\n<meta property=\"og:site_name\" content=\"thomasvino\" \/>\n<meta property=\"article:published_time\" content=\"2010-12-17T18:29:00+00:00\" \/>\n<meta name=\"author\" content=\"Pierre Thomas\" \/>\n<meta name=\"twitter:label1\" content=\"\u00c9crit par\" \/>\n\t<meta name=\"twitter:data1\" content=\"Pierre Thomas\" \/>\n\t<meta name=\"twitter:label2\" content=\"Dur\u00e9e de lecture estim\u00e9e\" \/>\n\t<meta name=\"twitter:data2\" content=\"12 minutes\" \/>\n<script type=\"application\/ld+json\" class=\"yoast-schema-graph\">{\"@context\":\"https:\/\/schema.org\",\"@graph\":[{\"@type\":\"WebPage\",\"@id\":\"https:\/\/thomasvino.ch\/?p=9111\",\"url\":\"https:\/\/thomasvino.ch\/?p=9111\",\"name\":\"Des bouquins sous le sapin (2010) - thomasvino\",\"isPartOf\":{\"@id\":\"https:\/\/thomasvino.ch\/#website\"},\"datePublished\":\"2010-12-17T18:29:00+00:00\",\"dateModified\":\"2010-12-17T18:29:00+00:00\",\"author\":{\"@id\":\"https:\/\/thomasvino.ch\/#\/schema\/person\/670bf4486fe81152cf1d68bd585e062e\"},\"breadcrumb\":{\"@id\":\"https:\/\/thomasvino.ch\/?p=9111#breadcrumb\"},\"inLanguage\":\"fr-FR\",\"potentialAction\":[{\"@type\":\"ReadAction\",\"target\":[\"https:\/\/thomasvino.ch\/?p=9111\"]}]},{\"@type\":\"BreadcrumbList\",\"@id\":\"https:\/\/thomasvino.ch\/?p=9111#breadcrumb\",\"itemListElement\":[{\"@type\":\"ListItem\",\"position\":1,\"name\":\"Accueil\",\"item\":\"https:\/\/thomasvino.ch\/\"},{\"@type\":\"ListItem\",\"position\":2,\"name\":\"Des bouquins sous le sapin (2010)\"}]},{\"@type\":\"WebSite\",\"@id\":\"https:\/\/thomasvino.ch\/#website\",\"url\":\"https:\/\/thomasvino.ch\/\",\"name\":\"thomasvino\",\"description\":\"Vins &amp; Gastronomie\",\"potentialAction\":[{\"@type\":\"SearchAction\",\"target\":{\"@type\":\"EntryPoint\",\"urlTemplate\":\"https:\/\/thomasvino.ch\/?s={search_term_string}\"},\"query-input\":\"required name=search_term_string\"}],\"inLanguage\":\"fr-FR\"},{\"@type\":\"Person\",\"@id\":\"https:\/\/thomasvino.ch\/#\/schema\/person\/670bf4486fe81152cf1d68bd585e062e\",\"name\":\"Pierre Thomas\",\"image\":{\"@type\":\"ImageObject\",\"inLanguage\":\"fr-FR\",\"@id\":\"https:\/\/thomasvino.ch\/#\/schema\/person\/image\/\",\"url\":\"https:\/\/secure.gravatar.com\/avatar\/91fd5a76647f140e53db987a0dead4d7?s=96&d=mm&r=g\",\"contentUrl\":\"https:\/\/secure.gravatar.com\/avatar\/91fd5a76647f140e53db987a0dead4d7?s=96&d=mm&r=g\",\"caption\":\"Pierre Thomas\"},\"url\":\"https:\/\/thomasvino.ch\/?author=3\"}]}<\/script>\n<!-- \/ Yoast SEO plugin. -->","yoast_head_json":{"title":"Des bouquins sous le sapin (2010) - thomasvino","robots":{"index":"index","follow":"follow","max-snippet":"max-snippet:-1","max-image-preview":"max-image-preview:large","max-video-preview":"max-video-preview:-1"},"canonical":"https:\/\/thomasvino.ch\/?p=9111","og_locale":"fr_FR","og_type":"article","og_title":"Des bouquins sous le sapin (2010) - thomasvino","og_description":"Vin et cuisine Beaux livres sous le sapin Qu\u2019acheter \u00e0 No\u00ebl, qui puisse durer&#160;? Le livre reste un fondamental du cadeau. utile En voici quelques uns, s\u00e9lectionn\u00e9s pour vous sur les th\u00e8mes du vin, tonneau des Dana\u00efdes \u00e9ditorial, et de la cuisine, d\u00e9bit\u00e9e en tranches&#8230; de vie. Le vin encyclop\u00e9dique On signalera pour m\u00e9moire un [&hellip;]","og_url":"https:\/\/thomasvino.ch\/?p=9111","og_site_name":"thomasvino","article_published_time":"2010-12-17T18:29:00+00:00","author":"Pierre Thomas","twitter_misc":{"\u00c9crit par":"Pierre Thomas","Dur\u00e9e de lecture estim\u00e9e":"12 minutes"},"schema":{"@context":"https:\/\/schema.org","@graph":[{"@type":"WebPage","@id":"https:\/\/thomasvino.ch\/?p=9111","url":"https:\/\/thomasvino.ch\/?p=9111","name":"Des bouquins sous le sapin (2010) - thomasvino","isPartOf":{"@id":"https:\/\/thomasvino.ch\/#website"},"datePublished":"2010-12-17T18:29:00+00:00","dateModified":"2010-12-17T18:29:00+00:00","author":{"@id":"https:\/\/thomasvino.ch\/#\/schema\/person\/670bf4486fe81152cf1d68bd585e062e"},"breadcrumb":{"@id":"https:\/\/thomasvino.ch\/?p=9111#breadcrumb"},"inLanguage":"fr-FR","potentialAction":[{"@type":"ReadAction","target":["https:\/\/thomasvino.ch\/?p=9111"]}]},{"@type":"BreadcrumbList","@id":"https:\/\/thomasvino.ch\/?p=9111#breadcrumb","itemListElement":[{"@type":"ListItem","position":1,"name":"Accueil","item":"https:\/\/thomasvino.ch\/"},{"@type":"ListItem","position":2,"name":"Des bouquins sous le sapin (2010)"}]},{"@type":"WebSite","@id":"https:\/\/thomasvino.ch\/#website","url":"https:\/\/thomasvino.ch\/","name":"thomasvino","description":"Vins &amp; Gastronomie","potentialAction":[{"@type":"SearchAction","target":{"@type":"EntryPoint","urlTemplate":"https:\/\/thomasvino.ch\/?s={search_term_string}"},"query-input":"required name=search_term_string"}],"inLanguage":"fr-FR"},{"@type":"Person","@id":"https:\/\/thomasvino.ch\/#\/schema\/person\/670bf4486fe81152cf1d68bd585e062e","name":"Pierre Thomas","image":{"@type":"ImageObject","inLanguage":"fr-FR","@id":"https:\/\/thomasvino.ch\/#\/schema\/person\/image\/","url":"https:\/\/secure.gravatar.com\/avatar\/91fd5a76647f140e53db987a0dead4d7?s=96&d=mm&r=g","contentUrl":"https:\/\/secure.gravatar.com\/avatar\/91fd5a76647f140e53db987a0dead4d7?s=96&d=mm&r=g","caption":"Pierre Thomas"},"url":"https:\/\/thomasvino.ch\/?author=3"}]}},"jetpack_featured_media_url":"","jetpack_sharing_enabled":true,"jetpack_shortlink":"https:\/\/wp.me\/p3m4tZ-2mX","jetpack_likes_enabled":false,"jetpack-related-posts":[{"id":8977,"url":"https:\/\/thomasvino.ch\/?p=8977","url_meta":{"origin":9111,"position":0},"title":"Derniers bons livres sur le vin et les bistrots (2009)","date":"7 d\u00e9cembre 2009","format":false,"excerpt":"Et si le P\u00e8re No\u00ebl \u00e9tait vigneron, b\u00fbcheron ou bistrotier ? Gros bouquins \u00e0 mettre sous le grand sapin Terrible p\u00e9riode que celle de d\u00e9cembre. Apr\u00e8s les vendanges, voici la r\u00e9colte. Combien d\u2019arbres de No\u00ebl \u00e0 la vocation d\u00e9tourn\u00e9e finissent-ils en \u00abcoffeetablebooks\u00bb, ces livres pour table du salon, qui font\u2026","rel":"","context":"Dans &quot;Tendance&quot;","img":{"alt_text":"","src":"","width":0,"height":0},"classes":[]},{"id":16914,"url":"https:\/\/thomasvino.ch\/?p=16914","url_meta":{"origin":9111,"position":1},"title":"Le Valais viticole au tournant vert","date":"6 novembre 2020","format":false,"excerpt":"C\u2019est le \u00abcahier vert\u00bb \u00e0 ajouter \u00e0 la monumentale \u00abEncyclop\u00e9die de la vigne et du vin du Valais\u00bb, parue il y a juste dix ans. Avec le Parc naturel Pfyn-Finges, le Mus\u00e9e du vin de Sierre, en parall\u00e8le d\u2019une exposition sur le m\u00eame th\u00e8me, ambitionne de\u00a0\u00abfaire le tour de la\u2026","rel":"","context":"Dans &quot;Vins suisses&quot;","img":{"alt_text":"","src":"https:\/\/i0.wp.com\/thomasvino.ch\/wp-content\/uploads\/2020\/11\/IMG_3282-242x300.jpg?resize=350%2C200&ssl=1","width":350,"height":200},"classes":[]},{"id":14723,"url":"https:\/\/thomasvino.ch\/?p=14723","url_meta":{"origin":9111,"position":2},"title":"\u00abC\u00e9pages suisses\u00bb de Jos\u00e9 Vouillamoz \u2014 Apr\u00e8s la \u00abbible\u00bb, le br\u00e9viaire helv\u00e9tique","date":"6 d\u00e9cembre 2017","format":false,"excerpt":"En 2012 paraissait, en anglais, Wine Grapes, cosign\u00e9 par Jancis Robinson et Julia Harding, toutes deux \u00abmaster of wine\u00bb, et par Jos\u00e9 Vouillamoz. Un ouvrage de r\u00e9f\u00e9rence, bas\u00e9 sur l\u2019ADN et son usage pour l\u2019identification des vari\u00e9t\u00e9s de raisin et leur paternit\u00e9. Aujourd\u2019hui, le g\u00e9n\u00e9ticien de la vigne valaisan publie\u2026","rel":"","context":"Dans &quot;Vins suisses&quot;","img":{"alt_text":"","src":"","width":0,"height":0},"classes":[]},{"id":8808,"url":"https:\/\/thomasvino.ch\/?p=8808","url_meta":{"origin":9111,"position":3},"title":"Valais \u2014 Neuf portraits de femmes du vin","date":"30 octobre 2008","format":false,"excerpt":"Un livre de portraits de ValaisannesLa femme, avenir du vin... ... vraiment\u00a0?Neuf femmes forment la galerie de portraits valaisans d\u2019un album sorti de presse cette semaine. Mais en quoi les femmes sont-elles si diff\u00e9rentes, comme productrices et comme consommatrices\u00a0? R\u00e9ponses de\u2026 femmes.Par Pierre ThomasOn l\u2019attendait au contour, jeudi soir pass\u00e9,\u2026","rel":"","context":"Dans &quot;Vins suisses&quot;","img":{"alt_text":"","src":"","width":0,"height":0},"classes":[]},{"id":13418,"url":"https:\/\/thomasvino.ch\/?p=13418","url_meta":{"origin":9111,"position":4},"title":"Chandra Kurt faite \u00abcommandeur des vins vaudois\u00bb","date":"2 mars 2016","format":false,"excerpt":"L'auteur, \u00e9crivaine du vin et consultante Chandra Kurt, 48 ans, a \u00e9t\u00e9 faite premier \u00abcommandeur des vins vaudois\u00bb, le 10 mars 2016, dans son fief zurichois, au Clouds, par Pierre Keller, le pr\u00e9sident de l\u2019Office des Vins Vaudois (OVV). Elle a pu accrocher \u00e0 son cou le ruban vert et\u2026","rel":"","context":"Dans &quot;Actus - News&quot;","img":{"alt_text":"","src":"https:\/\/i0.wp.com\/www.thomasvino.ch\/wp-content\/uploads\/2016\/03\/ovv_kurt_keller-300x203.jpg?resize=350%2C200","width":350,"height":200},"classes":[]},{"id":16972,"url":"https:\/\/thomasvino.ch\/?p=16972","url_meta":{"origin":9111,"position":5},"title":"\u00abVignerons, vins et cuisine\u00bb  \u2014 Un deuxi\u00e8me service\u00a0\u00e0 prendre au s\u00e9rieux","date":"27 novembre 2020","format":false,"excerpt":"A pareille \u00e9poque, l\u2019an pass\u00e9, on avait dit tout le bien qu\u2019on pensait de l\u2019originale formule de \u00abvignerons, vins et cuisine\u00bb. Son auteur, Gabriel Tinguely, du site Internet weinlandschweiz.ch, remet le couvert, avec 44 portrait et recettes des six r\u00e9gions viticoles suisses, \u00e0 nouveau. L\u2019album est rythm\u00e9 selon une formule\u2026","rel":"","context":"Dans &quot;Tendance&quot;","img":{"alt_text":"","src":"https:\/\/i0.wp.com\/thomasvino.ch\/wp-content\/uploads\/2020\/11\/vins-vignerons-cuisine-300x297.jpg?resize=350%2C200&ssl=1","width":350,"height":200},"classes":[]}],"_links":{"self":[{"href":"https:\/\/thomasvino.ch\/index.php?rest_route=\/wp\/v2\/posts\/9111"}],"collection":[{"href":"https:\/\/thomasvino.ch\/index.php?rest_route=\/wp\/v2\/posts"}],"about":[{"href":"https:\/\/thomasvino.ch\/index.php?rest_route=\/wp\/v2\/types\/post"}],"author":[{"embeddable":true,"href":"https:\/\/thomasvino.ch\/index.php?rest_route=\/wp\/v2\/users\/3"}],"replies":[{"embeddable":true,"href":"https:\/\/thomasvino.ch\/index.php?rest_route=%2Fwp%2Fv2%2Fcomments&post=9111"}],"version-history":[{"count":0,"href":"https:\/\/thomasvino.ch\/index.php?rest_route=\/wp\/v2\/posts\/9111\/revisions"}],"wp:attachment":[{"href":"https:\/\/thomasvino.ch\/index.php?rest_route=%2Fwp%2Fv2%2Fmedia&parent=9111"}],"wp:term":[{"taxonomy":"category","embeddable":true,"href":"https:\/\/thomasvino.ch\/index.php?rest_route=%2Fwp%2Fv2%2Fcategories&post=9111"},{"taxonomy":"post_tag","embeddable":true,"href":"https:\/\/thomasvino.ch\/index.php?rest_route=%2Fwp%2Fv2%2Ftags&post=9111"}],"curies":[{"name":"wp","href":"https:\/\/api.w.org\/{rel}","templated":true}]}}