{"id":9115,"date":"2010-12-20T17:59:00","date_gmt":"2010-12-20T17:59:00","guid":{"rendered":"http:\/\/localhost\/thomasvino\/?p=9115"},"modified":"2010-12-20T17:59:00","modified_gmt":"2010-12-20T17:59:00","slug":"le-chili-vise-haut-pour-2020","status":"publish","type":"post","link":"https:\/\/thomasvino.ch\/?p=9115","title":{"rendered":"Le Chili vise haut pour 2020"},"content":{"rendered":"<h2><i>Objectif 2020<\/i><br \/>\nLe Chili conqu\u00e9rant<\/h2>\n<div style=\"text-align: justify;\"><b>Le Chili, qui a subi ce printemps un important tremblement terre au centre du pays, l\u00e0 o\u00f9 se situe une partie des vignobles, entend doubler en valeur ses exportations sur dix ans, par une mont\u00e9e en gamme de ses vins. C\u2019est le pr\u00e9sident de Wine of Chile, Ren\u00e9 Merino, qui l\u2019a annonc\u00e9 mi-d\u00e9cembre, 2010 en pr\u00e9sentant un plan d\u00e9cennal.<\/b><br \/>\nLe Chili, huiti\u00e8me producteur mondial, est devenu <b>le cinqui\u00e8me exportateur, derri\u00e8re l&rsquo;Italie, l&rsquo;Espagne, la France et l&rsquo;Australie<\/b>, mais d\u00e9sormais devant les Etats-Unis, selon des donn\u00e9es de l&rsquo;Organisation internationale de la vigne et du vin (OIV). En 1995, les exportations de vin chilien repr\u00e9sentaient 185&#160;millions de dollars&#160;; en 2009, elles ont atteint pr\u00e8s de 1,4&#160;milliard de dollars, pour 8&#160;% du total de vin export\u00e9 dans le monde, selon l&rsquo;industrie.<\/div>\n<h3>Le Chili vise une mont\u00e9e en gamme<\/h3>\n<div style=\"text-align: justify;\">Le plan strat\u00e9gique 2020 du vin chilien pr\u00e9voit <b>un marketing agressif de \u00abl&rsquo;origine Chili\u00bb, coupl\u00e9 \u00e0 un \u00absaut important en mati\u00e8re de prix\u00bb<\/b>, a d\u00e9clar\u00e9 le directeur g\u00e9n\u00e9ral de Wines of Chile, Juan Somavia. La politique de prix mettra l&rsquo;accent sur le rapport qualit\u00e9-prix, un des atouts du vin chilien, entre 10&#160;dollars et 25&#160;dollars la bouteille, un segment du march\u00e9 sur lequel le Chili n&rsquo;est actuellement pas leader, <br \/>\nLe vin chilien se concentrera en outre sur les march\u00e9s asiatiques, scandinaves et br\u00e9silien, en plus de ses principaux d\u00e9bouch\u00e9s actuels, Etats-Unis, Grande Bretagne et Canada. La Suisse ne figure pas dans cette liste et pour cause&#160;: les importations de vins chiliens ont tendance \u00e0 stagner depuis plusieurs ann\u00e9es. <br \/>\nLire nos reportages sur <a href=\"articles.php?lng=fr&amp;pg=1493\"><b>les nouvelles tendances du vin chilien<\/b><\/a> et <a href=\"articles.php?lng=fr&amp;pg=1491\"><b>sur les vins du Br\u00e9sil,<\/b><\/a> le march\u00e9 sud-am\u00e9ricain en pleine croissance et qui attire les convoitises.<br \/>\n<i>\u00a9thomasvino.ch<\/i><\/div>\n","protected":false},"excerpt":{"rendered":"<p>Objectif 2020 Le Chili conqu\u00e9rant Le Chili, qui a subi ce printemps un important tremblement terre au centre du pays, l\u00e0 o\u00f9 se situe une partie des vignobles, entend doubler en valeur ses exportations sur dix ans, par une mont\u00e9e en gamme de ses vins. C\u2019est le pr\u00e9sident de Wine of Chile, Ren\u00e9 Merino, qui [&hellip;]<\/p>\n","protected":false},"author":3,"featured_media":0,"comment_status":"closed","ping_status":"open","sticky":false,"template":"","format":"standard","meta":{"_monsterinsights_skip_tracking":false,"_monsterinsights_sitenote_active":false,"_monsterinsights_sitenote_note":"","_monsterinsights_sitenote_category":0,"jetpack_post_was_ever_published":false,"jetpack_publicize_message":"","jetpack_is_tweetstorm":false,"jetpack_publicize_feature_enabled":true,"jetpack_social_post_already_shared":false,"jetpack_social_options":{"image_generator_settings":{"template":"highway","enabled":false}}},"categories":[15],"tags":[],"jetpack_publicize_connections":[],"yoast_head":"<!-- This site is optimized with the Yoast SEO plugin v20.6 - https:\/\/yoast.com\/wordpress\/plugins\/seo\/ -->\n<title>Le Chili vise haut pour 2020 - thomasvino<\/title>\n<meta name=\"robots\" content=\"index, follow, max-snippet:-1, max-image-preview:large, max-video-preview:-1\" \/>\n<link rel=\"canonical\" href=\"https:\/\/thomasvino.ch\/?p=9115\" \/>\n<meta property=\"og:locale\" content=\"fr_FR\" \/>\n<meta property=\"og:type\" content=\"article\" \/>\n<meta property=\"og:title\" content=\"Le Chili vise haut pour 2020 - thomasvino\" \/>\n<meta property=\"og:description\" content=\"Objectif 2020 Le Chili conqu\u00e9rant Le Chili, qui a subi ce printemps un important tremblement terre au centre du pays, l\u00e0 o\u00f9 se situe une partie des vignobles, entend doubler en valeur ses exportations sur dix ans, par une mont\u00e9e en gamme de ses vins. C\u2019est le pr\u00e9sident de Wine of Chile, Ren\u00e9 Merino, qui [&hellip;]\" \/>\n<meta property=\"og:url\" content=\"https:\/\/thomasvino.ch\/?p=9115\" \/>\n<meta property=\"og:site_name\" content=\"thomasvino\" \/>\n<meta property=\"article:published_time\" content=\"2010-12-20T17:59:00+00:00\" \/>\n<meta name=\"author\" content=\"Pierre Thomas\" \/>\n<meta name=\"twitter:label1\" content=\"\u00c9crit par\" \/>\n\t<meta name=\"twitter:data1\" content=\"Pierre Thomas\" \/>\n\t<meta name=\"twitter:label2\" content=\"Dur\u00e9e de lecture estim\u00e9e\" \/>\n\t<meta name=\"twitter:data2\" content=\"2 minutes\" \/>\n<script type=\"application\/ld+json\" class=\"yoast-schema-graph\">{\"@context\":\"https:\/\/schema.org\",\"@graph\":[{\"@type\":\"WebPage\",\"@id\":\"https:\/\/thomasvino.ch\/?p=9115\",\"url\":\"https:\/\/thomasvino.ch\/?p=9115\",\"name\":\"Le Chili vise haut pour 2020 - thomasvino\",\"isPartOf\":{\"@id\":\"https:\/\/thomasvino.ch\/#website\"},\"datePublished\":\"2010-12-20T17:59:00+00:00\",\"dateModified\":\"2010-12-20T17:59:00+00:00\",\"author\":{\"@id\":\"https:\/\/thomasvino.ch\/#\/schema\/person\/670bf4486fe81152cf1d68bd585e062e\"},\"breadcrumb\":{\"@id\":\"https:\/\/thomasvino.ch\/?p=9115#breadcrumb\"},\"inLanguage\":\"fr-FR\",\"potentialAction\":[{\"@type\":\"ReadAction\",\"target\":[\"https:\/\/thomasvino.ch\/?p=9115\"]}]},{\"@type\":\"BreadcrumbList\",\"@id\":\"https:\/\/thomasvino.ch\/?p=9115#breadcrumb\",\"itemListElement\":[{\"@type\":\"ListItem\",\"position\":1,\"name\":\"Accueil\",\"item\":\"https:\/\/thomasvino.ch\/\"},{\"@type\":\"ListItem\",\"position\":2,\"name\":\"Le Chili vise haut pour 2020\"}]},{\"@type\":\"WebSite\",\"@id\":\"https:\/\/thomasvino.ch\/#website\",\"url\":\"https:\/\/thomasvino.ch\/\",\"name\":\"thomasvino\",\"description\":\"Vins &amp; Gastronomie\",\"potentialAction\":[{\"@type\":\"SearchAction\",\"target\":{\"@type\":\"EntryPoint\",\"urlTemplate\":\"https:\/\/thomasvino.ch\/?s={search_term_string}\"},\"query-input\":\"required name=search_term_string\"}],\"inLanguage\":\"fr-FR\"},{\"@type\":\"Person\",\"@id\":\"https:\/\/thomasvino.ch\/#\/schema\/person\/670bf4486fe81152cf1d68bd585e062e\",\"name\":\"Pierre Thomas\",\"image\":{\"@type\":\"ImageObject\",\"inLanguage\":\"fr-FR\",\"@id\":\"https:\/\/thomasvino.ch\/#\/schema\/person\/image\/\",\"url\":\"https:\/\/secure.gravatar.com\/avatar\/91fd5a76647f140e53db987a0dead4d7?s=96&d=mm&r=g\",\"contentUrl\":\"https:\/\/secure.gravatar.com\/avatar\/91fd5a76647f140e53db987a0dead4d7?s=96&d=mm&r=g\",\"caption\":\"Pierre Thomas\"},\"url\":\"https:\/\/thomasvino.ch\/?author=3\"}]}<\/script>\n<!-- \/ Yoast SEO plugin. -->","yoast_head_json":{"title":"Le Chili vise haut pour 2020 - thomasvino","robots":{"index":"index","follow":"follow","max-snippet":"max-snippet:-1","max-image-preview":"max-image-preview:large","max-video-preview":"max-video-preview:-1"},"canonical":"https:\/\/thomasvino.ch\/?p=9115","og_locale":"fr_FR","og_type":"article","og_title":"Le Chili vise haut pour 2020 - thomasvino","og_description":"Objectif 2020 Le Chili conqu\u00e9rant Le Chili, qui a subi ce printemps un important tremblement terre au centre du pays, l\u00e0 o\u00f9 se situe une partie des vignobles, entend doubler en valeur ses exportations sur dix ans, par une mont\u00e9e en gamme de ses vins. C\u2019est le pr\u00e9sident de Wine of Chile, Ren\u00e9 Merino, qui [&hellip;]","og_url":"https:\/\/thomasvino.ch\/?p=9115","og_site_name":"thomasvino","article_published_time":"2010-12-20T17:59:00+00:00","author":"Pierre Thomas","twitter_misc":{"\u00c9crit par":"Pierre Thomas","Dur\u00e9e de lecture estim\u00e9e":"2 minutes"},"schema":{"@context":"https:\/\/schema.org","@graph":[{"@type":"WebPage","@id":"https:\/\/thomasvino.ch\/?p=9115","url":"https:\/\/thomasvino.ch\/?p=9115","name":"Le Chili vise haut pour 2020 - thomasvino","isPartOf":{"@id":"https:\/\/thomasvino.ch\/#website"},"datePublished":"2010-12-20T17:59:00+00:00","dateModified":"2010-12-20T17:59:00+00:00","author":{"@id":"https:\/\/thomasvino.ch\/#\/schema\/person\/670bf4486fe81152cf1d68bd585e062e"},"breadcrumb":{"@id":"https:\/\/thomasvino.ch\/?p=9115#breadcrumb"},"inLanguage":"fr-FR","potentialAction":[{"@type":"ReadAction","target":["https:\/\/thomasvino.ch\/?p=9115"]}]},{"@type":"BreadcrumbList","@id":"https:\/\/thomasvino.ch\/?p=9115#breadcrumb","itemListElement":[{"@type":"ListItem","position":1,"name":"Accueil","item":"https:\/\/thomasvino.ch\/"},{"@type":"ListItem","position":2,"name":"Le Chili vise haut pour 2020"}]},{"@type":"WebSite","@id":"https:\/\/thomasvino.ch\/#website","url":"https:\/\/thomasvino.ch\/","name":"thomasvino","description":"Vins &amp; Gastronomie","potentialAction":[{"@type":"SearchAction","target":{"@type":"EntryPoint","urlTemplate":"https:\/\/thomasvino.ch\/?s={search_term_string}"},"query-input":"required name=search_term_string"}],"inLanguage":"fr-FR"},{"@type":"Person","@id":"https:\/\/thomasvino.ch\/#\/schema\/person\/670bf4486fe81152cf1d68bd585e062e","name":"Pierre Thomas","image":{"@type":"ImageObject","inLanguage":"fr-FR","@id":"https:\/\/thomasvino.ch\/#\/schema\/person\/image\/","url":"https:\/\/secure.gravatar.com\/avatar\/91fd5a76647f140e53db987a0dead4d7?s=96&d=mm&r=g","contentUrl":"https:\/\/secure.gravatar.com\/avatar\/91fd5a76647f140e53db987a0dead4d7?s=96&d=mm&r=g","caption":"Pierre Thomas"},"url":"https:\/\/thomasvino.ch\/?author=3"}]}},"jetpack_featured_media_url":"","jetpack_sharing_enabled":true,"jetpack_shortlink":"https:\/\/wp.me\/p3m4tZ-2n1","jetpack_likes_enabled":false,"jetpack-related-posts":[{"id":9730,"url":"https:\/\/thomasvino.ch\/?p=9730","url_meta":{"origin":9115,"position":0},"title":"Chili \u2014 Le Chili vise le haut de gamme","date":"8 janvier 2005","format":false,"excerpt":"Le Chili vise tr\u00e8s haut Les producteurs sud-am\u00e9ricains visent le top du top pour casser l'image des vins de masse. Le Chili compte sur les Europ\u00e9ens, notamment sur les Fran\u00e7ais, pour rehausser l'image de ses vins. Visite \u00e0 domicile. De retour de Santiago, Pierre Thomas Cette semaine, Alta\u00efr a inaugur\u00e9\u2026","rel":"","context":"Dans &quot;Vins du Nouveau Monde&quot;","img":{"alt_text":"","src":"","width":0,"height":0},"classes":[]},{"id":11421,"url":"https:\/\/thomasvino.ch\/?p=11421","url_meta":{"origin":9115,"position":1},"title":"Chiffres mondiaux du vin  La Chine dans l\u2019ombre","date":"28 octobre 2013","format":false,"excerpt":"L\u2019Organisation internationale de la vigne et du vin (OIV), dirig\u00e9e jusqu'\u00e0 la fin de l'ann\u00e9e par l\u2019Italien Federico Castellucci, a pr\u00e9sent\u00e9 ses chiffres pour l\u2019ann\u00e9e 2013, \u00e0 Paris. Curieusement, la Chine est la grande absente de ce tour d\u2019horizon. On y apprend tout au plus que la surface d\u00e9di\u00e9e aux\u2026","rel":"","context":"Dans &quot;Actus - News&quot;","img":{"alt_text":"","src":"https:\/\/i0.wp.com\/www.thomasvino.ch\/wp-content\/uploads\/2013\/10\/douanes_fr-300x205.png?resize=350%2C200","width":350,"height":200},"classes":[]},{"id":9633,"url":"https:\/\/thomasvino.ch\/?p=9633","url_meta":{"origin":9115,"position":2},"title":"Chili \u2014 Les femmes sont l&rsquo;avenir du vin chilien","date":"6 janvier 2005","format":false,"excerpt":"La femme est l'avenir du vin chilienLes femmes sont nombreuses dans les vignes chiliennes. Au moment de la vendange, entre mars et mai, entre les ceps. Et en cave. A Nouveau Monde, r\u00e9flexes neufs. Rencontres sur place.De retour du Chili, Pierre ThomasCe jour-l\u00e0 de mars, \u00e0 une centaine de kilom\u00e8tres\u2026","rel":"","context":"Dans &quot;Vins du Nouveau Monde&quot;","img":{"alt_text":"","src":"","width":0,"height":0},"classes":[]},{"id":9160,"url":"https:\/\/thomasvino.ch\/?p=9160","url_meta":{"origin":9115,"position":3},"title":"March\u00e9 mondial du vin: embellie en 2010","date":"2 avril 2011","format":false,"excerpt":"Chiffres OIV pour 2010 Le march\u00e9 des vins en reprise L\u2019\u00e9cart entre la production de vin (260 millions d\u2019hectolitres) et la consommation (236 mios d\u2019hl) indique toujours une surproduction de vin plan\u00e9taire en 2010 (24 mios d\u2019hl). Les Chinois vont-ils l\u2019absorber\u00a0? Ils sont pass\u00e9s au premier rang des consommateurs de\u2026","rel":"","context":"Dans &quot;Actus - News&quot;","img":{"alt_text":"","src":"","width":0,"height":0},"classes":[]},{"id":9621,"url":"https:\/\/thomasvino.ch\/?p=9621","url_meta":{"origin":9115,"position":4},"title":"Chili \u2014 Le Chilien qui transforme les vins vaudois","date":"10 avril 2005","format":false,"excerpt":"Rodrigo Banto, \u0153nologue d\u2019Uvavins, \u00e0 Tolochenaz (VD) Le Chilien qui transforme les vins vaudois N\u00e9 il y a 36 ans \u00e0 Santiago du Chili, Rodrigo Banto a travaill\u00e9 plusieurs ann\u00e9es dans deux des plus grandes caves de son pays, San Pedro et Caliterra. Depuis deux ans, il conduit les vinifications\u2026","rel":"","context":"Dans &quot;Vins du Nouveau Monde&quot;","img":{"alt_text":"","src":"","width":0,"height":0},"classes":[]},{"id":9638,"url":"https:\/\/thomasvino.ch\/?p=9638","url_meta":{"origin":9115,"position":5},"title":"Chili \u2014 Trois conquistadors suisses","date":"6 janvier 2005","format":false,"excerpt":"Trois conquistadors suisses au ChiliLe Chili, qui est pass\u00e9 de 40 exportateurs de vin \u00e0 200 en douze ans, attire aussi des Suisses. Coup de sonde sur trois domaines o\u00f9 l'aventure le dispute \u00e0 la passion. Et d\u00e9gustation des tout premiers vins \u00absuisses\u00bb du Chili: l'un d'eux vient de d\u00e9crocher\u2026","rel":"","context":"Dans &quot;Vins du Nouveau Monde&quot;","img":{"alt_text":"","src":"","width":0,"height":0},"classes":[]}],"_links":{"self":[{"href":"https:\/\/thomasvino.ch\/index.php?rest_route=\/wp\/v2\/posts\/9115"}],"collection":[{"href":"https:\/\/thomasvino.ch\/index.php?rest_route=\/wp\/v2\/posts"}],"about":[{"href":"https:\/\/thomasvino.ch\/index.php?rest_route=\/wp\/v2\/types\/post"}],"author":[{"embeddable":true,"href":"https:\/\/thomasvino.ch\/index.php?rest_route=\/wp\/v2\/users\/3"}],"replies":[{"embeddable":true,"href":"https:\/\/thomasvino.ch\/index.php?rest_route=%2Fwp%2Fv2%2Fcomments&post=9115"}],"version-history":[{"count":0,"href":"https:\/\/thomasvino.ch\/index.php?rest_route=\/wp\/v2\/posts\/9115\/revisions"}],"wp:attachment":[{"href":"https:\/\/thomasvino.ch\/index.php?rest_route=%2Fwp%2Fv2%2Fmedia&parent=9115"}],"wp:term":[{"taxonomy":"category","embeddable":true,"href":"https:\/\/thomasvino.ch\/index.php?rest_route=%2Fwp%2Fv2%2Fcategories&post=9115"},{"taxonomy":"post_tag","embeddable":true,"href":"https:\/\/thomasvino.ch\/index.php?rest_route=%2Fwp%2Fv2%2Ftags&post=9115"}],"curies":[{"name":"wp","href":"https:\/\/api.w.org\/{rel}","templated":true}]}}