{"id":9120,"date":"2011-01-04T18:02:00","date_gmt":"2011-01-04T18:02:00","guid":{"rendered":"http:\/\/localhost\/thomasvino\/?p=9120"},"modified":"2011-01-04T18:02:00","modified_gmt":"2011-01-04T18:02:00","slug":"succession-de-michel-boven-assuree","status":"publish","type":"post","link":"https:\/\/thomasvino.ch\/?p=9120","title":{"rendered":"Succession de Michel Boven assur\u00e9e"},"content":{"rendered":"<h2><i>Cave Ard\u00e9vaz \u00e0 Chamoson<\/i><\/h2>\n<h1>La succession de feu Michel Boven assur\u00e9e<\/h1>\n<div style=\"text-align: justify;\">A 53 ans, le 5 novembre 2010, le vigneron encaveur de Chamoson, <b>Michel Boven<\/b>, d\u00e9c\u00e9dait subitement, d&rsquo;une h\u00e9morragie interne. Il venait de d\u00e9crocher le deuxi\u00e8me prix de la cat\u00e9gorie assemblage du Grand Prix du Vin Suisse, avec l&rsquo;Ard\u00e9vine 2008, un de ses fers de lance. Ses 2009, syrah comme humagne, muscat comme pa\u00efen, avaient \u00e9t\u00e9 acclam\u00e9s. <br \/>\nOn se souvient que <b>son \u00e9pouse, Rachel<\/b>, \u00e9tait venue sur la sc\u00e8ne du Th\u00e9\u00e2tre de Berne chercher son prix de premier \u00abmeilleur vigneron de Suisse\u00bb de l&rsquo;Histoire, le 22 octobre 2004. R\u00e9cemment, sa veuve a communiqu\u00e9 que l&rsquo;avenir du domaine est assur\u00e9. Deux de ses quatre enfants poursuivent des \u00e9tudes hors milieu viticole, <b>J\u00e9r\u00f4me<\/b> \u00e0 l&rsquo;EPFL et <b>C\u00e9line<\/b> \u00e0 l&rsquo;ECG, tandis que <b>Michael<\/b> et <b>John<\/b> sont directement impliqu\u00e9s dans la poursuite de l&rsquo;exploitation. Ils seront \u00e9paul\u00e9s \u00e0 la vigne, comme depuis sept ans, par <b>Jean-Michel Delaloye<\/b> et en cave par l&rsquo;\u0153nologue-conseil de Chamoson, <b>Didier Joris<\/b>. Celui-ci \u00e9tait \u00abpresque fr\u00e8re\u00bb du d\u00e9funt et parrain de John. Il vinifiera les vins de la Cave Ard\u00e9vaz, pour laquelle, avec le titulaire, il avait mis au point les deux assemblages phares, <i><b>L&rsquo;Ard\u00e9vin<\/b><\/i>e, \u00e9lev\u00e9 en barriques de ch\u00eane, et le <i><b>Vent d&rsquo;Or<\/b><\/i>, en cuve. <br \/>\n<i>\u00abL&rsquo;ann\u00e9e 2011 sera plac\u00e9e sous le signe de la continuit\u00e9 et de la volont\u00e9 de pr\u00e9senter un mill\u00e9sime 2010 aux reflets ombr\u00e9s de Michel\u00bb<\/i>, \u00e9crit sa veuve. Ainsi, le domaine, qui projette la construction d&rsquo;une nouvelle cave, devrait continuer \u00e0 briller au firmament des vins valaisans. <br \/>\nNos v\u0153ux de succ\u00e8s et de fid\u00e9lit\u00e9 accompagnent les acteurs de ce \u00abshow\u00bb qui continue (pour paraphraser Fr\u00e9dy Mercury).<br \/>\n<i>\u00a9thomasvino.com<\/i><\/div>\n","protected":false},"excerpt":{"rendered":"<p>Cave Ard\u00e9vaz \u00e0 Chamoson La succession de feu Michel Boven assur\u00e9e A 53 ans, le 5 novembre 2010, le vigneron encaveur de Chamoson, Michel Boven, d\u00e9c\u00e9dait subitement, d&rsquo;une h\u00e9morragie interne. Il venait de d\u00e9crocher le deuxi\u00e8me prix de la cat\u00e9gorie assemblage du Grand Prix du Vin Suisse, avec l&rsquo;Ard\u00e9vine 2008, un de ses fers de [&hellip;]<\/p>\n","protected":false},"author":3,"featured_media":0,"comment_status":"closed","ping_status":"open","sticky":false,"template":"","format":"standard","meta":{"_monsterinsights_skip_tracking":false,"_monsterinsights_sitenote_active":false,"_monsterinsights_sitenote_note":"","_monsterinsights_sitenote_category":0,"jetpack_post_was_ever_published":false,"jetpack_publicize_message":"","jetpack_is_tweetstorm":false,"jetpack_publicize_feature_enabled":true,"jetpack_social_post_already_shared":false,"jetpack_social_options":{"image_generator_settings":{"template":"highway","enabled":false}}},"categories":[15],"tags":[],"jetpack_publicize_connections":[],"yoast_head":"<!-- This site is optimized with the Yoast SEO plugin v20.6 - https:\/\/yoast.com\/wordpress\/plugins\/seo\/ -->\n<title>Succession de Michel Boven assur\u00e9e - thomasvino<\/title>\n<meta name=\"robots\" content=\"index, follow, max-snippet:-1, max-image-preview:large, max-video-preview:-1\" \/>\n<link rel=\"canonical\" href=\"https:\/\/thomasvino.ch\/?p=9120\" \/>\n<meta property=\"og:locale\" content=\"fr_FR\" \/>\n<meta property=\"og:type\" content=\"article\" \/>\n<meta property=\"og:title\" content=\"Succession de Michel Boven assur\u00e9e - thomasvino\" \/>\n<meta property=\"og:description\" content=\"Cave Ard\u00e9vaz \u00e0 Chamoson La succession de feu Michel Boven assur\u00e9e A 53 ans, le 5 novembre 2010, le vigneron encaveur de Chamoson, Michel Boven, d\u00e9c\u00e9dait subitement, d&rsquo;une h\u00e9morragie interne. Il venait de d\u00e9crocher le deuxi\u00e8me prix de la cat\u00e9gorie assemblage du Grand Prix du Vin Suisse, avec l&rsquo;Ard\u00e9vine 2008, un de ses fers de [&hellip;]\" \/>\n<meta property=\"og:url\" content=\"https:\/\/thomasvino.ch\/?p=9120\" \/>\n<meta property=\"og:site_name\" content=\"thomasvino\" \/>\n<meta property=\"article:published_time\" content=\"2011-01-04T18:02:00+00:00\" \/>\n<meta name=\"author\" content=\"Pierre Thomas\" \/>\n<meta name=\"twitter:label1\" content=\"\u00c9crit par\" \/>\n\t<meta name=\"twitter:data1\" content=\"Pierre Thomas\" \/>\n\t<meta name=\"twitter:label2\" content=\"Dur\u00e9e de lecture estim\u00e9e\" \/>\n\t<meta name=\"twitter:data2\" content=\"1 minute\" \/>\n<script type=\"application\/ld+json\" class=\"yoast-schema-graph\">{\"@context\":\"https:\/\/schema.org\",\"@graph\":[{\"@type\":\"WebPage\",\"@id\":\"https:\/\/thomasvino.ch\/?p=9120\",\"url\":\"https:\/\/thomasvino.ch\/?p=9120\",\"name\":\"Succession de Michel Boven assur\u00e9e - thomasvino\",\"isPartOf\":{\"@id\":\"https:\/\/thomasvino.ch\/#website\"},\"datePublished\":\"2011-01-04T18:02:00+00:00\",\"dateModified\":\"2011-01-04T18:02:00+00:00\",\"author\":{\"@id\":\"https:\/\/thomasvino.ch\/#\/schema\/person\/670bf4486fe81152cf1d68bd585e062e\"},\"breadcrumb\":{\"@id\":\"https:\/\/thomasvino.ch\/?p=9120#breadcrumb\"},\"inLanguage\":\"fr-FR\",\"potentialAction\":[{\"@type\":\"ReadAction\",\"target\":[\"https:\/\/thomasvino.ch\/?p=9120\"]}]},{\"@type\":\"BreadcrumbList\",\"@id\":\"https:\/\/thomasvino.ch\/?p=9120#breadcrumb\",\"itemListElement\":[{\"@type\":\"ListItem\",\"position\":1,\"name\":\"Accueil\",\"item\":\"https:\/\/thomasvino.ch\/\"},{\"@type\":\"ListItem\",\"position\":2,\"name\":\"Succession de Michel Boven assur\u00e9e\"}]},{\"@type\":\"WebSite\",\"@id\":\"https:\/\/thomasvino.ch\/#website\",\"url\":\"https:\/\/thomasvino.ch\/\",\"name\":\"thomasvino\",\"description\":\"Vins &amp; Gastronomie\",\"potentialAction\":[{\"@type\":\"SearchAction\",\"target\":{\"@type\":\"EntryPoint\",\"urlTemplate\":\"https:\/\/thomasvino.ch\/?s={search_term_string}\"},\"query-input\":\"required name=search_term_string\"}],\"inLanguage\":\"fr-FR\"},{\"@type\":\"Person\",\"@id\":\"https:\/\/thomasvino.ch\/#\/schema\/person\/670bf4486fe81152cf1d68bd585e062e\",\"name\":\"Pierre Thomas\",\"image\":{\"@type\":\"ImageObject\",\"inLanguage\":\"fr-FR\",\"@id\":\"https:\/\/thomasvino.ch\/#\/schema\/person\/image\/\",\"url\":\"https:\/\/secure.gravatar.com\/avatar\/91fd5a76647f140e53db987a0dead4d7?s=96&d=mm&r=g\",\"contentUrl\":\"https:\/\/secure.gravatar.com\/avatar\/91fd5a76647f140e53db987a0dead4d7?s=96&d=mm&r=g\",\"caption\":\"Pierre Thomas\"},\"url\":\"https:\/\/thomasvino.ch\/?author=3\"}]}<\/script>\n<!-- \/ Yoast SEO plugin. -->","yoast_head_json":{"title":"Succession de Michel Boven assur\u00e9e - thomasvino","robots":{"index":"index","follow":"follow","max-snippet":"max-snippet:-1","max-image-preview":"max-image-preview:large","max-video-preview":"max-video-preview:-1"},"canonical":"https:\/\/thomasvino.ch\/?p=9120","og_locale":"fr_FR","og_type":"article","og_title":"Succession de Michel Boven assur\u00e9e - thomasvino","og_description":"Cave Ard\u00e9vaz \u00e0 Chamoson La succession de feu Michel Boven assur\u00e9e A 53 ans, le 5 novembre 2010, le vigneron encaveur de Chamoson, Michel Boven, d\u00e9c\u00e9dait subitement, d&rsquo;une h\u00e9morragie interne. Il venait de d\u00e9crocher le deuxi\u00e8me prix de la cat\u00e9gorie assemblage du Grand Prix du Vin Suisse, avec l&rsquo;Ard\u00e9vine 2008, un de ses fers de [&hellip;]","og_url":"https:\/\/thomasvino.ch\/?p=9120","og_site_name":"thomasvino","article_published_time":"2011-01-04T18:02:00+00:00","author":"Pierre Thomas","twitter_misc":{"\u00c9crit par":"Pierre Thomas","Dur\u00e9e de lecture estim\u00e9e":"1 minute"},"schema":{"@context":"https:\/\/schema.org","@graph":[{"@type":"WebPage","@id":"https:\/\/thomasvino.ch\/?p=9120","url":"https:\/\/thomasvino.ch\/?p=9120","name":"Succession de Michel Boven assur\u00e9e - thomasvino","isPartOf":{"@id":"https:\/\/thomasvino.ch\/#website"},"datePublished":"2011-01-04T18:02:00+00:00","dateModified":"2011-01-04T18:02:00+00:00","author":{"@id":"https:\/\/thomasvino.ch\/#\/schema\/person\/670bf4486fe81152cf1d68bd585e062e"},"breadcrumb":{"@id":"https:\/\/thomasvino.ch\/?p=9120#breadcrumb"},"inLanguage":"fr-FR","potentialAction":[{"@type":"ReadAction","target":["https:\/\/thomasvino.ch\/?p=9120"]}]},{"@type":"BreadcrumbList","@id":"https:\/\/thomasvino.ch\/?p=9120#breadcrumb","itemListElement":[{"@type":"ListItem","position":1,"name":"Accueil","item":"https:\/\/thomasvino.ch\/"},{"@type":"ListItem","position":2,"name":"Succession de Michel Boven assur\u00e9e"}]},{"@type":"WebSite","@id":"https:\/\/thomasvino.ch\/#website","url":"https:\/\/thomasvino.ch\/","name":"thomasvino","description":"Vins &amp; Gastronomie","potentialAction":[{"@type":"SearchAction","target":{"@type":"EntryPoint","urlTemplate":"https:\/\/thomasvino.ch\/?s={search_term_string}"},"query-input":"required name=search_term_string"}],"inLanguage":"fr-FR"},{"@type":"Person","@id":"https:\/\/thomasvino.ch\/#\/schema\/person\/670bf4486fe81152cf1d68bd585e062e","name":"Pierre Thomas","image":{"@type":"ImageObject","inLanguage":"fr-FR","@id":"https:\/\/thomasvino.ch\/#\/schema\/person\/image\/","url":"https:\/\/secure.gravatar.com\/avatar\/91fd5a76647f140e53db987a0dead4d7?s=96&d=mm&r=g","contentUrl":"https:\/\/secure.gravatar.com\/avatar\/91fd5a76647f140e53db987a0dead4d7?s=96&d=mm&r=g","caption":"Pierre Thomas"},"url":"https:\/\/thomasvino.ch\/?author=3"}]}},"jetpack_featured_media_url":"","jetpack_sharing_enabled":true,"jetpack_shortlink":"https:\/\/wp.me\/p3m4tZ-2n6","jetpack_likes_enabled":false,"jetpack-related-posts":[{"id":9360,"url":"https:\/\/thomasvino.ch\/?p=9360","url_meta":{"origin":9120,"position":0},"title":"Renouveau prometteur \u00e0 la Cave Ard\u00e9vaz","date":"26 avril 2012","format":false,"excerpt":"Le d\u00e9c\u00e8s, des suites d\u2019un mal foudroyant, de Michel Boven, \u00e0 la fin des vendanges 2010, fut ressenti comme un tremblement de terre, dans sa famille, mais aussi chez nombre d\u2019amateurs de vins valaisans. Sur son domaine d\u2019une quinzaine d\u2019hectares, le vigneron-encaveur de Chamoson laissait quatre adolescents orphelins. Deux ans\u2026","rel":"","context":"Dans &quot;Vins suisses&quot;","img":{"alt_text":"hg_caveboven1.jpg","src":"img\/hg_caveboven1.jpg","width":350,"height":200},"classes":[]},{"id":8957,"url":"https:\/\/thomasvino.ch\/?p=8957","url_meta":{"origin":9120,"position":1},"title":"Grand Prix du Vin Suisse 2009 \u2014 Les vainqueurs!","date":"23 octobre 2009","format":false,"excerpt":"Grand Prix du Vin Suisse 2009 Un palmar\u00e8s tr\u00e8s panach\u00e9 On connaissait d\u00e9j\u00e0 les 66 nomin\u00e9s au Grand Prix du Vin Suisse. Vendredi soir, au Stadttheater de Berne, les champions ont \u00e9t\u00e9 couronn\u00e9s. Le palmar\u00e8s n\u2019a jamais \u00e9t\u00e9 aussi panach\u00e9. (lire ci-dessous, liste de tous les vins prim\u00e9s) Pierre Thomas,\u2026","rel":"","context":"Dans &quot;Vins suisses&quot;","img":{"alt_text":"1_chasselas.jpg","src":"img\/1_chasselas.jpg","width":350,"height":200},"classes":[]},{"id":10026,"url":"https:\/\/thomasvino.ch\/?p=10026","url_meta":{"origin":9120,"position":2},"title":"Grand Prix du Vin Suisse: le palmar\u00e8s 2007","date":"22 octobre 2007","format":false,"excerpt":"Les \u00e9lus du Grand Prix du Vin SuisseLe Salquenard Diego Mathier a \u00e9t\u00e9 sacr\u00e9 meilleur vigneron du pays, vendredi, \u00e0 Berne. Mais il y a dix autres meilleurs vins de Suisse. Palmar\u00e8s en fin de fichier...Pierre ThomasPour la deuxi\u00e8me fois, apr\u00e8s 2004, le concours, organis\u00e9 par le magazine Vinum, et\u2026","rel":"","context":"Dans &quot;Vins suisses&quot;","img":{"alt_text":"","src":"","width":0,"height":0},"classes":[]},{"id":9063,"url":"https:\/\/thomasvino.ch\/?p=9063","url_meta":{"origin":9120,"position":3},"title":"GPVS \u2014 Les nomin\u00e9s 2010","date":"23 ao\u00fbt 2010","format":false,"excerpt":"Les nomin\u00e9s 2010 du Grand Prix des Vins Suisses Un suspense (artificiel) jusqu'\u00e0 fin octobre Les vins qui suivent sont ceux qui ont obtenu le meilleur pointage des m\u00e9dailles d\u2019or du cinqui\u00e8me Grand Prix des Vins Suisses (GPVS), organis\u00e9 par l\u2019association VINEA, en juin, \u00e0 Sierre. 2715 vins (30% de\u2026","rel":"","context":"Dans &quot;Vins suisses&quot;","img":{"alt_text":"","src":"","width":0,"height":0},"classes":[]},{"id":8985,"url":"https:\/\/thomasvino.ch\/?p=8985","url_meta":{"origin":9120,"position":4},"title":"Valais \u2014 Les six stars du mill\u00e9sime 2008","date":"31 d\u00e9cembre 2009","format":false,"excerpt":"Etoiles du Valais 2009 Les six stars du mill\u00e9sime 2008 Pour la quatri\u00e8me fois, l\u2019Interprofession de la vigne et du vin du Valais (IVV) a confi\u00e9 \u00e0 un jury d\u2019experts le soin de d\u00e9signer les \u00abstars\u00bb parmi les \u00e9toiles du Valais. Le portrait des six vainqueurs 2009, pour le mill\u00e9sime\u2026","rel":"","context":"Dans &quot;Vins suisses&quot;","img":{"alt_text":"","src":"","width":0,"height":0},"classes":[]},{"id":8701,"url":"https:\/\/thomasvino.ch\/?p=8701","url_meta":{"origin":9120,"position":5},"title":"Vins suisses \u2014 Les vins suisses ont leurs oscars","date":"10 janvier 2005","format":false,"excerpt":"Les vins suisses ont leurs oscars 2004 Le suspense est aussi intol\u00e9rable qu\u2019\u00e0 Hollywood\u2026 Les vignerons suisses conna\u00eetront, le vendredi 22 octobre, pour la premi\u00e8re fois, des \u00abchampions\u00bb qui monteront sur la sc\u00e8ne du Stadttheater de Berne. Les quarante-huit vins \u00abnomin\u00e9s\u00bb sont connus. D\u00e9cryptage. (Palmar\u00e8s en fin de fichier!) Par\u2026","rel":"","context":"Dans &quot;Tendance&quot;","img":{"alt_text":"","src":"","width":0,"height":0},"classes":[]}],"_links":{"self":[{"href":"https:\/\/thomasvino.ch\/index.php?rest_route=\/wp\/v2\/posts\/9120"}],"collection":[{"href":"https:\/\/thomasvino.ch\/index.php?rest_route=\/wp\/v2\/posts"}],"about":[{"href":"https:\/\/thomasvino.ch\/index.php?rest_route=\/wp\/v2\/types\/post"}],"author":[{"embeddable":true,"href":"https:\/\/thomasvino.ch\/index.php?rest_route=\/wp\/v2\/users\/3"}],"replies":[{"embeddable":true,"href":"https:\/\/thomasvino.ch\/index.php?rest_route=%2Fwp%2Fv2%2Fcomments&post=9120"}],"version-history":[{"count":0,"href":"https:\/\/thomasvino.ch\/index.php?rest_route=\/wp\/v2\/posts\/9120\/revisions"}],"wp:attachment":[{"href":"https:\/\/thomasvino.ch\/index.php?rest_route=%2Fwp%2Fv2%2Fmedia&parent=9120"}],"wp:term":[{"taxonomy":"category","embeddable":true,"href":"https:\/\/thomasvino.ch\/index.php?rest_route=%2Fwp%2Fv2%2Fcategories&post=9120"},{"taxonomy":"post_tag","embeddable":true,"href":"https:\/\/thomasvino.ch\/index.php?rest_route=%2Fwp%2Fv2%2Ftags&post=9120"}],"curies":[{"name":"wp","href":"https:\/\/api.w.org\/{rel}","templated":true}]}}