{"id":9136,"date":"2011-02-14T09:45:00","date_gmt":"2011-02-14T09:45:00","guid":{"rendered":"http:\/\/localhost\/thomasvino\/?p=9136"},"modified":"2013-03-06T02:46:21","modified_gmt":"2013-03-06T01:46:21","slug":"percee-du-vin-jaune-2011-on-a-retrouve-christophe","status":"publish","type":"post","link":"https:\/\/thomasvino.ch\/?p=9136","title":{"rendered":"Perc\u00e9e du Vin Jaune 2011: on a retrouv\u00e9 Christophe"},"content":{"rendered":"<h2><i>Carte postale d\u2019Arbois<\/i><\/h2>\n<h1>On a retrouv\u00e9 Christophe M.<\/h1>\n<div style=\"text-align: justify;\"><b><br \/>\n<\/b><img loading=\"lazy\" title=\"arbois_menozzi.jpg\" alt=\"arbois_menozzi.jpg\" src=\"img\/arbois_menozzi.jpg\" width=\"600\" height=\"398\" \/><b>A la Perc\u00e9e du Vin Jaune, d\u00e9but f\u00e9vrier 2011 (5 et 6), \u00e0 Arbois, on a retrouv\u00e9 Christophe Menozzi, l&rsquo;ex-<a href=\"articles.php?lng=fr&amp;pg=137\">meilleur sommelier de Suisse<\/a>, il y a exactement dix ans. Moustache au vent&#8230;<\/b><br \/>\nOn l\u2019a vu \u00e0 la Balance Mets et Vins, excellent restaurant de la ville, o\u00f9 le chef <b>Thierry Moyne<\/b> se d\u00e9carcasse pour inventer des accords astucieux entre le savagnin \u00e9lev\u00e9 six ans et trois mois (au moins) sous voile, ou l\u2019utiliser dans ces recettes.<br \/>\nOn l\u2019a crois\u00e9 avec un carton de vieux mill\u00e9simes sous le bras se rendant \u00e0 la vente aux ench\u00e8res. Le Genevois <b>Pierre Chevrier<\/b> (fr\u00e8re du grand chef Philippe) a cass\u00e9 sa tirelire pour emporter un vin jaune de 1774 \u00e0 la cri\u00e9e \u00e0 57&rsquo;000 euros. M\u00eame avec un taux d\u2019euro bas par rapport au franc suisse, cela fait cher le flacon\u00a0! M\u00eame si celui-ci, d\u2019un lot bu par <b>Louis Pasteur <\/b>lui-m\u00eame, n\u2019est pas un clavelin (de 62 cl), mais une bouteille bourguignonne (de 87 cl)\u2026 De quoi perdre la t\u00eate quand on sait que la vigne fut taill\u00e9e sous Louis XV et vendue sous Louis XVI. Dans le beau bourg d\u2019Arbois, l\u2019Histoire suinte tous les murs, toutes les caves (il y en avait une soixantaine d\u2019ouvertes au public). Et puis, <b>Christophe Menozzi<\/b>, apr\u00e8s avoir vendu son beau restaurant de Besan\u00e7on (ex-Mungo Park), va ouvrir une Maison des vins du Jura non pas \u00e0 Arbois, mais sur la place principale de Poligny, juste \u00e0 c\u00f4t\u00e9, ces prochains mois.<br \/>\nSous les vo\u00fbtes de la monumentale cave de l\u2019H\u00f4tel-de-Ville (juste en face de <b>Jean-Paul Jeunet<\/b>, la meilleure adresse gastronomique du Jura fran\u00e7ais depuis des lustres), il a pass\u00e9 rapidement en revue pour nous une align\u00e9e d\u2019une cinquantaine de bouteilles. Une premi\u00e8re\u00a0: <b>les vignerons de la Perc\u00e9e \u00e9taient invit\u00e9s \u00e0 pr\u00e9senter un vin \u00abcoup de c\u0153ur\u00bb perso<\/b>. Il n\u2019y avait pas que du Jaune, un breuvage qui occulte parfois la magnifique diversit\u00e9 des vins du Jura, tr\u00e8s originaux, et qui peuvent surprendre les palais les plus aguerris.<br \/>\nOn a donc d\u00e9gust\u00e9, et les rouges avant les blancs. Et bien aim\u00e9 le Poulsard 2009 du <b>Domaine de la Pinte<\/b> (<i>note de 90\/100<\/i>)\u00a0: joli fruit\u00e9, bois\u00e9 bien ma\u00eetris\u00e9, mais pr\u00e9sent, belle longueur et go\u00fbt de cerises rouges et noires\u00a0; bien construit et \u00e9l\u00e9gant. Bien, le Trousseau 2009 de <b>Morel et Thibaut<\/b> (<i>note 90\/100<\/i>), avec un nez floral de pivoine, un \u00e9ger bois\u00e9, de la fra\u00eecheur et une note finale d\u2019amande am\u00e8re. Un Trousseau encore (toujours 2009, <i>note 88\/100<\/i>), du <b>Ch\u00e2teau de Quintigney <\/b><b>(Carteau-Bougard)<\/b>, tr\u00e8s sauvage et vanill\u00e9, du bois\u00e9\u00a0: bien \u00e9lev\u00e9, mais caract\u00e9riel quand m\u00eame\u00a0! Joli Trousseau 2009 de <b>Fr\u00e9d\u00e9ric Lambert <\/b>(<i>note 85\/100<\/i>), l\u00e9ger, au nez de framboises, de fruits \u00e0 noyau et une finale sur l\u2019amande (encore). De m\u00eame le Trousseau 2009 de <b>Fr\u00e9d\u00e9ric Lornet<\/b> (<i>note 85\/100<\/i>), un vigneron original, qui a des vignes \u00e0 Saint-Chinian aussi (Ch\u00e2teau Fontache)\u00a0; joli nez d\u2019herbes s\u00e8ches, de fruits rouges, avec une note de cuir en finale. Des ar\u00f4mes retoruv\u00e9s sur le Trousseau 2008, cette fois, de <b>Sylvie et Luc Boilley<\/b> (<i>note 85\/100<\/i>), avec les m\u00eames ar\u00f4mes d\u2019herbes s\u00e8ches m\u00eal\u00e9es de cuir et une astringence finale \u2014 2008 n\u2019est pas 2009, c\u2019est s\u00fbr\u00a0! Plus loin dans le temps (2007), le Trousseau du <b>Domaine de la Petite Marne, des fr\u00e8res Noir<\/b>, \u00e0 Poligny, un domaine tout r\u00e9cent qui a vir\u00e9 bio et qu\u2019il faudra suivre\u00a0: joli fruit\u00e9, de raisinets, juteux, original (<i>not\u00e9 85\/100<\/i>)\u2026 Etonnant C\u00f4tes du Jura 2006 de <b>Jean Bourdy<\/b>, un sp\u00e9cialiste des vieux mill\u00e9simes (Menozzi dixit\u00a0!), <i>not\u00e9 90\/100<\/i>, presque doux, aimable, avec un bois\u00e9 assez marqu\u00e9 et des fruits rouges et une l\u00e9g\u00e8re astringence finale. Rayon pinot, un 2003 (!) sign\u00e9 F<b>umey et Ch\u00e2telain<\/b>, Les Grands Champs, not\u00e9 <i>85\/100<\/i>, qui pinotait agr\u00e9ablement au nez, au l\u00e9ger bois\u00e9 en passe d\u2019\u00eatre fondu et avec des tanins encore bien l\u00e0, malgr\u00e9 l\u2019\u00e2ge et la canicule\u2026 Ces rouges mutins se rapprochent des vins des Alpes, mondeuse du Chablais ou de Savoie, furmin de la Vall\u00e9e d\u2019Aoste, humagne ou cornalin du Valais\u00a0: des parent\u00e9s d\u2019ar\u00f4mes incontestables.<br \/>\nApr\u00e8s cette salve de rouges, les blancs. Faut-il l\u2019avouer\u00a0? L\u2019exercice est plus difficile. J\u2019ai appr\u00e9ci\u00e9 un Savagnin 2009 du <b>Domaine des Marnes Blanches<\/b> (<i>90\/100<\/i>), au nez explosif de mangue, de pamplemousse et de glycine\u00a0; presque valaisan\u00a0! La Fleur de Marne 2007 de <b>Labey<\/b>, La Chalasse (not\u00e9 <i>88\/100<\/i>) \u00e9tait tr\u00e8s surprenant, \u00e0 la fois concentr\u00e9 et avec une pointe de sucrosit\u00e9 finale. Le <b>Ch\u00e2teau d\u2019Arlay <\/b>2006 (<i>not\u00e9 85\/100<\/i>) alternait ar\u00f4mes de fruits m\u00fbrs (abricot, p\u00eache, mirabelle) mais aussi miel d\u2019accacia\u00a0: une \u00e9volution bien ma\u00eetris\u00e9e. D\u2019autres commercialisent des vins jaunes \u00e0 peine d\u00e9guis\u00e9s, comme le <b>Ch\u00e2teau de l\u2019Etoile<\/b> 2007 ou le Vieilles Vignes L\u2019Etoile 2007 de <b>Philippe Vandel<\/b>.<br \/>\nMais tant qu\u2019\u00e0 faire, pourquoi ne pas pr\u00e9f\u00e8rer l\u2019original \u00e0 la copie\u00a0? Les vins jaunes, les vrais, c\u2019est encore une autre paire de manches. J\u2019ai bien aim\u00e9 l\u2019\u00e9l\u00e9gance sans lourdeur, la structure ample et d\u00e9li\u00e9e de celui de <b>Philippe Butin<\/b> 2000\u00a0; le c\u00f4t\u00e9 gras, presque vieux rhum du Domaine P\u00eacheur 2002\u00a0; la souplesse, mais aussi la complexit\u00e9, sur le c\u00e9leri et le curry, du Ch\u00e2teau-Ch\u00e2lon de <b>Courbet<\/b> 2003, un grand classique\u00a0; son coll\u00e8gue <b>J.-C. Credoz<\/b>, dans la m\u00eame appellation et le m\u00eame mill\u00e9sime, signe lui aussi un vin gras, puissant, long en bouche, comme le <b>Domaine Grand<\/b>, avec son climat En Beuret, toujours en Ch\u00e2teau-Ch\u00e2lon 2003, puissant, avec des ar\u00f4mes typiques de curry, mais \u00e9l\u00e9gant et sans lourdeur.<br \/>\nNot\u00e9s combien, ces Vins Jaunes\u00a0? Eh bien, pour ne pas faire de jaloux et souligner l\u2019originalit\u00e9 dans la vari\u00e9t\u00e9 de ces nectars si rares, <i>90\/100<\/i> \u00e0 tout le monde. On se r\u00e9jouit d\u2019aller faire un tour \u00e0 la Perc\u00e9e 2012 dans un petit village, Ruffey-sur-Seille\u00a0: un seul vigneron, dit-on, un boulanger et trois cents \u00e2mes\u2026 Si 60&rsquo;000 amateurs s\u2019en vont d\u00e9couvrir les vins, ce sera l\u2019\u00e9meute au village,\u00a0 mais tout le canton viendra \u00e0 la rescousse, m\u2019a-t-on promis\u2026<br \/>\n<i>Pierre Thomas, Arbois, f\u00e9vrier 2011<\/i>, \u00a9texte et photos<br \/>\n<img loading=\"lazy\" title=\"arbois_perceebis.jpg\" alt=\"arbois_perceebis.jpg\" src=\"img\/arbois_perceebis.jpg\" width=\"600\" height=\"904\" \/>\n<\/div>\n","protected":false},"excerpt":{"rendered":"<p>Carte postale d\u2019Arbois On a retrouv\u00e9 Christophe M. A la Perc\u00e9e du Vin Jaune, d\u00e9but f\u00e9vrier 2011 (5 et 6), \u00e0 Arbois, on a retrouv\u00e9 Christophe Menozzi, l&rsquo;ex-meilleur sommelier de Suisse, il y a exactement dix ans. Moustache au vent&#8230; On l\u2019a vu \u00e0 la Balance Mets et Vins, excellent restaurant de la ville, o\u00f9 [&hellip;]<\/p>\n","protected":false},"author":3,"featured_media":0,"comment_status":"closed","ping_status":"open","sticky":false,"template":"","format":"standard","meta":{"_monsterinsights_skip_tracking":false,"_monsterinsights_sitenote_active":false,"_monsterinsights_sitenote_note":"","_monsterinsights_sitenote_category":0,"jetpack_post_was_ever_published":false,"jetpack_publicize_message":"","jetpack_is_tweetstorm":false,"jetpack_publicize_feature_enabled":true,"jetpack_social_post_already_shared":false,"jetpack_social_options":{"image_generator_settings":{"template":"highway","enabled":false}}},"categories":[27],"tags":[],"jetpack_publicize_connections":[],"yoast_head":"<!-- This site is optimized with the Yoast SEO plugin v20.6 - https:\/\/yoast.com\/wordpress\/plugins\/seo\/ -->\n<title>Perc\u00e9e du Vin Jaune 2011: on a retrouv\u00e9 Christophe - thomasvino<\/title>\n<meta name=\"robots\" content=\"index, follow, max-snippet:-1, max-image-preview:large, max-video-preview:-1\" \/>\n<link rel=\"canonical\" href=\"https:\/\/thomasvino.ch\/?p=9136\" \/>\n<meta property=\"og:locale\" content=\"fr_FR\" \/>\n<meta property=\"og:type\" content=\"article\" \/>\n<meta property=\"og:title\" content=\"Perc\u00e9e du Vin Jaune 2011: on a retrouv\u00e9 Christophe - thomasvino\" \/>\n<meta property=\"og:description\" content=\"Carte postale d\u2019Arbois On a retrouv\u00e9 Christophe M. A la Perc\u00e9e du Vin Jaune, d\u00e9but f\u00e9vrier 2011 (5 et 6), \u00e0 Arbois, on a retrouv\u00e9 Christophe Menozzi, l&rsquo;ex-meilleur sommelier de Suisse, il y a exactement dix ans. Moustache au vent&#8230; On l\u2019a vu \u00e0 la Balance Mets et Vins, excellent restaurant de la ville, o\u00f9 [&hellip;]\" \/>\n<meta property=\"og:url\" content=\"https:\/\/thomasvino.ch\/?p=9136\" \/>\n<meta property=\"og:site_name\" content=\"thomasvino\" \/>\n<meta property=\"article:published_time\" content=\"2011-02-14T09:45:00+00:00\" \/>\n<meta property=\"article:modified_time\" content=\"2013-03-06T01:46:21+00:00\" \/>\n<meta name=\"author\" content=\"Pierre Thomas\" \/>\n<meta name=\"twitter:label1\" content=\"\u00c9crit par\" \/>\n\t<meta name=\"twitter:data1\" content=\"Pierre Thomas\" \/>\n\t<meta name=\"twitter:label2\" content=\"Dur\u00e9e de lecture estim\u00e9e\" \/>\n\t<meta name=\"twitter:data2\" content=\"5 minutes\" \/>\n<script type=\"application\/ld+json\" class=\"yoast-schema-graph\">{\"@context\":\"https:\/\/schema.org\",\"@graph\":[{\"@type\":\"WebPage\",\"@id\":\"https:\/\/thomasvino.ch\/?p=9136\",\"url\":\"https:\/\/thomasvino.ch\/?p=9136\",\"name\":\"Perc\u00e9e du Vin Jaune 2011: on a retrouv\u00e9 Christophe - thomasvino\",\"isPartOf\":{\"@id\":\"https:\/\/thomasvino.ch\/#website\"},\"datePublished\":\"2011-02-14T09:45:00+00:00\",\"dateModified\":\"2013-03-06T01:46:21+00:00\",\"author\":{\"@id\":\"https:\/\/thomasvino.ch\/#\/schema\/person\/670bf4486fe81152cf1d68bd585e062e\"},\"breadcrumb\":{\"@id\":\"https:\/\/thomasvino.ch\/?p=9136#breadcrumb\"},\"inLanguage\":\"fr-FR\",\"potentialAction\":[{\"@type\":\"ReadAction\",\"target\":[\"https:\/\/thomasvino.ch\/?p=9136\"]}]},{\"@type\":\"BreadcrumbList\",\"@id\":\"https:\/\/thomasvino.ch\/?p=9136#breadcrumb\",\"itemListElement\":[{\"@type\":\"ListItem\",\"position\":1,\"name\":\"Accueil\",\"item\":\"https:\/\/thomasvino.ch\/\"},{\"@type\":\"ListItem\",\"position\":2,\"name\":\"Perc\u00e9e du Vin Jaune 2011: on a retrouv\u00e9 Christophe\"}]},{\"@type\":\"WebSite\",\"@id\":\"https:\/\/thomasvino.ch\/#website\",\"url\":\"https:\/\/thomasvino.ch\/\",\"name\":\"thomasvino\",\"description\":\"Vins &amp; Gastronomie\",\"potentialAction\":[{\"@type\":\"SearchAction\",\"target\":{\"@type\":\"EntryPoint\",\"urlTemplate\":\"https:\/\/thomasvino.ch\/?s={search_term_string}\"},\"query-input\":\"required name=search_term_string\"}],\"inLanguage\":\"fr-FR\"},{\"@type\":\"Person\",\"@id\":\"https:\/\/thomasvino.ch\/#\/schema\/person\/670bf4486fe81152cf1d68bd585e062e\",\"name\":\"Pierre Thomas\",\"image\":{\"@type\":\"ImageObject\",\"inLanguage\":\"fr-FR\",\"@id\":\"https:\/\/thomasvino.ch\/#\/schema\/person\/image\/\",\"url\":\"https:\/\/secure.gravatar.com\/avatar\/91fd5a76647f140e53db987a0dead4d7?s=96&d=mm&r=g\",\"contentUrl\":\"https:\/\/secure.gravatar.com\/avatar\/91fd5a76647f140e53db987a0dead4d7?s=96&d=mm&r=g\",\"caption\":\"Pierre Thomas\"},\"url\":\"https:\/\/thomasvino.ch\/?author=3\"}]}<\/script>\n<!-- \/ Yoast SEO plugin. -->","yoast_head_json":{"title":"Perc\u00e9e du Vin Jaune 2011: on a retrouv\u00e9 Christophe - thomasvino","robots":{"index":"index","follow":"follow","max-snippet":"max-snippet:-1","max-image-preview":"max-image-preview:large","max-video-preview":"max-video-preview:-1"},"canonical":"https:\/\/thomasvino.ch\/?p=9136","og_locale":"fr_FR","og_type":"article","og_title":"Perc\u00e9e du Vin Jaune 2011: on a retrouv\u00e9 Christophe - thomasvino","og_description":"Carte postale d\u2019Arbois On a retrouv\u00e9 Christophe M. A la Perc\u00e9e du Vin Jaune, d\u00e9but f\u00e9vrier 2011 (5 et 6), \u00e0 Arbois, on a retrouv\u00e9 Christophe Menozzi, l&rsquo;ex-meilleur sommelier de Suisse, il y a exactement dix ans. Moustache au vent&#8230; On l\u2019a vu \u00e0 la Balance Mets et Vins, excellent restaurant de la ville, o\u00f9 [&hellip;]","og_url":"https:\/\/thomasvino.ch\/?p=9136","og_site_name":"thomasvino","article_published_time":"2011-02-14T09:45:00+00:00","article_modified_time":"2013-03-06T01:46:21+00:00","author":"Pierre Thomas","twitter_misc":{"\u00c9crit par":"Pierre Thomas","Dur\u00e9e de lecture estim\u00e9e":"5 minutes"},"schema":{"@context":"https:\/\/schema.org","@graph":[{"@type":"WebPage","@id":"https:\/\/thomasvino.ch\/?p=9136","url":"https:\/\/thomasvino.ch\/?p=9136","name":"Perc\u00e9e du Vin Jaune 2011: on a retrouv\u00e9 Christophe - thomasvino","isPartOf":{"@id":"https:\/\/thomasvino.ch\/#website"},"datePublished":"2011-02-14T09:45:00+00:00","dateModified":"2013-03-06T01:46:21+00:00","author":{"@id":"https:\/\/thomasvino.ch\/#\/schema\/person\/670bf4486fe81152cf1d68bd585e062e"},"breadcrumb":{"@id":"https:\/\/thomasvino.ch\/?p=9136#breadcrumb"},"inLanguage":"fr-FR","potentialAction":[{"@type":"ReadAction","target":["https:\/\/thomasvino.ch\/?p=9136"]}]},{"@type":"BreadcrumbList","@id":"https:\/\/thomasvino.ch\/?p=9136#breadcrumb","itemListElement":[{"@type":"ListItem","position":1,"name":"Accueil","item":"https:\/\/thomasvino.ch\/"},{"@type":"ListItem","position":2,"name":"Perc\u00e9e du Vin Jaune 2011: on a retrouv\u00e9 Christophe"}]},{"@type":"WebSite","@id":"https:\/\/thomasvino.ch\/#website","url":"https:\/\/thomasvino.ch\/","name":"thomasvino","description":"Vins &amp; Gastronomie","potentialAction":[{"@type":"SearchAction","target":{"@type":"EntryPoint","urlTemplate":"https:\/\/thomasvino.ch\/?s={search_term_string}"},"query-input":"required name=search_term_string"}],"inLanguage":"fr-FR"},{"@type":"Person","@id":"https:\/\/thomasvino.ch\/#\/schema\/person\/670bf4486fe81152cf1d68bd585e062e","name":"Pierre Thomas","image":{"@type":"ImageObject","inLanguage":"fr-FR","@id":"https:\/\/thomasvino.ch\/#\/schema\/person\/image\/","url":"https:\/\/secure.gravatar.com\/avatar\/91fd5a76647f140e53db987a0dead4d7?s=96&d=mm&r=g","contentUrl":"https:\/\/secure.gravatar.com\/avatar\/91fd5a76647f140e53db987a0dead4d7?s=96&d=mm&r=g","caption":"Pierre Thomas"},"url":"https:\/\/thomasvino.ch\/?author=3"}]}},"jetpack_featured_media_url":"","jetpack_sharing_enabled":true,"jetpack_shortlink":"https:\/\/wp.me\/p3m4tZ-2nm","jetpack_likes_enabled":false,"jetpack-related-posts":[{"id":9927,"url":"https:\/\/thomasvino.ch\/?p=9927","url_meta":{"origin":9136,"position":0},"title":"Lonay (VD) \u2014 Le Mont-Blanc","date":"4 f\u00e9vrier 2007","format":false,"excerpt":"Caf\u00e9 du Mont-Blanc \u00e0 Lonay (VD)Une escalade en solitaireDe ce Mont-Blanc \u00e0 Lonay, on vous avait d\u00e9j\u00e0 parl\u00e9. C\u2019\u00e9tait l\u2019\u00e9poque o\u00f9 l\u2019ambitieux Guillaume Trouillot r\u00eavait de s\u2019installer dans le Vieux-Coll\u00e8ge, voire au Ch\u00e2teau de Lonay. D\u00e9couverte de l\u2019ann\u00e9e du guide GaultMillau, surm\u00e9diatis\u00e9 par la TV romande durant l\u2019\u00e9t\u00e9, il a\u2026","rel":"","context":"Dans &quot;Adresses&quot;","img":{"alt_text":"","src":"","width":0,"height":0},"classes":[]},{"id":8842,"url":"https:\/\/thomasvino.ch\/?p=8842","url_meta":{"origin":9136,"position":1},"title":"Jura \u2014 M\u00eame le Vin Jaune \u00e9volue!","date":"23 janvier 2009","format":false,"excerpt":"M\u00eame le Vin Jaune \u00e9volueSymbole franc-comtois, le Vin Jaune tient sa f\u00eate le premier week-end de f\u00e9vrier dans les villages de Frontenay et Passenans. Les vignerons jurassiens font \u00e9voluer cette curiosit\u00e9 \u0153nologique.Par Pierre ThomasEvolu\u00e9, et m\u00eame oxyd\u00e9, le Vin Jaune, nimb\u00e9 de son folklore (lire lci-dessous), l\u2019est par nature. Il\u2026","rel":"","context":"Dans &quot;Vins fran\u00e7ais&quot;","img":{"alt_text":"","src":"","width":0,"height":0},"classes":[]},{"id":9138,"url":"https:\/\/thomasvino.ch\/?p=9138","url_meta":{"origin":9136,"position":2},"title":"Arbois \u2014 Sur les traces du Vin Jaune et de Pasteur","date":"26 f\u00e9vrier 2011","format":false,"excerpt":"Le savant a v\u00e9cu \u00e0 Arbois, capitale du vin jaune. Mais le \u00abp\u00e8re de l\u2019\u0153nologie moderne\u00bb n\u2019a pas perc\u00e9 son myst\u00e8re. Les vignerons l\u2019appelaient le \u00abm\u00e9decin du vin\u00bb. Ils lui apportaient leurs flacons, dans sa maison au bord de la Cuisance, pour qu\u2019il leur donne des conseils de cave. Louis\u2026","rel":"","context":"Dans &quot;Vins fran\u00e7ais&quot;","img":{"alt_text":"arbois_pasteur.jpg","src":"img\/arbois_pasteur.jpg","width":350,"height":200},"classes":[]},{"id":9286,"url":"https:\/\/thomasvino.ch\/?p=9286","url_meta":{"origin":9136,"position":3},"title":"V\u00e9troz (VS) \u2014 Le Botza","date":"6 janvier 2005","format":false,"excerpt":"Attention!En automne 2008, Le Botza a \u00e9t\u00e9 repris par Damien Germanier, ex-La table d'h\u00f4tes, \u00e0 Sion et ex-Abbaye \u00e0 V\u00e9troz. Resto ferm\u00e9 le dimanche et le lundi, mais lundi midi, service de mets de brasserie, tout de m\u00eame www.lebotza.ch... Quant \u00e0 Christophe Roch, l'ancien tenancier, objet de la chronique ci-dessous,\u2026","rel":"","context":"Dans &quot;Adresses&quot;","img":{"alt_text":"","src":"","width":0,"height":0},"classes":[]},{"id":8696,"url":"https:\/\/thomasvino.ch\/?p=8696","url_meta":{"origin":9136,"position":4},"title":"Le vin jaune, joyau du Jura","date":"7 d\u00e9cembre 2007","format":false,"excerpt":"***En 2008, la 12\u00e8me Perc\u00e9e du Vin Jaune aura lieu les 2 et 3 f\u00e9vrier \u00e0 Vincelles - Sainte-Agn\u00e8s, dans le Sud Revermont, \u00e0 10 km de Lons-le-Saunier.***Percer le myst\u00e8re du vin jaune jauneA Poligny, ce week-end, on f\u00eatera le vin jaune, or et orgueil des vignerons du Jura fran\u00e7ais.\u2026","rel":"","context":"Dans &quot;Vins fran\u00e7ais&quot;","img":{"alt_text":"","src":"","width":0,"height":0},"classes":[]},{"id":14867,"url":"https:\/\/thomasvino.ch\/?p=14867","url_meta":{"origin":9136,"position":5},"title":"Non-filtr\u00e9, prim&rsquo;s vin suisse et davantage&#8230;","date":"17 janvier 2018","format":false,"excerpt":"D\u00e9but\u00a0d'ann\u00e9e 2018 charg\u00e9e! Sortie du chasselas non-filtr\u00e9 de Neuch\u00e2tel, le 3\u00e8me mercredi de janvier (17 janvier) et les conf\u00e9rences d\u2019Agrovina, \u00e0 Martigny, r\u00e9serv\u00e9es aux professionnels, du 24 au 26 janvier. Puis trois manifestations populaires autour des vins fran\u00e7ais ont lieu \u00e0 un peu plus de 100 km de la fronti\u00e8re\u2026","rel":"","context":"Dans &quot;Actus - News&quot;","img":{"alt_text":"","src":"https:\/\/i0.wp.com\/thomasvino.ch\/wp-content\/uploads\/2018\/01\/ne_nonf_kunzi_jungo-300x200.jpg?resize=350%2C200&ssl=1","width":350,"height":200},"classes":[]}],"_links":{"self":[{"href":"https:\/\/thomasvino.ch\/index.php?rest_route=\/wp\/v2\/posts\/9136"}],"collection":[{"href":"https:\/\/thomasvino.ch\/index.php?rest_route=\/wp\/v2\/posts"}],"about":[{"href":"https:\/\/thomasvino.ch\/index.php?rest_route=\/wp\/v2\/types\/post"}],"author":[{"embeddable":true,"href":"https:\/\/thomasvino.ch\/index.php?rest_route=\/wp\/v2\/users\/3"}],"replies":[{"embeddable":true,"href":"https:\/\/thomasvino.ch\/index.php?rest_route=%2Fwp%2Fv2%2Fcomments&post=9136"}],"version-history":[{"count":0,"href":"https:\/\/thomasvino.ch\/index.php?rest_route=\/wp\/v2\/posts\/9136\/revisions"}],"wp:attachment":[{"href":"https:\/\/thomasvino.ch\/index.php?rest_route=%2Fwp%2Fv2%2Fmedia&parent=9136"}],"wp:term":[{"taxonomy":"category","embeddable":true,"href":"https:\/\/thomasvino.ch\/index.php?rest_route=%2Fwp%2Fv2%2Fcategories&post=9136"},{"taxonomy":"post_tag","embeddable":true,"href":"https:\/\/thomasvino.ch\/index.php?rest_route=%2Fwp%2Fv2%2Ftags&post=9136"}],"curies":[{"name":"wp","href":"https:\/\/api.w.org\/{rel}","templated":true}]}}