{"id":9147,"date":"2011-03-05T10:27:00","date_gmt":"2011-03-05T10:27:00","guid":{"rendered":"http:\/\/localhost\/thomasvino\/?p=9147"},"modified":"2013-10-15T21:21:29","modified_gmt":"2013-10-15T20:21:29","slug":"montalcino-les-150-du-brunello-et-de-litalie","status":"publish","type":"post","link":"https:\/\/thomasvino.ch\/?p=9147","title":{"rendered":"Montalcino: les 150 ans du Brunello et de l&rsquo;Italie"},"content":{"rendered":"<div style=\"text-align: justify;\"><b>Jeudi 17 mars 2011, l\u2019Italie f\u00eatera ses 150 ans. Et le Brunello, grand vin toscan, aussi. Etape \u00e0 Montalcino.<\/b><br \/>\n<i>De retour de Montalcino, Pierre Thomas<\/i><br \/>\nEn mati\u00e8re de r\u00e9cup\u00e9ration, les Italiens sont tr\u00e8s forts. Avant 1861, l\u2019Italie n\u2019\u00e9tait qu\u2019\u00abune expression g\u00e9ographique\u00bb, selon le mot de <b>von Metternich<\/b>. D\u00e8s cette date (et jusqu\u2019en 1946), la Maison de Savoie r\u00e8gnera sur le Royaume d\u2019Italie. Et Rome ne s\u2019y rallie qu\u2019en septembre 1870.<br \/>\nTout au long de la seconde moiti\u00e9 du 19\u00e8me si\u00e8cle, des hommes politiques portent le nouvel Etat sur les fonts baptismaux de ce <i>Risorgimento<\/i> \u2014 \u00abr\u00e9surrection\u00bb. Les deux premiers pr\u00e9sidents du Conseil de la nation sont <b>Camillo Benso<\/b> et <b>Bettino Ricasoli<\/b>. Le premier vient du Pi\u00e9mont, le second de la Toscane. Deux r\u00e9gions o\u00f9 s\u2019\u00e9laborent les plus grands vins italiens. Benso, comte de Cavour, est un des fondateurs du <i>Barolo<\/i> \u2014 son ch\u00e2teau de Grinzane, pr\u00e8s d\u2019Alba, est aujourd\u2019hui une \u0153noth\u00e8que. Et le nom de Ricasoli est toujours associ\u00e9 au domaine du Castello di Brolio, o\u00f9 Bettino livra la\u00a0\u00abrecette\u00bb du <i>Chianti classico<\/i>, vin rouge d\u2019assemblage.<br \/>\n<b>A la gloire du roi Brunello<\/b><br \/>\nCe printemps, c\u2019est un troisi\u00e8me vin, le <i>Brunello<\/i>, qui r\u00e9cup\u00e8re l\u2019\u00e9v\u00e9nement. Il a plus ou moins 150 ans, ce grand rouge, secou\u00e9 il y a cinq ans par un scandale. Fallait-il le limiter au sangiovese, le c\u00e9page toscan, ou permettre d\u2019y ajouter des vari\u00e9t\u00e9s internationales\u00a0? Certains ont pass\u00e9 outre \u00e0 la puret\u00e9 du vin. Pris la main dans le sac, ils ont suscit\u00e9 un retour des intransigeants. D\u00e9but f\u00e9vrier, le <i>Consorzio<\/i> (le groupement des producteurs) a voulu relancer l\u2019ouverture sur le <i>Rosso di Montalcino<\/i>, le \u00absecond vin\u00bb du cru. Le d\u00e9bat, portant sur l\u2019assemblage avec 15% d\u2019autres c\u00e9pages, a tourn\u00e9 court. Mais ce n\u2019est que partie remise.<br \/>\nDans le bourg perch\u00e9 de Montalcino, on ne peut \u00e9chapper au vin. Les boutiques et \u0153noth\u00e8ques sont innombrables, jusque dans la forteresse (magnifiques flacons!). Alentour, les domaines, grands ou petits, sont signal\u00e9s au bord de la route. Le vin est dans toutes les bouches: on parle des microclimats, de l\u2019orientation des vignes, de l\u2019explosion du nombre des domaines, etc.<br \/>\n<b>Florence contre Sienne<\/b><br \/>\nPourtant, le charme de la Toscane va au-del\u00e0 de cette r\u00e9putation \u0153notouristique qui lui assure le succ\u00e8s. Les Etrusques, avant les Romains, s\u2019y \u00e9tablirent. Puis des moines et des guerriers. L\u2019Eglise, Sienne et Florence, se disputaient ces riches campagnes, alternant collines de p\u00e2ture et d\u2019oliviers. A Montalcino, durant cinq cents ans, au Moyen Age, on se battit, pr\u00e9f\u00e9rant les gibelins de Sienne aux guelfes de Florence. Un choix sanctionn\u00e9 par la bataille de Montaperti, en 1260. En revanche, les M\u00e9dicis contr\u00f4lait Montepulciano, o\u00f9 sur la place principale tr\u00f4ne la r\u00e9plique du <i>Palazzo Vecchio<\/i> florentin.<br \/>\nIl faut aussi aller visiter la petite ville de Pienza, construite il y a 550 ans, par un homme d\u2019Eglise, devenu le pape Pie II. Et plonger, au propre ou au figur\u00e9, dans les \u00e9tonnants bains \u00e0 ciel ouvert, la <i>piazza d\u2019acqua<\/i>, au c\u0153ur du village de Bagno Vignoni. Les eaux, \u00e0 plus de 50\u00b0, surgissent des entrailles du Mont Amiata. Le volcan \u00e9teint culmine \u00e0 1750 m\u00e8tres d\u2019altitude.<br \/>\nPar monts (<i>le Crete<\/i>) et par vaux (le Val d\u2019Orcia, class\u00e9 au patrimoine mondial de l\u2019UNESCO), chaque d\u00e9tour de chemin offre une vue stup\u00e9fiante. On est comme suspendu dans le ciel, avec pour seul rep\u00e8re, ici ou l\u00e0, les feuilles argent\u00e9es des oliviers trapus ou la silhouette \u00e9lanc\u00e9e des cypr\u00e8s. Dans le soleil ou la pluie. Dans le vent bourdonnant ou le silence reposant. Ici, 150 ans ne p\u00e8sent pas lourd face \u00e0 l\u2019Eternit\u00e9.<b>A voir\u00a0: Sant\u2019Antimo<\/b><br \/>\nEn descendant de Montalcino (564 m. d\u2019altitude) vers la Maremma, surgit l\u2019abbaye de Sant\u2019Antimo. Avec V\u00e9zelay et Tournus, elle est un des monuments romans les plus purs d\u2019Europe. Le travertin, pierre entre le tuf et le marbre, lui donne une couleur jaune lumineuse. La nef, \u00e9lanc\u00e9e, est soulign\u00e9e par les chapiteaux des colonnes. Une communaut\u00e9 monacale y r\u00e9side toujours (tour virtuel sur <a href=\"http:\/\/www.antimo.it\/\"><b>www.antimo.it<\/b><\/a>, en anglais ou en italien). Au nord, l\u2019abbaye de Monte Oliveto, au clo\u00eetre majestueux, d\u00e9pendait de celle de Sant\u2019Anna in Camprena, pr\u00e8s de Pienza, lieu du tournage du film \u00abLe patient anglais\u00bb.<\/p>\n<p><b>A manger\u00a0: Chianina e cecci<\/b><br \/>\nLa <i>cinta senese<\/i>, un porc noir et gris, donne la charcuterie toscane. On mange la <i>tagliatta<\/i>, filet de b\u0153uf de la race locale <i>chianina<\/i>, avec des <i>cecci<\/i> (pois chiches) ou de la rucola. Les <i>pecorinos<\/i> (fromages de brebis) de Pienza sont excellents. Meilleure adrese de Montalcino\u00a0: Al Giardino. Le patron et chef, fils de restaurateur de Rimini, a pass\u00e9 par les Etats-Unis et Lyon, avant de poser ses couteaux, il y huit ans, dans le bourg de sa femme (<a href=\"http:\/\/www.ristorantealgiardino.it\/\"><b>www.ristorantealgiardino.it<\/b><\/a>). L\u2019Osticcio propose des <i>bruschette <\/i>(pain sans sel toscan servi toast\u00e9 avec de l\u2019huile d\u2019olive et de la tomate), ses plats typiques et ses grands vins (<a href=\"http:\/\/www.osticcio.it\/\"><b>www.osticcio.it<\/b><\/a>).<\/p>\n<p><b>A d\u00e9guster\u00a0: Brunello ou Vino Nobile?<\/b><br \/>\nA 30 km de distance, deux rouges se d\u00e9fient. Ils font partie des 56 vins italiens DOCG (d\u00e9nomination d\u2019origine contr\u00f4l\u00e9e et garantie). Le <i>Vino Nobile di Montepulciano<\/i> a fait son <i>aggiornamento<\/i>: il tol\u00e8re 30% de c\u00e9pages autres que le <i>sangiovese<\/i> local, le\u00a0\u00abprugnolo gentile\u00bb. 72 domaines mettent en bouteilles la vendange de 1&rsquo;300 hectares (350 ha de Rosso). A Montalcino, 200 domaines s\u2019adonnent au Brunello sur 2&rsquo;100 ha des 3&rsquo;500 ha (dont 500 de Rosso) de la zone, soit la surface du vignoble vaudois. L\u2019Enoteca di Piazza, \u00e0 Montalcino, propose une centaine de brunellos au verre, conserv\u00e9s sous azote (<a href=\"http:\/\/www.enotecadipiazza.com\/\"><b>www.enotecadipiazza.com<\/b><\/a>).<\/p>\n<p><b>A dormir\u00a0: Au c\u0153ur du bourg<\/b><br \/>\nDormez \u00e0 La Torre (70 euros la nuit) sur la Plazza Garibaldi, au c\u0153ur de Montalcino (<a href=\"http:\/\/www.latorremontalcino.it\/\"><b>www.latorremontalcino.it)<\/b><\/a>. Vous y entendrez la cloche de la tour du Palazzo communale (Office du tourisme), qui \u00e9gr\u00e8ne les heures. Juste \u00e0 c\u00f4t\u00e9, le th\u00e9\u00e2tre des Astrusi, petit bijou du 18\u00e8me. Et le Caf\u00e9 Fiaschetteria \u2014 comme en 1888. A l\u2019h\u00f4tel Il Giglio, chambres avec vue sur les collines. Bonne table (<a href=\"http:\/\/www.gigliohotel.com\/\"><b>www.gigliohotel.com<\/b><\/a>). Piazza del Popolo, \u00e0 la Pasticchiera Mariuscia, <i>mandorlata<\/i> (g\u00e2teau d\u2019amandes) et <i>ossi di morto<\/i> (petite meringue aux amandes, et au Caff\u00e8 alle Logge, beau choix de mousseux, wifi gratuit et WC \u00e0 la vue panoramique (!).<\/p>\n<p><b>Comment y aller<\/b><br \/>\nLes bourgs fortifi\u00e9s de Montepulcinao et de Montalcino sont \u00e0 110 kilom\u00e8tres au sud de Florence. Voiture indispensable (\u00e0 louer \u00e0 Florence). Aller plein sud par l\u2019autoroute A 1 (l\u2019Autoroute du Soleil et de Rome). Montepulciano est \u00e0 13 km. Ensuite, rejoindre Montalcino (30 km) par Pienza et San Quirico d\u2019Orcia (d\u2019o\u00f9 on bifurque pour Bagno Vignoni). On revient \u00e0 Florence par Sienne, la <i>tengenziale<\/i> et le <i>raccordo <\/i>qui suit la Via Cassia.<br \/>\nPour gagner Florence, choix du train et de l\u2019avion (autour de 200 CHF AR). Meilleures connexions le matin avec le Cisalpino jusqu\u2019\u00e0 Milan, puis la Frecciarossa (deux par jour en 5 h 40). En avion avec Baboo, de Gen\u00e8ve \u00e0 Florence (vols samedi, lundi et jeudi, 1 h de vol).<\/p>\n<p><i>Paru dans <\/i>24 Heures Samedi<i> du 5 mars, <a title=\"edip_pdf_montalcino.pdf\" href=\"file\/pdf\/edip_pdf_montalcino.pdf\"><b>version PDF t\u00e9l\u00e9chargeable ici.<\/b><\/a><\/i>\n<\/div>\n","protected":false},"excerpt":{"rendered":"<p>Jeudi 17 mars 2011, l\u2019Italie f\u00eatera ses 150 ans. Et le Brunello, grand vin toscan, aussi. Etape \u00e0 Montalcino. De retour de Montalcino, Pierre Thomas En mati\u00e8re de r\u00e9cup\u00e9ration, les Italiens sont tr\u00e8s forts. Avant 1861, l\u2019Italie n\u2019\u00e9tait qu\u2019\u00abune expression g\u00e9ographique\u00bb, selon le mot de von Metternich. D\u00e8s cette date (et jusqu\u2019en 1946), la Maison [&hellip;]<\/p>\n","protected":false},"author":3,"featured_media":0,"comment_status":"closed","ping_status":"open","sticky":false,"template":"","format":"standard","meta":{"_monsterinsights_skip_tracking":false,"_monsterinsights_sitenote_active":false,"_monsterinsights_sitenote_note":"","_monsterinsights_sitenote_category":0,"jetpack_post_was_ever_published":false,"jetpack_publicize_message":"","jetpack_is_tweetstorm":false,"jetpack_publicize_feature_enabled":true,"jetpack_social_post_already_shared":false,"jetpack_social_options":{"image_generator_settings":{"template":"highway","enabled":false}}},"categories":[10],"tags":[],"jetpack_publicize_connections":[],"yoast_head":"<!-- This site is optimized with the Yoast SEO plugin v20.6 - https:\/\/yoast.com\/wordpress\/plugins\/seo\/ -->\n<title>Montalcino: les 150 ans du Brunello et de l&#039;Italie - thomasvino<\/title>\n<meta name=\"robots\" content=\"index, follow, max-snippet:-1, max-image-preview:large, max-video-preview:-1\" \/>\n<link rel=\"canonical\" href=\"https:\/\/thomasvino.ch\/?p=9147\" \/>\n<meta property=\"og:locale\" content=\"fr_FR\" \/>\n<meta property=\"og:type\" content=\"article\" \/>\n<meta property=\"og:title\" content=\"Montalcino: les 150 ans du Brunello et de l&#039;Italie - thomasvino\" \/>\n<meta property=\"og:description\" content=\"Jeudi 17 mars 2011, l\u2019Italie f\u00eatera ses 150 ans. Et le Brunello, grand vin toscan, aussi. Etape \u00e0 Montalcino. De retour de Montalcino, Pierre Thomas En mati\u00e8re de r\u00e9cup\u00e9ration, les Italiens sont tr\u00e8s forts. Avant 1861, l\u2019Italie n\u2019\u00e9tait qu\u2019\u00abune expression g\u00e9ographique\u00bb, selon le mot de von Metternich. D\u00e8s cette date (et jusqu\u2019en 1946), la Maison [&hellip;]\" \/>\n<meta property=\"og:url\" content=\"https:\/\/thomasvino.ch\/?p=9147\" \/>\n<meta property=\"og:site_name\" content=\"thomasvino\" \/>\n<meta property=\"article:published_time\" content=\"2011-03-05T10:27:00+00:00\" \/>\n<meta property=\"article:modified_time\" content=\"2013-10-15T20:21:29+00:00\" \/>\n<meta name=\"author\" content=\"Pierre Thomas\" \/>\n<meta name=\"twitter:label1\" content=\"\u00c9crit par\" \/>\n\t<meta name=\"twitter:data1\" content=\"Pierre Thomas\" \/>\n\t<meta name=\"twitter:label2\" content=\"Dur\u00e9e de lecture estim\u00e9e\" \/>\n\t<meta name=\"twitter:data2\" content=\"6 minutes\" \/>\n<script type=\"application\/ld+json\" class=\"yoast-schema-graph\">{\"@context\":\"https:\/\/schema.org\",\"@graph\":[{\"@type\":\"WebPage\",\"@id\":\"https:\/\/thomasvino.ch\/?p=9147\",\"url\":\"https:\/\/thomasvino.ch\/?p=9147\",\"name\":\"Montalcino: les 150 ans du Brunello et de l'Italie - thomasvino\",\"isPartOf\":{\"@id\":\"https:\/\/thomasvino.ch\/#website\"},\"datePublished\":\"2011-03-05T10:27:00+00:00\",\"dateModified\":\"2013-10-15T20:21:29+00:00\",\"author\":{\"@id\":\"https:\/\/thomasvino.ch\/#\/schema\/person\/670bf4486fe81152cf1d68bd585e062e\"},\"breadcrumb\":{\"@id\":\"https:\/\/thomasvino.ch\/?p=9147#breadcrumb\"},\"inLanguage\":\"fr-FR\",\"potentialAction\":[{\"@type\":\"ReadAction\",\"target\":[\"https:\/\/thomasvino.ch\/?p=9147\"]}]},{\"@type\":\"BreadcrumbList\",\"@id\":\"https:\/\/thomasvino.ch\/?p=9147#breadcrumb\",\"itemListElement\":[{\"@type\":\"ListItem\",\"position\":1,\"name\":\"Accueil\",\"item\":\"https:\/\/thomasvino.ch\/\"},{\"@type\":\"ListItem\",\"position\":2,\"name\":\"Montalcino: les 150 ans du Brunello et de l&rsquo;Italie\"}]},{\"@type\":\"WebSite\",\"@id\":\"https:\/\/thomasvino.ch\/#website\",\"url\":\"https:\/\/thomasvino.ch\/\",\"name\":\"thomasvino\",\"description\":\"Vins &amp; Gastronomie\",\"potentialAction\":[{\"@type\":\"SearchAction\",\"target\":{\"@type\":\"EntryPoint\",\"urlTemplate\":\"https:\/\/thomasvino.ch\/?s={search_term_string}\"},\"query-input\":\"required name=search_term_string\"}],\"inLanguage\":\"fr-FR\"},{\"@type\":\"Person\",\"@id\":\"https:\/\/thomasvino.ch\/#\/schema\/person\/670bf4486fe81152cf1d68bd585e062e\",\"name\":\"Pierre Thomas\",\"image\":{\"@type\":\"ImageObject\",\"inLanguage\":\"fr-FR\",\"@id\":\"https:\/\/thomasvino.ch\/#\/schema\/person\/image\/\",\"url\":\"https:\/\/secure.gravatar.com\/avatar\/91fd5a76647f140e53db987a0dead4d7?s=96&d=mm&r=g\",\"contentUrl\":\"https:\/\/secure.gravatar.com\/avatar\/91fd5a76647f140e53db987a0dead4d7?s=96&d=mm&r=g\",\"caption\":\"Pierre Thomas\"},\"url\":\"https:\/\/thomasvino.ch\/?author=3\"}]}<\/script>\n<!-- \/ Yoast SEO plugin. -->","yoast_head_json":{"title":"Montalcino: les 150 ans du Brunello et de l'Italie - thomasvino","robots":{"index":"index","follow":"follow","max-snippet":"max-snippet:-1","max-image-preview":"max-image-preview:large","max-video-preview":"max-video-preview:-1"},"canonical":"https:\/\/thomasvino.ch\/?p=9147","og_locale":"fr_FR","og_type":"article","og_title":"Montalcino: les 150 ans du Brunello et de l'Italie - thomasvino","og_description":"Jeudi 17 mars 2011, l\u2019Italie f\u00eatera ses 150 ans. Et le Brunello, grand vin toscan, aussi. Etape \u00e0 Montalcino. De retour de Montalcino, Pierre Thomas En mati\u00e8re de r\u00e9cup\u00e9ration, les Italiens sont tr\u00e8s forts. Avant 1861, l\u2019Italie n\u2019\u00e9tait qu\u2019\u00abune expression g\u00e9ographique\u00bb, selon le mot de von Metternich. D\u00e8s cette date (et jusqu\u2019en 1946), la Maison [&hellip;]","og_url":"https:\/\/thomasvino.ch\/?p=9147","og_site_name":"thomasvino","article_published_time":"2011-03-05T10:27:00+00:00","article_modified_time":"2013-10-15T20:21:29+00:00","author":"Pierre Thomas","twitter_misc":{"\u00c9crit par":"Pierre Thomas","Dur\u00e9e de lecture estim\u00e9e":"6 minutes"},"schema":{"@context":"https:\/\/schema.org","@graph":[{"@type":"WebPage","@id":"https:\/\/thomasvino.ch\/?p=9147","url":"https:\/\/thomasvino.ch\/?p=9147","name":"Montalcino: les 150 ans du Brunello et de l'Italie - thomasvino","isPartOf":{"@id":"https:\/\/thomasvino.ch\/#website"},"datePublished":"2011-03-05T10:27:00+00:00","dateModified":"2013-10-15T20:21:29+00:00","author":{"@id":"https:\/\/thomasvino.ch\/#\/schema\/person\/670bf4486fe81152cf1d68bd585e062e"},"breadcrumb":{"@id":"https:\/\/thomasvino.ch\/?p=9147#breadcrumb"},"inLanguage":"fr-FR","potentialAction":[{"@type":"ReadAction","target":["https:\/\/thomasvino.ch\/?p=9147"]}]},{"@type":"BreadcrumbList","@id":"https:\/\/thomasvino.ch\/?p=9147#breadcrumb","itemListElement":[{"@type":"ListItem","position":1,"name":"Accueil","item":"https:\/\/thomasvino.ch\/"},{"@type":"ListItem","position":2,"name":"Montalcino: les 150 ans du Brunello et de l&rsquo;Italie"}]},{"@type":"WebSite","@id":"https:\/\/thomasvino.ch\/#website","url":"https:\/\/thomasvino.ch\/","name":"thomasvino","description":"Vins &amp; Gastronomie","potentialAction":[{"@type":"SearchAction","target":{"@type":"EntryPoint","urlTemplate":"https:\/\/thomasvino.ch\/?s={search_term_string}"},"query-input":"required name=search_term_string"}],"inLanguage":"fr-FR"},{"@type":"Person","@id":"https:\/\/thomasvino.ch\/#\/schema\/person\/670bf4486fe81152cf1d68bd585e062e","name":"Pierre Thomas","image":{"@type":"ImageObject","inLanguage":"fr-FR","@id":"https:\/\/thomasvino.ch\/#\/schema\/person\/image\/","url":"https:\/\/secure.gravatar.com\/avatar\/91fd5a76647f140e53db987a0dead4d7?s=96&d=mm&r=g","contentUrl":"https:\/\/secure.gravatar.com\/avatar\/91fd5a76647f140e53db987a0dead4d7?s=96&d=mm&r=g","caption":"Pierre Thomas"},"url":"https:\/\/thomasvino.ch\/?author=3"}]}},"jetpack_featured_media_url":"","jetpack_sharing_enabled":true,"jetpack_shortlink":"https:\/\/wp.me\/p3m4tZ-2nx","jetpack_likes_enabled":false,"jetpack-related-posts":[{"id":9001,"url":"https:\/\/thomasvino.ch\/?p=9001","url_meta":{"origin":9147,"position":0},"title":"Montalcino: de l&rsquo;espresso au Brunello","date":"26 f\u00e9vrier 2010","format":false,"excerpt":"Francesco et Riccardo Illy Mastrojanni, Montalcino Du ristretto au Brunello Depuis deux ans, le groupe Illy Caf\u00e9 est propri\u00e9taire d\u2019un des meilleurs domaines de Montalcino, Mastrojanni. Avec la volont\u00e9 de pers\u00e9v\u00e9rer dans l\u2019excellence. Rencontre sur place, en Toscane, \u00e0 l'occasion de l'Anteprima. Par Pierre Thomas \u00abDeux vins italiens sont connus\u2026","rel":"","context":"Dans &quot;Vins italiens&quot;","img":{"alt_text":"site_illybroth.jpg","src":"img\/site_illybroth.jpg","width":350,"height":200},"classes":[]},{"id":9143,"url":"https:\/\/thomasvino.ch\/?p=9143","url_meta":{"origin":9147,"position":1},"title":"Montalcino: quo vadis Brunello?","date":"26 f\u00e9vrier 2011","format":false,"excerpt":"150 ans de \u00absangiovese in purezza\u00bb Montalcino, quo vadis Brunello? O\u00f9 va Montalcino et son l\u00e9gendaire Brunello\u00a0? En trente ans, la DOCG Brunello est pass\u00e9e en quarante ans de 300 hectares \u00e0 plus de 2'000, sur une aire de 3500 hectares, o\u00f9 l\u2019on peut faire du Sant\u2019Antimo (supertoscan IGT) et\u2026","rel":"","context":"Dans &quot;Vins italiens&quot;","img":{"alt_text":"site_planelle_brunello.jpg","src":"img\/site_planelle_brunello.jpg","width":350,"height":200},"classes":[]},{"id":9719,"url":"https:\/\/thomasvino.ch\/?p=9719","url_meta":{"origin":9147,"position":2},"title":"L&rsquo;aggiornamento du Brunello di Montalcino","date":"8 janvier 2005","format":false,"excerpt":"L'aggiornamento du roi de Toscane N\u00e9 \u00e0 Montalcino, \u00e0 40 km au sud de Sienne, le \u201cbrunello\u201d est un des vins mythiques d'Italie. Reportage, \u00e0 l'occasion de la sortie du mill\u00e9sime 1997, \u00e0 mi-f\u00e9vrier, au c\u0153ur d'une r\u00e9gion qui se modifie profond\u00e9ment. Par Pierre Thomas La Toscane reste \u00e9tonnante. Elle\u2026","rel":"","context":"Dans &quot;Vins italiens&quot;","img":{"alt_text":"","src":"","width":0,"height":0},"classes":[]},{"id":9011,"url":"https:\/\/thomasvino.ch\/?p=9011","url_meta":{"origin":9147,"position":3},"title":"Brunello: mill\u00e9sime 2005 controvers\u00e9","date":"27 mars 2010","format":false,"excerpt":"Toscane Les \u00e9toiles des mill\u00e9simes en question Que valent les \u00e9toiles qu\u2019attribuent les Consorzio en Toscane? Le Vino Nobile di Montepulciano et le Brunello di Montalcino ont donn\u00e9 quatre \u00e9toiles au 2009. Au moment o\u00f9 le Brunello 2005, quatre \u00e9toiles aussi, arrive sur le march\u00e9. Est-ce le terroir, le mill\u00e9sime\u2026","rel":"","context":"Dans &quot;Vins italiens&quot;","img":{"alt_text":"gaja_montal2.jpg","src":"img\/gaja_montal2.jpg","width":350,"height":200},"classes":[]},{"id":9673,"url":"https:\/\/thomasvino.ch\/?p=9673","url_meta":{"origin":9147,"position":4},"title":"Brunello et Vino Nobile: de faux jumeaux toscans","date":"26 septembre 2005","format":false,"excerpt":"D\u00e9gustation comparative De faux jumeaux toscans La Suisse est, derri\u00e8re les Etats-Unis, un des acheteurs majeurs des grands vins rouges toscans que sont le Brunello et le Vino Nobile. De faux jumeaux o\u00f9 il n\u2019est pas facile de reconna\u00eetre les fr\u00e8res de sang. Pierre Thomas pour Tout Compte Fait d'octobre\u2026","rel":"","context":"Dans &quot;Conso&quot;","img":{"alt_text":"","src":"","width":0,"height":0},"classes":[]},{"id":8721,"url":"https:\/\/thomasvino.ch\/?p=8721","url_meta":{"origin":9147,"position":5},"title":"La guerre des \u00e9toiles en Toscane","date":"13 mars 2008","format":false,"excerpt":"Mill\u00e9simes jug\u00e9s en avanceLa guerre des \u00e9toiles en ToscaneQuelle ann\u00e9e donne de bons vins? En Toscane, \u00e0 Montepulciano et \u00e0 Montalcino, chaque fin d\u2019hiver, les \u0153nologues et les vignerons d\u00e9cernent des \u00e9toiles au dernier mill\u00e9sime. Reste ensuite \u00e0 prouver, dans le verre, la pertinence de ce choix.De retour de Toscane,\u2026","rel":"","context":"Dans &quot;Vins italiens&quot;","img":{"alt_text":"","src":"","width":0,"height":0},"classes":[]}],"_links":{"self":[{"href":"https:\/\/thomasvino.ch\/index.php?rest_route=\/wp\/v2\/posts\/9147"}],"collection":[{"href":"https:\/\/thomasvino.ch\/index.php?rest_route=\/wp\/v2\/posts"}],"about":[{"href":"https:\/\/thomasvino.ch\/index.php?rest_route=\/wp\/v2\/types\/post"}],"author":[{"embeddable":true,"href":"https:\/\/thomasvino.ch\/index.php?rest_route=\/wp\/v2\/users\/3"}],"replies":[{"embeddable":true,"href":"https:\/\/thomasvino.ch\/index.php?rest_route=%2Fwp%2Fv2%2Fcomments&post=9147"}],"version-history":[{"count":0,"href":"https:\/\/thomasvino.ch\/index.php?rest_route=\/wp\/v2\/posts\/9147\/revisions"}],"wp:attachment":[{"href":"https:\/\/thomasvino.ch\/index.php?rest_route=%2Fwp%2Fv2%2Fmedia&parent=9147"}],"wp:term":[{"taxonomy":"category","embeddable":true,"href":"https:\/\/thomasvino.ch\/index.php?rest_route=%2Fwp%2Fv2%2Fcategories&post=9147"},{"taxonomy":"post_tag","embeddable":true,"href":"https:\/\/thomasvino.ch\/index.php?rest_route=%2Fwp%2Fv2%2Ftags&post=9147"}],"curies":[{"name":"wp","href":"https:\/\/api.w.org\/{rel}","templated":true}]}}