{"id":9149,"date":"2011-03-07T14:24:00","date_gmt":"2011-03-07T14:24:00","guid":{"rendered":"http:\/\/localhost\/thomasvino\/?p=9149"},"modified":"2011-03-07T14:24:00","modified_gmt":"2011-03-07T14:24:00","slug":"le-palmares-suisse-des-vinalies-2011","status":"publish","type":"post","link":"https:\/\/thomasvino.ch\/?p=9149","title":{"rendered":"Le palmar\u00e8s suisse des Vinalies 2011"},"content":{"rendered":"<h2 style=\"text-align: justify;\"><i>Vinalies internationales de Paris 2011<\/i><\/p>\n<p>Blancs valaisans, rouges vaudois et genevois en or<\/h2>\n<div style=\"text-align: justify;\"><b>Disput\u00e9es \u00e0 Paris fin f\u00e9vrier 2011, sous l\u2019\u00e9gide des \u0153nologues de France, les Vinalies, tr\u00e8s discr\u00e8tes sur les conditions r\u00e9elles de la comp\u00e9tition, ont livr\u00e9 leur verdict. Les vins suisses y sont tr\u00e8s bien repr\u00e9sent\u00e9s.<\/b> <br \/>\nPlusieurs domaines ont remport\u00e9 deux m\u00e9dailles d\u2019or&#160;: le <b>Domaine du Mont d\u2019Or<\/b> avec deux liquoreux 2008, l\u2019Ermitage Merle des Roches et le Johannisberg 1er d\u00e9cembre, la <b>Cave de Gen\u00e8ve<\/b>, avec un merlot-cabernet 2009 de la gamme Philippe Chevrier et un merlot 2009 La Tour Ma\u00eetresse, les <b>Fr\u00e8res Dutruy<\/b> de Founex (VD) avec leur deux vins de haut de gamme Les Romaines Grande R\u00e9serve en gamaret et en gamay, tous deux de 2009, <b>Provins-Valais<\/b> avec le Rouge d\u2019Enfer 2008 et un nouveau vin rouge, Les Grands Dignitaires Les Rois, 2008, et <b>Robert Gilliard<\/b> \u00e0 Sion avec deux vins de sa nouvelle gamme Les Tonneliers, le diolinoir 2009 et la roussanne 2009. <br \/>\nLe <b>groupe Schenk<\/b>, d\u00e9sormais enti\u00e8rement propri\u00e9taire du Domaine du Mont d\u2019Or, d\u00e9croche aussi l\u2019or pour le Heida 2009 de la <b>Cave Saint-Georges<\/b>, \u00e0 Sierre et pour le Heida 2009 de <b>Maurice Gay SA<\/b>, \u00e0 Chamoson. Les Valaisans des <b>Celliers de V\u00e9troz<\/b> (la famille Fontannaz) obtiennent une m\u00e9daille d\u2019or pour un Ermitage fl\u00e9tri Symphonie 2008, Robert Taramarcaz, du <b>Domaine des Muses<\/b>, pour sa Marsanne R\u00e9serve 2009 et les Vaudois de la <b>Cave de Bonvillars<\/b>, avec son assemblage blanc passerill\u00e9 Corpus 2009, <b>Patrick Fonjallaz<\/b>, avec un Sauvignon d\u2019Epesses 2008 et <b>Philippe Bovet<\/b>, de Givrins, avec son assemblage de gamaret, cabernet sauvignon et merlot L\u00e9man Noir 2009, compl\u00e8tent le tableau des m\u00e9dailles d\u2019or helv\u00e9tiques. <br \/>\nEn argent, pas moins de quatre m\u00e9dailles encore pour <b>Philippe Bovet<\/b>, trois pour les fr\u00e8res <b>B\u00e9trisey<\/b> \u00e0 Saint-L\u00e9onard (VS), trois pour la <b>Cave des Amandiers<\/b>, \u00e0 Fully, trois pour la <b>Cave Saint-Pierre<\/b> \u00e0 Chamoson (Schenk), trois pour <b>Jean-Louis Mathieu<\/b> \u00e0 Chalais (VS), trois pour <b>Obrist <\/b>\u00e0 Vevey (Schenk), trois encore pour <b>Provins-Valais<\/b>. <br \/>\nR\u00e9sultats complets sur <a href=\"http:\/\/www.vinalies-internationales.com\/fr\/resultats-vinalies-internationales.php?langue=fr\"><b>www.vinalies-internationales.com<\/b><\/a><br \/>\n<i>\u00a9www.thomasvino.com<\/i><\/div>\n","protected":false},"excerpt":{"rendered":"<p>Vinalies internationales de Paris 2011 Blancs valaisans, rouges vaudois et genevois en or Disput\u00e9es \u00e0 Paris fin f\u00e9vrier 2011, sous l\u2019\u00e9gide des \u0153nologues de France, les Vinalies, tr\u00e8s discr\u00e8tes sur les conditions r\u00e9elles de la comp\u00e9tition, ont livr\u00e9 leur verdict. Les vins suisses y sont tr\u00e8s bien repr\u00e9sent\u00e9s. Plusieurs domaines ont remport\u00e9 deux m\u00e9dailles d\u2019or&#160;: [&hellip;]<\/p>\n","protected":false},"author":3,"featured_media":0,"comment_status":"closed","ping_status":"open","sticky":false,"template":"","format":"standard","meta":{"_monsterinsights_skip_tracking":false,"_monsterinsights_sitenote_active":false,"_monsterinsights_sitenote_note":"","_monsterinsights_sitenote_category":0,"jetpack_post_was_ever_published":false,"jetpack_publicize_message":"","jetpack_is_tweetstorm":false,"jetpack_publicize_feature_enabled":true,"jetpack_social_post_already_shared":false,"jetpack_social_options":{"image_generator_settings":{"template":"highway","enabled":false}}},"categories":[15],"tags":[],"jetpack_publicize_connections":[],"yoast_head":"<!-- This site is optimized with the Yoast SEO plugin v20.6 - https:\/\/yoast.com\/wordpress\/plugins\/seo\/ -->\n<title>Le palmar\u00e8s suisse des Vinalies 2011 - thomasvino<\/title>\n<meta name=\"robots\" content=\"index, follow, max-snippet:-1, max-image-preview:large, max-video-preview:-1\" \/>\n<link rel=\"canonical\" href=\"https:\/\/thomasvino.ch\/?p=9149\" \/>\n<meta property=\"og:locale\" content=\"fr_FR\" \/>\n<meta property=\"og:type\" content=\"article\" \/>\n<meta property=\"og:title\" content=\"Le palmar\u00e8s suisse des Vinalies 2011 - thomasvino\" \/>\n<meta property=\"og:description\" content=\"Vinalies internationales de Paris 2011 Blancs valaisans, rouges vaudois et genevois en or Disput\u00e9es \u00e0 Paris fin f\u00e9vrier 2011, sous l\u2019\u00e9gide des \u0153nologues de France, les Vinalies, tr\u00e8s discr\u00e8tes sur les conditions r\u00e9elles de la comp\u00e9tition, ont livr\u00e9 leur verdict. Les vins suisses y sont tr\u00e8s bien repr\u00e9sent\u00e9s. Plusieurs domaines ont remport\u00e9 deux m\u00e9dailles d\u2019or&#160;: [&hellip;]\" \/>\n<meta property=\"og:url\" content=\"https:\/\/thomasvino.ch\/?p=9149\" \/>\n<meta property=\"og:site_name\" content=\"thomasvino\" \/>\n<meta property=\"article:published_time\" content=\"2011-03-07T14:24:00+00:00\" \/>\n<meta name=\"author\" content=\"Pierre Thomas\" \/>\n<meta name=\"twitter:label1\" content=\"\u00c9crit par\" \/>\n\t<meta name=\"twitter:data1\" content=\"Pierre Thomas\" \/>\n\t<meta name=\"twitter:label2\" content=\"Dur\u00e9e de lecture estim\u00e9e\" \/>\n\t<meta name=\"twitter:data2\" content=\"2 minutes\" \/>\n<script type=\"application\/ld+json\" class=\"yoast-schema-graph\">{\"@context\":\"https:\/\/schema.org\",\"@graph\":[{\"@type\":\"WebPage\",\"@id\":\"https:\/\/thomasvino.ch\/?p=9149\",\"url\":\"https:\/\/thomasvino.ch\/?p=9149\",\"name\":\"Le palmar\u00e8s suisse des Vinalies 2011 - thomasvino\",\"isPartOf\":{\"@id\":\"https:\/\/thomasvino.ch\/#website\"},\"datePublished\":\"2011-03-07T14:24:00+00:00\",\"dateModified\":\"2011-03-07T14:24:00+00:00\",\"author\":{\"@id\":\"https:\/\/thomasvino.ch\/#\/schema\/person\/670bf4486fe81152cf1d68bd585e062e\"},\"breadcrumb\":{\"@id\":\"https:\/\/thomasvino.ch\/?p=9149#breadcrumb\"},\"inLanguage\":\"fr-FR\",\"potentialAction\":[{\"@type\":\"ReadAction\",\"target\":[\"https:\/\/thomasvino.ch\/?p=9149\"]}]},{\"@type\":\"BreadcrumbList\",\"@id\":\"https:\/\/thomasvino.ch\/?p=9149#breadcrumb\",\"itemListElement\":[{\"@type\":\"ListItem\",\"position\":1,\"name\":\"Accueil\",\"item\":\"https:\/\/thomasvino.ch\/\"},{\"@type\":\"ListItem\",\"position\":2,\"name\":\"Le palmar\u00e8s suisse des Vinalies 2011\"}]},{\"@type\":\"WebSite\",\"@id\":\"https:\/\/thomasvino.ch\/#website\",\"url\":\"https:\/\/thomasvino.ch\/\",\"name\":\"thomasvino\",\"description\":\"Vins &amp; Gastronomie\",\"potentialAction\":[{\"@type\":\"SearchAction\",\"target\":{\"@type\":\"EntryPoint\",\"urlTemplate\":\"https:\/\/thomasvino.ch\/?s={search_term_string}\"},\"query-input\":\"required name=search_term_string\"}],\"inLanguage\":\"fr-FR\"},{\"@type\":\"Person\",\"@id\":\"https:\/\/thomasvino.ch\/#\/schema\/person\/670bf4486fe81152cf1d68bd585e062e\",\"name\":\"Pierre Thomas\",\"image\":{\"@type\":\"ImageObject\",\"inLanguage\":\"fr-FR\",\"@id\":\"https:\/\/thomasvino.ch\/#\/schema\/person\/image\/\",\"url\":\"https:\/\/secure.gravatar.com\/avatar\/91fd5a76647f140e53db987a0dead4d7?s=96&d=mm&r=g\",\"contentUrl\":\"https:\/\/secure.gravatar.com\/avatar\/91fd5a76647f140e53db987a0dead4d7?s=96&d=mm&r=g\",\"caption\":\"Pierre Thomas\"},\"url\":\"https:\/\/thomasvino.ch\/?author=3\"}]}<\/script>\n<!-- \/ Yoast SEO plugin. -->","yoast_head_json":{"title":"Le palmar\u00e8s suisse des Vinalies 2011 - thomasvino","robots":{"index":"index","follow":"follow","max-snippet":"max-snippet:-1","max-image-preview":"max-image-preview:large","max-video-preview":"max-video-preview:-1"},"canonical":"https:\/\/thomasvino.ch\/?p=9149","og_locale":"fr_FR","og_type":"article","og_title":"Le palmar\u00e8s suisse des Vinalies 2011 - thomasvino","og_description":"Vinalies internationales de Paris 2011 Blancs valaisans, rouges vaudois et genevois en or Disput\u00e9es \u00e0 Paris fin f\u00e9vrier 2011, sous l\u2019\u00e9gide des \u0153nologues de France, les Vinalies, tr\u00e8s discr\u00e8tes sur les conditions r\u00e9elles de la comp\u00e9tition, ont livr\u00e9 leur verdict. Les vins suisses y sont tr\u00e8s bien repr\u00e9sent\u00e9s. Plusieurs domaines ont remport\u00e9 deux m\u00e9dailles d\u2019or&#160;: [&hellip;]","og_url":"https:\/\/thomasvino.ch\/?p=9149","og_site_name":"thomasvino","article_published_time":"2011-03-07T14:24:00+00:00","author":"Pierre Thomas","twitter_misc":{"\u00c9crit par":"Pierre Thomas","Dur\u00e9e de lecture estim\u00e9e":"2 minutes"},"schema":{"@context":"https:\/\/schema.org","@graph":[{"@type":"WebPage","@id":"https:\/\/thomasvino.ch\/?p=9149","url":"https:\/\/thomasvino.ch\/?p=9149","name":"Le palmar\u00e8s suisse des Vinalies 2011 - thomasvino","isPartOf":{"@id":"https:\/\/thomasvino.ch\/#website"},"datePublished":"2011-03-07T14:24:00+00:00","dateModified":"2011-03-07T14:24:00+00:00","author":{"@id":"https:\/\/thomasvino.ch\/#\/schema\/person\/670bf4486fe81152cf1d68bd585e062e"},"breadcrumb":{"@id":"https:\/\/thomasvino.ch\/?p=9149#breadcrumb"},"inLanguage":"fr-FR","potentialAction":[{"@type":"ReadAction","target":["https:\/\/thomasvino.ch\/?p=9149"]}]},{"@type":"BreadcrumbList","@id":"https:\/\/thomasvino.ch\/?p=9149#breadcrumb","itemListElement":[{"@type":"ListItem","position":1,"name":"Accueil","item":"https:\/\/thomasvino.ch\/"},{"@type":"ListItem","position":2,"name":"Le palmar\u00e8s suisse des Vinalies 2011"}]},{"@type":"WebSite","@id":"https:\/\/thomasvino.ch\/#website","url":"https:\/\/thomasvino.ch\/","name":"thomasvino","description":"Vins &amp; Gastronomie","potentialAction":[{"@type":"SearchAction","target":{"@type":"EntryPoint","urlTemplate":"https:\/\/thomasvino.ch\/?s={search_term_string}"},"query-input":"required name=search_term_string"}],"inLanguage":"fr-FR"},{"@type":"Person","@id":"https:\/\/thomasvino.ch\/#\/schema\/person\/670bf4486fe81152cf1d68bd585e062e","name":"Pierre Thomas","image":{"@type":"ImageObject","inLanguage":"fr-FR","@id":"https:\/\/thomasvino.ch\/#\/schema\/person\/image\/","url":"https:\/\/secure.gravatar.com\/avatar\/91fd5a76647f140e53db987a0dead4d7?s=96&d=mm&r=g","contentUrl":"https:\/\/secure.gravatar.com\/avatar\/91fd5a76647f140e53db987a0dead4d7?s=96&d=mm&r=g","caption":"Pierre Thomas"},"url":"https:\/\/thomasvino.ch\/?author=3"}]}},"jetpack_featured_media_url":"","jetpack_sharing_enabled":true,"jetpack_shortlink":"https:\/\/wp.me\/p3m4tZ-2nz","jetpack_likes_enabled":false,"jetpack-related-posts":[{"id":9334,"url":"https:\/\/thomasvino.ch\/?p=9334","url_meta":{"origin":9149,"position":0},"title":"Les Valaisans en force aux Vinalies 2012","date":"8 mars 2012","format":false,"excerpt":"Vinalies de Paris 2012 Les Valaisans en force Une fois de plus, les Valaisans ont ramen\u00e9s plusieurs m\u00e9dailles d\u2019or des Vinalies internationales de Paris 2012: 16, n\u2019en laissant que 4 aux autres vins suisses participants. Trois de ces m\u00e9dailles d\u2019or non valaisannes sont vaudoises, avec un vin blanc en barrique\u2026","rel":"","context":"Dans &quot;Actus - News&quot;","img":{"alt_text":"","src":"","width":0,"height":0},"classes":[]},{"id":8860,"url":"https:\/\/thomasvino.ch\/?p=8860","url_meta":{"origin":9149,"position":1},"title":"Le Valais en force aux Vinalies","date":"16 mars 2009","format":false,"excerpt":"Vinalies de Paris\u00a02009Le Valais en force... comme d\u2019hab\u2019C\u2019est d\u00e9sormais une tradition\u00a0: les Vinalies Internationales de Paris sourient aux Valaisans. Sur les 17 m\u00e9dailles d\u2019or de l\u2019\u00e9dition 2009 pour la Suisse, 16 vont \u00e0 des vins du Vieux-Pays. L\u2019honneur vaudois est sauv\u00e9 par le gamaret f\u00fbts de ch\u00eane 2006 de la\u2026","rel":"","context":"Dans &quot;Actus - News&quot;","img":{"alt_text":"","src":"","width":0,"height":0},"classes":[]},{"id":16403,"url":"https:\/\/thomasvino.ch\/?p=16403","url_meta":{"origin":9149,"position":2},"title":"Vinalies de Paris 2020\u00a0: chute de l\u2019or suisse\u00a0!","date":"4 mars 2020","format":false,"excerpt":"L\u2019an pass\u00e9, \u00e0 l\u2019occasion de leur 25\u00e8me \u00e9dition, les Vinalies internationales de Paris avaient \u00e9t\u00e9 particuli\u00e8rement g\u00e9n\u00e9reuses pour les vins suisses. A en croire le site Internet du concours, la chute est vertigineuse\u00a0: de 42 m\u00e9dailles d\u2019or en 2019 elles passent \u00e0 13 cette ann\u00e9e\u2026 Les vins valaisans passent de\u2026","rel":"","context":"Dans &quot;Actus - News&quot;","img":{"alt_text":"","src":"","width":0,"height":0},"classes":[]},{"id":10319,"url":"https:\/\/thomasvino.ch\/?p=10319","url_meta":{"origin":9149,"position":3},"title":"19\u00e8me Vinalies internationales 2013, \u00e0 Paris","date":"2 avril 2013","format":false,"excerpt":"14 m\u00e9dailles d'or suisses A Paris, la 19\u00e8me \u00e9dition des Vinalies internationales, concours organis\u00e9 par les \u0152nologues de France, a r\u00e9compens\u00e9, d\u00e9but mars 2013, 1'024 vins parmi les 3'425 soumis aux apr\u00e9ciations de 137 d\u00e9gustateurs de 36 nationalit\u00e9s. Sur ces mille vins m\u00e9daill\u00e9s, un quart (256) le sont d\u2019or. Les\u2026","rel":"","context":"Dans &quot;Actus - News&quot;","img":{"alt_text":"","src":"","width":0,"height":0},"classes":[]},{"id":11831,"url":"https:\/\/thomasvino.ch\/?p=11831","url_meta":{"origin":9149,"position":4},"title":"Vinalies de Paris  le retour des blancs gagnants","date":"10 mars 2014","format":false,"excerpt":"Du 1er au 5 mars, les Vinalies internationales se sont d\u00e9roul\u00e9es \u00e0 Paris. 3'503 vins \u00e9taient en comp\u00e9tion cette ann\u00e9e, dont une moiti\u00e9 de fran\u00e7ais (1578) et presque deux fois plus de suisses (197) que d'italiens. 15 m\u00e9dailles d\u2019or ont \u00e9t\u00e9 octroy\u00e9es \u00e0 des vins suisses, dont 11 pour des\u2026","rel":"","context":"Dans &quot;Actus - News&quot;","img":{"alt_text":"","src":"","width":0,"height":0},"classes":[]},{"id":8719,"url":"https:\/\/thomasvino.ch\/?p=8719","url_meta":{"origin":9149,"position":5},"title":"Seize vins en or aux Vinalies de Paris 2008","date":"5 mars 2008","format":false,"excerpt":"Vinalies de Paris 2008Seize m\u00e9dailles d\u2019or suissesLes jur\u00e9s des Vinalies internationales de Paris, organis\u00e9es par les Oenologues de France, qui se sont achev\u00e9es hier, mardi 4 mars, ont attribu\u00e9 seize m\u00e9dailles d\u2019or \u00e0 des vins suisses. Le Valais se taille la part du lion, avec 12 m\u00e9dailles, Gen\u00e8ve, 2 m\u00e9dailles,\u2026","rel":"","context":"Dans &quot;Actus - News&quot;","img":{"alt_text":"","src":"","width":0,"height":0},"classes":[]}],"_links":{"self":[{"href":"https:\/\/thomasvino.ch\/index.php?rest_route=\/wp\/v2\/posts\/9149"}],"collection":[{"href":"https:\/\/thomasvino.ch\/index.php?rest_route=\/wp\/v2\/posts"}],"about":[{"href":"https:\/\/thomasvino.ch\/index.php?rest_route=\/wp\/v2\/types\/post"}],"author":[{"embeddable":true,"href":"https:\/\/thomasvino.ch\/index.php?rest_route=\/wp\/v2\/users\/3"}],"replies":[{"embeddable":true,"href":"https:\/\/thomasvino.ch\/index.php?rest_route=%2Fwp%2Fv2%2Fcomments&post=9149"}],"version-history":[{"count":0,"href":"https:\/\/thomasvino.ch\/index.php?rest_route=\/wp\/v2\/posts\/9149\/revisions"}],"wp:attachment":[{"href":"https:\/\/thomasvino.ch\/index.php?rest_route=%2Fwp%2Fv2%2Fmedia&parent=9149"}],"wp:term":[{"taxonomy":"category","embeddable":true,"href":"https:\/\/thomasvino.ch\/index.php?rest_route=%2Fwp%2Fv2%2Fcategories&post=9149"},{"taxonomy":"post_tag","embeddable":true,"href":"https:\/\/thomasvino.ch\/index.php?rest_route=%2Fwp%2Fv2%2Ftags&post=9149"}],"curies":[{"name":"wp","href":"https:\/\/api.w.org\/{rel}","templated":true}]}}