{"id":9150,"date":"2011-03-15T11:41:00","date_gmt":"2011-03-15T11:41:00","guid":{"rendered":"http:\/\/localhost\/thomasvino\/?p=9150"},"modified":"2011-03-15T11:41:00","modified_gmt":"2011-03-15T11:41:00","slug":"arte-vitis-booste-le-merlot","status":"publish","type":"post","link":"https:\/\/thomasvino.ch\/?p=9150","title":{"rendered":"Arte Vitis \u00abbooste\u00bb le merlot"},"content":{"rendered":"<h1 style=\"text-align: justify;\"><b><i>T comme tendance<\/i><br \/>\nM comme le Merlot<br \/>\n<\/b><\/h1>\n<div style=\"text-align: justify;\"><b>C\u2019est l\u2019inverse du film de Fritz Lang (M le Maudit)&#160;: le merlot est un c\u00e9page rouge ch\u00e9ri de la Suisse romande. Y compris des Vaudois. D\u00e9gustation.<\/b><br \/>\n<i>Par Pierre Thomas<\/i><br \/>\nA Beau-Rivage, le palace genevois, lundi pass\u00e9 (14 mars 2011), les treize vignerons du groupe d\u2019excellence vaudois Arte Vitis proposaient la d\u00e9gustation de huit merlots (<i>lire les commentaires de d\u00e9gustation ci-dessous<\/i>). Une belle confirmation pour ce \u00abc\u00e9page de cuve noir du Bordelais mondialement cultiv\u00e9\u00bb, comme le d\u00e9crit l\u2019amp\u00e9lographe <b>Pierre Galet<\/b>. Le pape des c\u00e9pages, d\u2019avant la \u00abg\u00e9n\u00e9ration ADN\u00bb, remarque que le merlot n\u2019a pas toujours \u00e9t\u00e9 au premier plan&#160;; il n\u2019\u00e9tait qu\u2019une vari\u00e9t\u00e9 secondaire du Bordelais, nomm\u00e9e \u00abcrabutet noir\u00bb. Mais d\u00e8s le milieu du 19\u00e8me, sa r\u00e9putation \u00e9tait assur\u00e9e. A Pomerol et \u00e0 Saint-Emilion, il donne quelques uns des plus grands rouges du monde.<\/p>\n<p><img loading=\"lazy\" width=\"700\" height=\"465\" src=\"img\/site_cholletpenta_merlot.jpg\" alt=\"site_cholletpenta_merlot.jpg\" title=\"site_cholletpenta_merlot.jpg\" \/><\/p>\n<p><i><b>Henri Chollet, d&rsquo;Aran-Villette, et Fabio Penta, oenologue des Domaines Hammel.<\/b><\/i><br \/>\n<b><br \/>\nChampion vaudois, au nez et \u00e0 la barbe des Tessinois<\/b><br \/>\nEt en Suisse&#160;? En 1906, les Tessinois eurent fin nez de le substituer \u00e0 des vari\u00e9t\u00e9s locales, terrass\u00e9es par le phyllox\u00e9ra. Avec 855 hectares, le merlot reste le point fort au Sud des Alpes (Tessin et Misox). Autant dire que le titre de vin le mieux not\u00e9 du Concours des Merlots du Monde, \u00e0 Lugano, d\u00e9croch\u00e9 en novembre dernier par un vin vaudois, a fait grimacer plus d\u2019un vigneron local. Ce titre, remport\u00e9 contre 300 adversaires, a consacr\u00e9 la coop\u00e9rative Uvavins. Son \u0153nologue, <b>Rodrigo Banto<\/b>, a su dompter, dans son merlot 2009 de la ligne biennomm\u00e9e Inspiration, les tanins d\u2019un c\u00e9page qui peut rester v\u00e9g\u00e9tal\u2026 Un travail cisel\u00e9 en cave, alors que le raisin, lui, a \u00e9t\u00e9 vendang\u00e9 \u00e0 la machine, sur La C\u00f4te vaudoise. <br \/>\nLundi, ce champion a une fois de plus charm\u00e9, dans un style plut\u00f4t international. Comme le sont aussi les vins des domaines de la maison Hammel, o\u00f9 l\u2019\u0153nologue <b>Fabio Penta<\/b> cultive ce c\u00e9page depuis la fin des ann\u00e9es 1980. Pour lui, le merlot supporte davantage de rendement que la syrah (600 \u00e0 700 g. au m\u00e8tre carr\u00e9 contre 500 g. et moins) ou le cabernet sauvignon. Dans la r\u00e9gion l\u00e9manique, sa maturit\u00e9 est assur\u00e9e, m\u00eame dans des ann\u00e9es ingrates, comme l\u2019a d\u00e9montr\u00e9 la r\u00e9cente \u00e9tude des terroirs vaudois. Toutefois, si \u00ab\u00e0 Bordeaux ou au Tessin, on consid\u00e8re le merlot m\u00fbr avec un potentiel 12,5% d\u2019alcool, \u00e0 La C\u00f4te, il faut au moins 13% voire plus, pour \u00e9viter un go\u00fbt v\u00e9g\u00e9tal de lierre.\u00bb Le merlot restitue bien son \u00abterroir\u00bb, constate le vigneron-encaveur Henri Chollet&#160;: \u00abC\u2019est un c\u00e9page qui aime les sous-sols frais, argilo-calcaires. Et il supporte davantage l\u2019eau que la chaleur, m\u00eame s\u2019il est sensible \u00e0 la pourriture grise.\u00bb <\/p>\n<p><img loading=\"lazy\" width=\"700\" height=\"465\" src=\"img\/site_merlotbout.jpg\" alt=\"site_merlotbout.jpg\" title=\"site_merlotbout.jpg\" \/><\/p>\n<p><i><b>Huit merlots vaudois des membres d&rsquo;Arte Vitis.<\/b><\/i><\/p>\n<p><b>Une question d\u2019\u00e9levage<\/b><br \/>\nGrand c\u00e9page rouge, le merlot se magnifie aussi par son passage en f\u00fbt de ch\u00eane. Les huit exemples vaudois d\u00e9gust\u00e9s \u00e0 Gen\u00e8ve l\u2019ont d\u00e9montr\u00e9&#160;: \u00e9levage en barrique, luxuriant, pour les merlots d\u2019Uvavins, de Hammel (Domaine de Crochet 2008 \u00e0 Mont-sur-Rolle et Clos de la George 2008 \u00e0 Yvorne) et 2009 de Louis-Philippe Bovard&#160;; tendance fruit\u00e9e fra\u00eeche, avec un beau 2007 de Pierre Monachon, un agr\u00e9able 2008 du Domaine Henri Cruchon&#160;; une extraction importante, avec de la rusticit\u00e9 \u00e0 la cl\u00e9, pour les tr\u00e8s jeunes 2009 de Philippe Gex et de Henri et Vincent Chollet, La Maisonnette, issu de jeunes vignes. Autant de styles, qui refl\u00e8tent le temp\u00e9rament des vignerons\u2026 Les chiffres indiquent que le merlot n\u2019\u00e9tait cultiv\u00e9 que dans six cantons suisses en 1999, et dans treize, dix ans plus tard. En Valais, sa surface s\u2019est multipli\u00e9e par 17 (88 ha), en pays de Vaud par 10 (35 ha) et par 5 \u00e0 Gen\u00e8ve (38 ha). Au total, la progression est de 180 hectares, soit au bas mot, 1,5 millions de bouteilles, tout de m\u00eame!<\/p>\n<p><i>Texte paru dans <\/i>H\u00f4tel Revue<i> du 17 mars 2011, <a href=\"file\/pdf\/htr_merlot.pdf\" title=\"htr_merlot.pdf\"><b>version PDF ici<\/b><\/a>.<\/i><br \/>\n&#160;<\/div>\n<h3>D\u00e9gustation \u2014 8 merlots vaudois not\u00e9s sur 100<\/h3>\n<div style=\"text-align: justify;\"><b>Merlot 2009, Inspiration<br \/>\nUVAVINS &#8211; Cidis, Tolochenaz<br \/>\n92\/94<\/b><br \/>\nBeau nez torr\u00e9fi\u00e9, touche d&rsquo;amande am\u00e8re, de nougat; attaque voluptueuse; texture fine, \u00e9l\u00e9gante; bois\u00e9 subtil (bois de cade); vin ouvert et m\u00fbr, charmeur; notes finales de tabac blond et de cuir.<\/p>\n<p><b>Merlot 2009 Saint-Saphorin<br \/>\nDomaine Louis-Philippe Bovard, Cully<br \/>\n88\/90<\/b><br \/>\nMagnifique robe sombre; nez de caf\u00e9, de moka; tr\u00e8s m\u00fbr et riche; attaque sur des ar\u00f4mes balsamiques et r\u00e9sineux d&rsquo;\u00e9levage; un peu chaud et tanins un peu secs; en fin de bouche, on retrouve la fum\u00e9e froide, le c\u00e8dre et une l\u00e9g\u00e8re touche v\u00e9g\u00e9tale.<\/p>\n<p><b>Merlot 2008<br \/>\nDomaine de Crochet, Mont-sur-Rolle<br \/>\nHammel, Rolle<br \/>\n88\/90<\/b><br \/>\nNez de c\u00e8dre; attaque puissante, grasse, avec une impression enveloppante de douceur; \u00e9pices orientales, cannelle; un vin moderne, tr\u00e8s travaill\u00e9 et bien \u00e9lev\u00e9 (16 mois de barriques \u00e0 70% neuves).<\/p>\n<p><b>Merlot 2007<br \/>\nPierre Monachon, Rivaz<br \/>\n88<\/b><br \/>\nNez l\u00e9g\u00e8rement \u00e9volu\u00e9, de laine mouill\u00e9e; attaque sur la truffe fra\u00eeche, un bois\u00e9 l\u00e9ger, pas encore fondu; belle concentration en milieu de bouche, tanins ronds, finale assez tendre; agr\u00e9able et sapide.<\/p>\n<p><b>Merlot 2008<br \/>\nClos de la George, Yvorne<br \/>\nHammel, Rolle<br \/>\n86\/88<\/b><br \/>\nJoli nez, fin et fruit\u00e9 (fruits rouges, cerise noire); attaque sur la r\u00e9glisse; un peu de douceur, du gras; un vin plus souple que le Domaine de Crochet, avec moins de mati\u00e8re et un peu br\u00fblant en fin de bouche (vignes plus jeunes, moins d&rsquo;extraction, 45% de bois neuf, 16 mois de barrique)<\/p>\n<p><b>Merlot 2008<br \/>\nDomaine Henri Cruchon, Echichens<br \/>\n86\/88<\/b><br \/>\nNez de r\u00e9glisse, l\u00e9ger v\u00e9g\u00e9tal; attaque sur le moka, les fruits rouges, touche chocolat; structure moyenne, frais, de type vari\u00e9tal.<\/p>\n<p><b>Merlot 2009<br \/>\nPhilippe Gex, Yvorne<br \/>\n85\/87<\/b><br \/>\nNez de fruits rouges; ar\u00f4mes tr\u00e8s m\u00fbrs \u00e0 l&rsquo;attaque; \u00e9pic\u00e9 et poivr\u00e9 en r\u00e9tro; belle longueur, avec des tanins fermes, un peu crocheurs; touche rustique.<\/p>\n<p><b>Merlot 2009 La Maisonnette<br \/>\nHenri et Vincent Chollet, Aran-Villette<br \/>\n85<\/b><br \/>\nNez un poil r\u00e9duit et ar\u00f4mes fermentaires (banane); attaque sur le c\u00f4t\u00e9 vari\u00e9tal, finale l\u00e9g\u00e8rement am\u00e8re; un vin rustique, de jeunes vignes (5 ans, premier mill\u00e9sime mis sur le march\u00e9).<\/p>\n<p><i>Huit vins d\u00e9gust\u00e9s le 14 mars 2011 au Beau-Rivage \u00e0 Gen\u00e8ve.<\/i><\/p>\n<p>\u00a9thomasvino.com\/150311<br \/>\n&#160;<\/div>\n","protected":false},"excerpt":{"rendered":"<p>T comme tendance M comme le Merlot C\u2019est l\u2019inverse du film de Fritz Lang (M le Maudit)&#160;: le merlot est un c\u00e9page rouge ch\u00e9ri de la Suisse romande. Y compris des Vaudois. D\u00e9gustation. Par Pierre Thomas A Beau-Rivage, le palace genevois, lundi pass\u00e9 (14 mars 2011), les treize vignerons du groupe d\u2019excellence vaudois Arte Vitis [&hellip;]<\/p>\n","protected":false},"author":3,"featured_media":0,"comment_status":"closed","ping_status":"open","sticky":false,"template":"","format":"standard","meta":{"_monsterinsights_skip_tracking":false,"_monsterinsights_sitenote_active":false,"_monsterinsights_sitenote_note":"","_monsterinsights_sitenote_category":0,"jetpack_post_was_ever_published":false,"jetpack_publicize_message":"","jetpack_is_tweetstorm":false,"jetpack_publicize_feature_enabled":true,"jetpack_social_post_already_shared":false,"jetpack_social_options":{"image_generator_settings":{"template":"highway","enabled":false}}},"categories":[3],"tags":[],"jetpack_publicize_connections":[],"yoast_head":"<!-- This site is optimized with the Yoast SEO plugin v20.6 - https:\/\/yoast.com\/wordpress\/plugins\/seo\/ -->\n<title>Arte Vitis \u00abbooste\u00bb le merlot - thomasvino<\/title>\n<meta name=\"robots\" content=\"index, follow, max-snippet:-1, max-image-preview:large, max-video-preview:-1\" \/>\n<link rel=\"canonical\" href=\"https:\/\/thomasvino.ch\/?p=9150\" \/>\n<meta property=\"og:locale\" content=\"fr_FR\" \/>\n<meta property=\"og:type\" content=\"article\" \/>\n<meta property=\"og:title\" content=\"Arte Vitis \u00abbooste\u00bb le merlot - thomasvino\" \/>\n<meta property=\"og:description\" content=\"T comme tendance M comme le Merlot C\u2019est l\u2019inverse du film de Fritz Lang (M le Maudit)&#160;: le merlot est un c\u00e9page rouge ch\u00e9ri de la Suisse romande. Y compris des Vaudois. D\u00e9gustation. Par Pierre Thomas A Beau-Rivage, le palace genevois, lundi pass\u00e9 (14 mars 2011), les treize vignerons du groupe d\u2019excellence vaudois Arte Vitis [&hellip;]\" \/>\n<meta property=\"og:url\" content=\"https:\/\/thomasvino.ch\/?p=9150\" \/>\n<meta property=\"og:site_name\" content=\"thomasvino\" \/>\n<meta property=\"article:published_time\" content=\"2011-03-15T11:41:00+00:00\" \/>\n<meta name=\"author\" content=\"Pierre Thomas\" \/>\n<meta name=\"twitter:label1\" content=\"\u00c9crit par\" \/>\n\t<meta name=\"twitter:data1\" content=\"Pierre Thomas\" \/>\n\t<meta name=\"twitter:label2\" content=\"Dur\u00e9e de lecture estim\u00e9e\" \/>\n\t<meta name=\"twitter:data2\" content=\"5 minutes\" \/>\n<script type=\"application\/ld+json\" class=\"yoast-schema-graph\">{\"@context\":\"https:\/\/schema.org\",\"@graph\":[{\"@type\":\"WebPage\",\"@id\":\"https:\/\/thomasvino.ch\/?p=9150\",\"url\":\"https:\/\/thomasvino.ch\/?p=9150\",\"name\":\"Arte Vitis \u00abbooste\u00bb le merlot - thomasvino\",\"isPartOf\":{\"@id\":\"https:\/\/thomasvino.ch\/#website\"},\"datePublished\":\"2011-03-15T11:41:00+00:00\",\"dateModified\":\"2011-03-15T11:41:00+00:00\",\"author\":{\"@id\":\"https:\/\/thomasvino.ch\/#\/schema\/person\/670bf4486fe81152cf1d68bd585e062e\"},\"breadcrumb\":{\"@id\":\"https:\/\/thomasvino.ch\/?p=9150#breadcrumb\"},\"inLanguage\":\"fr-FR\",\"potentialAction\":[{\"@type\":\"ReadAction\",\"target\":[\"https:\/\/thomasvino.ch\/?p=9150\"]}]},{\"@type\":\"BreadcrumbList\",\"@id\":\"https:\/\/thomasvino.ch\/?p=9150#breadcrumb\",\"itemListElement\":[{\"@type\":\"ListItem\",\"position\":1,\"name\":\"Accueil\",\"item\":\"https:\/\/thomasvino.ch\/\"},{\"@type\":\"ListItem\",\"position\":2,\"name\":\"Arte Vitis \u00abbooste\u00bb le merlot\"}]},{\"@type\":\"WebSite\",\"@id\":\"https:\/\/thomasvino.ch\/#website\",\"url\":\"https:\/\/thomasvino.ch\/\",\"name\":\"thomasvino\",\"description\":\"Vins &amp; Gastronomie\",\"potentialAction\":[{\"@type\":\"SearchAction\",\"target\":{\"@type\":\"EntryPoint\",\"urlTemplate\":\"https:\/\/thomasvino.ch\/?s={search_term_string}\"},\"query-input\":\"required name=search_term_string\"}],\"inLanguage\":\"fr-FR\"},{\"@type\":\"Person\",\"@id\":\"https:\/\/thomasvino.ch\/#\/schema\/person\/670bf4486fe81152cf1d68bd585e062e\",\"name\":\"Pierre Thomas\",\"image\":{\"@type\":\"ImageObject\",\"inLanguage\":\"fr-FR\",\"@id\":\"https:\/\/thomasvino.ch\/#\/schema\/person\/image\/\",\"url\":\"https:\/\/secure.gravatar.com\/avatar\/91fd5a76647f140e53db987a0dead4d7?s=96&d=mm&r=g\",\"contentUrl\":\"https:\/\/secure.gravatar.com\/avatar\/91fd5a76647f140e53db987a0dead4d7?s=96&d=mm&r=g\",\"caption\":\"Pierre Thomas\"},\"url\":\"https:\/\/thomasvino.ch\/?author=3\"}]}<\/script>\n<!-- \/ Yoast SEO plugin. -->","yoast_head_json":{"title":"Arte Vitis \u00abbooste\u00bb le merlot - thomasvino","robots":{"index":"index","follow":"follow","max-snippet":"max-snippet:-1","max-image-preview":"max-image-preview:large","max-video-preview":"max-video-preview:-1"},"canonical":"https:\/\/thomasvino.ch\/?p=9150","og_locale":"fr_FR","og_type":"article","og_title":"Arte Vitis \u00abbooste\u00bb le merlot - thomasvino","og_description":"T comme tendance M comme le Merlot C\u2019est l\u2019inverse du film de Fritz Lang (M le Maudit)&#160;: le merlot est un c\u00e9page rouge ch\u00e9ri de la Suisse romande. Y compris des Vaudois. D\u00e9gustation. Par Pierre Thomas A Beau-Rivage, le palace genevois, lundi pass\u00e9 (14 mars 2011), les treize vignerons du groupe d\u2019excellence vaudois Arte Vitis [&hellip;]","og_url":"https:\/\/thomasvino.ch\/?p=9150","og_site_name":"thomasvino","article_published_time":"2011-03-15T11:41:00+00:00","author":"Pierre Thomas","twitter_misc":{"\u00c9crit par":"Pierre Thomas","Dur\u00e9e de lecture estim\u00e9e":"5 minutes"},"schema":{"@context":"https:\/\/schema.org","@graph":[{"@type":"WebPage","@id":"https:\/\/thomasvino.ch\/?p=9150","url":"https:\/\/thomasvino.ch\/?p=9150","name":"Arte Vitis \u00abbooste\u00bb le merlot - thomasvino","isPartOf":{"@id":"https:\/\/thomasvino.ch\/#website"},"datePublished":"2011-03-15T11:41:00+00:00","dateModified":"2011-03-15T11:41:00+00:00","author":{"@id":"https:\/\/thomasvino.ch\/#\/schema\/person\/670bf4486fe81152cf1d68bd585e062e"},"breadcrumb":{"@id":"https:\/\/thomasvino.ch\/?p=9150#breadcrumb"},"inLanguage":"fr-FR","potentialAction":[{"@type":"ReadAction","target":["https:\/\/thomasvino.ch\/?p=9150"]}]},{"@type":"BreadcrumbList","@id":"https:\/\/thomasvino.ch\/?p=9150#breadcrumb","itemListElement":[{"@type":"ListItem","position":1,"name":"Accueil","item":"https:\/\/thomasvino.ch\/"},{"@type":"ListItem","position":2,"name":"Arte Vitis \u00abbooste\u00bb le merlot"}]},{"@type":"WebSite","@id":"https:\/\/thomasvino.ch\/#website","url":"https:\/\/thomasvino.ch\/","name":"thomasvino","description":"Vins &amp; Gastronomie","potentialAction":[{"@type":"SearchAction","target":{"@type":"EntryPoint","urlTemplate":"https:\/\/thomasvino.ch\/?s={search_term_string}"},"query-input":"required name=search_term_string"}],"inLanguage":"fr-FR"},{"@type":"Person","@id":"https:\/\/thomasvino.ch\/#\/schema\/person\/670bf4486fe81152cf1d68bd585e062e","name":"Pierre Thomas","image":{"@type":"ImageObject","inLanguage":"fr-FR","@id":"https:\/\/thomasvino.ch\/#\/schema\/person\/image\/","url":"https:\/\/secure.gravatar.com\/avatar\/91fd5a76647f140e53db987a0dead4d7?s=96&d=mm&r=g","contentUrl":"https:\/\/secure.gravatar.com\/avatar\/91fd5a76647f140e53db987a0dead4d7?s=96&d=mm&r=g","caption":"Pierre Thomas"},"url":"https:\/\/thomasvino.ch\/?author=3"}]}},"jetpack_featured_media_url":"","jetpack_sharing_enabled":true,"jetpack_shortlink":"https:\/\/wp.me\/p3m4tZ-2nA","jetpack_likes_enabled":false,"jetpack-related-posts":[{"id":8823,"url":"https:\/\/thomasvino.ch\/?p=8823","url_meta":{"origin":9150,"position":0},"title":"Le triomphe du Merlot del Ticino","date":"29 novembre 2008","format":false,"excerpt":"Grand Jury de 24 Heures Le triomphe du Merlot del Ticino Quatri\u00e8me manche de notre match Nouveau contre Ancien Monde. L\u2019outsider tessinois a bien jou\u00e9 son coup : sur douze merlots finalistes, six vins, tous en t\u00eate, sauf pour la m\u00e9daille de bronze, valdo-californienne. Pierre Thomas Ce fut le match\u2026","rel":"","context":"Dans &quot;Grand Jury 24 Heures&quot;","img":{"alt_text":"","src":"","width":0,"height":0},"classes":[]},{"id":8786,"url":"https:\/\/thomasvino.ch\/?p=8786","url_meta":{"origin":9150,"position":1},"title":"Pierre Monachon, un vigneron vaudois engag\u00e9","date":"22 septembre 2008","format":false,"excerpt":"Pierre Monachon, vigneron \u00e0 Rivaz (VD)La sagesse, grandeur vaudoiseNe serait-ce sa silhouette \u00e9lanc\u00e9e, son visage burin\u00e9 par l\u2019air (l\u00e9manique) du grand large, Pierre Monachon, semblerait tout droit sorti du \u00abQuart d\u2019heure vaudois\u00bb, une \u00e9mission de radio des ann\u00e9es 1960. A 51 ans, il cumule les titres : syndic de son\u2026","rel":"","context":"Dans &quot;Vins suisses&quot;","img":{"alt_text":"","src":"","width":0,"height":0},"classes":[]},{"id":9796,"url":"https:\/\/thomasvino.ch\/?p=9796","url_meta":{"origin":9150,"position":2},"title":"Vaud \u2014 Arte Vitis, porte-drapeau des vins vaudois","date":"9 janvier 2005","format":false,"excerpt":"Arte Vitis, les porte-drapeaux des vins vaudois Comme les ap\u00f4tres, ils sont douze. Ensemble, ils vont d\u00e9fendre l'id\u00e9e qu'ils se font du vin vaudois. Une haute id\u00e9e pour des vins mis au pluriel, sans renier le chasselas. Par Pierre Thomas Pr\u00e9sent\u00e9e \u00e0 Zurich, l'\u00e9t\u00e9 pass\u00e9, comme la \u00abr\u00e9volution vaudoise\u00bb, la\u2026","rel":"","context":"Dans &quot;Vins suisses&quot;","img":{"alt_text":"","src":"","width":0,"height":0},"classes":[]},{"id":8826,"url":"https:\/\/thomasvino.ch\/?p=8826","url_meta":{"origin":9150,"position":3},"title":"Les c\u00e9pages, \u00e9talons de concours?","date":"29 novembre 2008","format":false,"excerpt":"Chardonnay, Pinot noir, Syrah, Merlot and CoLe c\u00e9page, \u00e9talon de concours\u00a0?Le palmar\u00e8s du premier Mondial du Merlot, disput\u00e9 \u00e0 Lugano, vient d\u2019\u00eatre publi\u00e9. Apr\u00e8s les concours r\u00e9gionaux, nationaux et internationaux g\u00e9n\u00e9ralistes, les concours li\u00e9s \u00e0 un seul c\u00e9page ont la cote.Par Pierre ThomasLongtemps, les concours g\u00e9n\u00e9ralistes suffisaient au bonheur des\u2026","rel":"","context":"Dans &quot;Tendance&quot;","img":{"alt_text":"","src":"","width":0,"height":0},"classes":[]},{"id":9101,"url":"https:\/\/thomasvino.ch\/?p=9101","url_meta":{"origin":9150,"position":4},"title":"Cons\u00e9cration pour un merlot vaudois","date":"28 novembre 2010","format":false,"excerpt":"Un vin de Rodrigo Banto remporte le Mondial En Suisse, le merlot se diversifie Beau succ\u00e8s pour Rodrigo Banto, l\u2019\u0153nologue d\u2019UVAVINS, la coop\u00e9rative de La C\u00f4te vaudoise, \u00e0 Tolochenaz (VD). Son merlot \u00abCollection Inspiration\u00bb 2009 obtient la meilleure note du Concours Mondial du Merlot 2010, \u00e0 Lugano. Celui-ci, pour sa\u2026","rel":"","context":"Dans &quot;Actus - News&quot;","img":{"alt_text":"","src":"","width":0,"height":0},"classes":[]},{"id":10912,"url":"https:\/\/thomasvino.ch\/?p=10912","url_meta":{"origin":9150,"position":5},"title":"Arte Vitis a f\u00eat\u00e9 son dixi\u00e8me mill\u00e9sime","date":"27 juin 2013","format":false,"excerpt":"Autoproclam\u00e9 \u00e9lite des vignerons vaudois, Arte Vitis, qui est un groupe informel, sans statuts, a f\u00eat\u00e9, d\u00e9but juin, son dixi\u00e8me mill\u00e9sime en grande pompe, au Lausanne-Palace & Spa. Mot d\u2019ordre de ces deux journ\u00e9es: ouverture! Par Pierre Thomas C\u2019est Blaise Duboux, pr\u00e9sident d\u2019Arte Vitis depuis la fondation, il y a\u2026","rel":"","context":"Dans &quot;Vins suisses&quot;","img":{"alt_text":"","src":"","width":0,"height":0},"classes":[]}],"_links":{"self":[{"href":"https:\/\/thomasvino.ch\/index.php?rest_route=\/wp\/v2\/posts\/9150"}],"collection":[{"href":"https:\/\/thomasvino.ch\/index.php?rest_route=\/wp\/v2\/posts"}],"about":[{"href":"https:\/\/thomasvino.ch\/index.php?rest_route=\/wp\/v2\/types\/post"}],"author":[{"embeddable":true,"href":"https:\/\/thomasvino.ch\/index.php?rest_route=\/wp\/v2\/users\/3"}],"replies":[{"embeddable":true,"href":"https:\/\/thomasvino.ch\/index.php?rest_route=%2Fwp%2Fv2%2Fcomments&post=9150"}],"version-history":[{"count":0,"href":"https:\/\/thomasvino.ch\/index.php?rest_route=\/wp\/v2\/posts\/9150\/revisions"}],"wp:attachment":[{"href":"https:\/\/thomasvino.ch\/index.php?rest_route=%2Fwp%2Fv2%2Fmedia&parent=9150"}],"wp:term":[{"taxonomy":"category","embeddable":true,"href":"https:\/\/thomasvino.ch\/index.php?rest_route=%2Fwp%2Fv2%2Fcategories&post=9150"},{"taxonomy":"post_tag","embeddable":true,"href":"https:\/\/thomasvino.ch\/index.php?rest_route=%2Fwp%2Fv2%2Ftags&post=9150"}],"curies":[{"name":"wp","href":"https:\/\/api.w.org\/{rel}","templated":true}]}}