{"id":9160,"date":"2011-04-02T17:31:00","date_gmt":"2011-04-02T17:31:00","guid":{"rendered":"http:\/\/localhost\/thomasvino\/?p=9160"},"modified":"2011-04-02T17:31:00","modified_gmt":"2011-04-02T17:31:00","slug":"marche-mondial-du-vin-embellie-en-2010","status":"publish","type":"post","link":"https:\/\/thomasvino.ch\/?p=9160","title":{"rendered":"March\u00e9 mondial du vin: embellie en 2010"},"content":{"rendered":"<h2><i>Chiffres OIV pour 2010<\/i><\/h2>\n<h1>Le march\u00e9 des vins en reprise<\/h1>\n<div style=\"text-align: justify;\"><b>L\u2019\u00e9cart entre la production de vin (260 millions d\u2019hectolitres) et la consommation (236 mios d\u2019hl) indique toujours une surproduction de vin plan\u00e9taire en 2010 (24 mios d\u2019hl). Les Chinois vont-ils l\u2019absorber&#160;? Ils sont pass\u00e9s au premier rang des consommateurs de vins dans le monde, selon l\u2019Organisation internationale de la vigne et du vin (OIV), qui a accueilli son 45\u00e8me pays membre, l\u2019Inde.<\/b><br \/>\nLes membres de l\u2019OIV repr\u00e9sentent 85% de la production, 75% du vignoble mondial, 70% de la consommation et 90% des exportations. En 2010, la consommation s\u2019est stabilis\u00e9e, apr\u00e8s 18 mois de baisse, a signal\u00e9 \u00e0 Paris, fin mars, le directeur de l\u2019OIV, l\u2019Italien Federico Castelluci. Durant le m\u00eame laps de temps, la production mondiale a baiss\u00e9 de 4,2%.<\/div>\n<h4><b>L&rsquo;Europe arrache l&rsquo;\u00e9quivalent de 4 fois le vignoble suisse<\/b><\/h4>\n<div style=\"text-align: justify;\">L\u2019Union Europ\u00e9enne a continu\u00e9 a encourager l\u2019arrachache des vignes (64&rsquo;000 ha en moins pour une surface mondiale de 7,5 millions d\u2019ha). L\u2019Espagne a produit le plus gros effort, arrachant le double de la surface viticole suisse (moins 31&rsquo;000 ha), devant la France (moins 12&rsquo;000 ha), la Bulgarie, la Hongrie, le Portugal et la Gr\u00e8ce. Le Portugal a \u00e9t\u00e9 le seul pays de l\u2019UE ayant augment\u00e9 sa production (plus 900&rsquo;000 hl). <br \/>\nLa balance entre production et consommation indique que 40% des volumes produits sont export\u00e9s. Globalement, les exportations, qui avaient fl\u00e9chi de 3,3% en 2009 ont augment\u00e9 de 6,7% en 2010, montrant une \u00e9volution positive.<br \/>\nCes chiffres sont l\u2019occasion de dresser <\/div>\n<h4>Quatre palmar\u00e8s <\/h4>\n<div style=\"text-align: justify;\"><b>1) les vignobles les plus vastes<\/b><br \/>\nEspagne (1,08 million d\u2019ha)<br \/>\nFrance<br \/>\nItalie<br \/>\nUSA<br \/>\nArgentine<br \/>\n<b>2) les plus gros producteurs<\/b><br \/>\nFrance (45 mios d\u2019hl) d\u00e9tr\u00f4ne<br \/>\nl\u2019Italie<br \/>\nEspagne<br \/>\nUSA<br \/>\nArgentine&#160;;<br \/>\n<b>3) les plus gros consommateurs<\/b><br \/>\nChine<br \/>\nAllemagne<br \/>\nItalie<br \/>\nUSA<br \/>\nFrance<br \/>\n<b>4) les plus gros exportateurs<\/b><br \/>\nEspagne (17 mios d\u2019hl)<br \/>\nItalie<br \/>\nAustralie<br \/>\nChili<br \/>\nFrance (13,5 mios d\u2019hl)<br \/>\nUSA.<br \/>\n<i>\u00a9thomasvino.ch<\/i><\/p>\n<p>&#160;<\/p><\/div>\n","protected":false},"excerpt":{"rendered":"<p>Chiffres OIV pour 2010 Le march\u00e9 des vins en reprise L\u2019\u00e9cart entre la production de vin (260 millions d\u2019hectolitres) et la consommation (236 mios d\u2019hl) indique toujours une surproduction de vin plan\u00e9taire en 2010 (24 mios d\u2019hl). Les Chinois vont-ils l\u2019absorber&#160;? Ils sont pass\u00e9s au premier rang des consommateurs de vins dans le monde, selon [&hellip;]<\/p>\n","protected":false},"author":3,"featured_media":0,"comment_status":"closed","ping_status":"open","sticky":false,"template":"","format":"standard","meta":{"_monsterinsights_skip_tracking":false,"_monsterinsights_sitenote_active":false,"_monsterinsights_sitenote_note":"","_monsterinsights_sitenote_category":0,"jetpack_post_was_ever_published":false,"jetpack_publicize_message":"","jetpack_is_tweetstorm":false,"jetpack_publicize_feature_enabled":true,"jetpack_social_post_already_shared":false,"jetpack_social_options":{"image_generator_settings":{"template":"highway","enabled":false}}},"categories":[15],"tags":[],"jetpack_publicize_connections":[],"yoast_head":"<!-- This site is optimized with the Yoast SEO plugin v20.6 - https:\/\/yoast.com\/wordpress\/plugins\/seo\/ -->\n<title>March\u00e9 mondial du vin: embellie en 2010 - thomasvino<\/title>\n<meta name=\"robots\" content=\"index, follow, max-snippet:-1, max-image-preview:large, max-video-preview:-1\" \/>\n<link rel=\"canonical\" href=\"https:\/\/thomasvino.ch\/?p=9160\" \/>\n<meta property=\"og:locale\" content=\"fr_FR\" \/>\n<meta property=\"og:type\" content=\"article\" \/>\n<meta property=\"og:title\" content=\"March\u00e9 mondial du vin: embellie en 2010 - thomasvino\" \/>\n<meta property=\"og:description\" content=\"Chiffres OIV pour 2010 Le march\u00e9 des vins en reprise L\u2019\u00e9cart entre la production de vin (260 millions d\u2019hectolitres) et la consommation (236 mios d\u2019hl) indique toujours une surproduction de vin plan\u00e9taire en 2010 (24 mios d\u2019hl). Les Chinois vont-ils l\u2019absorber&#160;? Ils sont pass\u00e9s au premier rang des consommateurs de vins dans le monde, selon [&hellip;]\" \/>\n<meta property=\"og:url\" content=\"https:\/\/thomasvino.ch\/?p=9160\" \/>\n<meta property=\"og:site_name\" content=\"thomasvino\" \/>\n<meta property=\"article:published_time\" content=\"2011-04-02T17:31:00+00:00\" \/>\n<meta name=\"author\" content=\"Pierre Thomas\" \/>\n<meta name=\"twitter:label1\" content=\"\u00c9crit par\" \/>\n\t<meta name=\"twitter:data1\" content=\"Pierre Thomas\" \/>\n\t<meta name=\"twitter:label2\" content=\"Dur\u00e9e de lecture estim\u00e9e\" \/>\n\t<meta name=\"twitter:data2\" content=\"2 minutes\" \/>\n<script type=\"application\/ld+json\" class=\"yoast-schema-graph\">{\"@context\":\"https:\/\/schema.org\",\"@graph\":[{\"@type\":\"WebPage\",\"@id\":\"https:\/\/thomasvino.ch\/?p=9160\",\"url\":\"https:\/\/thomasvino.ch\/?p=9160\",\"name\":\"March\u00e9 mondial du vin: embellie en 2010 - thomasvino\",\"isPartOf\":{\"@id\":\"https:\/\/thomasvino.ch\/#website\"},\"datePublished\":\"2011-04-02T17:31:00+00:00\",\"dateModified\":\"2011-04-02T17:31:00+00:00\",\"author\":{\"@id\":\"https:\/\/thomasvino.ch\/#\/schema\/person\/670bf4486fe81152cf1d68bd585e062e\"},\"breadcrumb\":{\"@id\":\"https:\/\/thomasvino.ch\/?p=9160#breadcrumb\"},\"inLanguage\":\"fr-FR\",\"potentialAction\":[{\"@type\":\"ReadAction\",\"target\":[\"https:\/\/thomasvino.ch\/?p=9160\"]}]},{\"@type\":\"BreadcrumbList\",\"@id\":\"https:\/\/thomasvino.ch\/?p=9160#breadcrumb\",\"itemListElement\":[{\"@type\":\"ListItem\",\"position\":1,\"name\":\"Accueil\",\"item\":\"https:\/\/thomasvino.ch\/\"},{\"@type\":\"ListItem\",\"position\":2,\"name\":\"March\u00e9 mondial du vin: embellie en 2010\"}]},{\"@type\":\"WebSite\",\"@id\":\"https:\/\/thomasvino.ch\/#website\",\"url\":\"https:\/\/thomasvino.ch\/\",\"name\":\"thomasvino\",\"description\":\"Vins &amp; Gastronomie\",\"potentialAction\":[{\"@type\":\"SearchAction\",\"target\":{\"@type\":\"EntryPoint\",\"urlTemplate\":\"https:\/\/thomasvino.ch\/?s={search_term_string}\"},\"query-input\":\"required name=search_term_string\"}],\"inLanguage\":\"fr-FR\"},{\"@type\":\"Person\",\"@id\":\"https:\/\/thomasvino.ch\/#\/schema\/person\/670bf4486fe81152cf1d68bd585e062e\",\"name\":\"Pierre Thomas\",\"image\":{\"@type\":\"ImageObject\",\"inLanguage\":\"fr-FR\",\"@id\":\"https:\/\/thomasvino.ch\/#\/schema\/person\/image\/\",\"url\":\"https:\/\/secure.gravatar.com\/avatar\/91fd5a76647f140e53db987a0dead4d7?s=96&d=mm&r=g\",\"contentUrl\":\"https:\/\/secure.gravatar.com\/avatar\/91fd5a76647f140e53db987a0dead4d7?s=96&d=mm&r=g\",\"caption\":\"Pierre Thomas\"},\"url\":\"https:\/\/thomasvino.ch\/?author=3\"}]}<\/script>\n<!-- \/ Yoast SEO plugin. -->","yoast_head_json":{"title":"March\u00e9 mondial du vin: embellie en 2010 - thomasvino","robots":{"index":"index","follow":"follow","max-snippet":"max-snippet:-1","max-image-preview":"max-image-preview:large","max-video-preview":"max-video-preview:-1"},"canonical":"https:\/\/thomasvino.ch\/?p=9160","og_locale":"fr_FR","og_type":"article","og_title":"March\u00e9 mondial du vin: embellie en 2010 - thomasvino","og_description":"Chiffres OIV pour 2010 Le march\u00e9 des vins en reprise L\u2019\u00e9cart entre la production de vin (260 millions d\u2019hectolitres) et la consommation (236 mios d\u2019hl) indique toujours une surproduction de vin plan\u00e9taire en 2010 (24 mios d\u2019hl). Les Chinois vont-ils l\u2019absorber&#160;? Ils sont pass\u00e9s au premier rang des consommateurs de vins dans le monde, selon [&hellip;]","og_url":"https:\/\/thomasvino.ch\/?p=9160","og_site_name":"thomasvino","article_published_time":"2011-04-02T17:31:00+00:00","author":"Pierre Thomas","twitter_misc":{"\u00c9crit par":"Pierre Thomas","Dur\u00e9e de lecture estim\u00e9e":"2 minutes"},"schema":{"@context":"https:\/\/schema.org","@graph":[{"@type":"WebPage","@id":"https:\/\/thomasvino.ch\/?p=9160","url":"https:\/\/thomasvino.ch\/?p=9160","name":"March\u00e9 mondial du vin: embellie en 2010 - thomasvino","isPartOf":{"@id":"https:\/\/thomasvino.ch\/#website"},"datePublished":"2011-04-02T17:31:00+00:00","dateModified":"2011-04-02T17:31:00+00:00","author":{"@id":"https:\/\/thomasvino.ch\/#\/schema\/person\/670bf4486fe81152cf1d68bd585e062e"},"breadcrumb":{"@id":"https:\/\/thomasvino.ch\/?p=9160#breadcrumb"},"inLanguage":"fr-FR","potentialAction":[{"@type":"ReadAction","target":["https:\/\/thomasvino.ch\/?p=9160"]}]},{"@type":"BreadcrumbList","@id":"https:\/\/thomasvino.ch\/?p=9160#breadcrumb","itemListElement":[{"@type":"ListItem","position":1,"name":"Accueil","item":"https:\/\/thomasvino.ch\/"},{"@type":"ListItem","position":2,"name":"March\u00e9 mondial du vin: embellie en 2010"}]},{"@type":"WebSite","@id":"https:\/\/thomasvino.ch\/#website","url":"https:\/\/thomasvino.ch\/","name":"thomasvino","description":"Vins &amp; Gastronomie","potentialAction":[{"@type":"SearchAction","target":{"@type":"EntryPoint","urlTemplate":"https:\/\/thomasvino.ch\/?s={search_term_string}"},"query-input":"required name=search_term_string"}],"inLanguage":"fr-FR"},{"@type":"Person","@id":"https:\/\/thomasvino.ch\/#\/schema\/person\/670bf4486fe81152cf1d68bd585e062e","name":"Pierre Thomas","image":{"@type":"ImageObject","inLanguage":"fr-FR","@id":"https:\/\/thomasvino.ch\/#\/schema\/person\/image\/","url":"https:\/\/secure.gravatar.com\/avatar\/91fd5a76647f140e53db987a0dead4d7?s=96&d=mm&r=g","contentUrl":"https:\/\/secure.gravatar.com\/avatar\/91fd5a76647f140e53db987a0dead4d7?s=96&d=mm&r=g","caption":"Pierre Thomas"},"url":"https:\/\/thomasvino.ch\/?author=3"}]}},"jetpack_featured_media_url":"","jetpack_sharing_enabled":true,"jetpack_shortlink":"https:\/\/wp.me\/p3m4tZ-2nK","jetpack_likes_enabled":false,"jetpack-related-posts":[{"id":15078,"url":"https:\/\/thomasvino.ch\/?p=15078","url_meta":{"origin":9160,"position":0},"title":"Suisse et monde: les chiffres-cl\u00e9s du vin 2017","date":"26 avril 2018","format":false,"excerpt":"L'Office f\u00e9d\u00e9ral de l'agriculture (OFAG) le confirme: en 2017, la consommation de vins a l\u00e9g\u00e8rement d\u00e9cru en Suisse. L'Organisation internationale de la vigne et du vin a publi\u00e9 le m\u00eame jour (24.04.18) ses propres chiffres. En Suisse, la consommation totale est pass\u00e9e sous la barre des 250 millions de litres\u2026","rel":"","context":"Dans &quot;Actus - News&quot;","img":{"alt_text":"","src":"","width":0,"height":0},"classes":[]},{"id":16574,"url":"https:\/\/thomasvino.ch\/?p=16574","url_meta":{"origin":9160,"position":1},"title":"Plan\u00e8te vin\u00a0: la Suisse dans les 20 premiers","date":"24 avril 2020","format":false,"excerpt":"Le jour o\u00f9 Berne livrait ses chiffres de consommation des vins en 2019, l\u2019Organisation internationale de la vigne et du vin (OIV), \u00e0 Paris, donnait ses statistiques plan\u00e9taires. Pour la production, le vignoble suisse figure au 22\u00e8me rang, et la consommation place la Suisse au 18\u00e8me rang. Les Suisses ont\u2026","rel":"","context":"Dans &quot;Non class\u00e9&quot;","img":{"alt_text":"","src":"","width":0,"height":0},"classes":[]},{"id":12883,"url":"https:\/\/thomasvino.ch\/?p=12883","url_meta":{"origin":9160,"position":2},"title":"La Chine, 1er producteur de raisins&#8230; tout compris","date":"6 juillet 2015","format":false,"excerpt":"\u00c0 l\u2019occasion du 38\u00e8me Congr\u00e8s mondial de la vigne et du vin, le directeur g\u00e9n\u00e9ral de l'OIV, Jean-Marie Aurand, a pr\u00e9sent\u00e9 un bilan global du secteur vitivinicole, ainsi que les premiers \u00e9l\u00e9ments du rapport th\u00e9matique 2015 consacr\u00e9 au march\u00e9 des vins ros\u00e9s et qui sera publi\u00e9 en fin d\u2019ann\u00e9e. La\u2026","rel":"","context":"Dans &quot;Actus - News&quot;","img":{"alt_text":"","src":"","width":0,"height":0},"classes":[]},{"id":8836,"url":"https:\/\/thomasvino.ch\/?p=8836","url_meta":{"origin":9160,"position":3},"title":"Tout va tr\u00e8s bien pour le vin","date":"14 janvier 2009","format":false,"excerpt":"Production en baisse et conso en hausseLes bons chiffres du vinDouble bonne nouvelle en deux mois pour le monde globalis\u00e9 du vin. A fin janvier 2009, l\u2019Organisation internationale de la vigne et du vin (OIV), \u00e0 Paris, annon\u00e7ait une stabilisation de la r\u00e9colte 2008, tandis que le 13 janvier 2009,\u2026","rel":"","context":"Dans &quot;Actus - News&quot;","img":{"alt_text":"","src":"","width":0,"height":0},"classes":[]},{"id":16138,"url":"https:\/\/thomasvino.ch\/?p=16138","url_meta":{"origin":9160,"position":4},"title":"Vendange 2019\u00a0: une baisse mondiale et\u2026 suisse","date":"31 octobre 2019","format":false,"excerpt":"L\u2019Organisation internationale de la vigne et du vin (OIV), a annonc\u00e9, \u00e0 Paris, le dernier jour d\u2019octobre, une baisse g\u00e9n\u00e9ralis\u00e9e de la production mondiale de vin pour le mill\u00e9sime 2019. Les trois plus gros producteurs, l'Italie et la France, annoncent une vendange inf\u00e9rieure de 15% par rapport \u00e0 2018, et\u2026","rel":"","context":"Dans &quot;Non class\u00e9&quot;","img":{"alt_text":"","src":"","width":0,"height":0},"classes":[]},{"id":16007,"url":"https:\/\/thomasvino.ch\/?p=16007","url_meta":{"origin":9160,"position":5},"title":"OIV\u00a0: les vrais chiffres du vin 2018","date":"18 juillet 2019","format":false,"excerpt":"A l\u2019occasion de l\u2019ouverture de la 42\u00e8meassembl\u00e9e de l\u2019Organisation internationale de la vigne et du vin (OIV), le directeur g\u00e9n\u00e9ral Pau Roca \u2014 en poste depuis le d\u00e9but de cette ann\u00e9e pour un seul mandat de 5 ans \u2014 a donn\u00e9 les \u00abvrais\u00bb chiffres de la production de raisin, respectivement\u2026","rel":"","context":"Dans &quot;Non class\u00e9&quot;","img":{"alt_text":"","src":"","width":0,"height":0},"classes":[]}],"_links":{"self":[{"href":"https:\/\/thomasvino.ch\/index.php?rest_route=\/wp\/v2\/posts\/9160"}],"collection":[{"href":"https:\/\/thomasvino.ch\/index.php?rest_route=\/wp\/v2\/posts"}],"about":[{"href":"https:\/\/thomasvino.ch\/index.php?rest_route=\/wp\/v2\/types\/post"}],"author":[{"embeddable":true,"href":"https:\/\/thomasvino.ch\/index.php?rest_route=\/wp\/v2\/users\/3"}],"replies":[{"embeddable":true,"href":"https:\/\/thomasvino.ch\/index.php?rest_route=%2Fwp%2Fv2%2Fcomments&post=9160"}],"version-history":[{"count":0,"href":"https:\/\/thomasvino.ch\/index.php?rest_route=\/wp\/v2\/posts\/9160\/revisions"}],"wp:attachment":[{"href":"https:\/\/thomasvino.ch\/index.php?rest_route=%2Fwp%2Fv2%2Fmedia&parent=9160"}],"wp:term":[{"taxonomy":"category","embeddable":true,"href":"https:\/\/thomasvino.ch\/index.php?rest_route=%2Fwp%2Fv2%2Fcategories&post=9160"},{"taxonomy":"post_tag","embeddable":true,"href":"https:\/\/thomasvino.ch\/index.php?rest_route=%2Fwp%2Fv2%2Ftags&post=9160"}],"curies":[{"name":"wp","href":"https:\/\/api.w.org\/{rel}","templated":true}]}}