{"id":9189,"date":"2011-06-09T18:44:00","date_gmt":"2011-06-09T18:44:00","guid":{"rendered":"http:\/\/localhost\/thomasvino\/?p=9189"},"modified":"2011-06-09T18:44:00","modified_gmt":"2011-06-09T18:44:00","slug":"les-meilleurs-vins-du-vully-en-degustation","status":"publish","type":"post","link":"https:\/\/thomasvino.ch\/?p=9189","title":{"rendered":"Les meilleurs vins du Vully en d\u00e9gustation"},"content":{"rendered":"<h2>Le meilleur du Vully <br \/>\nen d\u00e9gustation le 14 juin 2011<\/h2>\n<div style=\"text-align: justify;\"><b>Mardi prochain, 14 juin, de 17 \u00e0 19 h., \u00e0 l\u2019H\u00f4tel Murten, \u00e0 Morat, les vignerons du Vully pr\u00e9senteront leurs meilleurs vins du mill\u00e9sime.<\/b> <br \/>\nUn jury de professionnels a d\u00e9sign\u00e9, fin mai, les vins qu\u2019il a jug\u00e9 les plus int\u00e9ressants. En chasselas, le Chasselas 2010 du <b>Vignoble de l\u2019Etat de Fribourg<\/b> l\u2019emporte, devant la R\u00e9serve blanche 2010 du <b>Ch\u00e2teau de Praz<\/b> et le 2010 de la <b>Cave aux Hirondelles<\/b>. En sp\u00e9cialit\u00e9s blanches, le Gouttes d\u2019Or 2009, du <b>Domaine Chervet<\/b>, s\u2019impose, devant le Traminer 2010 de la <b>Cave du Petit-Ch\u00e2teau<\/b> et le Pinot gris 2010 d\u2019<b>Andr\u00e9 Loup et fils<\/b>. En ros\u00e9s, trio vaudois, avec l\u2019\u0153il-de-perdrix 2010 de <b>Roger Matthey<\/b> qui coiffe l\u2019\u0153il-de-perdrix 2010 d\u2019<b>Andr\u00e9 Loup et fils<\/b> et le blanc de noir 2010 du gagnant lui-m\u00eame\u2026 Le Sang des Bourguignons 2010 d\u2019<b>A. Schmutz et fils SA<\/b> met tout le monde d\u2019accord en pinot noir, devant le 2010 d\u2019<b>A. Derron<\/b> et Fils et le 2010 \u00e9galement de <b>Jean-Fran\u00e7ois Biolley<\/b>. Enfin, en sp\u00e9cialit\u00e9s rouges, l\u2019assemblage Op\u00e9ra 2009, de <b>Daniel Matthey<\/b> (gamaret, garanoir et gamay, \u00e9lev\u00e9 en barriques) s\u2019impose devant le Trio 2010 de <b>Jean-Bernard Derron<\/b> et le merlot 2009 du <b>Domaine de Villarose<\/b>. <br \/>\nAu total, 90 vins provenant de 20 caves du Vully fribourgeois (100 hectares) et vaudois (50 ha) \u00e9taient en comp\u00e9tition. Les deux cantons devraient se mettre d\u2019accord pour une r\u00e9glementation harmonis\u00e9e dans cette appellation d\u2019origine contr\u00f4l\u00e9e commune \u00e0 Fribourg et Vaud et devraient l\u2019annoncer fin juin\u2026<br \/>\n<i>\u00a9thomasvino.ch<\/i><\/div>\n","protected":false},"excerpt":{"rendered":"<p>Le meilleur du Vully en d\u00e9gustation le 14 juin 2011 Mardi prochain, 14 juin, de 17 \u00e0 19 h., \u00e0 l\u2019H\u00f4tel Murten, \u00e0 Morat, les vignerons du Vully pr\u00e9senteront leurs meilleurs vins du mill\u00e9sime. Un jury de professionnels a d\u00e9sign\u00e9, fin mai, les vins qu\u2019il a jug\u00e9 les plus int\u00e9ressants. En chasselas, le Chasselas 2010 [&hellip;]<\/p>\n","protected":false},"author":3,"featured_media":0,"comment_status":"closed","ping_status":"open","sticky":false,"template":"","format":"standard","meta":{"_monsterinsights_skip_tracking":false,"_monsterinsights_sitenote_active":false,"_monsterinsights_sitenote_note":"","_monsterinsights_sitenote_category":0,"jetpack_post_was_ever_published":false,"jetpack_publicize_message":"","jetpack_is_tweetstorm":false,"jetpack_publicize_feature_enabled":true,"jetpack_social_post_already_shared":false,"jetpack_social_options":{"image_generator_settings":{"template":"highway","enabled":false}}},"categories":[15],"tags":[],"jetpack_publicize_connections":[],"yoast_head":"<!-- This site is optimized with the Yoast SEO plugin v20.6 - https:\/\/yoast.com\/wordpress\/plugins\/seo\/ -->\n<title>Les meilleurs vins du Vully en d\u00e9gustation - thomasvino<\/title>\n<meta name=\"robots\" content=\"index, follow, max-snippet:-1, max-image-preview:large, max-video-preview:-1\" \/>\n<link rel=\"canonical\" href=\"https:\/\/thomasvino.ch\/?p=9189\" \/>\n<meta property=\"og:locale\" content=\"fr_FR\" \/>\n<meta property=\"og:type\" content=\"article\" \/>\n<meta property=\"og:title\" content=\"Les meilleurs vins du Vully en d\u00e9gustation - thomasvino\" \/>\n<meta property=\"og:description\" content=\"Le meilleur du Vully en d\u00e9gustation le 14 juin 2011 Mardi prochain, 14 juin, de 17 \u00e0 19 h., \u00e0 l\u2019H\u00f4tel Murten, \u00e0 Morat, les vignerons du Vully pr\u00e9senteront leurs meilleurs vins du mill\u00e9sime. Un jury de professionnels a d\u00e9sign\u00e9, fin mai, les vins qu\u2019il a jug\u00e9 les plus int\u00e9ressants. En chasselas, le Chasselas 2010 [&hellip;]\" \/>\n<meta property=\"og:url\" content=\"https:\/\/thomasvino.ch\/?p=9189\" \/>\n<meta property=\"og:site_name\" content=\"thomasvino\" \/>\n<meta property=\"article:published_time\" content=\"2011-06-09T18:44:00+00:00\" \/>\n<meta name=\"author\" content=\"Pierre Thomas\" \/>\n<meta name=\"twitter:label1\" content=\"\u00c9crit par\" \/>\n\t<meta name=\"twitter:data1\" content=\"Pierre Thomas\" \/>\n\t<meta name=\"twitter:label2\" content=\"Dur\u00e9e de lecture estim\u00e9e\" \/>\n\t<meta name=\"twitter:data2\" content=\"1 minute\" \/>\n<script type=\"application\/ld+json\" class=\"yoast-schema-graph\">{\"@context\":\"https:\/\/schema.org\",\"@graph\":[{\"@type\":\"WebPage\",\"@id\":\"https:\/\/thomasvino.ch\/?p=9189\",\"url\":\"https:\/\/thomasvino.ch\/?p=9189\",\"name\":\"Les meilleurs vins du Vully en d\u00e9gustation - thomasvino\",\"isPartOf\":{\"@id\":\"https:\/\/thomasvino.ch\/#website\"},\"datePublished\":\"2011-06-09T18:44:00+00:00\",\"dateModified\":\"2011-06-09T18:44:00+00:00\",\"author\":{\"@id\":\"https:\/\/thomasvino.ch\/#\/schema\/person\/670bf4486fe81152cf1d68bd585e062e\"},\"breadcrumb\":{\"@id\":\"https:\/\/thomasvino.ch\/?p=9189#breadcrumb\"},\"inLanguage\":\"fr-FR\",\"potentialAction\":[{\"@type\":\"ReadAction\",\"target\":[\"https:\/\/thomasvino.ch\/?p=9189\"]}]},{\"@type\":\"BreadcrumbList\",\"@id\":\"https:\/\/thomasvino.ch\/?p=9189#breadcrumb\",\"itemListElement\":[{\"@type\":\"ListItem\",\"position\":1,\"name\":\"Accueil\",\"item\":\"https:\/\/thomasvino.ch\/\"},{\"@type\":\"ListItem\",\"position\":2,\"name\":\"Les meilleurs vins du Vully en d\u00e9gustation\"}]},{\"@type\":\"WebSite\",\"@id\":\"https:\/\/thomasvino.ch\/#website\",\"url\":\"https:\/\/thomasvino.ch\/\",\"name\":\"thomasvino\",\"description\":\"Vins &amp; Gastronomie\",\"potentialAction\":[{\"@type\":\"SearchAction\",\"target\":{\"@type\":\"EntryPoint\",\"urlTemplate\":\"https:\/\/thomasvino.ch\/?s={search_term_string}\"},\"query-input\":\"required name=search_term_string\"}],\"inLanguage\":\"fr-FR\"},{\"@type\":\"Person\",\"@id\":\"https:\/\/thomasvino.ch\/#\/schema\/person\/670bf4486fe81152cf1d68bd585e062e\",\"name\":\"Pierre Thomas\",\"image\":{\"@type\":\"ImageObject\",\"inLanguage\":\"fr-FR\",\"@id\":\"https:\/\/thomasvino.ch\/#\/schema\/person\/image\/\",\"url\":\"https:\/\/secure.gravatar.com\/avatar\/91fd5a76647f140e53db987a0dead4d7?s=96&d=mm&r=g\",\"contentUrl\":\"https:\/\/secure.gravatar.com\/avatar\/91fd5a76647f140e53db987a0dead4d7?s=96&d=mm&r=g\",\"caption\":\"Pierre Thomas\"},\"url\":\"https:\/\/thomasvino.ch\/?author=3\"}]}<\/script>\n<!-- \/ Yoast SEO plugin. -->","yoast_head_json":{"title":"Les meilleurs vins du Vully en d\u00e9gustation - thomasvino","robots":{"index":"index","follow":"follow","max-snippet":"max-snippet:-1","max-image-preview":"max-image-preview:large","max-video-preview":"max-video-preview:-1"},"canonical":"https:\/\/thomasvino.ch\/?p=9189","og_locale":"fr_FR","og_type":"article","og_title":"Les meilleurs vins du Vully en d\u00e9gustation - thomasvino","og_description":"Le meilleur du Vully en d\u00e9gustation le 14 juin 2011 Mardi prochain, 14 juin, de 17 \u00e0 19 h., \u00e0 l\u2019H\u00f4tel Murten, \u00e0 Morat, les vignerons du Vully pr\u00e9senteront leurs meilleurs vins du mill\u00e9sime. Un jury de professionnels a d\u00e9sign\u00e9, fin mai, les vins qu\u2019il a jug\u00e9 les plus int\u00e9ressants. En chasselas, le Chasselas 2010 [&hellip;]","og_url":"https:\/\/thomasvino.ch\/?p=9189","og_site_name":"thomasvino","article_published_time":"2011-06-09T18:44:00+00:00","author":"Pierre Thomas","twitter_misc":{"\u00c9crit par":"Pierre Thomas","Dur\u00e9e de lecture estim\u00e9e":"1 minute"},"schema":{"@context":"https:\/\/schema.org","@graph":[{"@type":"WebPage","@id":"https:\/\/thomasvino.ch\/?p=9189","url":"https:\/\/thomasvino.ch\/?p=9189","name":"Les meilleurs vins du Vully en d\u00e9gustation - thomasvino","isPartOf":{"@id":"https:\/\/thomasvino.ch\/#website"},"datePublished":"2011-06-09T18:44:00+00:00","dateModified":"2011-06-09T18:44:00+00:00","author":{"@id":"https:\/\/thomasvino.ch\/#\/schema\/person\/670bf4486fe81152cf1d68bd585e062e"},"breadcrumb":{"@id":"https:\/\/thomasvino.ch\/?p=9189#breadcrumb"},"inLanguage":"fr-FR","potentialAction":[{"@type":"ReadAction","target":["https:\/\/thomasvino.ch\/?p=9189"]}]},{"@type":"BreadcrumbList","@id":"https:\/\/thomasvino.ch\/?p=9189#breadcrumb","itemListElement":[{"@type":"ListItem","position":1,"name":"Accueil","item":"https:\/\/thomasvino.ch\/"},{"@type":"ListItem","position":2,"name":"Les meilleurs vins du Vully en d\u00e9gustation"}]},{"@type":"WebSite","@id":"https:\/\/thomasvino.ch\/#website","url":"https:\/\/thomasvino.ch\/","name":"thomasvino","description":"Vins &amp; Gastronomie","potentialAction":[{"@type":"SearchAction","target":{"@type":"EntryPoint","urlTemplate":"https:\/\/thomasvino.ch\/?s={search_term_string}"},"query-input":"required name=search_term_string"}],"inLanguage":"fr-FR"},{"@type":"Person","@id":"https:\/\/thomasvino.ch\/#\/schema\/person\/670bf4486fe81152cf1d68bd585e062e","name":"Pierre Thomas","image":{"@type":"ImageObject","inLanguage":"fr-FR","@id":"https:\/\/thomasvino.ch\/#\/schema\/person\/image\/","url":"https:\/\/secure.gravatar.com\/avatar\/91fd5a76647f140e53db987a0dead4d7?s=96&d=mm&r=g","contentUrl":"https:\/\/secure.gravatar.com\/avatar\/91fd5a76647f140e53db987a0dead4d7?s=96&d=mm&r=g","caption":"Pierre Thomas"},"url":"https:\/\/thomasvino.ch\/?author=3"}]}},"jetpack_featured_media_url":"","jetpack_sharing_enabled":true,"jetpack_shortlink":"https:\/\/wp.me\/p3m4tZ-2od","jetpack_likes_enabled":false,"jetpack-related-posts":[{"id":9394,"url":"https:\/\/thomasvino.ch\/?p=9394","url_meta":{"origin":9189,"position":0},"title":"Les s\u00e9lections 2012 du Valais et du Vully","date":"6 juin 2012","format":false,"excerpt":"S\u00e9lections cantonales 2012 Au tour du Valais et du Vully La Suisse romande conna\u00eet ses s\u00e9lections cantonales. Apr\u00e8s les Neuch\u00e2telois, les Valaisans ont publi\u00e9 leurs r\u00e9sultats. Particularit\u00e9: en Valais, il y a deux sessions, de printemps et d'automne. Celle de printemps a donn\u00e9 lieu \u00e0 l'attribution de 79 \u00e9toiles d'or\u2026","rel":"","context":"Dans &quot;Actus - News&quot;","img":{"alt_text":"","src":"","width":0,"height":0},"classes":[]},{"id":9449,"url":"https:\/\/thomasvino.ch\/?p=9449","url_meta":{"origin":9189,"position":1},"title":"Le Vully bien servi en 2012","date":"23 septembre 2012","format":false,"excerpt":"Le Vully bien servi (en m\u00e9dailles) en 2012 Le Fribourgeois Jean-Daniel Chervet, \u00abvigneron suisse de l'ann\u00e9e 2012\u00bb? Pourquoi pas? Cela d\u00e9pend du nombre des vins qu'il a pr\u00e9sent\u00e9s et de leur classement au Grand Prix du Vin Suisse. Bien que d\u00e9gust\u00e9s en juin d\u00e9j\u00e0, les vins victorieux et les vignerons\u2026","rel":"","context":"Dans &quot;Actus - News&quot;","img":{"alt_text":"","src":"","width":0,"height":0},"classes":[]},{"id":10816,"url":"https:\/\/thomasvino.ch\/?p=10816","url_meta":{"origin":9189,"position":2},"title":"L\u2019Etat de Fribourg remporte le 1er prix Vullyssimo","date":"14 juin 2013","format":false,"excerpt":"Lundi 10 juin, la S\u00e9lection du Vully s\u2019est jou\u00e9e \u00e0 Lugnorre, pour 60 vins de 21 encaveurs. Nouveaut\u00e9, deux prix sp\u00e9ciaux ont \u00e9t\u00e9 attribu\u00e9s. L\u2019un, appel\u00e9 Vullyssimo, au plus haut pointage de la d\u00e9gustation, qui revient au Pinot Noir 2012 de la Cave de l\u2019Etat de Fribourg, l\u2019autre, le Prix\u2026","rel":"","context":"Dans &quot;Vins suisses&quot;","img":{"alt_text":"","src":"https:\/\/i0.wp.com\/www.thomasvino.ch\/wp-content\/uploads\/2013\/06\/selec_vully_prod-300x214.jpg?resize=350%2C200","width":350,"height":200},"classes":[]},{"id":9206,"url":"https:\/\/thomasvino.ch\/?p=9206","url_meta":{"origin":9189,"position":3},"title":"Les meilleurs vins vaudois et valaisans (09-10)","date":"10 juillet 2011","format":false,"excerpt":"Mill\u00e9simes 2009 et 2010 Un tour des vins suisses not\u00e9s sur 100 Les bons mill\u00e9simes se suivent, mais ne se ressemblent pas. Pierre Thomas a d\u00e9gust\u00e9 les 100 meilleurs vins issus des S\u00e9lections valaisannes et vaudoises 2011 et les a not\u00e9s sur 100 points. En Suisse, d\u2019abord romande, le chasselas\u2026","rel":"","context":"Dans &quot;Vins suisses&quot;","img":{"alt_text":"","src":"","width":0,"height":0},"classes":[]},{"id":9769,"url":"https:\/\/thomasvino.ch\/?p=9769","url_meta":{"origin":9189,"position":4},"title":"Vins suisses \u2014 Les meilleurs vins neuch\u00e2telois, s\u00e9lection 2006","date":"11 juin 2006","format":false,"excerpt":"Vins suisses \u2014 Vins de Neuch\u00e2tel Les champions 2006 sont connus Chaque r\u00e9gion viticole suisse a choisi de mettre en \u00e9vidence les r\u00e9sultats de ses d\u00e9gustations r\u00e9gionales, qui servent de s\u00e9lection pour le Concours national des vins suisses, dont la finale de la troisi\u00e8me \u00e9dition aura lieu \u00e0 Sierre \u00e0\u2026","rel":"","context":"Dans &quot;Actus - News&quot;","img":{"alt_text":"","src":"","width":0,"height":0},"classes":[]},{"id":9176,"url":"https:\/\/thomasvino.ch\/?p=9176","url_meta":{"origin":9189,"position":5},"title":"Le Ch\u00e2teau d&rsquo;Auvernier et Ch\u00e2tenay-Bouvier distingu\u00e9s \u00e0 Neuch\u00e2tel","date":"17 mai 2011","format":false,"excerpt":"S\u00e9lection neuch\u00e2teloise 2011 Ch\u00e2teau d\u2019Auvernier et Ch\u00e2tenay prim\u00e9s Les deux prix les plus prestigieux de la S\u00e9lection neuch\u00e2teloise reviennent aux Caves du Ch\u00e2teau d\u2019Auvernier et Ch\u00e2tenay-Bouvier, \u00e0 Boudry. Le premier re\u00e7oit le Prix d\u2019Excellence, le second, le Prix Tradition. Les mill\u00e9simes exceptionnels que sont 2009 et 2010 ont souri au\u2026","rel":"","context":"Dans &quot;Actus - News&quot;","img":{"alt_text":"","src":"","width":0,"height":0},"classes":[]}],"_links":{"self":[{"href":"https:\/\/thomasvino.ch\/index.php?rest_route=\/wp\/v2\/posts\/9189"}],"collection":[{"href":"https:\/\/thomasvino.ch\/index.php?rest_route=\/wp\/v2\/posts"}],"about":[{"href":"https:\/\/thomasvino.ch\/index.php?rest_route=\/wp\/v2\/types\/post"}],"author":[{"embeddable":true,"href":"https:\/\/thomasvino.ch\/index.php?rest_route=\/wp\/v2\/users\/3"}],"replies":[{"embeddable":true,"href":"https:\/\/thomasvino.ch\/index.php?rest_route=%2Fwp%2Fv2%2Fcomments&post=9189"}],"version-history":[{"count":0,"href":"https:\/\/thomasvino.ch\/index.php?rest_route=\/wp\/v2\/posts\/9189\/revisions"}],"wp:attachment":[{"href":"https:\/\/thomasvino.ch\/index.php?rest_route=%2Fwp%2Fv2%2Fmedia&parent=9189"}],"wp:term":[{"taxonomy":"category","embeddable":true,"href":"https:\/\/thomasvino.ch\/index.php?rest_route=%2Fwp%2Fv2%2Fcategories&post=9189"},{"taxonomy":"post_tag","embeddable":true,"href":"https:\/\/thomasvino.ch\/index.php?rest_route=%2Fwp%2Fv2%2Ftags&post=9189"}],"curies":[{"name":"wp","href":"https:\/\/api.w.org\/{rel}","templated":true}]}}