{"id":9200,"date":"2011-06-25T16:44:00","date_gmt":"2011-06-25T16:44:00","guid":{"rendered":"http:\/\/localhost\/thomasvino\/?p=9200"},"modified":"2011-06-25T16:44:00","modified_gmt":"2011-06-25T16:44:00","slug":"degustations-des-villes-et-des-champs","status":"publish","type":"post","link":"https:\/\/thomasvino.ch\/?p=9200","title":{"rendered":"D\u00e9gustations des villes et des champs"},"content":{"rendered":"<h2 style=\"text-align: justify;\">Vins des villes\u2026 <br \/>\n&#8230; et de la campagne<\/h2>\n<div style=\"text-align: justify;\"><b>En juillet, on peut d\u00e9guster du vin\u2026 Du ros\u00e9 par exemple?<\/b> <b>Le <\/b><b>Midi 20, \u00e0 Lausanne<\/b>,<b> vous pr\u00e9sente le mardi 5 juillet \u00e0 19 h., <\/b><a href=\"http:\/\/www.midi20.ch\/newsletter\/22juin2011.html\"><b>un panach\u00e9 de six ros\u00e9s<\/b><\/a> \u00e9labor\u00e9s de mani\u00e8res diff\u00e9rentes, avec des c\u00e9pages diff\u00e9rents, dans des r\u00e9gions diff\u00e9rentes, histoire de d\u00e9montrer qu&rsquo;il y en a vraiment pour tous les go\u00fbts! Et plusieurs fa\u00e7ons de l&rsquo;\u00e9laborer (<i>comme le montrait <\/i><a href=\"articles.php?lng=fr&amp;pg=1221\"><i><b>notre dossier<\/b><\/i><\/a>). <br \/>\nLe 7 juillet, cap chez <b>Luc Parmentier<\/b> et <b>Nathalie Borne<\/b>, \u00e0 <a href=\"articles.php?lng=fr&amp;pg=1404\"><b>l&rsquo;Auberge d&rsquo;Aclens<\/b><\/a>, \u00e0 quelques kilom\u00e8tres de Lausanne, pour d\u00e9guster les vins de l&rsquo;\u0153nologue <a href=\"articles.php?lng=fr&amp;pg=1398\"><b>Fabio Penta<\/b><\/a>, de chez <b>Hammel, \u00e0 Rolle<\/b>, un des plus inventifs du pays de Vaud. Cette soir\u00e9e sera suivie, le 1er septembre, par <b>Constant Jomini<\/b>, de Chexbres, vigneron \u00e9colo \u00e0 sa mani\u00e8re, puis le 6 octobre, le baron <a href=\"articles.php?lng=fr&amp;pg=1445\"><b>Louis Bovard<\/b><\/a>, le 3 novembre, <b>Raymond Paccot, de F\u00e9chy<\/b>, le 1er d\u00e9cembre, le couple de Valaisans <b>Madeleine et Jean-Yves <\/b><b>Mabillard-Fuchs<\/b>, de Venth\u00f4ne, puis des <b>Mettaz<\/b>, de la <b>Cave Saint-Gothard \u00e0 Fully<\/b>, le 1er mars, <b>Les Hutins<\/b>, un des <a href=\"articles.php?lng=fr&amp;pg=1206\"><b>meilleurs domaines genevois<\/b><\/a> (laur\u00e9at du sanglier d&rsquo;or 2011 avec un pinot gris liquoreux), cap, le 5 avril, sur le Valais et <b>Marie-Bernard Gillioz-Praz<\/b>, de Grimisuat et, enfin, <b>Romain Papilloud<\/b>, de la <b>Cave du Vieux-Moulin, \u00e0 V\u00e9troz<\/b>. <br \/>\nLa r\u00e8gle du jeu est simple: le repas-d\u00e9gustation en pr\u00e9sence des vignerons d\u00e9bute \u00e0 19 h. et co\u00fbte 120 francs par personne, menu et vins compris. R\u00e9servations au 021 869 91 17, <a href=\"http:\/\/www.aubergeaclens.ch\/\"><b>www.auberge-aclens.ch<\/b><\/a>.<\/div>\n","protected":false},"excerpt":{"rendered":"<p>Vins des villes\u2026 &#8230; et de la campagne En juillet, on peut d\u00e9guster du vin\u2026 Du ros\u00e9 par exemple? Le Midi 20, \u00e0 Lausanne, vous pr\u00e9sente le mardi 5 juillet \u00e0 19 h., un panach\u00e9 de six ros\u00e9s \u00e9labor\u00e9s de mani\u00e8res diff\u00e9rentes, avec des c\u00e9pages diff\u00e9rents, dans des r\u00e9gions diff\u00e9rentes, histoire de d\u00e9montrer qu&rsquo;il y [&hellip;]<\/p>\n","protected":false},"author":3,"featured_media":0,"comment_status":"closed","ping_status":"open","sticky":false,"template":"","format":"standard","meta":{"_monsterinsights_skip_tracking":false,"_monsterinsights_sitenote_active":false,"_monsterinsights_sitenote_note":"","_monsterinsights_sitenote_category":0,"jetpack_post_was_ever_published":false,"jetpack_publicize_message":"","jetpack_is_tweetstorm":false,"jetpack_publicize_feature_enabled":true,"jetpack_social_post_already_shared":false,"jetpack_social_options":{"image_generator_settings":{"template":"highway","enabled":false}}},"categories":[15],"tags":[],"jetpack_publicize_connections":[],"yoast_head":"<!-- This site is optimized with the Yoast SEO plugin v20.6 - https:\/\/yoast.com\/wordpress\/plugins\/seo\/ -->\n<title>D\u00e9gustations des villes et des champs - thomasvino<\/title>\n<meta name=\"robots\" content=\"index, follow, max-snippet:-1, max-image-preview:large, max-video-preview:-1\" \/>\n<link rel=\"canonical\" href=\"https:\/\/thomasvino.ch\/?p=9200\" \/>\n<meta property=\"og:locale\" content=\"fr_FR\" \/>\n<meta property=\"og:type\" content=\"article\" \/>\n<meta property=\"og:title\" content=\"D\u00e9gustations des villes et des champs - thomasvino\" \/>\n<meta property=\"og:description\" content=\"Vins des villes\u2026 &#8230; et de la campagne En juillet, on peut d\u00e9guster du vin\u2026 Du ros\u00e9 par exemple? Le Midi 20, \u00e0 Lausanne, vous pr\u00e9sente le mardi 5 juillet \u00e0 19 h., un panach\u00e9 de six ros\u00e9s \u00e9labor\u00e9s de mani\u00e8res diff\u00e9rentes, avec des c\u00e9pages diff\u00e9rents, dans des r\u00e9gions diff\u00e9rentes, histoire de d\u00e9montrer qu&rsquo;il y [&hellip;]\" \/>\n<meta property=\"og:url\" content=\"https:\/\/thomasvino.ch\/?p=9200\" \/>\n<meta property=\"og:site_name\" content=\"thomasvino\" \/>\n<meta property=\"article:published_time\" content=\"2011-06-25T16:44:00+00:00\" \/>\n<meta name=\"author\" content=\"Pierre Thomas\" \/>\n<meta name=\"twitter:label1\" content=\"\u00c9crit par\" \/>\n\t<meta name=\"twitter:data1\" content=\"Pierre Thomas\" \/>\n\t<meta name=\"twitter:label2\" content=\"Dur\u00e9e de lecture estim\u00e9e\" \/>\n\t<meta name=\"twitter:data2\" content=\"1 minute\" \/>\n<script type=\"application\/ld+json\" class=\"yoast-schema-graph\">{\"@context\":\"https:\/\/schema.org\",\"@graph\":[{\"@type\":\"WebPage\",\"@id\":\"https:\/\/thomasvino.ch\/?p=9200\",\"url\":\"https:\/\/thomasvino.ch\/?p=9200\",\"name\":\"D\u00e9gustations des villes et des champs - thomasvino\",\"isPartOf\":{\"@id\":\"https:\/\/thomasvino.ch\/#website\"},\"datePublished\":\"2011-06-25T16:44:00+00:00\",\"dateModified\":\"2011-06-25T16:44:00+00:00\",\"author\":{\"@id\":\"https:\/\/thomasvino.ch\/#\/schema\/person\/670bf4486fe81152cf1d68bd585e062e\"},\"breadcrumb\":{\"@id\":\"https:\/\/thomasvino.ch\/?p=9200#breadcrumb\"},\"inLanguage\":\"fr-FR\",\"potentialAction\":[{\"@type\":\"ReadAction\",\"target\":[\"https:\/\/thomasvino.ch\/?p=9200\"]}]},{\"@type\":\"BreadcrumbList\",\"@id\":\"https:\/\/thomasvino.ch\/?p=9200#breadcrumb\",\"itemListElement\":[{\"@type\":\"ListItem\",\"position\":1,\"name\":\"Accueil\",\"item\":\"https:\/\/thomasvino.ch\/\"},{\"@type\":\"ListItem\",\"position\":2,\"name\":\"D\u00e9gustations des villes et des champs\"}]},{\"@type\":\"WebSite\",\"@id\":\"https:\/\/thomasvino.ch\/#website\",\"url\":\"https:\/\/thomasvino.ch\/\",\"name\":\"thomasvino\",\"description\":\"Vins &amp; Gastronomie\",\"potentialAction\":[{\"@type\":\"SearchAction\",\"target\":{\"@type\":\"EntryPoint\",\"urlTemplate\":\"https:\/\/thomasvino.ch\/?s={search_term_string}\"},\"query-input\":\"required name=search_term_string\"}],\"inLanguage\":\"fr-FR\"},{\"@type\":\"Person\",\"@id\":\"https:\/\/thomasvino.ch\/#\/schema\/person\/670bf4486fe81152cf1d68bd585e062e\",\"name\":\"Pierre Thomas\",\"image\":{\"@type\":\"ImageObject\",\"inLanguage\":\"fr-FR\",\"@id\":\"https:\/\/thomasvino.ch\/#\/schema\/person\/image\/\",\"url\":\"https:\/\/secure.gravatar.com\/avatar\/91fd5a76647f140e53db987a0dead4d7?s=96&d=mm&r=g\",\"contentUrl\":\"https:\/\/secure.gravatar.com\/avatar\/91fd5a76647f140e53db987a0dead4d7?s=96&d=mm&r=g\",\"caption\":\"Pierre Thomas\"},\"url\":\"https:\/\/thomasvino.ch\/?author=3\"}]}<\/script>\n<!-- \/ Yoast SEO plugin. -->","yoast_head_json":{"title":"D\u00e9gustations des villes et des champs - thomasvino","robots":{"index":"index","follow":"follow","max-snippet":"max-snippet:-1","max-image-preview":"max-image-preview:large","max-video-preview":"max-video-preview:-1"},"canonical":"https:\/\/thomasvino.ch\/?p=9200","og_locale":"fr_FR","og_type":"article","og_title":"D\u00e9gustations des villes et des champs - thomasvino","og_description":"Vins des villes\u2026 &#8230; et de la campagne En juillet, on peut d\u00e9guster du vin\u2026 Du ros\u00e9 par exemple? Le Midi 20, \u00e0 Lausanne, vous pr\u00e9sente le mardi 5 juillet \u00e0 19 h., un panach\u00e9 de six ros\u00e9s \u00e9labor\u00e9s de mani\u00e8res diff\u00e9rentes, avec des c\u00e9pages diff\u00e9rents, dans des r\u00e9gions diff\u00e9rentes, histoire de d\u00e9montrer qu&rsquo;il y [&hellip;]","og_url":"https:\/\/thomasvino.ch\/?p=9200","og_site_name":"thomasvino","article_published_time":"2011-06-25T16:44:00+00:00","author":"Pierre Thomas","twitter_misc":{"\u00c9crit par":"Pierre Thomas","Dur\u00e9e de lecture estim\u00e9e":"1 minute"},"schema":{"@context":"https:\/\/schema.org","@graph":[{"@type":"WebPage","@id":"https:\/\/thomasvino.ch\/?p=9200","url":"https:\/\/thomasvino.ch\/?p=9200","name":"D\u00e9gustations des villes et des champs - thomasvino","isPartOf":{"@id":"https:\/\/thomasvino.ch\/#website"},"datePublished":"2011-06-25T16:44:00+00:00","dateModified":"2011-06-25T16:44:00+00:00","author":{"@id":"https:\/\/thomasvino.ch\/#\/schema\/person\/670bf4486fe81152cf1d68bd585e062e"},"breadcrumb":{"@id":"https:\/\/thomasvino.ch\/?p=9200#breadcrumb"},"inLanguage":"fr-FR","potentialAction":[{"@type":"ReadAction","target":["https:\/\/thomasvino.ch\/?p=9200"]}]},{"@type":"BreadcrumbList","@id":"https:\/\/thomasvino.ch\/?p=9200#breadcrumb","itemListElement":[{"@type":"ListItem","position":1,"name":"Accueil","item":"https:\/\/thomasvino.ch\/"},{"@type":"ListItem","position":2,"name":"D\u00e9gustations des villes et des champs"}]},{"@type":"WebSite","@id":"https:\/\/thomasvino.ch\/#website","url":"https:\/\/thomasvino.ch\/","name":"thomasvino","description":"Vins &amp; Gastronomie","potentialAction":[{"@type":"SearchAction","target":{"@type":"EntryPoint","urlTemplate":"https:\/\/thomasvino.ch\/?s={search_term_string}"},"query-input":"required name=search_term_string"}],"inLanguage":"fr-FR"},{"@type":"Person","@id":"https:\/\/thomasvino.ch\/#\/schema\/person\/670bf4486fe81152cf1d68bd585e062e","name":"Pierre Thomas","image":{"@type":"ImageObject","inLanguage":"fr-FR","@id":"https:\/\/thomasvino.ch\/#\/schema\/person\/image\/","url":"https:\/\/secure.gravatar.com\/avatar\/91fd5a76647f140e53db987a0dead4d7?s=96&d=mm&r=g","contentUrl":"https:\/\/secure.gravatar.com\/avatar\/91fd5a76647f140e53db987a0dead4d7?s=96&d=mm&r=g","caption":"Pierre Thomas"},"url":"https:\/\/thomasvino.ch\/?author=3"}]}},"jetpack_featured_media_url":"","jetpack_sharing_enabled":true,"jetpack_shortlink":"https:\/\/wp.me\/p3m4tZ-2oo","jetpack_likes_enabled":false,"jetpack-related-posts":[{"id":9501,"url":"https:\/\/thomasvino.ch\/?p=9501","url_meta":{"origin":9200,"position":0},"title":"Nouvelles \u00e9tiquettes pour les vins de la Ville de Lausanne","date":"30 novembre 2012","format":false,"excerpt":"Vins de la Ville de Lausanne La fin de la tourn\u00e9e des caves Ce samedi 1er d\u00e9cembre, de 10 h \u00e0 17 h, puis vendredi 7 d\u00e9cembre, de 16 h \u00e0 21 h, les vins de la Ville de Lausanne descendent dans la rue du chef-lieu, pour des d\u00e9gustations publiques.\u2026","rel":"","context":"Dans &quot;Actus - News&quot;","img":{"alt_text":"","src":"img\/ABBAYES_small.jpg","width":350,"height":200},"classes":[]},{"id":17509,"url":"https:\/\/thomasvino.ch\/?p=17509","url_meta":{"origin":9200,"position":1},"title":"A Lausanne, \u00abVendanges\u00bb fait peau neuve","date":"15 octobre 2021","format":false,"excerpt":"Ou plut\u00f4t, l\u2019ex-Boiron Vins fait peau neuve et devient \u00abVendanges, vins et spiritueux\u00bb. Entre divers magasins du tr\u00e8s ethnique quartier de l\u2019avenue d\u2019Echallens, d\u00e9sormais d\u00e9barrass\u00e9, depuis peu, de son train vers le Gros-de-Vaud (mis en tunnel...), ce magasin, au num\u00e9ro 58, a, durant 23 ans, \u00e9t\u00e9 un repaire de fines\u2026","rel":"","context":"Dans &quot;Carte Postale&quot;","img":{"alt_text":"","src":"https:\/\/i0.wp.com\/thomasvino.ch\/wp-content\/uploads\/2021\/10\/vendanges_Laus-300x240.jpeg?resize=350%2C200&ssl=1","width":350,"height":200},"classes":[]},{"id":13886,"url":"https:\/\/thomasvino.ch\/?p=13886","url_meta":{"origin":9200,"position":2},"title":"D\u00e9cembre: encore des d\u00e9gustations","date":"28 octobre 2016","format":false,"excerpt":"Vendredi 2 et samedi 3 d\u00e9cembre 2016, Centre de congr\u00e8s Bernexpo, Berne Les vignerons-encaveurs tiennent salon \u00e0 Berne Quelque 80 vignerons-encaveurs suisses, membre de l'association, pr\u00e9sid\u00e9e par le Vaudois\u00a0 Jacques Humbert (Ch\u00e2teau de Duillier) pr\u00e9senteront leurs vins dans la salle pl\u00e9ni\u00e8re du Centre des Congr\u00e8s de Bernexpo. La troisi\u00e8me \u00e9dition\u2026","rel":"","context":"Dans &quot;Actus - News&quot;","img":{"alt_text":"","src":"","width":0,"height":0},"classes":[]},{"id":9206,"url":"https:\/\/thomasvino.ch\/?p=9206","url_meta":{"origin":9200,"position":3},"title":"Les meilleurs vins vaudois et valaisans (09-10)","date":"10 juillet 2011","format":false,"excerpt":"Mill\u00e9simes 2009 et 2010 Un tour des vins suisses not\u00e9s sur 100 Les bons mill\u00e9simes se suivent, mais ne se ressemblent pas. Pierre Thomas a d\u00e9gust\u00e9 les 100 meilleurs vins issus des S\u00e9lections valaisannes et vaudoises 2011 et les a not\u00e9s sur 100 points. En Suisse, d\u2019abord romande, le chasselas\u2026","rel":"","context":"Dans &quot;Vins suisses&quot;","img":{"alt_text":"","src":"","width":0,"height":0},"classes":[]},{"id":9265,"url":"https:\/\/thomasvino.ch\/?p=9265","url_meta":{"origin":9200,"position":4},"title":"Des d\u00e9gustations aux domaines de la Ville de Lausanne","date":"30 octobre 2011","format":false,"excerpt":"Vignobles de la Ville de Lausanne Visites avant la mise du 10 d\u00e9cembre Comme chaque ann\u00e9e, et pour la 209\u00e8me fois depuis 1803, d\u00e9but d\u00e9cembre, a lieu la vente aux ench\u00e8res publiques des vins de la Ville de Lausanne. Cette ann\u00e9e (2011), elle aura lieu le 10 d\u00e9cembre, dans la\u2026","rel":"","context":"Dans &quot;Actus - News&quot;","img":{"alt_text":"site_t_munoz.jpg","src":"img\/site_t_munoz.jpg","width":350,"height":200},"classes":[]},{"id":13955,"url":"https:\/\/thomasvino.ch\/?p=13955","url_meta":{"origin":9200,"position":5},"title":"D\u00e9cembre: les d\u00e9gustations \u00e0 th\u00e8me","date":"27 novembre 2016","format":false,"excerpt":"Vendredi 2 et samedi 3 d\u00e9cembre 2016, Centre de congr\u00e8s Bernexpo, Berne Les vignerons-encaveurs tiennent salon \u00e0 Berne Quelque 80 vignerons-encaveurs suisses, membre de l'association, pr\u00e9sid\u00e9e par le Vaudois\u00a0 Jacques Humbert (Ch\u00e2teau de Duillier) pr\u00e9senteront leurs vins dans la salle pl\u00e9ni\u00e8re du Centre des Congr\u00e8s de Bernexpo. La troisi\u00e8me \u00e9dition\u2026","rel":"","context":"Dans &quot;Actus - News&quot;","img":{"alt_text":"","src":"","width":0,"height":0},"classes":[]}],"_links":{"self":[{"href":"https:\/\/thomasvino.ch\/index.php?rest_route=\/wp\/v2\/posts\/9200"}],"collection":[{"href":"https:\/\/thomasvino.ch\/index.php?rest_route=\/wp\/v2\/posts"}],"about":[{"href":"https:\/\/thomasvino.ch\/index.php?rest_route=\/wp\/v2\/types\/post"}],"author":[{"embeddable":true,"href":"https:\/\/thomasvino.ch\/index.php?rest_route=\/wp\/v2\/users\/3"}],"replies":[{"embeddable":true,"href":"https:\/\/thomasvino.ch\/index.php?rest_route=%2Fwp%2Fv2%2Fcomments&post=9200"}],"version-history":[{"count":0,"href":"https:\/\/thomasvino.ch\/index.php?rest_route=\/wp\/v2\/posts\/9200\/revisions"}],"wp:attachment":[{"href":"https:\/\/thomasvino.ch\/index.php?rest_route=%2Fwp%2Fv2%2Fmedia&parent=9200"}],"wp:term":[{"taxonomy":"category","embeddable":true,"href":"https:\/\/thomasvino.ch\/index.php?rest_route=%2Fwp%2Fv2%2Fcategories&post=9200"},{"taxonomy":"post_tag","embeddable":true,"href":"https:\/\/thomasvino.ch\/index.php?rest_route=%2Fwp%2Fv2%2Ftags&post=9200"}],"curies":[{"name":"wp","href":"https:\/\/api.w.org\/{rel}","templated":true}]}}