{"id":9204,"date":"2011-07-08T16:46:00","date_gmt":"2011-07-08T16:46:00","guid":{"rendered":"http:\/\/localhost\/thomasvino\/?p=9204"},"modified":"2011-07-08T16:46:00","modified_gmt":"2011-07-08T16:46:00","slug":"des-etoiles-et-des-caves-2011","status":"publish","type":"post","link":"https:\/\/thomasvino.ch\/?p=9204","title":{"rendered":"Des \u00e9toiles et des caves (2011)"},"content":{"rendered":"<h1><b>Des \u00e9toiles <br \/>\net des domaines (VD\/VS)<\/b><i><b><br \/>\n<\/b><\/i><\/h1>\n<p><i><b>Etoiles<\/b><\/i><br \/>\n<b>*<\/b> bon producteur<br \/>\n<b>**<\/b> tr\u00e8s bon producteur<br \/>\n<b>***<\/b> excellent producteur<br \/>\n<b>****<\/b> producteur exceptionnel<br \/>\n<b>*****<\/b> producteur de classe mondiale<\/p>\n<div style=\"text-align: justify;\"><b>Ce classement tient compte des vins d\u00e9gust\u00e9s dans le cadre des s\u00e9lections <a href=\"articles.php?lng=fr&amp;pg=1612\">vaudoises<\/a> et <a href=\"articles.php?lng=fr&amp;pg=1611\">valaisannes<\/a> 2011 (<i>les caves qui n&rsquo;ont pas pr\u00e9sent\u00e9 de vins ou n&rsquo;ont plac\u00e9 aucun vin parmi les meilleurs de leur canton n&rsquo;y figurent donc pas<\/i>).<\/b><\/div>\n<p>\n<b>****<\/b><br \/>\nDomaine des Muses, Robert Taramarcaz, Sierre (VS)<br \/>\nG\u00e9rald Besse, Martigny-Combe (VS)<br \/>\nAntoine et Christophe B\u00e9trisey, St-L\u00e9onard (VS)<br \/>\nDiego Mathier, Nouveau Salquenen, Salgesch (VS)<br \/>\nDomaine Cruchon P\u00e8re et Fils, Echichens (VD)<br \/>\nPhilippe Bovet, Givrins (VD)<br \/>\nDomaines Hammel, Clos du Ch\u00e2telard, Villeneuve (VD), Clos de La George, Yvorne (VD)<br \/>\nNo\u00e9mie Graff, Begnins (VD)<\/p>\n<p><b>***<\/b><br \/>\nYvon Roduit, Fully (VS)<br \/>\nProvins-Valais, Sion (VS)<br \/>\nLa Tornale, Jean-Daniel Favre, Chamoson (VS)<br \/>\nJean-Ren\u00e9 Germanier, V\u00e9troz (VS)<br \/>\nDaniel Magliocco, St-Pierre-de-Clages (VS)<br \/>\nClaudy Clavien, Mi\u00e8ge (VS)<br \/>\nVins des Chevaliers, Salquenen (VS)<br \/>\nPhilippoz Fr\u00e8res, Leytron (VS)<br \/>\nRen\u00e9 Favre et Fils, St-Pierre-de-Clages (VS)<br \/>\nDomaine du Mont-d\u2019Or, Pont-de-la-Morge (VS)<br \/>\nAndr\u00e9 Fontannaz, Cave La Madeleine, V\u00e9troz (VS)<br \/>\nDomaine du Grand-Br\u00fbl\u00e9, Etat du Valais, Leytron (VS)<br \/>\nYvon Cheseaux, Saillon (VS)<br \/>\nRouvinez, Sierre (VS)<br \/>\nCave Ard\u00e9vaz, Rachel Boven et famille, Chamoson (VS)<br \/>\nDefayes &amp; Crettenand, Leytron (VS)<br \/>\nCave du Vidomne, Catherine Gaillard, St-Pierre-de-Clages (VS)<br \/>\nLeukersonne, Susten (VS)<br \/>\nGilbert Devayes, Leytron (VS)<br \/>\nLes Fils Maye, Riddes (VS)<br \/>\nDomaine de Montzuettes, Charles-Andr\u00e9 Lamon, Flanthey (VS)<br \/>\nCave La Romaine, Jo\u00ebl Briguet, Flanthey (VS)<br \/>\nLe Cellier du Mas, Tartegnin (VD)<br \/>\nUvavins, Tolochenaz (VD)<br \/>\nLes Fr\u00e8res Dubois, Cully (VD)<br \/>\nCave du Ch\u00e2teau de Gl\u00e9rolles, Rivaz (VD)<br \/>\nDomaine Jean-Luc Blondel, Cully (VD)<br \/>\nCh\u00e2teau de Ch\u00e2tagn\u00e9r\u00e9az, Mont-sur-Rolle (VD)<br \/>\nJacques P\u00e9lichet, F\u00e9chy (VD)<br \/>\nBolle &amp; Cie, Morges (VD)<br \/>\nCh\u00e2teau de Mont, Mont-sur-Rolle (VD)<br \/>\nDomaine de Fischer, F\u00e9chy (VD)<br \/>\nBadoux Vins SA, Aigle (VD)<br \/>\nDomaine des Rueyres, Chardonne (VD)<br \/>\nAVY, Yvorne (VD)<br \/>\nCave Mirabilis, Poget, Agiez (VD)<br \/>\nAlain Emery, Aigle<\/p>\n<p><b>**<\/b><br \/>\nDomaine des Cr\u00eates, Joseph Vocat et fils, No\u00ebs (VS)<br \/>\nDavid Rossier, Leytron (VS)<br \/>\nJodernkellerei, Visperterminen (VS)<br \/>\nRobert Gilliard, Sion (VS)<br \/>\nLes Celliers de V\u00e9troz, Famille Fontannaz<br \/>\nJacques Dumoulin, Savi\u00e8se (VS)<br \/>\nCave la Siseranche, Maurice Giroud-Pomaz, Chamoson (VS)<br \/>\nHenri Valloton, Fully (VS)<br \/>\nTobias Mathier SA, Salquenen (VS)<br \/>\nCave Dubuis-Rudaz, Sion (VS)<br \/>\nRapha\u00ebl Verg\u00e8res, V\u00e9troz (VS)<br \/>\nLaurent Hug, Cave Les Places, Champlan (VS)<br \/>\nClaude et Alex. Duboux, Epesses (VD)<br \/>\nLe Clos de C\u00e9ligny (GE)<br \/>\nPinget Vins, Rivaz (VD)<br \/>\nDomaine de la Recorbe, Eysins (VD)<br \/>\nDomaine du Burignon, Saint-Saphorin (VD)<br \/>\nAbbaye de Mont, Mont-sur-Rolle (VD)<br \/>\nLe Fils du Soleil, Michel et Julien Neyroud, Chardonne (VD)<br \/>\nDomaine de Serreaux-Dessus, Begnins (VD)<br \/>\nCave du Ch\u00e2teau de Valeyres (sous Rances) (VD)<\/p>\n<p><b>*<\/b><br \/>\nLouis Comby &amp; Fils, Chamoson (VS)<br \/>\nPierre-Marie Giroud, Chamoson (VS)<br \/>\nCave Saint-Georges SA, Sierre (VS)<br \/>\nGiroud Vins SA, Sion (VS)<br \/>\nSoleil d\u2019Or, Imesch, Sierre (VS)<br \/>\nCave du Vieux-Pressoir, Famille Ruchonnet, Rivaz (VD)<br \/>\nCh\u00e2teau de Saint-Saphorin sur Morges (VD)<br \/>\nDomaine de Autecour, Mont-sur-Rolle (VD)<br \/>\nDomaine Yvan Parmelin, Vinzel (VD)<\/p>\n<p><i>\u00a9thomasvino.ch\/juillet 2011.<\/i><\/p>\n","protected":false},"excerpt":{"rendered":"<p>Des \u00e9toiles et des domaines (VD\/VS) Etoiles * bon producteur ** tr\u00e8s bon producteur *** excellent producteur **** producteur exceptionnel ***** producteur de classe mondiale Ce classement tient compte des vins d\u00e9gust\u00e9s dans le cadre des s\u00e9lections vaudoises et valaisannes 2011 (les caves qui n&rsquo;ont pas pr\u00e9sent\u00e9 de vins ou n&rsquo;ont plac\u00e9 aucun vin parmi [&hellip;]<\/p>\n","protected":false},"author":3,"featured_media":0,"comment_status":"closed","ping_status":"open","sticky":false,"template":"","format":"standard","meta":{"_monsterinsights_skip_tracking":false,"_monsterinsights_sitenote_active":false,"_monsterinsights_sitenote_note":"","_monsterinsights_sitenote_category":0,"jetpack_post_was_ever_published":false,"jetpack_publicize_message":"","jetpack_is_tweetstorm":false,"jetpack_publicize_feature_enabled":true,"jetpack_social_post_already_shared":false,"jetpack_social_options":{"image_generator_settings":{"template":"highway","enabled":false}}},"categories":[24],"tags":[],"jetpack_publicize_connections":[],"yoast_head":"<!-- This site is optimized with the Yoast SEO plugin v20.6 - https:\/\/yoast.com\/wordpress\/plugins\/seo\/ -->\n<title>Des \u00e9toiles et des caves (2011) - thomasvino<\/title>\n<meta name=\"robots\" content=\"index, follow, max-snippet:-1, max-image-preview:large, max-video-preview:-1\" \/>\n<link rel=\"canonical\" href=\"https:\/\/thomasvino.ch\/?p=9204\" \/>\n<meta property=\"og:locale\" content=\"fr_FR\" \/>\n<meta property=\"og:type\" content=\"article\" \/>\n<meta property=\"og:title\" content=\"Des \u00e9toiles et des caves (2011) - thomasvino\" \/>\n<meta property=\"og:description\" content=\"Des \u00e9toiles et des domaines (VD\/VS) Etoiles * bon producteur ** tr\u00e8s bon producteur *** excellent producteur **** producteur exceptionnel ***** producteur de classe mondiale Ce classement tient compte des vins d\u00e9gust\u00e9s dans le cadre des s\u00e9lections vaudoises et valaisannes 2011 (les caves qui n&rsquo;ont pas pr\u00e9sent\u00e9 de vins ou n&rsquo;ont plac\u00e9 aucun vin parmi [&hellip;]\" \/>\n<meta property=\"og:url\" content=\"https:\/\/thomasvino.ch\/?p=9204\" \/>\n<meta property=\"og:site_name\" content=\"thomasvino\" \/>\n<meta property=\"article:published_time\" content=\"2011-07-08T16:46:00+00:00\" \/>\n<meta name=\"author\" content=\"Pierre Thomas\" \/>\n<meta name=\"twitter:label1\" content=\"\u00c9crit par\" \/>\n\t<meta name=\"twitter:data1\" content=\"Pierre Thomas\" \/>\n\t<meta name=\"twitter:label2\" content=\"Dur\u00e9e de lecture estim\u00e9e\" \/>\n\t<meta name=\"twitter:data2\" content=\"3 minutes\" \/>\n<script type=\"application\/ld+json\" class=\"yoast-schema-graph\">{\"@context\":\"https:\/\/schema.org\",\"@graph\":[{\"@type\":\"WebPage\",\"@id\":\"https:\/\/thomasvino.ch\/?p=9204\",\"url\":\"https:\/\/thomasvino.ch\/?p=9204\",\"name\":\"Des \u00e9toiles et des caves (2011) - thomasvino\",\"isPartOf\":{\"@id\":\"https:\/\/thomasvino.ch\/#website\"},\"datePublished\":\"2011-07-08T16:46:00+00:00\",\"dateModified\":\"2011-07-08T16:46:00+00:00\",\"author\":{\"@id\":\"https:\/\/thomasvino.ch\/#\/schema\/person\/670bf4486fe81152cf1d68bd585e062e\"},\"breadcrumb\":{\"@id\":\"https:\/\/thomasvino.ch\/?p=9204#breadcrumb\"},\"inLanguage\":\"fr-FR\",\"potentialAction\":[{\"@type\":\"ReadAction\",\"target\":[\"https:\/\/thomasvino.ch\/?p=9204\"]}]},{\"@type\":\"BreadcrumbList\",\"@id\":\"https:\/\/thomasvino.ch\/?p=9204#breadcrumb\",\"itemListElement\":[{\"@type\":\"ListItem\",\"position\":1,\"name\":\"Accueil\",\"item\":\"https:\/\/thomasvino.ch\/\"},{\"@type\":\"ListItem\",\"position\":2,\"name\":\"Des \u00e9toiles et des caves (2011)\"}]},{\"@type\":\"WebSite\",\"@id\":\"https:\/\/thomasvino.ch\/#website\",\"url\":\"https:\/\/thomasvino.ch\/\",\"name\":\"thomasvino\",\"description\":\"Vins &amp; Gastronomie\",\"potentialAction\":[{\"@type\":\"SearchAction\",\"target\":{\"@type\":\"EntryPoint\",\"urlTemplate\":\"https:\/\/thomasvino.ch\/?s={search_term_string}\"},\"query-input\":\"required name=search_term_string\"}],\"inLanguage\":\"fr-FR\"},{\"@type\":\"Person\",\"@id\":\"https:\/\/thomasvino.ch\/#\/schema\/person\/670bf4486fe81152cf1d68bd585e062e\",\"name\":\"Pierre Thomas\",\"image\":{\"@type\":\"ImageObject\",\"inLanguage\":\"fr-FR\",\"@id\":\"https:\/\/thomasvino.ch\/#\/schema\/person\/image\/\",\"url\":\"https:\/\/secure.gravatar.com\/avatar\/91fd5a76647f140e53db987a0dead4d7?s=96&d=mm&r=g\",\"contentUrl\":\"https:\/\/secure.gravatar.com\/avatar\/91fd5a76647f140e53db987a0dead4d7?s=96&d=mm&r=g\",\"caption\":\"Pierre Thomas\"},\"url\":\"https:\/\/thomasvino.ch\/?author=3\"}]}<\/script>\n<!-- \/ Yoast SEO plugin. -->","yoast_head_json":{"title":"Des \u00e9toiles et des caves (2011) - thomasvino","robots":{"index":"index","follow":"follow","max-snippet":"max-snippet:-1","max-image-preview":"max-image-preview:large","max-video-preview":"max-video-preview:-1"},"canonical":"https:\/\/thomasvino.ch\/?p=9204","og_locale":"fr_FR","og_type":"article","og_title":"Des \u00e9toiles et des caves (2011) - thomasvino","og_description":"Des \u00e9toiles et des domaines (VD\/VS) Etoiles * bon producteur ** tr\u00e8s bon producteur *** excellent producteur **** producteur exceptionnel ***** producteur de classe mondiale Ce classement tient compte des vins d\u00e9gust\u00e9s dans le cadre des s\u00e9lections vaudoises et valaisannes 2011 (les caves qui n&rsquo;ont pas pr\u00e9sent\u00e9 de vins ou n&rsquo;ont plac\u00e9 aucun vin parmi [&hellip;]","og_url":"https:\/\/thomasvino.ch\/?p=9204","og_site_name":"thomasvino","article_published_time":"2011-07-08T16:46:00+00:00","author":"Pierre Thomas","twitter_misc":{"\u00c9crit par":"Pierre Thomas","Dur\u00e9e de lecture estim\u00e9e":"3 minutes"},"schema":{"@context":"https:\/\/schema.org","@graph":[{"@type":"WebPage","@id":"https:\/\/thomasvino.ch\/?p=9204","url":"https:\/\/thomasvino.ch\/?p=9204","name":"Des \u00e9toiles et des caves (2011) - thomasvino","isPartOf":{"@id":"https:\/\/thomasvino.ch\/#website"},"datePublished":"2011-07-08T16:46:00+00:00","dateModified":"2011-07-08T16:46:00+00:00","author":{"@id":"https:\/\/thomasvino.ch\/#\/schema\/person\/670bf4486fe81152cf1d68bd585e062e"},"breadcrumb":{"@id":"https:\/\/thomasvino.ch\/?p=9204#breadcrumb"},"inLanguage":"fr-FR","potentialAction":[{"@type":"ReadAction","target":["https:\/\/thomasvino.ch\/?p=9204"]}]},{"@type":"BreadcrumbList","@id":"https:\/\/thomasvino.ch\/?p=9204#breadcrumb","itemListElement":[{"@type":"ListItem","position":1,"name":"Accueil","item":"https:\/\/thomasvino.ch\/"},{"@type":"ListItem","position":2,"name":"Des \u00e9toiles et des caves (2011)"}]},{"@type":"WebSite","@id":"https:\/\/thomasvino.ch\/#website","url":"https:\/\/thomasvino.ch\/","name":"thomasvino","description":"Vins &amp; Gastronomie","potentialAction":[{"@type":"SearchAction","target":{"@type":"EntryPoint","urlTemplate":"https:\/\/thomasvino.ch\/?s={search_term_string}"},"query-input":"required name=search_term_string"}],"inLanguage":"fr-FR"},{"@type":"Person","@id":"https:\/\/thomasvino.ch\/#\/schema\/person\/670bf4486fe81152cf1d68bd585e062e","name":"Pierre Thomas","image":{"@type":"ImageObject","inLanguage":"fr-FR","@id":"https:\/\/thomasvino.ch\/#\/schema\/person\/image\/","url":"https:\/\/secure.gravatar.com\/avatar\/91fd5a76647f140e53db987a0dead4d7?s=96&d=mm&r=g","contentUrl":"https:\/\/secure.gravatar.com\/avatar\/91fd5a76647f140e53db987a0dead4d7?s=96&d=mm&r=g","caption":"Pierre Thomas"},"url":"https:\/\/thomasvino.ch\/?author=3"}]}},"jetpack_featured_media_url":"","jetpack_sharing_enabled":true,"jetpack_shortlink":"https:\/\/wp.me\/p3m4tZ-2os","jetpack_likes_enabled":false,"jetpack-related-posts":[{"id":9203,"url":"https:\/\/thomasvino.ch\/?p=9203","url_meta":{"origin":9204,"position":0},"title":"Les meilleurs vins de la S\u00e9lection vaudoise 2011","date":"8 juillet 2011","format":false,"excerpt":"Les meilleurs vins de la S\u00e9lection vaudoise (VD) Red\u00e9gust\u00e9s \u00e0 l\u2019aveugle et not\u00e9s sur 100 points par Pierre Thomas, en juin 2011 (la responsabilit\u00e9 de ce classement n'engage que son auteur) Bar\u00e8me des notes 80 \u00e0 84 pts\u00a0: bon vin 85 \u00e0 89 pts\u00a0: tr\u00e8s bon vin 90 \u00e0 94\u2026","rel":"","context":"Dans &quot;100... sur 100&quot;","img":{"alt_text":"","src":"","width":0,"height":0},"classes":[]},{"id":8686,"url":"https:\/\/thomasvino.ch\/?p=8686","url_meta":{"origin":9204,"position":1},"title":"Vins suisses \u2014 D\u00e9gustation Swiss Wine Tour, Lausanne, 22.11.07","date":"22 novembre 2007","format":false,"excerpt":"Swiss Wine Tour 2007Les vins de l'\u00e9tape lausannoiseD\u00e9gustation du 22 novembre 2007, 15 h., Nomade, Lausanne, Swiss Wine Promotion. Vins choisis par les organisateurs, pr\u00e9sent\u00e9s et comment\u00e9s par Pierre Thomas. Ordre de passage des 19 vins, par s\u00e9ries.S\u00e9rie A, quatre pinots noirsEn 2004, 4600 ha de chasselas contre 4530 ha\u2026","rel":"","context":"Dans &quot;Tendance&quot;","img":{"alt_text":"","src":"","width":0,"height":0},"classes":[]},{"id":12952,"url":"https:\/\/thomasvino.ch\/?p=12952","url_meta":{"origin":9204,"position":2},"title":"GPVS 2015, les 72 nomin\u00e9s  Suspense pour les champions red\u00e9gust\u00e9s","date":"19 ao\u00fbt 2015","format":false,"excerpt":"Le 9\u00e8me Grand Prix du Vin Suisse 2015 a livr\u00e9 son verdict. Si les 6 nomin\u00e9s dans 12 cat\u00e9gories font d\u00e9sormais partie du paysage vitivinicole suisse, mais pour la premi\u00e8re fois, un \u00abpanel de sp\u00e9cialistes reconnus au niveau national et international\u00bb, form\u00e9 de huit d\u00e9gustateurs, a d\u00e9sign\u00e9 chaque podium (1,\u2026","rel":"","context":"Dans &quot;Actus - News&quot;","img":{"alt_text":"","src":"https:\/\/i0.wp.com\/www.thomasvino.ch\/wp-content\/uploads\/2015\/08\/IMG_4159-300x225.jpg?resize=350%2C200","width":350,"height":200},"classes":[]},{"id":15933,"url":"https:\/\/thomasvino.ch\/?p=15933","url_meta":{"origin":9204,"position":3},"title":"Vins suisses bios\u00a0: une premi\u00e8re pour le Valais\u00a0!","date":"21 juin 2019","format":false,"excerpt":"La jeune \u0153nologue Sandrine Caloz, 30 ans, \u00e0 la t\u00eate d\u2019un domaine de 6 ha en reconversion bio d\u00e8s 2017, \u00e0 Mi\u00e8ge (VS), remporte le titre de \u00abvigneron(ne) bio suisse de l\u2019ann\u00e9e\u00bb 2019. C\u2019est la premi\u00e8re fois qu\u2019un producteur(trice) valaisan s\u2019impose dans la 6\u00e8me \u00e9dition de ce concours organis\u00e9 par\u2026","rel":"","context":"Dans &quot;Vins suisses&quot;","img":{"alt_text":"","src":"","width":0,"height":0},"classes":[]},{"id":14513,"url":"https:\/\/thomasvino.ch\/?p=14513","url_meta":{"origin":9204,"position":4},"title":"GPVS 2017\u00a0: le suspense continue","date":"17 ao\u00fbt 2017","format":false,"excerpt":"C\u2019est \u00e0 Berne, le mardi 31 octobre, que sera r\u00e9v\u00e9l\u00e9 le palmar\u00e8s des trois meilleurs vins de 13 cat\u00e9gories (une de plus\u00a0: celle des gamarets-garanoirs et assemblages des deux) jug\u00e9s au Grand Prix du Vin Suisse, organis\u00e9 par VINEA et Vinum, \u00e0 Sierre, pour la 11\u00e8me fois. Par Pierre Thomas\u2026","rel":"","context":"Dans &quot;Vins suisses&quot;","img":{"alt_text":"","src":"","width":0,"height":0},"classes":[]},{"id":9063,"url":"https:\/\/thomasvino.ch\/?p=9063","url_meta":{"origin":9204,"position":5},"title":"GPVS \u2014 Les nomin\u00e9s 2010","date":"23 ao\u00fbt 2010","format":false,"excerpt":"Les nomin\u00e9s 2010 du Grand Prix des Vins Suisses Un suspense (artificiel) jusqu'\u00e0 fin octobre Les vins qui suivent sont ceux qui ont obtenu le meilleur pointage des m\u00e9dailles d\u2019or du cinqui\u00e8me Grand Prix des Vins Suisses (GPVS), organis\u00e9 par l\u2019association VINEA, en juin, \u00e0 Sierre. 2715 vins (30% de\u2026","rel":"","context":"Dans &quot;Vins suisses&quot;","img":{"alt_text":"","src":"","width":0,"height":0},"classes":[]}],"_links":{"self":[{"href":"https:\/\/thomasvino.ch\/index.php?rest_route=\/wp\/v2\/posts\/9204"}],"collection":[{"href":"https:\/\/thomasvino.ch\/index.php?rest_route=\/wp\/v2\/posts"}],"about":[{"href":"https:\/\/thomasvino.ch\/index.php?rest_route=\/wp\/v2\/types\/post"}],"author":[{"embeddable":true,"href":"https:\/\/thomasvino.ch\/index.php?rest_route=\/wp\/v2\/users\/3"}],"replies":[{"embeddable":true,"href":"https:\/\/thomasvino.ch\/index.php?rest_route=%2Fwp%2Fv2%2Fcomments&post=9204"}],"version-history":[{"count":0,"href":"https:\/\/thomasvino.ch\/index.php?rest_route=\/wp\/v2\/posts\/9204\/revisions"}],"wp:attachment":[{"href":"https:\/\/thomasvino.ch\/index.php?rest_route=%2Fwp%2Fv2%2Fmedia&parent=9204"}],"wp:term":[{"taxonomy":"category","embeddable":true,"href":"https:\/\/thomasvino.ch\/index.php?rest_route=%2Fwp%2Fv2%2Fcategories&post=9204"},{"taxonomy":"post_tag","embeddable":true,"href":"https:\/\/thomasvino.ch\/index.php?rest_route=%2Fwp%2Fv2%2Ftags&post=9204"}],"curies":[{"name":"wp","href":"https:\/\/api.w.org\/{rel}","templated":true}]}}