{"id":9210,"date":"2011-07-11T15:14:00","date_gmt":"2011-07-11T15:14:00","guid":{"rendered":"http:\/\/localhost\/thomasvino\/?p=9210"},"modified":"2011-07-11T15:14:00","modified_gmt":"2011-07-11T15:14:00","slug":"un-gruner-veltliner-victorieux-a-san-francisco","status":"publish","type":"post","link":"https:\/\/thomasvino.ch\/?p=9210","title":{"rendered":"Un Gr\u00fcner Veltliner victorieux \u00e0 San Francisco"},"content":{"rendered":"<h2>Un Gr\u00fcner Veltliner (autrichien)<br \/>\nmeilleur vin blanc sec \u00e0 SF<\/h2>\n<div style=\"text-align: justify;\">Mieux vaut-il d\u00e9crocher une m\u00e9daille dans un concours international ou dans une comp\u00e9tition nationale? Poser la question, c\u2019est \u2014 d\u00e9j\u00e0 \u2014 y r\u00e9pondre. Au <b>San Francisco International Wine Competition 2011<\/b>, il y avait 4&rsquo;200 vins en lice, provenant de 29 pays. <br \/>\nPas vu la Suisse\u2026 Du moins pas parmi les t\u00eates de s\u00e9ries des 153 m\u00e9dailles \u00abdouble or\u00bb. Et pourtant, ce palmar\u00e8s est int\u00e9ressant \u00e0 maints \u00e9gards. D\u2019abord, sur le site <a href=\"http:\/\/www.sfwinecomp.com\/\"><b>www.sfwinecomp.com<\/b><\/a>, le vin est imm\u00e9diatement corr\u00e9l\u00e9 avec son prix. Exemple&#160;: le meilleur muscat est celui de <b>Yellow Tail<\/b> du Sud Est de l\u2019Australie, la marque au fameux kangourou jaune, sp\u00e9cialiste des vins bon march\u00e9&#160;: le 2011 \u00e0 8 USD. Ensuite, les Am\u00e9ricains n\u2019ont pas \u00e9t\u00e9 les seuls \u00e0 gagner. La preuve \u2014 et c\u2019est ce producteur qui nous met la puce \u00e0 l\u2019oreille\u2026 \u2014, c\u2019est que le vin blanc sec de mieux not\u00e9 de la comp\u00e9tition est un vin autrichien, un <b>Gr\u00fcner Veltliner 2009 de T\u00fcrk<\/b>, \u00e0 Kremtal, avec un sucre r\u00e9siduel de 0,3%, valant 20 USD. Et <b>le meilleur sauvignon blanc<\/b>? Surprise encore&#160;: <b>un vin tch\u00e8que 2010 du domaine Libal, en Moravie, \u00e0 12 dollars.<\/b> <br \/>\nImaginons un instant qu\u2019un vin suisse r\u00e9ussisse un tel exploit\u2026 Peut-\u00eatre vaudrait-il mieux se montrer dans une comp\u00e9tition existante, plut\u00f4t que d&rsquo;organiser <a href=\"articles.php?lng=fr&amp;pg=1616\"><b>un concours de plus<\/b><\/a>!<br \/>\nLes autres grands gagnants sont am\u00e9ricains\u2026 Les meilleurs chardonnays et pinots noirs viennent tous deux de la Russian River, le premier, un 2009 de <b>Fritz Winery<\/b> (25 USD), le second, qui est aussi le rouge le mieux not\u00e9 du concours, le <b>Quail Hill Vineyard 2009 de Lynmar Estate Winery<\/b>, \u00e0 60 USD. Un peu plus cher que le meilleur merlot (54 USD), de <b>Cakebread Cellars 2008<\/b>, \u00e0 Napa Valley, comme le meilleur cabernet sauvignon, un 2007 de <b>Hugues Wellman<\/b> \u00e0 50 USD. <br \/>\nLa r\u00e9gion de Paso Robl\u00e8s (entre Los Angeles et San Francisco) se taille un joli succ\u00e8s, avec le <b>meilleur Premium Bordeaux<\/b> (sans rire&#160;!), de <b>Grey Wolf Cellars 2008<\/b> (36 USD). Paso Robl\u00e8s d\u00e9croche la palme du meilleur tempranillo, un 2009 Chileano (30 USD) de <b>Hearst Ranch Winery<\/b>, tandis que le titre de meilleur viognier \u00e9choit \u00e0 la <b>Robert Hall Winery<\/b> pour un 2009 (20 USD). Dans cette cave, on y \u00e9tait il y a six mois, d\u2019o\u00f9 cette photo souvenir d\u2019un autre troph\u00e9e typiquement californien\u2026 (<i>\u00a9thomasvino.ch<\/i>)<\/p>\n<p><img loading=\"lazy\" width=\"650\" height=\"650\" src=\"img\/hall_rob.jpg\" alt=\"hall_rob.jpg\" title=\"hall_rob.jpg\" \/><br \/>\n&#160;<\/div>\n","protected":false},"excerpt":{"rendered":"<p>Un Gr\u00fcner Veltliner (autrichien) meilleur vin blanc sec \u00e0 SF Mieux vaut-il d\u00e9crocher une m\u00e9daille dans un concours international ou dans une comp\u00e9tition nationale? Poser la question, c\u2019est \u2014 d\u00e9j\u00e0 \u2014 y r\u00e9pondre. Au San Francisco International Wine Competition 2011, il y avait 4&rsquo;200 vins en lice, provenant de 29 pays. Pas vu la Suisse\u2026 [&hellip;]<\/p>\n","protected":false},"author":3,"featured_media":0,"comment_status":"closed","ping_status":"open","sticky":false,"template":"","format":"standard","meta":{"_monsterinsights_skip_tracking":false,"_monsterinsights_sitenote_active":false,"_monsterinsights_sitenote_note":"","_monsterinsights_sitenote_category":0,"jetpack_post_was_ever_published":false,"jetpack_publicize_message":"","jetpack_is_tweetstorm":false,"jetpack_publicize_feature_enabled":true,"jetpack_social_post_already_shared":false,"jetpack_social_options":{"image_generator_settings":{"template":"highway","enabled":false}}},"categories":[15],"tags":[],"jetpack_publicize_connections":[],"yoast_head":"<!-- This site is optimized with the Yoast SEO plugin v20.6 - https:\/\/yoast.com\/wordpress\/plugins\/seo\/ -->\n<title>Un Gr\u00fcner Veltliner victorieux \u00e0 San Francisco - thomasvino<\/title>\n<meta name=\"robots\" content=\"index, follow, max-snippet:-1, max-image-preview:large, max-video-preview:-1\" \/>\n<link rel=\"canonical\" href=\"https:\/\/thomasvino.ch\/?p=9210\" \/>\n<meta property=\"og:locale\" content=\"fr_FR\" \/>\n<meta property=\"og:type\" content=\"article\" \/>\n<meta property=\"og:title\" content=\"Un Gr\u00fcner Veltliner victorieux \u00e0 San Francisco - thomasvino\" \/>\n<meta property=\"og:description\" content=\"Un Gr\u00fcner Veltliner (autrichien) meilleur vin blanc sec \u00e0 SF Mieux vaut-il d\u00e9crocher une m\u00e9daille dans un concours international ou dans une comp\u00e9tition nationale? Poser la question, c\u2019est \u2014 d\u00e9j\u00e0 \u2014 y r\u00e9pondre. Au San Francisco International Wine Competition 2011, il y avait 4&rsquo;200 vins en lice, provenant de 29 pays. Pas vu la Suisse\u2026 [&hellip;]\" \/>\n<meta property=\"og:url\" content=\"https:\/\/thomasvino.ch\/?p=9210\" \/>\n<meta property=\"og:site_name\" content=\"thomasvino\" \/>\n<meta property=\"article:published_time\" content=\"2011-07-11T15:14:00+00:00\" \/>\n<meta name=\"author\" content=\"Pierre Thomas\" \/>\n<meta name=\"twitter:label1\" content=\"\u00c9crit par\" \/>\n\t<meta name=\"twitter:data1\" content=\"Pierre Thomas\" \/>\n\t<meta name=\"twitter:label2\" content=\"Dur\u00e9e de lecture estim\u00e9e\" \/>\n\t<meta name=\"twitter:data2\" content=\"2 minutes\" \/>\n<script type=\"application\/ld+json\" class=\"yoast-schema-graph\">{\"@context\":\"https:\/\/schema.org\",\"@graph\":[{\"@type\":\"WebPage\",\"@id\":\"https:\/\/thomasvino.ch\/?p=9210\",\"url\":\"https:\/\/thomasvino.ch\/?p=9210\",\"name\":\"Un Gr\u00fcner Veltliner victorieux \u00e0 San Francisco - thomasvino\",\"isPartOf\":{\"@id\":\"https:\/\/thomasvino.ch\/#website\"},\"datePublished\":\"2011-07-11T15:14:00+00:00\",\"dateModified\":\"2011-07-11T15:14:00+00:00\",\"author\":{\"@id\":\"https:\/\/thomasvino.ch\/#\/schema\/person\/670bf4486fe81152cf1d68bd585e062e\"},\"breadcrumb\":{\"@id\":\"https:\/\/thomasvino.ch\/?p=9210#breadcrumb\"},\"inLanguage\":\"fr-FR\",\"potentialAction\":[{\"@type\":\"ReadAction\",\"target\":[\"https:\/\/thomasvino.ch\/?p=9210\"]}]},{\"@type\":\"BreadcrumbList\",\"@id\":\"https:\/\/thomasvino.ch\/?p=9210#breadcrumb\",\"itemListElement\":[{\"@type\":\"ListItem\",\"position\":1,\"name\":\"Accueil\",\"item\":\"https:\/\/thomasvino.ch\/\"},{\"@type\":\"ListItem\",\"position\":2,\"name\":\"Un Gr\u00fcner Veltliner victorieux \u00e0 San Francisco\"}]},{\"@type\":\"WebSite\",\"@id\":\"https:\/\/thomasvino.ch\/#website\",\"url\":\"https:\/\/thomasvino.ch\/\",\"name\":\"thomasvino\",\"description\":\"Vins &amp; Gastronomie\",\"potentialAction\":[{\"@type\":\"SearchAction\",\"target\":{\"@type\":\"EntryPoint\",\"urlTemplate\":\"https:\/\/thomasvino.ch\/?s={search_term_string}\"},\"query-input\":\"required name=search_term_string\"}],\"inLanguage\":\"fr-FR\"},{\"@type\":\"Person\",\"@id\":\"https:\/\/thomasvino.ch\/#\/schema\/person\/670bf4486fe81152cf1d68bd585e062e\",\"name\":\"Pierre Thomas\",\"image\":{\"@type\":\"ImageObject\",\"inLanguage\":\"fr-FR\",\"@id\":\"https:\/\/thomasvino.ch\/#\/schema\/person\/image\/\",\"url\":\"https:\/\/secure.gravatar.com\/avatar\/91fd5a76647f140e53db987a0dead4d7?s=96&d=mm&r=g\",\"contentUrl\":\"https:\/\/secure.gravatar.com\/avatar\/91fd5a76647f140e53db987a0dead4d7?s=96&d=mm&r=g\",\"caption\":\"Pierre Thomas\"},\"url\":\"https:\/\/thomasvino.ch\/?author=3\"}]}<\/script>\n<!-- \/ Yoast SEO plugin. -->","yoast_head_json":{"title":"Un Gr\u00fcner Veltliner victorieux \u00e0 San Francisco - thomasvino","robots":{"index":"index","follow":"follow","max-snippet":"max-snippet:-1","max-image-preview":"max-image-preview:large","max-video-preview":"max-video-preview:-1"},"canonical":"https:\/\/thomasvino.ch\/?p=9210","og_locale":"fr_FR","og_type":"article","og_title":"Un Gr\u00fcner Veltliner victorieux \u00e0 San Francisco - thomasvino","og_description":"Un Gr\u00fcner Veltliner (autrichien) meilleur vin blanc sec \u00e0 SF Mieux vaut-il d\u00e9crocher une m\u00e9daille dans un concours international ou dans une comp\u00e9tition nationale? Poser la question, c\u2019est \u2014 d\u00e9j\u00e0 \u2014 y r\u00e9pondre. Au San Francisco International Wine Competition 2011, il y avait 4&rsquo;200 vins en lice, provenant de 29 pays. Pas vu la Suisse\u2026 [&hellip;]","og_url":"https:\/\/thomasvino.ch\/?p=9210","og_site_name":"thomasvino","article_published_time":"2011-07-11T15:14:00+00:00","author":"Pierre Thomas","twitter_misc":{"\u00c9crit par":"Pierre Thomas","Dur\u00e9e de lecture estim\u00e9e":"2 minutes"},"schema":{"@context":"https:\/\/schema.org","@graph":[{"@type":"WebPage","@id":"https:\/\/thomasvino.ch\/?p=9210","url":"https:\/\/thomasvino.ch\/?p=9210","name":"Un Gr\u00fcner Veltliner victorieux \u00e0 San Francisco - thomasvino","isPartOf":{"@id":"https:\/\/thomasvino.ch\/#website"},"datePublished":"2011-07-11T15:14:00+00:00","dateModified":"2011-07-11T15:14:00+00:00","author":{"@id":"https:\/\/thomasvino.ch\/#\/schema\/person\/670bf4486fe81152cf1d68bd585e062e"},"breadcrumb":{"@id":"https:\/\/thomasvino.ch\/?p=9210#breadcrumb"},"inLanguage":"fr-FR","potentialAction":[{"@type":"ReadAction","target":["https:\/\/thomasvino.ch\/?p=9210"]}]},{"@type":"BreadcrumbList","@id":"https:\/\/thomasvino.ch\/?p=9210#breadcrumb","itemListElement":[{"@type":"ListItem","position":1,"name":"Accueil","item":"https:\/\/thomasvino.ch\/"},{"@type":"ListItem","position":2,"name":"Un Gr\u00fcner Veltliner victorieux \u00e0 San Francisco"}]},{"@type":"WebSite","@id":"https:\/\/thomasvino.ch\/#website","url":"https:\/\/thomasvino.ch\/","name":"thomasvino","description":"Vins &amp; Gastronomie","potentialAction":[{"@type":"SearchAction","target":{"@type":"EntryPoint","urlTemplate":"https:\/\/thomasvino.ch\/?s={search_term_string}"},"query-input":"required name=search_term_string"}],"inLanguage":"fr-FR"},{"@type":"Person","@id":"https:\/\/thomasvino.ch\/#\/schema\/person\/670bf4486fe81152cf1d68bd585e062e","name":"Pierre Thomas","image":{"@type":"ImageObject","inLanguage":"fr-FR","@id":"https:\/\/thomasvino.ch\/#\/schema\/person\/image\/","url":"https:\/\/secure.gravatar.com\/avatar\/91fd5a76647f140e53db987a0dead4d7?s=96&d=mm&r=g","contentUrl":"https:\/\/secure.gravatar.com\/avatar\/91fd5a76647f140e53db987a0dead4d7?s=96&d=mm&r=g","caption":"Pierre Thomas"},"url":"https:\/\/thomasvino.ch\/?author=3"}]}},"jetpack_featured_media_url":"","jetpack_sharing_enabled":true,"jetpack_shortlink":"https:\/\/wp.me\/p3m4tZ-2oy","jetpack_likes_enabled":false,"jetpack-related-posts":[{"id":8880,"url":"https:\/\/thomasvino.ch\/?p=8880","url_meta":{"origin":9210,"position":0},"title":"Autriche \u2014 Les vins autrichiens reviennent en force","date":"11 janvier 2005","format":false,"excerpt":"Les Autrichiens d\u00e9barquent en Suisse On croyait les avoir bout\u00e9 hors de la Conf\u00e9d\u00e9ration \u00e0 Morgarten, il y a pr\u00e8s de sept si\u00e8cles. Les Autrichiens reviennent en force en Suisse al\u00e9manique. Avec leurs vins. Par Pierre Thomas Ils s'appellent Br\u00fcndlmayr, Loimer, Knoll, Hirzberger, Tement ou Pichler. Retenez ces noms. Ce\u2026","rel":"","context":"Dans &quot;Vins europ\u00e9ens&quot;","img":{"alt_text":"","src":"","width":0,"height":0},"classes":[]},{"id":13498,"url":"https:\/\/thomasvino.ch\/?p=13498","url_meta":{"origin":9210,"position":1},"title":"Willi Klinger: les recettes du \u00abmiracle\u00bb autrichien","date":"13 avril 2016","format":false,"excerpt":"Suisse\u00a0: 1% d\u2019exportation. Autriche\u00a0: 26% d\u2019exportation\u2026 et la Suisse au deuxi\u00e8me rang des plus gros importateurs. Ce succ\u00e8s est \u00e0 mettre au cr\u00e9dit d\u2019un homme en place depuis dix ans, Willi Klinger, un fils de restaurateur de la Basse-Autriche. Portrait et interview. Par Pierre Thomas Fin ao\u00fbt 2015, \u00e0 l'occasion\u2026","rel":"","context":"Dans &quot;Tendance&quot;","img":{"alt_text":"","src":"https:\/\/i0.wp.com\/www.thomasvino.ch\/wp-content\/uploads\/2016\/04\/klinger_pts-300x215.jpg?resize=350%2C200","width":350,"height":200},"classes":[]},{"id":9450,"url":"https:\/\/thomasvino.ch\/?p=9450","url_meta":{"origin":9210,"position":2},"title":"La S\u00e9lection \u00e0 B\u00e2le: un palmar\u00e8s riche en enseignements","date":"23 septembre 2012","format":false,"excerpt":"La S\u00e9lection 2012 \u00e0 B\u00e2le Un palmar\u00e8s riche en enseignements Quand on peut les d\u00e9cortiquer, les classements des concours livrent des enseignements. Ainsi celui de La S\u00e9lection, \u00e0 B\u00e2le, orient\u00e9 vendeurs... et consommateurs. D\u00e9but septembre, il a plac\u00e9 en t\u00eate, avec 92\/100, un Gr\u00fcner Veltliner autrichien, Elit\u00e4r DAC R\u00e9serve 2010,\u2026","rel":"","context":"Dans &quot;Actus - News&quot;","img":{"alt_text":"","src":"","width":0,"height":0},"classes":[]},{"id":9491,"url":"https:\/\/thomasvino.ch\/?p=9491","url_meta":{"origin":9210,"position":3},"title":"Autriche, couleur pourpre","date":"16 novembre 2012","format":false,"excerpt":"Autriche, couleur pourpre La proportion des vins rouges autrichiens est l\u2019inverse du drapeau: deux tiers de blanc pour un tiers de rouge. Sauf dans le Burgenland. Pierre Thomas, de retour d\u2019Eisenstadt A la fronti\u00e8re hongroise, sous l\u2019influence climatique du lac de steppe de Neusiedl, plusieurs \u00abpoches\u00bb de vins rouges de\u2026","rel":"","context":"Dans &quot;Vins europ\u00e9ens&quot;","img":{"alt_text":"burgen_jpg.jpg","src":"img\/burgen_jpg.jpg","width":350,"height":200},"classes":[]},{"id":9499,"url":"https:\/\/thomasvino.ch\/?p=9499","url_meta":{"origin":9210,"position":4},"title":"Autriche: dessine-moi un vin","date":"21 novembre 2012","format":false,"excerpt":"Le Petit Prince demandait \u00e0 Saint-Exup\u00e9ry, qui fut \u00e9l\u00e8ve d\u2019un coll\u00e8ge fribourgeois, qu\u2019il lui dessine un mouton. Aujourd\u2019hui, ce sont les vins qu\u2019on \u00abstylise\u00bb, comme en Autriche. Pierre Thomas, de retour d\u2019Eisenstadt A l\u2019inverse de son drapeau \u00e0 trois bandes superpos\u00e9es, deux rouges et une blanche, l\u2019Autriche produit deux tiers\u2026","rel":"","context":"Dans &quot;Vins europ\u00e9ens&quot;","img":{"alt_text":"burgenland_neusiedlersee.jpg","src":"img\/burgenland_neusiedlersee.jpg","width":350,"height":200},"classes":[]},{"id":9762,"url":"https:\/\/thomasvino.ch\/?p=9762","url_meta":{"origin":9210,"position":5},"title":"Autriche \u2014 Quand la Suisse imite l&rsquo;Autriche","date":"18 mai 2006","format":false,"excerpt":"Pour exporter, miser \u00e0 fond sur le marketing Vingt ans apr\u00e8s, la Suisse imite l'Autriche Pierre Thomas, de retour de Vienne De tous les pays europ\u00e9ens, notre voisin est celui qui s'est le mieux positionn\u00e9 dans l'exportation de vins de qualit\u00e9. La Suisse va s'en inspirer. Enfin... Les vins autrichiens\u2026","rel":"","context":"Dans &quot;Vins europ\u00e9ens&quot;","img":{"alt_text":"","src":"","width":0,"height":0},"classes":[]}],"_links":{"self":[{"href":"https:\/\/thomasvino.ch\/index.php?rest_route=\/wp\/v2\/posts\/9210"}],"collection":[{"href":"https:\/\/thomasvino.ch\/index.php?rest_route=\/wp\/v2\/posts"}],"about":[{"href":"https:\/\/thomasvino.ch\/index.php?rest_route=\/wp\/v2\/types\/post"}],"author":[{"embeddable":true,"href":"https:\/\/thomasvino.ch\/index.php?rest_route=\/wp\/v2\/users\/3"}],"replies":[{"embeddable":true,"href":"https:\/\/thomasvino.ch\/index.php?rest_route=%2Fwp%2Fv2%2Fcomments&post=9210"}],"version-history":[{"count":0,"href":"https:\/\/thomasvino.ch\/index.php?rest_route=\/wp\/v2\/posts\/9210\/revisions"}],"wp:attachment":[{"href":"https:\/\/thomasvino.ch\/index.php?rest_route=%2Fwp%2Fv2%2Fmedia&parent=9210"}],"wp:term":[{"taxonomy":"category","embeddable":true,"href":"https:\/\/thomasvino.ch\/index.php?rest_route=%2Fwp%2Fv2%2Fcategories&post=9210"},{"taxonomy":"post_tag","embeddable":true,"href":"https:\/\/thomasvino.ch\/index.php?rest_route=%2Fwp%2Fv2%2Ftags&post=9210"}],"curies":[{"name":"wp","href":"https:\/\/api.w.org\/{rel}","templated":true}]}}