{"id":9224,"date":"2011-08-25T09:35:00","date_gmt":"2011-08-25T09:35:00","guid":{"rendered":"http:\/\/localhost\/thomasvino\/?p=9224"},"modified":"2011-08-25T09:35:00","modified_gmt":"2011-08-25T09:35:00","slug":"emmanuel-charpin-du-chateau-a-la-charte","status":"publish","type":"post","link":"https:\/\/thomasvino.ch\/?p=9224","title":{"rendered":"Emmanuel Charpin du Ch\u00e2teau \u00e0 la Charte"},"content":{"rendered":"<h2><b><i>Ch\u00e2teau de Villa \u00e0 Sierre<br \/>\n<\/i>Un \u00e9conomiste pour un \u0153nologue<br \/>\n<\/b><\/h2>\n<div style=\"text-align: justify;\"><b>L\u2019\u0153nologue Emmanuel Charpin quitte le Ch\u00e2teau de Villa, \u00e0 Sierre, o\u00f9 il \u0153uvrait depuis huit ans. La Fondation recherche un \u00e9conomiste comme assistant de directeur pour les secteurs administratif et financier. L\u2019annonce vient de para\u00eetre dans la presse romande (<i>24 Heures<\/i> du 25 ao\u00fbt 2011).<\/b><br \/>\nLe Ch\u00e2teau de Villa, sous la direction de <b>Dominique Fornage<\/b>, dot\u00e9 d\u2019une hanche \u00abtitanesque\u00bb depuis peu, n\u2019est pas seulement le temple de la raclette sur son incomparable terrasse ombrag\u00e9e. Mais aussi une vinoth\u00e8que au service des vins du Valais, avec une offre importante de crus au verre, r\u00e9guli\u00e8rement renouvel\u00e9e, et des casiers occup\u00e9s par les vins que les vignerons veulent bien mettre \u00e0 disposition. Un personnel qualifi\u00e9 s\u2019occupe du service. <b>Emmanuel Charpin<\/b> va rester dans le secteur. Il a pris le relais de <b>St\u00e9phane Gay<\/b>, l&rsquo;initiateur de la Charte Grain Noble ConfidenCiel <a href=\"articles.php?lng=fr&amp;pg=1630\"><b>(voir nos notes de d\u00e9gustation)<\/b><\/a> au d\u00e9but 2011, apr\u00e8s en avoir \u00e9t\u00e9 le secr\u00e9taire. Il va donner des cours de d\u00e9gustation et esp\u00e8re d\u00e9crocher des mandats de consultants aupr\u00e8s d\u2019\u00e9coles et d\u2019encaveurs, voire de restaurateurs.<br \/>\nCette ann\u00e9e, comme l\u2019an pass\u00e9, la Charte Grain Noble aura droit \u00e0 une tente VIP, <a href=\"http:\/\/www.vinea.ch\/salon-vins-suisses\/charte-grain-noble-confidenciel.html\"><b>les 2, 3 et 4 septembre \u00e0 VINEA, \u00e0 Sierre<\/b><\/a>. Moyennant paiement, il sera possible de d\u00e9guster cinq verres de vins liquoreux. <b>Emmanuel Charpin<\/b> rappelle que le crit\u00e8re du mill\u00e9sime est essentiel dans les vins liquoreux du Valais. Une moiti\u00e9 des nectars produits sont des assemblages, l\u2019autre moiti\u00e9 des monoc\u00e9pages des cinq c\u00e9pages autoris\u00e9s par cette marque de qualit\u00e9&#160;: petite arvine, pinot gris (malvoisie en Valais), marsanne (ermitage), amigne, sylvaner (johannisberg). Le savagnin (pa\u00efen) a \u00e9t\u00e9 retir\u00e9 r\u00e9cemment de la liste, parce qu\u2019il est peu sujet au fl\u00e9trissement sur souche et encore moins au botrytis, deux param\u00e8tres importants qui font la qualit\u00e9 des vins liquoreux du Valais\u2026 et d\u2019ailleurs. Le nouveau pr\u00e9sident a de nombreux projets, comme celui de reconduire une bouteille contenant <b>une cuv\u00e9e commune aux adh\u00e9rents de la Charte<\/b> (une quarantaine), qui permettrait de faire conna\u00eetre le mouvement au-travers d\u2019une quantit\u00e9 suffisante de vin commercialis\u00e9. Souvent, les vins \u00e9lev\u00e9s obligatoirement sous bois, sont\u2026 confidentiels.<br \/>\n<i>\u00a9thomasvino.ch<\/i><\/p>\n<p>&#160;<\/p><\/div>\n","protected":false},"excerpt":{"rendered":"<p>Ch\u00e2teau de Villa \u00e0 Sierre Un \u00e9conomiste pour un \u0153nologue L\u2019\u0153nologue Emmanuel Charpin quitte le Ch\u00e2teau de Villa, \u00e0 Sierre, o\u00f9 il \u0153uvrait depuis huit ans. La Fondation recherche un \u00e9conomiste comme assistant de directeur pour les secteurs administratif et financier. L\u2019annonce vient de para\u00eetre dans la presse romande (24 Heures du 25 ao\u00fbt 2011). [&hellip;]<\/p>\n","protected":false},"author":3,"featured_media":0,"comment_status":"closed","ping_status":"open","sticky":false,"template":"","format":"standard","meta":{"_monsterinsights_skip_tracking":false,"_monsterinsights_sitenote_active":false,"_monsterinsights_sitenote_note":"","_monsterinsights_sitenote_category":0,"jetpack_post_was_ever_published":false,"jetpack_publicize_message":"","jetpack_is_tweetstorm":false,"jetpack_publicize_feature_enabled":true,"jetpack_social_post_already_shared":false,"jetpack_social_options":{"image_generator_settings":{"template":"highway","enabled":false}}},"categories":[15],"tags":[],"jetpack_publicize_connections":[],"yoast_head":"<!-- This site is optimized with the Yoast SEO plugin v20.6 - https:\/\/yoast.com\/wordpress\/plugins\/seo\/ -->\n<title>Emmanuel Charpin du Ch\u00e2teau \u00e0 la Charte - thomasvino<\/title>\n<meta name=\"robots\" content=\"index, follow, max-snippet:-1, max-image-preview:large, max-video-preview:-1\" \/>\n<link rel=\"canonical\" href=\"https:\/\/thomasvino.ch\/?p=9224\" \/>\n<meta property=\"og:locale\" content=\"fr_FR\" \/>\n<meta property=\"og:type\" content=\"article\" \/>\n<meta property=\"og:title\" content=\"Emmanuel Charpin du Ch\u00e2teau \u00e0 la Charte - thomasvino\" \/>\n<meta property=\"og:description\" content=\"Ch\u00e2teau de Villa \u00e0 Sierre Un \u00e9conomiste pour un \u0153nologue L\u2019\u0153nologue Emmanuel Charpin quitte le Ch\u00e2teau de Villa, \u00e0 Sierre, o\u00f9 il \u0153uvrait depuis huit ans. La Fondation recherche un \u00e9conomiste comme assistant de directeur pour les secteurs administratif et financier. L\u2019annonce vient de para\u00eetre dans la presse romande (24 Heures du 25 ao\u00fbt 2011). [&hellip;]\" \/>\n<meta property=\"og:url\" content=\"https:\/\/thomasvino.ch\/?p=9224\" \/>\n<meta property=\"og:site_name\" content=\"thomasvino\" \/>\n<meta property=\"article:published_time\" content=\"2011-08-25T09:35:00+00:00\" \/>\n<meta name=\"author\" content=\"Pierre Thomas\" \/>\n<meta name=\"twitter:label1\" content=\"\u00c9crit par\" \/>\n\t<meta name=\"twitter:data1\" content=\"Pierre Thomas\" \/>\n\t<meta name=\"twitter:label2\" content=\"Dur\u00e9e de lecture estim\u00e9e\" \/>\n\t<meta name=\"twitter:data2\" content=\"2 minutes\" \/>\n<script type=\"application\/ld+json\" class=\"yoast-schema-graph\">{\"@context\":\"https:\/\/schema.org\",\"@graph\":[{\"@type\":\"WebPage\",\"@id\":\"https:\/\/thomasvino.ch\/?p=9224\",\"url\":\"https:\/\/thomasvino.ch\/?p=9224\",\"name\":\"Emmanuel Charpin du Ch\u00e2teau \u00e0 la Charte - thomasvino\",\"isPartOf\":{\"@id\":\"https:\/\/thomasvino.ch\/#website\"},\"datePublished\":\"2011-08-25T09:35:00+00:00\",\"dateModified\":\"2011-08-25T09:35:00+00:00\",\"author\":{\"@id\":\"https:\/\/thomasvino.ch\/#\/schema\/person\/670bf4486fe81152cf1d68bd585e062e\"},\"breadcrumb\":{\"@id\":\"https:\/\/thomasvino.ch\/?p=9224#breadcrumb\"},\"inLanguage\":\"fr-FR\",\"potentialAction\":[{\"@type\":\"ReadAction\",\"target\":[\"https:\/\/thomasvino.ch\/?p=9224\"]}]},{\"@type\":\"BreadcrumbList\",\"@id\":\"https:\/\/thomasvino.ch\/?p=9224#breadcrumb\",\"itemListElement\":[{\"@type\":\"ListItem\",\"position\":1,\"name\":\"Accueil\",\"item\":\"https:\/\/thomasvino.ch\/\"},{\"@type\":\"ListItem\",\"position\":2,\"name\":\"Emmanuel Charpin du Ch\u00e2teau \u00e0 la Charte\"}]},{\"@type\":\"WebSite\",\"@id\":\"https:\/\/thomasvino.ch\/#website\",\"url\":\"https:\/\/thomasvino.ch\/\",\"name\":\"thomasvino\",\"description\":\"Vins &amp; Gastronomie\",\"potentialAction\":[{\"@type\":\"SearchAction\",\"target\":{\"@type\":\"EntryPoint\",\"urlTemplate\":\"https:\/\/thomasvino.ch\/?s={search_term_string}\"},\"query-input\":\"required name=search_term_string\"}],\"inLanguage\":\"fr-FR\"},{\"@type\":\"Person\",\"@id\":\"https:\/\/thomasvino.ch\/#\/schema\/person\/670bf4486fe81152cf1d68bd585e062e\",\"name\":\"Pierre Thomas\",\"image\":{\"@type\":\"ImageObject\",\"inLanguage\":\"fr-FR\",\"@id\":\"https:\/\/thomasvino.ch\/#\/schema\/person\/image\/\",\"url\":\"https:\/\/secure.gravatar.com\/avatar\/91fd5a76647f140e53db987a0dead4d7?s=96&d=mm&r=g\",\"contentUrl\":\"https:\/\/secure.gravatar.com\/avatar\/91fd5a76647f140e53db987a0dead4d7?s=96&d=mm&r=g\",\"caption\":\"Pierre Thomas\"},\"url\":\"https:\/\/thomasvino.ch\/?author=3\"}]}<\/script>\n<!-- \/ Yoast SEO plugin. -->","yoast_head_json":{"title":"Emmanuel Charpin du Ch\u00e2teau \u00e0 la Charte - thomasvino","robots":{"index":"index","follow":"follow","max-snippet":"max-snippet:-1","max-image-preview":"max-image-preview:large","max-video-preview":"max-video-preview:-1"},"canonical":"https:\/\/thomasvino.ch\/?p=9224","og_locale":"fr_FR","og_type":"article","og_title":"Emmanuel Charpin du Ch\u00e2teau \u00e0 la Charte - thomasvino","og_description":"Ch\u00e2teau de Villa \u00e0 Sierre Un \u00e9conomiste pour un \u0153nologue L\u2019\u0153nologue Emmanuel Charpin quitte le Ch\u00e2teau de Villa, \u00e0 Sierre, o\u00f9 il \u0153uvrait depuis huit ans. La Fondation recherche un \u00e9conomiste comme assistant de directeur pour les secteurs administratif et financier. L\u2019annonce vient de para\u00eetre dans la presse romande (24 Heures du 25 ao\u00fbt 2011). [&hellip;]","og_url":"https:\/\/thomasvino.ch\/?p=9224","og_site_name":"thomasvino","article_published_time":"2011-08-25T09:35:00+00:00","author":"Pierre Thomas","twitter_misc":{"\u00c9crit par":"Pierre Thomas","Dur\u00e9e de lecture estim\u00e9e":"2 minutes"},"schema":{"@context":"https:\/\/schema.org","@graph":[{"@type":"WebPage","@id":"https:\/\/thomasvino.ch\/?p=9224","url":"https:\/\/thomasvino.ch\/?p=9224","name":"Emmanuel Charpin du Ch\u00e2teau \u00e0 la Charte - thomasvino","isPartOf":{"@id":"https:\/\/thomasvino.ch\/#website"},"datePublished":"2011-08-25T09:35:00+00:00","dateModified":"2011-08-25T09:35:00+00:00","author":{"@id":"https:\/\/thomasvino.ch\/#\/schema\/person\/670bf4486fe81152cf1d68bd585e062e"},"breadcrumb":{"@id":"https:\/\/thomasvino.ch\/?p=9224#breadcrumb"},"inLanguage":"fr-FR","potentialAction":[{"@type":"ReadAction","target":["https:\/\/thomasvino.ch\/?p=9224"]}]},{"@type":"BreadcrumbList","@id":"https:\/\/thomasvino.ch\/?p=9224#breadcrumb","itemListElement":[{"@type":"ListItem","position":1,"name":"Accueil","item":"https:\/\/thomasvino.ch\/"},{"@type":"ListItem","position":2,"name":"Emmanuel Charpin du Ch\u00e2teau \u00e0 la Charte"}]},{"@type":"WebSite","@id":"https:\/\/thomasvino.ch\/#website","url":"https:\/\/thomasvino.ch\/","name":"thomasvino","description":"Vins &amp; Gastronomie","potentialAction":[{"@type":"SearchAction","target":{"@type":"EntryPoint","urlTemplate":"https:\/\/thomasvino.ch\/?s={search_term_string}"},"query-input":"required name=search_term_string"}],"inLanguage":"fr-FR"},{"@type":"Person","@id":"https:\/\/thomasvino.ch\/#\/schema\/person\/670bf4486fe81152cf1d68bd585e062e","name":"Pierre Thomas","image":{"@type":"ImageObject","inLanguage":"fr-FR","@id":"https:\/\/thomasvino.ch\/#\/schema\/person\/image\/","url":"https:\/\/secure.gravatar.com\/avatar\/91fd5a76647f140e53db987a0dead4d7?s=96&d=mm&r=g","contentUrl":"https:\/\/secure.gravatar.com\/avatar\/91fd5a76647f140e53db987a0dead4d7?s=96&d=mm&r=g","caption":"Pierre Thomas"},"url":"https:\/\/thomasvino.ch\/?author=3"}]}},"jetpack_featured_media_url":"","jetpack_sharing_enabled":true,"jetpack_shortlink":"https:\/\/wp.me\/p3m4tZ-2oM","jetpack_likes_enabled":false,"jetpack-related-posts":[{"id":14638,"url":"https:\/\/thomasvino.ch\/?p=14638","url_meta":{"origin":9224,"position":0},"title":"Le Clos de Tsamp\u00e9hro se renforce","date":"6 d\u00e9cembre 2017","format":false,"excerpt":"La d\u00e9marche est rarissime en Suisse\u00a0: quatre partenaires ont reconstitu\u00e9 un petit domaine viticole valaisan de 3 hectares pour en tirer le meilleur, valoris\u00e9 au plus haut prix, sur le long terme. Pour la premi\u00e8re fois, en 2017, la \u00abvitesse de croisi\u00e8re\u00bb des 10'000 bouteilles est atteinte. Le Clos de\u2026","rel":"","context":"Dans &quot;Vins suisses&quot;","img":{"alt_text":"","src":"https:\/\/i0.wp.com\/thomasvino.ch\/wp-content\/uploads\/2017\/10\/tsamph2-300x225.jpg?resize=350%2C200&ssl=1","width":350,"height":200},"classes":[]},{"id":9457,"url":"https:\/\/thomasvino.ch\/?p=9457","url_meta":{"origin":9224,"position":1},"title":"Grains nobles: cet or qui scintille","date":"4 octobre 2012","format":false,"excerpt":"Les vins liquoreux sont les joyaux de nombreux vignobles (Sauternes, Tokay, Alsace). En Valais, depuis quinze ans, les meilleurs vignerons observent les strictes r\u00e8gles de la Charte Grain Noble ConfidenCiel. Par Pierre Thomas Les \u00abliquoreux\u00bb attisent les superlatifs. Leur slogan, \u00abQuand le ciel s\u2019unit \u00e0 la terre pour cr\u00e9er l\u2019exception\u00bb,\u2026","rel":"","context":"Dans &quot;Vins suisses&quot;","img":{"alt_text":"","src":"","width":0,"height":0},"classes":[]},{"id":10006,"url":"https:\/\/thomasvino.ch\/?p=10006","url_meta":{"origin":9224,"position":2},"title":"Valais \u2014 Une cuv\u00e9e unique pour les 10 ans de la Charte Grain Noble","date":"30 ao\u00fbt 2007","format":false,"excerpt":"Dix ans de Grain NobleUne cuv\u00e9e d\u2019exceptionLa Charte Grain Noble ConfidenCiel f\u00eate ses dix ans avec une cuv\u00e9e unique de vins liquoreux 2005 d\u2019une vingtaine de vignerons valaisans.Pierre ThomasLa Charte Grain Noble, c\u2019est l\u2019engagement des vignerons \u00e0 \u00e9laborer dans des r\u00e8gles strictes de grands vins liquoreux. Ils \u00e9taient cinq au\u2026","rel":"","context":"Dans &quot;Vins suisses&quot;","img":{"alt_text":"","src":"","width":0,"height":0},"classes":[]},{"id":13379,"url":"https:\/\/thomasvino.ch\/?p=13379","url_meta":{"origin":9224,"position":3},"title":"Grains nobles du Valais  Victimes des \u00ab\u00e9cureuils\u00bb","date":"24 f\u00e9vrier 2016","format":false,"excerpt":"Jusqu\u2019ici, les raisins ont \u00e9t\u00e9 victimes de divers animaux\u00a0: des oiseaux (c\u2019est le cas de plus en plus courant des fruits m\u00fbrs d\u2019arri\u00e8re-automne\u00a0!), des sangliers, des cerfs\u2026 Mais des \u00ab\u00e9cureuils\u00bb\u00a0? Jolie image en fait pour qualifier les acheteurs qui th\u00e9saurisent ces vins en cave, sans jamais les servir. Que ces\u2026","rel":"","context":"Dans &quot;Vins suisses&quot;","img":{"alt_text":"","src":"","width":0,"height":0},"classes":[]},{"id":16709,"url":"https:\/\/thomasvino.ch\/?p=16709","url_meta":{"origin":9224,"position":4},"title":"Ch\u00e2teau de Villa \u00e0 Sierre \u2014 La Mecque des produits AOP du Valais","date":"6 juillet 2020","format":false,"excerpt":"On l\u2019avait d\u00e9j\u00e0 identifi\u00e9 comme tel, mais le Ch\u00e2teau de Villa l\u2019a scell\u00e9 par une charte, confirmant son partenariat avec les interprofessions AOP-AOC-IGP du Valais. Depuis la constitution de la Fondation du Ch\u00e2teau de Villa en 1951, l\u2019id\u00e9e de faire du manoir sierrois un relais de promotion de la gastronomie,\u2026","rel":"","context":"Dans &quot;Actus - News&quot;","img":{"alt_text":"","src":"","width":0,"height":0},"classes":[]},{"id":11453,"url":"https:\/\/thomasvino.ch\/?p=11453","url_meta":{"origin":9224,"position":5},"title":"Un clos reconstitu\u00e9 par passion","date":"18 novembre 2013","format":false,"excerpt":"Vendus en primeurs sur Internet, les trois premiers vins 2011 du Clos de Tsamp\u00e9hro, sur le coteau entre Sion et Sierre, sont sortis officiellement d\u2019une cave agrandie et modernis\u00e9e. Une belle aventure pour un quatuor. Par Pierre Thomas La cr\u00e9ation d\u2019une cave est un ph\u00e9nom\u00e8ne rare en Suisse romande. Celle\u2026","rel":"","context":"Dans &quot;Vins suisses&quot;","img":{"alt_text":"","src":"https:\/\/i0.wp.com\/www.thomasvino.ch\/wp-content\/uploads\/2013\/11\/site_tsampbar-300x225.jpg?resize=350%2C200","width":350,"height":200},"classes":[]}],"_links":{"self":[{"href":"https:\/\/thomasvino.ch\/index.php?rest_route=\/wp\/v2\/posts\/9224"}],"collection":[{"href":"https:\/\/thomasvino.ch\/index.php?rest_route=\/wp\/v2\/posts"}],"about":[{"href":"https:\/\/thomasvino.ch\/index.php?rest_route=\/wp\/v2\/types\/post"}],"author":[{"embeddable":true,"href":"https:\/\/thomasvino.ch\/index.php?rest_route=\/wp\/v2\/users\/3"}],"replies":[{"embeddable":true,"href":"https:\/\/thomasvino.ch\/index.php?rest_route=%2Fwp%2Fv2%2Fcomments&post=9224"}],"version-history":[{"count":0,"href":"https:\/\/thomasvino.ch\/index.php?rest_route=\/wp\/v2\/posts\/9224\/revisions"}],"wp:attachment":[{"href":"https:\/\/thomasvino.ch\/index.php?rest_route=%2Fwp%2Fv2%2Fmedia&parent=9224"}],"wp:term":[{"taxonomy":"category","embeddable":true,"href":"https:\/\/thomasvino.ch\/index.php?rest_route=%2Fwp%2Fv2%2Fcategories&post=9224"},{"taxonomy":"post_tag","embeddable":true,"href":"https:\/\/thomasvino.ch\/index.php?rest_route=%2Fwp%2Fv2%2Ftags&post=9224"}],"curies":[{"name":"wp","href":"https:\/\/api.w.org\/{rel}","templated":true}]}}