{"id":9250,"date":"2011-10-08T11:11:00","date_gmt":"2011-10-08T11:11:00","guid":{"rendered":"http:\/\/localhost\/thomasvino\/?p=9250"},"modified":"2011-10-08T11:11:00","modified_gmt":"2011-10-08T11:11:00","slug":"les-cotes-du-rhone-retrouvent-la-suisse","status":"publish","type":"post","link":"https:\/\/thomasvino.ch\/?p=9250","title":{"rendered":"Les C\u00f4tes du Rh\u00f4ne retrouvent la Suisse"},"content":{"rendered":"<h2><b><i>Les vins du Rh\u00f4ne renouent avec la Suisse<\/i><br \/>\n<\/b><\/h2>\n<h1>L\u2019image des CdR en jeu<\/h1>\n<div style=\"text-align: justify;\"><b>Le 3 octobre 2011, dans leur tourn\u00e9e parrain\u00e9e par l\u2019Union Europ\u00e9enne (dans les pays non-membres de l\u2019UE), <a href=\"http:\/\/www.vins-rhone.com\/pages\/home-fr.asp?lng=fr&amp;rub=1100\">les vins de la vall\u00e9e du Rh\u00f4ne<\/a> sont remont\u00e9s jusqu\u2019au L\u00e9man. Sur le bateau \u00abLausanne\u00bb, d\u00e9gustations et commentaires. Si les CdR (C\u00f4tes du Rh\u00f4ne) ont d\u00e9laiss\u00e9 la Suisse <a href=\"articles.php?lng=fr&amp;pg=38\">depuis pr\u00e8s de dix ans<\/a>, les acheteurs le leur ont rendu la monnaie de leur pi\u00e8ce&#160;: les ventes en Suisse se sont effondr\u00e9es.<\/b><br \/>\n<i>Par Pierre Thomas<\/i><br \/>\nEn 2003, la Suisse importait pr\u00e8s de 10,5 mios de litres de CdR. En 2010, plus que 6,4 mios de litres, soit <b>une chute de plus d\u2019un tiers des importations<\/b>. En 2003, notre pays pointait au troisi\u00e8me rang des principaux pays exportateurs, derri\u00e8re l\u2019Angleterre (le double&#160;!) et la Belgique et le Luxembourg, et juste devant la Hollande, qui a connu un effondrement encore plus cons\u00e9quent (de 10,3 \u00e0 4,8 mios de litres). <br \/>\nEn 2010, la Suisse est toujours derri\u00e8re l\u2019Angleterre et la Belgique et Luxembourg (tous deux en&#160; l\u00e9ger fl\u00e9chissement), les Etats-Unis (o\u00f9 la courbe a connu l\u2019exact inverse de celle de la Suisse), l\u2019Allemagne, et juste devant la Scandinavie. La Chine appara\u00eet pour la premi\u00e8re fois en 2010 avec 1,5 mio de litres, et l\u2019Asie, apr\u00e8s avoir fortement progress\u00e9, revient \u00e0 0,7 mios, tandis que le Japon stagne \u00e0 2 mios de litres. <b>Au total, en 2010, la Vall\u00e9e du Rh\u00f4ne a export\u00e9 109 millions de bouteilles dans 155 pays pour 305 mios d\u2019euros<\/b>. En litres, c\u2019est \u00e0 peu pr\u00e8s ce que produit l\u2019ensemble de la Suisse qui, elle, n\u2019exporte que 1,5% de sa production.<\/div>\n<h4>Le bon rapport qualit\u00e9-prix<\/h4>\n<div style=\"text-align: justify;\">La croisi\u00e8re du \u00abLausanne\u00bb a permis de d\u00e9guster de belles choses, souvent dans une gamme de prix (non divulgu\u00e9e) relativement haute. A la fin de la d\u00e9gustation pratique et des expos\u00e9s th\u00e9oriques \u2014 discours-promo \u00e0 sens unique \u2014, quelques questions du public. Bien s\u00fbr pas repr\u00e9sentatives, parce que trop rares, mais quand m\u00eame\u2026 L\u2019un des participants s\u2019est inqui\u00e9t\u00e9 de <b>la disparition des trois mots C\u00f4tes-du-Rh\u00f4ne en toutes lettres<\/b>, dans les nouveaux crus, qui se multiplient parmi les \u00abvillages\u00bb. Loin de simplifier leur pyramide, les CdR l\u2019ont certes renforc\u00e9e, mais complexifi\u00e9e\u2026 et pour la simplifier d\u00e9sormais, pr\u00e9f\u00e8rent <b>mettre en avant des noms de crus<\/b>. <br \/>\nUn autre s\u2019est demand\u00e9 si cette d\u00e9marche, qui s\u2019apparente \u00e0 <b>une mont\u00e9e en gamme, ne se soldera pas par une augmentation des prix<\/b>. Enfin, un participant a dit <b>l\u2019attachement des clients suisses \u00e0 des CdR g\u00e9n\u00e9riques traditionnels d\u2019un bon rapport qualit\u00e9-prix<\/b>. Un constat qui rejoint les chiffres de la baisse de l\u2019export&#160;: si <b>les Suisses se sont d\u00e9tourn\u00e9s des CdR (<a href=\"articles.php?lng=fr&amp;pg=1656\">comme de tous les vins fran\u00e7ais<\/a>&#160;!)<\/b> ces dix derni\u00e8res, n\u2019est-ce pas parce qu\u2019ils ont trouv\u00e9 ailleurs des vins de meilleur rapport qualit\u00e9-prix? Le parall\u00e8le peut-\u00eatre tir\u00e9 avec la Hollande, un pays non producteur, tr\u00e8s sensible au prix des vins et qui n\u2019h\u00e9site pas \u00e0 importer en masse des vins du Nouveau Monde. <b>En Suisse, qui boit d\u00e9cid\u00e9ment europ\u00e9en, l\u2019Italie et l\u2019Espagne ont compens\u00e9 la d\u00e9fection des vins fran\u00e7ais<\/b>.<br \/>\n<b>A la faveur de campagnes de pub de l\u2019UE, la France se rappelle au bon souvenir de ses plus proches voisins.<\/b> Pour les amateurs, notamment romands, qui vont aussi chercher sur place leurs CdR, ces vins restent d\u2019excellents crus, avec de belles d\u00e9couvertes \u00e0 faire, dans des c\u00e9pages (syrah, marsanne, viognier au nord, grenache, carignan, cinsaut, mourv\u00e8dre, roussanne, clairette, bourboulenc, grenache blanc, au sud) qui sont propres \u00e0 cette r\u00e9gion, si vaste et si riche. <br \/>\n<i>\u00a9thomasvino.ch<\/i><\/div>\n","protected":false},"excerpt":{"rendered":"<p>Les vins du Rh\u00f4ne renouent avec la Suisse L\u2019image des CdR en jeu Le 3 octobre 2011, dans leur tourn\u00e9e parrain\u00e9e par l\u2019Union Europ\u00e9enne (dans les pays non-membres de l\u2019UE), les vins de la vall\u00e9e du Rh\u00f4ne sont remont\u00e9s jusqu\u2019au L\u00e9man. Sur le bateau \u00abLausanne\u00bb, d\u00e9gustations et commentaires. Si les CdR (C\u00f4tes du Rh\u00f4ne) ont [&hellip;]<\/p>\n","protected":false},"author":3,"featured_media":0,"comment_status":"closed","ping_status":"open","sticky":false,"template":"","format":"standard","meta":{"_monsterinsights_skip_tracking":false,"_monsterinsights_sitenote_active":false,"_monsterinsights_sitenote_note":"","_monsterinsights_sitenote_category":0,"jetpack_post_was_ever_published":false,"jetpack_publicize_message":"","jetpack_is_tweetstorm":false,"jetpack_publicize_feature_enabled":true,"jetpack_social_post_already_shared":false,"jetpack_social_options":{"image_generator_settings":{"template":"highway","enabled":false}}},"categories":[29],"tags":[],"jetpack_publicize_connections":[],"yoast_head":"<!-- This site is optimized with the Yoast SEO plugin v20.6 - https:\/\/yoast.com\/wordpress\/plugins\/seo\/ -->\n<title>Les C\u00f4tes du Rh\u00f4ne retrouvent la Suisse - thomasvino<\/title>\n<meta name=\"robots\" content=\"index, follow, max-snippet:-1, max-image-preview:large, max-video-preview:-1\" \/>\n<link rel=\"canonical\" href=\"https:\/\/thomasvino.ch\/?p=9250\" \/>\n<meta property=\"og:locale\" content=\"fr_FR\" \/>\n<meta property=\"og:type\" content=\"article\" \/>\n<meta property=\"og:title\" content=\"Les C\u00f4tes du Rh\u00f4ne retrouvent la Suisse - thomasvino\" \/>\n<meta property=\"og:description\" content=\"Les vins du Rh\u00f4ne renouent avec la Suisse L\u2019image des CdR en jeu Le 3 octobre 2011, dans leur tourn\u00e9e parrain\u00e9e par l\u2019Union Europ\u00e9enne (dans les pays non-membres de l\u2019UE), les vins de la vall\u00e9e du Rh\u00f4ne sont remont\u00e9s jusqu\u2019au L\u00e9man. Sur le bateau \u00abLausanne\u00bb, d\u00e9gustations et commentaires. Si les CdR (C\u00f4tes du Rh\u00f4ne) ont [&hellip;]\" \/>\n<meta property=\"og:url\" content=\"https:\/\/thomasvino.ch\/?p=9250\" \/>\n<meta property=\"og:site_name\" content=\"thomasvino\" \/>\n<meta property=\"article:published_time\" content=\"2011-10-08T11:11:00+00:00\" \/>\n<meta name=\"author\" content=\"Pierre Thomas\" \/>\n<meta name=\"twitter:label1\" content=\"\u00c9crit par\" \/>\n\t<meta name=\"twitter:data1\" content=\"Pierre Thomas\" \/>\n\t<meta name=\"twitter:label2\" content=\"Dur\u00e9e de lecture estim\u00e9e\" \/>\n\t<meta name=\"twitter:data2\" content=\"3 minutes\" \/>\n<script type=\"application\/ld+json\" class=\"yoast-schema-graph\">{\"@context\":\"https:\/\/schema.org\",\"@graph\":[{\"@type\":\"WebPage\",\"@id\":\"https:\/\/thomasvino.ch\/?p=9250\",\"url\":\"https:\/\/thomasvino.ch\/?p=9250\",\"name\":\"Les C\u00f4tes du Rh\u00f4ne retrouvent la Suisse - thomasvino\",\"isPartOf\":{\"@id\":\"https:\/\/thomasvino.ch\/#website\"},\"datePublished\":\"2011-10-08T11:11:00+00:00\",\"dateModified\":\"2011-10-08T11:11:00+00:00\",\"author\":{\"@id\":\"https:\/\/thomasvino.ch\/#\/schema\/person\/670bf4486fe81152cf1d68bd585e062e\"},\"breadcrumb\":{\"@id\":\"https:\/\/thomasvino.ch\/?p=9250#breadcrumb\"},\"inLanguage\":\"fr-FR\",\"potentialAction\":[{\"@type\":\"ReadAction\",\"target\":[\"https:\/\/thomasvino.ch\/?p=9250\"]}]},{\"@type\":\"BreadcrumbList\",\"@id\":\"https:\/\/thomasvino.ch\/?p=9250#breadcrumb\",\"itemListElement\":[{\"@type\":\"ListItem\",\"position\":1,\"name\":\"Accueil\",\"item\":\"https:\/\/thomasvino.ch\/\"},{\"@type\":\"ListItem\",\"position\":2,\"name\":\"Les C\u00f4tes du Rh\u00f4ne retrouvent la Suisse\"}]},{\"@type\":\"WebSite\",\"@id\":\"https:\/\/thomasvino.ch\/#website\",\"url\":\"https:\/\/thomasvino.ch\/\",\"name\":\"thomasvino\",\"description\":\"Vins &amp; Gastronomie\",\"potentialAction\":[{\"@type\":\"SearchAction\",\"target\":{\"@type\":\"EntryPoint\",\"urlTemplate\":\"https:\/\/thomasvino.ch\/?s={search_term_string}\"},\"query-input\":\"required name=search_term_string\"}],\"inLanguage\":\"fr-FR\"},{\"@type\":\"Person\",\"@id\":\"https:\/\/thomasvino.ch\/#\/schema\/person\/670bf4486fe81152cf1d68bd585e062e\",\"name\":\"Pierre Thomas\",\"image\":{\"@type\":\"ImageObject\",\"inLanguage\":\"fr-FR\",\"@id\":\"https:\/\/thomasvino.ch\/#\/schema\/person\/image\/\",\"url\":\"https:\/\/secure.gravatar.com\/avatar\/91fd5a76647f140e53db987a0dead4d7?s=96&d=mm&r=g\",\"contentUrl\":\"https:\/\/secure.gravatar.com\/avatar\/91fd5a76647f140e53db987a0dead4d7?s=96&d=mm&r=g\",\"caption\":\"Pierre Thomas\"},\"url\":\"https:\/\/thomasvino.ch\/?author=3\"}]}<\/script>\n<!-- \/ Yoast SEO plugin. -->","yoast_head_json":{"title":"Les C\u00f4tes du Rh\u00f4ne retrouvent la Suisse - thomasvino","robots":{"index":"index","follow":"follow","max-snippet":"max-snippet:-1","max-image-preview":"max-image-preview:large","max-video-preview":"max-video-preview:-1"},"canonical":"https:\/\/thomasvino.ch\/?p=9250","og_locale":"fr_FR","og_type":"article","og_title":"Les C\u00f4tes du Rh\u00f4ne retrouvent la Suisse - thomasvino","og_description":"Les vins du Rh\u00f4ne renouent avec la Suisse L\u2019image des CdR en jeu Le 3 octobre 2011, dans leur tourn\u00e9e parrain\u00e9e par l\u2019Union Europ\u00e9enne (dans les pays non-membres de l\u2019UE), les vins de la vall\u00e9e du Rh\u00f4ne sont remont\u00e9s jusqu\u2019au L\u00e9man. Sur le bateau \u00abLausanne\u00bb, d\u00e9gustations et commentaires. Si les CdR (C\u00f4tes du Rh\u00f4ne) ont [&hellip;]","og_url":"https:\/\/thomasvino.ch\/?p=9250","og_site_name":"thomasvino","article_published_time":"2011-10-08T11:11:00+00:00","author":"Pierre Thomas","twitter_misc":{"\u00c9crit par":"Pierre Thomas","Dur\u00e9e de lecture estim\u00e9e":"3 minutes"},"schema":{"@context":"https:\/\/schema.org","@graph":[{"@type":"WebPage","@id":"https:\/\/thomasvino.ch\/?p=9250","url":"https:\/\/thomasvino.ch\/?p=9250","name":"Les C\u00f4tes du Rh\u00f4ne retrouvent la Suisse - thomasvino","isPartOf":{"@id":"https:\/\/thomasvino.ch\/#website"},"datePublished":"2011-10-08T11:11:00+00:00","dateModified":"2011-10-08T11:11:00+00:00","author":{"@id":"https:\/\/thomasvino.ch\/#\/schema\/person\/670bf4486fe81152cf1d68bd585e062e"},"breadcrumb":{"@id":"https:\/\/thomasvino.ch\/?p=9250#breadcrumb"},"inLanguage":"fr-FR","potentialAction":[{"@type":"ReadAction","target":["https:\/\/thomasvino.ch\/?p=9250"]}]},{"@type":"BreadcrumbList","@id":"https:\/\/thomasvino.ch\/?p=9250#breadcrumb","itemListElement":[{"@type":"ListItem","position":1,"name":"Accueil","item":"https:\/\/thomasvino.ch\/"},{"@type":"ListItem","position":2,"name":"Les C\u00f4tes du Rh\u00f4ne retrouvent la Suisse"}]},{"@type":"WebSite","@id":"https:\/\/thomasvino.ch\/#website","url":"https:\/\/thomasvino.ch\/","name":"thomasvino","description":"Vins &amp; Gastronomie","potentialAction":[{"@type":"SearchAction","target":{"@type":"EntryPoint","urlTemplate":"https:\/\/thomasvino.ch\/?s={search_term_string}"},"query-input":"required name=search_term_string"}],"inLanguage":"fr-FR"},{"@type":"Person","@id":"https:\/\/thomasvino.ch\/#\/schema\/person\/670bf4486fe81152cf1d68bd585e062e","name":"Pierre Thomas","image":{"@type":"ImageObject","inLanguage":"fr-FR","@id":"https:\/\/thomasvino.ch\/#\/schema\/person\/image\/","url":"https:\/\/secure.gravatar.com\/avatar\/91fd5a76647f140e53db987a0dead4d7?s=96&d=mm&r=g","contentUrl":"https:\/\/secure.gravatar.com\/avatar\/91fd5a76647f140e53db987a0dead4d7?s=96&d=mm&r=g","caption":"Pierre Thomas"},"url":"https:\/\/thomasvino.ch\/?author=3"}]}},"jetpack_featured_media_url":"","jetpack_sharing_enabled":true,"jetpack_shortlink":"https:\/\/wp.me\/p3m4tZ-2pc","jetpack_likes_enabled":false,"jetpack-related-posts":[{"id":9390,"url":"https:\/\/thomasvino.ch\/?p=9390","url_meta":{"origin":9250,"position":0},"title":"Les C\u00f4tes-du-Rh\u00f4ne satisfaits du march\u00e9 suisse","date":"3 juin 2012","format":false,"excerpt":"C\u00f4tes-du-Rh\u00f4ne: la Suisse consolide Inter Rh\u00f4ne, l\u2019interprofession des vins AOC de la Vall\u00e9es du Rh\u00f4ne (plus de 70'000 hectares, 308 millions de litres r\u00e9colt\u00e9s en 2011, soit davantage que la consommation totale du vin en Suisse) pavoise. Par une campagne de promotion, qui les a men\u00e9s en Suisse pour la\u2026","rel":"","context":"Dans &quot;Actus - News&quot;","img":{"alt_text":"","src":"","width":0,"height":0},"classes":[]},{"id":9642,"url":"https:\/\/thomasvino.ch\/?p=9642","url_meta":{"origin":9250,"position":1},"title":"C\u00f4tes-du-Rh\u00f4ne \u2014 Elles hissent le pavillon rouge","date":"6 janvier 2005","format":false,"excerpt":"Les c\u00f4tes-du-rh\u00f4ne hissent le pavillon rougeUne offensive de la deuxi\u00e8me plus grande r\u00e9gion viticole fran\u00e7aise pour r\u00e9sister aux vins du Nouveau Monde et d\u00e9poussi\u00e9rer une image de vins jug\u00e9s ringards.Par Pierre ThomasIl n'y a pas que les producteurs suisses de chasselas qui redoutent l'avenir... On peut appartenir au plus prestigieux\u2026","rel":"","context":"Dans &quot;Vins fran\u00e7ais&quot;","img":{"alt_text":"","src":"","width":0,"height":0},"classes":[]},{"id":9950,"url":"https:\/\/thomasvino.ch\/?p=9950","url_meta":{"origin":9250,"position":2},"title":"Les Suisses boivent plus de rouge indig\u00e8ne que de blanc","date":"6 avril 2007","format":false,"excerpt":"Les chiffres du vin suisse 2006Les Helv\u00e8tes boivent plus de vin rouge indig\u00e8ne que de blancTournant historique: pour la premi\u00e8re fois, les Suisses ont consomm\u00e9 un peu plus de vin rouge du pays que de blanc. Dans la baisse de la consommation, qui se confirme, c\u2019est encore le blanc local\u2026","rel":"","context":"Dans &quot;Tendance&quot;","img":{"alt_text":"","src":"","width":0,"height":0},"classes":[]},{"id":8856,"url":"https:\/\/thomasvino.ch\/?p=8856","url_meta":{"origin":9250,"position":3},"title":"Import et export suisses reculent en 2008","date":"13 mars 2009","format":false,"excerpt":"Import & exportLa Suisse importe un peu moins de vinEn 2008, l\u2019importation des vins en Suisse a l\u00e9g\u00e8rement fl\u00e9chi, \u00e0 174,5 millions de litres. Rappel\u00a0: les importations repr\u00e9sentent pr\u00e8s de 60% de la consommation totale de vins en Suisse. Des chiffres tir\u00e9s de Wine & Spirits, le nouvel organe officiel\u2026","rel":"","context":"Dans &quot;Actus - News&quot;","img":{"alt_text":"","src":"","width":0,"height":0},"classes":[]},{"id":8911,"url":"https:\/\/thomasvino.ch\/?p=8911","url_meta":{"origin":9250,"position":4},"title":"Quelques chiffres cl\u00e9s sur le vin suisse","date":"17 juin 2009","format":false,"excerpt":"Surfaces et consommationDes chiffres cl\u00e9s du vin en SuisseD\u2019une \u00e9tude publi\u00e9e en juin par le Statistique Vaud, les donn\u00e9es les plus int\u00e9ressantes, paradoxalement, sont celles qui rappellent quelques v\u00e9rit\u00e9s sur la Suisse viticole. Deux exemples de la place occup\u00e9e, d\u2019une part, par la vigne sur le territoire, d\u2019autre part, par\u2026","rel":"","context":"Dans &quot;Actus - News&quot;","img":{"alt_text":"","src":"","width":0,"height":0},"classes":[]},{"id":15078,"url":"https:\/\/thomasvino.ch\/?p=15078","url_meta":{"origin":9250,"position":5},"title":"Suisse et monde: les chiffres-cl\u00e9s du vin 2017","date":"26 avril 2018","format":false,"excerpt":"L'Office f\u00e9d\u00e9ral de l'agriculture (OFAG) le confirme: en 2017, la consommation de vins a l\u00e9g\u00e8rement d\u00e9cru en Suisse. L'Organisation internationale de la vigne et du vin a publi\u00e9 le m\u00eame jour (24.04.18) ses propres chiffres. En Suisse, la consommation totale est pass\u00e9e sous la barre des 250 millions de litres\u2026","rel":"","context":"Dans &quot;Actus - News&quot;","img":{"alt_text":"","src":"","width":0,"height":0},"classes":[]}],"_links":{"self":[{"href":"https:\/\/thomasvino.ch\/index.php?rest_route=\/wp\/v2\/posts\/9250"}],"collection":[{"href":"https:\/\/thomasvino.ch\/index.php?rest_route=\/wp\/v2\/posts"}],"about":[{"href":"https:\/\/thomasvino.ch\/index.php?rest_route=\/wp\/v2\/types\/post"}],"author":[{"embeddable":true,"href":"https:\/\/thomasvino.ch\/index.php?rest_route=\/wp\/v2\/users\/3"}],"replies":[{"embeddable":true,"href":"https:\/\/thomasvino.ch\/index.php?rest_route=%2Fwp%2Fv2%2Fcomments&post=9250"}],"version-history":[{"count":0,"href":"https:\/\/thomasvino.ch\/index.php?rest_route=\/wp\/v2\/posts\/9250\/revisions"}],"wp:attachment":[{"href":"https:\/\/thomasvino.ch\/index.php?rest_route=%2Fwp%2Fv2%2Fmedia&parent=9250"}],"wp:term":[{"taxonomy":"category","embeddable":true,"href":"https:\/\/thomasvino.ch\/index.php?rest_route=%2Fwp%2Fv2%2Fcategories&post=9250"},{"taxonomy":"post_tag","embeddable":true,"href":"https:\/\/thomasvino.ch\/index.php?rest_route=%2Fwp%2Fv2%2Ftags&post=9250"}],"curies":[{"name":"wp","href":"https:\/\/api.w.org\/{rel}","templated":true}]}}