{"id":9254,"date":"2011-10-12T16:59:00","date_gmt":"2011-10-12T16:59:00","guid":{"rendered":"http:\/\/localhost\/thomasvino\/?p=9254"},"modified":"2011-10-12T16:59:00","modified_gmt":"2011-10-12T16:59:00","slug":"tessin-le-merlot-craint-le-chaud","status":"publish","type":"post","link":"https:\/\/thomasvino.ch\/?p=9254","title":{"rendered":"Tessin \u2014 Le merlot craint le chaud"},"content":{"rendered":"<h2><b><i>Terre du merlot<\/i><br \/>\n<\/b><\/h2>\n<h1><b>Le Tessin craint le chaud<br \/>\n<\/b><\/h1>\n<div style=\"text-align: justify;\"><b>Le Tessin conna\u00eet un beau succ\u00e8s avec son merlot, plant\u00e9 depuis plus d\u2019un si\u00e8cle. Mais la Roche tarp\u00e9ienne n\u2019est jamais tr\u00e8s loin du Capitole. Et s\u2019il faisait trop chaud pour le merlot, au Sud des Alpes&#160;?<\/b><br \/>\n<i>Pierre Thomas, de retour de Lugano<\/i><br \/>\nComment mesurer le r\u00e9chauffement climatique sur le vin? Il suffit de lire les statistiques. La chaleur et le soleil se transforment en sucre dans le raisin. Cette valeur s\u2019exprime soit en \u00abdegr\u00e9s Oechsl\u00e9\u00bb, soit en \u00abBrix\u00bb. En 40 ans, de 1964 \u00e0 la fameuse ann\u00e9e 2003 de la canicule en Europe, le merlot n\u2019avait atteint les 87 degr\u00e9s Oechsl\u00e9 (21 Brix) que trois fois&#160;: en 1964, en 1971 et en 1990. Depuis 2003, record de degr\u00e9 moyen en sucre (22.3 Brix), jusqu\u2019\u00e0 2009, six fois, la valeur moyenne de 87\u00b0 Oechsl\u00e9 a \u00e9t\u00e9 atteinte, soit chaque ann\u00e9e, sauf en 2008.<br \/>\n<b>P\u00e9rilleuse \u00abtropicalisation\u00bb<\/b><br \/>\nCe r\u00e9chauffement a \u00e9t\u00e9 b\u00e9n\u00e9fique au fruit de la treille. Mais, d\u00e9j\u00e0, des vignerons s\u2019inqui\u00e8tent d\u2019une <i>\u00abtropicalisation\u00bb<\/i>. Le Vaudois de souche <b>Eric Klausener<\/b> (<a href=\"articles.php?lng=fr&amp;pg=1667\"><b><i>lire son portrait<\/i><\/b><\/a>) s\u2019est montr\u00e9 provocateur. Pour le coffret des 25 ans de l\u2019<i>\u00abAssociation des viticulteurs et des vinificateurs\u00bb<\/i> du Tessin, il a \u00e9labor\u00e9 un vin de trois c\u00e9pages d\u00e9velopp\u00e9s par l\u2019INRA de Montpellier, l\u2019arinarnoa (du merlot crois\u00e9 avec du petit verdot), du marselan (du grenache crois\u00e9 avec du cabernet sauvignon) et du caladoc (grenache crois\u00e9 avec du malbec). Des c\u00e9pages plant\u00e9s en 2004 et encore jamais assembl\u00e9s en Suisse, o\u00f9 en trouve ici ou l\u00e9, notamment de l\u2019arinarnoa au Tessin et du marselan sur La C\u00f4te vaudoise.<br \/>\nLe vigneron-encaveur, arriv\u00e9 au d\u00e9but des ann\u00e9es 1980 \u00e0 Purasca, dans le Malcantone (au sud de Lugano), craint cette <i>\u00abtropicalisation\u00bb<\/i>. Non seulement elle risque d\u2019accentuer les pr\u00e9cipitations \u2014 le Tessin cumule ensoleillement maximum et pluies abondantes \u2014, avec des risques \u00e9lev\u00e9 de maladies de la vigne, comme le mildiou. Elle va, aussi, changer le go\u00fbt des vins&#160;: <i>\u00abSi nous devons vendanger toujours plus t\u00f4t, des raisins toujours plus riches en sucre, avec \u00e0 la cl\u00e9 des vins toujours plus alcooleux et puissants, on risque de perdre notre identit\u00e9. On va rentrer en concurrence avec le Nouveau Monde, avec qui nous ne pourrons pas r\u00e9gater!\u00bb<\/i>, redoute le quinquag\u00e9naire.<br \/>\n<b>Vigneron, un m\u00e9tier \u00abtendance\u00bb<\/b><br \/>\nOn n\u2019en est pas encore l\u00e0. Dans un mill\u00e9sime comme 2009, le Tessin a r\u00e9ussi \u00e0 produire davantage de raisin (+ 11%) d\u2019un tr\u00e8s bon niveau. Il faut dire que le renouveau de la viticulture tessinoise est r\u00e9cente. En trente ans, gr\u00e2ce au merlot (qui couvre 85% des 1&rsquo;000 hectares), le Tessin a pu b\u00e2tir une hi\u00e9rarchie. Au sommet, des Riserva, \u00e9lev\u00e9es en barriques de ch\u00eane, soit 20% des merlots, vendus entre 30 et 100 francs la bouteille. Au milieu, des vins plus l\u00e9gers, pour un usage quotidien. Et une soupape de s\u00e9curit\u00e9 de 25% de merlot vinifi\u00e9 en blanc: un ph\u00e9nom\u00e8ne de mode, surtout outre-Gothard, \u00e0 Zurich ou B\u00e2le. La valeur moyenne du kilo de merlot se situait en 2009 \u00e0 4.15 francs, une jolie somme pour les quelque 3&rsquo;500 vignerons qui se partagent 1&rsquo;000 hectares, seulement, de vignes. <br \/>\nEn 30 ans, faire du vin au Tessin est devenu tr\u00e8s tendance. Le canton est pass\u00e9 d\u2019une oasis qui accueillit avec m\u00e9fiance un quarteron de <i>\u00abmousquetaires\u00bb<\/i> al\u00e9maniques, pour la plupart, \u00e0 un eldorado pour \u0153nophiles fortun\u00e9s. Depuis 2003, le nombre de caves est pass\u00e9 de 217 \u00e0 277, mais 230 traitent moins de 20&rsquo;000 kilos de vendange et cinq, seulement, plus de 500&rsquo;000 kilos. Ancien architecte, le pr\u00e9sident des vignerons \u00abind\u00e9pendants\u00bb, <b>Fernando Cattaneo<\/b>, est fier d\u2019avouer qu\u2019il n\u2019a pas dessin\u00e9 les plans de sa maison, mais de sa cave. Et la <b>famille Lucchini<\/b>, sur les hauts de Lugano, a confi\u00e9 \u00e0 Mario Botta le soin d\u2019\u00e9difier la cave de la Tenuta Moncucchetto, dont les vins, sign\u00e9s de deux femmes, <b>Lisetta Lucchini<\/b> et sa jeune \u0153nologue <b>Cristina Monico<\/b>, sont parmi les plus subtils du canton. <br \/>\n<b>Une nouvelle cave pour un Fribourgeois<\/b><br \/>\nAutre pionnier atypique, <b>Meinrad Perler<\/b>. Fils de paysans d\u2019Estavayer-le-Lac, ce banquier flaira, il y a tout juste 35 ans (au printemps 1977), le <i>\u00abscandale de Chiasso\u00bb<\/i> du Cr\u00e9dit Suisse, avant de se reconvertir avec passion dans la viticulture. Cons\u00e9cration en 2010, le Fribourgeois a \u00e9t\u00e9 proclam\u00e9 \u00abvigneron suisse de l\u2019ann\u00e9e\u00bb. Cet \u00e9t\u00e9, il a obtenu le permis de construire une cave moderne commune \u00e0 ses deux domaines de la Prella et du Tenimeto dell\u2019Or. <br \/>\nSeule ombre au tableau&#160;: les Romands ont de la peine \u00e0 se convertir au merlot du Tessin. <i>\u00abC\u2019est dommage\u00bb<\/i>, d\u00e9plore <b>Francesco Tettamanti<\/b>, le directeur de l\u2019office de promotion Ticinowine. <i>\u00abMais comme les producteurs doivent limiter leurs meilleures cuv\u00e9es aupr\u00e8s des clients suisses al\u00e9maniques, cela ne va pas changer de sit\u00f4t\u00bb<\/i>. Et le Tessinois ne voit pas d\u2019un tr\u00e8s bon \u0153il que les vignerons romands se mettent, \u00e0 leur tour, au merlot: c\u2019est un vin de La C\u00f4te vaudoise (\u00abInspiration\u00bb 2009 de <b>Rodrigo Banto<\/b>, l&rsquo;\u0153nologue chilien d&rsquo;UVAVINS) qui a \u00e9t\u00e9 sacr\u00e9 le meilleur du concours <i>Merlot du Monde<\/i>, l\u2019an pass\u00e9 \u00e0 Lugano. Les Tessinois esp\u00e8rent bien reprendre la main, du 11 au 13 novembre 2011.<\/div>\n<h2>2009, un mill\u00e9sime go\u00fbteux<\/h2>\n<div style=\"text-align: justify;\">Quand tout le monde parle du \u00abdernier mill\u00e9sime\u00bb, \u00e0 peine le raisin vendang\u00e9, le Tessin, lui, met sur le march\u00e9 ses 2009. Du moins ses Riserva, le haut de gamme, \u00e9lev\u00e9 au moins un an en f\u00fbts de ch\u00eane, de la D.O.C. (appellation d\u2019origine contr\u00f4l\u00e9e en italien). S\u2019il est plus abondant (11% de plus que moyenne des dix derni\u00e8res ann\u00e9es), le merlot 2009 est d\u2019une tr\u00e8s bonne qualit\u00e9. Il n\u2019est pas loin du 2007, la grande ann\u00e9e de ce d\u00e9but de mill\u00e9naire au Sud des Alpes. D\u2019une trame fruit\u00e9e et charnue, les meilleurs 2009 se laissent d\u00e9j\u00e0 appr\u00e9cier, notamment \u00e0 table, o\u00f9 les merlots \u00abbien \u00e9lev\u00e9s\u00bb ne craignent aucun plat sophistiqu\u00e9!<\/div>\n<h2>Un coffret \u00abcollector\u00bb<\/h2>\n<div style=\"text-align: justify;\">L\u2019id\u00e9e a \u00e9t\u00e9 lanc\u00e9e par <b>Eric Klausener<\/b>: pour f\u00eater les 25 ans de leur Association, d\u2019une quarantaine de petits vignerons-encaveurs (pour 100 ha de vigne), un coffret artistiquement pr\u00e9sent\u00e9 propose \u00aben bloc\u00bb 27 vins. Tous sont des cuv\u00e9es originales, du mill\u00e9sime 2009. Le coffret, tir\u00e9 \u00e0 300 exemplaires (soit l\u2019\u00e9quivalent d\u2019une barrique pour chaque vin), est un v\u00e9ritable \u00abcollector\u00bb vendu en ligne sur Internet \u00e0 1&rsquo;600 francs, avec un livret de d\u00e9gustation du champion d\u2019Europe des sommeliers, <b>Paolo Basso<\/b>. On y trouve des vins (souvent des merlots) sign\u00e9s des plus c\u00e9l\u00e8bres vignerons tessinois, les \u00abhistoriques\u00bb <b>Christian Z\u00fcndel, Adriano Kaufmann, Daniel Huber, Stefano Haldemann<\/b> et <b>Eric Klausener<\/b>, et les Tessinois confirm\u00e9s, comme <b>Sacha Pelossi<\/b> (connu comme \u0153nologue de <b>Meinrad Perler<\/b>), <b>Giorgio Rossi<\/b> (le champion de la \u00abbondola\u00bb, c\u00e9page local rustique) ou <b>Enrico Trapletti<\/b>. Un reflet tr\u00e8s complet de la viticulture tessinoise, \u00e0 la fois modeste par sa taille et ambitieuse par sa qualit\u00e9. (<a href=\"http:\/\/www.viticoltori.ch\/extra_062011\/index.asp?IDL=3\"><b>www.viticoltori.ch<\/b><\/a>, en fran\u00e7ais)<br \/>\n<i>Paru dans le quotidien <\/i>La Libert\u00e9<i> du 12 octobre 2011.<\/i><a href=\"file\/pdf\/lib_merlot_ti.pdf\" title=\"lib_merlot_ti.pdf\"><i><b> Version PDF ici.<\/b><\/i><\/a><br \/>\n<i>\u00a9thomasvino.ch<\/i><br \/>\n&#160;<\/div>\n","protected":false},"excerpt":{"rendered":"<p>Terre du merlot Le Tessin craint le chaud Le Tessin conna\u00eet un beau succ\u00e8s avec son merlot, plant\u00e9 depuis plus d\u2019un si\u00e8cle. Mais la Roche tarp\u00e9ienne n\u2019est jamais tr\u00e8s loin du Capitole. Et s\u2019il faisait trop chaud pour le merlot, au Sud des Alpes&#160;? Pierre Thomas, de retour de Lugano Comment mesurer le r\u00e9chauffement climatique [&hellip;]<\/p>\n","protected":false},"author":3,"featured_media":0,"comment_status":"closed","ping_status":"open","sticky":false,"template":"","format":"standard","meta":{"_monsterinsights_skip_tracking":false,"_monsterinsights_sitenote_active":false,"_monsterinsights_sitenote_note":"","_monsterinsights_sitenote_category":0,"jetpack_post_was_ever_published":false,"jetpack_publicize_message":"","jetpack_is_tweetstorm":false,"jetpack_publicize_feature_enabled":true,"jetpack_social_post_already_shared":false,"jetpack_social_options":{"image_generator_settings":{"template":"highway","enabled":false}}},"categories":[3],"tags":[],"jetpack_publicize_connections":[],"yoast_head":"<!-- This site is optimized with the Yoast SEO plugin v20.6 - https:\/\/yoast.com\/wordpress\/plugins\/seo\/ -->\n<title>Tessin \u2014 Le merlot craint le chaud - thomasvino<\/title>\n<meta name=\"robots\" content=\"index, follow, max-snippet:-1, max-image-preview:large, max-video-preview:-1\" \/>\n<link rel=\"canonical\" href=\"https:\/\/thomasvino.ch\/?p=9254\" \/>\n<meta property=\"og:locale\" content=\"fr_FR\" \/>\n<meta property=\"og:type\" content=\"article\" \/>\n<meta property=\"og:title\" content=\"Tessin \u2014 Le merlot craint le chaud - thomasvino\" \/>\n<meta property=\"og:description\" content=\"Terre du merlot Le Tessin craint le chaud Le Tessin conna\u00eet un beau succ\u00e8s avec son merlot, plant\u00e9 depuis plus d\u2019un si\u00e8cle. Mais la Roche tarp\u00e9ienne n\u2019est jamais tr\u00e8s loin du Capitole. Et s\u2019il faisait trop chaud pour le merlot, au Sud des Alpes&#160;? Pierre Thomas, de retour de Lugano Comment mesurer le r\u00e9chauffement climatique [&hellip;]\" \/>\n<meta property=\"og:url\" content=\"https:\/\/thomasvino.ch\/?p=9254\" \/>\n<meta property=\"og:site_name\" content=\"thomasvino\" \/>\n<meta property=\"article:published_time\" content=\"2011-10-12T16:59:00+00:00\" \/>\n<meta name=\"author\" content=\"Pierre Thomas\" \/>\n<meta name=\"twitter:label1\" content=\"\u00c9crit par\" \/>\n\t<meta name=\"twitter:data1\" content=\"Pierre Thomas\" \/>\n\t<meta name=\"twitter:label2\" content=\"Dur\u00e9e de lecture estim\u00e9e\" \/>\n\t<meta name=\"twitter:data2\" content=\"6 minutes\" \/>\n<script type=\"application\/ld+json\" class=\"yoast-schema-graph\">{\"@context\":\"https:\/\/schema.org\",\"@graph\":[{\"@type\":\"WebPage\",\"@id\":\"https:\/\/thomasvino.ch\/?p=9254\",\"url\":\"https:\/\/thomasvino.ch\/?p=9254\",\"name\":\"Tessin \u2014 Le merlot craint le chaud - thomasvino\",\"isPartOf\":{\"@id\":\"https:\/\/thomasvino.ch\/#website\"},\"datePublished\":\"2011-10-12T16:59:00+00:00\",\"dateModified\":\"2011-10-12T16:59:00+00:00\",\"author\":{\"@id\":\"https:\/\/thomasvino.ch\/#\/schema\/person\/670bf4486fe81152cf1d68bd585e062e\"},\"breadcrumb\":{\"@id\":\"https:\/\/thomasvino.ch\/?p=9254#breadcrumb\"},\"inLanguage\":\"fr-FR\",\"potentialAction\":[{\"@type\":\"ReadAction\",\"target\":[\"https:\/\/thomasvino.ch\/?p=9254\"]}]},{\"@type\":\"BreadcrumbList\",\"@id\":\"https:\/\/thomasvino.ch\/?p=9254#breadcrumb\",\"itemListElement\":[{\"@type\":\"ListItem\",\"position\":1,\"name\":\"Accueil\",\"item\":\"https:\/\/thomasvino.ch\/\"},{\"@type\":\"ListItem\",\"position\":2,\"name\":\"Tessin \u2014 Le merlot craint le chaud\"}]},{\"@type\":\"WebSite\",\"@id\":\"https:\/\/thomasvino.ch\/#website\",\"url\":\"https:\/\/thomasvino.ch\/\",\"name\":\"thomasvino\",\"description\":\"Vins &amp; Gastronomie\",\"potentialAction\":[{\"@type\":\"SearchAction\",\"target\":{\"@type\":\"EntryPoint\",\"urlTemplate\":\"https:\/\/thomasvino.ch\/?s={search_term_string}\"},\"query-input\":\"required name=search_term_string\"}],\"inLanguage\":\"fr-FR\"},{\"@type\":\"Person\",\"@id\":\"https:\/\/thomasvino.ch\/#\/schema\/person\/670bf4486fe81152cf1d68bd585e062e\",\"name\":\"Pierre Thomas\",\"image\":{\"@type\":\"ImageObject\",\"inLanguage\":\"fr-FR\",\"@id\":\"https:\/\/thomasvino.ch\/#\/schema\/person\/image\/\",\"url\":\"https:\/\/secure.gravatar.com\/avatar\/91fd5a76647f140e53db987a0dead4d7?s=96&d=mm&r=g\",\"contentUrl\":\"https:\/\/secure.gravatar.com\/avatar\/91fd5a76647f140e53db987a0dead4d7?s=96&d=mm&r=g\",\"caption\":\"Pierre Thomas\"},\"url\":\"https:\/\/thomasvino.ch\/?author=3\"}]}<\/script>\n<!-- \/ Yoast SEO plugin. -->","yoast_head_json":{"title":"Tessin \u2014 Le merlot craint le chaud - thomasvino","robots":{"index":"index","follow":"follow","max-snippet":"max-snippet:-1","max-image-preview":"max-image-preview:large","max-video-preview":"max-video-preview:-1"},"canonical":"https:\/\/thomasvino.ch\/?p=9254","og_locale":"fr_FR","og_type":"article","og_title":"Tessin \u2014 Le merlot craint le chaud - thomasvino","og_description":"Terre du merlot Le Tessin craint le chaud Le Tessin conna\u00eet un beau succ\u00e8s avec son merlot, plant\u00e9 depuis plus d\u2019un si\u00e8cle. Mais la Roche tarp\u00e9ienne n\u2019est jamais tr\u00e8s loin du Capitole. Et s\u2019il faisait trop chaud pour le merlot, au Sud des Alpes&#160;? Pierre Thomas, de retour de Lugano Comment mesurer le r\u00e9chauffement climatique [&hellip;]","og_url":"https:\/\/thomasvino.ch\/?p=9254","og_site_name":"thomasvino","article_published_time":"2011-10-12T16:59:00+00:00","author":"Pierre Thomas","twitter_misc":{"\u00c9crit par":"Pierre Thomas","Dur\u00e9e de lecture estim\u00e9e":"6 minutes"},"schema":{"@context":"https:\/\/schema.org","@graph":[{"@type":"WebPage","@id":"https:\/\/thomasvino.ch\/?p=9254","url":"https:\/\/thomasvino.ch\/?p=9254","name":"Tessin \u2014 Le merlot craint le chaud - thomasvino","isPartOf":{"@id":"https:\/\/thomasvino.ch\/#website"},"datePublished":"2011-10-12T16:59:00+00:00","dateModified":"2011-10-12T16:59:00+00:00","author":{"@id":"https:\/\/thomasvino.ch\/#\/schema\/person\/670bf4486fe81152cf1d68bd585e062e"},"breadcrumb":{"@id":"https:\/\/thomasvino.ch\/?p=9254#breadcrumb"},"inLanguage":"fr-FR","potentialAction":[{"@type":"ReadAction","target":["https:\/\/thomasvino.ch\/?p=9254"]}]},{"@type":"BreadcrumbList","@id":"https:\/\/thomasvino.ch\/?p=9254#breadcrumb","itemListElement":[{"@type":"ListItem","position":1,"name":"Accueil","item":"https:\/\/thomasvino.ch\/"},{"@type":"ListItem","position":2,"name":"Tessin \u2014 Le merlot craint le chaud"}]},{"@type":"WebSite","@id":"https:\/\/thomasvino.ch\/#website","url":"https:\/\/thomasvino.ch\/","name":"thomasvino","description":"Vins &amp; Gastronomie","potentialAction":[{"@type":"SearchAction","target":{"@type":"EntryPoint","urlTemplate":"https:\/\/thomasvino.ch\/?s={search_term_string}"},"query-input":"required name=search_term_string"}],"inLanguage":"fr-FR"},{"@type":"Person","@id":"https:\/\/thomasvino.ch\/#\/schema\/person\/670bf4486fe81152cf1d68bd585e062e","name":"Pierre Thomas","image":{"@type":"ImageObject","inLanguage":"fr-FR","@id":"https:\/\/thomasvino.ch\/#\/schema\/person\/image\/","url":"https:\/\/secure.gravatar.com\/avatar\/91fd5a76647f140e53db987a0dead4d7?s=96&d=mm&r=g","contentUrl":"https:\/\/secure.gravatar.com\/avatar\/91fd5a76647f140e53db987a0dead4d7?s=96&d=mm&r=g","caption":"Pierre Thomas"},"url":"https:\/\/thomasvino.ch\/?author=3"}]}},"jetpack_featured_media_url":"","jetpack_sharing_enabled":true,"jetpack_shortlink":"https:\/\/wp.me\/p3m4tZ-2pg","jetpack_likes_enabled":false,"jetpack-related-posts":[{"id":8964,"url":"https:\/\/thomasvino.ch\/?p=8964","url_meta":{"origin":9254,"position":0},"title":"Tessin \u2014 Les 2007 en grande forme","date":"30 octobre 2009","format":false,"excerpt":"Il Viso del Vino \u00e0 Lugano 2007, grand mill\u00e9sime au Tessin Avec 2000 et 2005, 2007 s\u2019inscrit comme un grand mill\u00e9sime pour le Tessin, surtout pour le merlot. Soixante producteurs l\u2019ont prouv\u00e9, d\u00e9but septembre, \u00e0 Lugano. Par Pierre Thomas C\u2019est, d\u00e9sormais, une tradition, qui avait d\u00e9but\u00e9 dans un des ch\u00e2teaux\u2026","rel":"","context":"Dans &quot;Vins suisses&quot;","img":{"alt_text":"site_ti_pelossi.jpg","src":"img\/site_ti_pelossi.jpg","width":350,"height":200},"classes":[]},{"id":9677,"url":"https:\/\/thomasvino.ch\/?p=9677","url_meta":{"origin":9254,"position":1},"title":"Tessin \u2014 Le merlot a f\u00eat\u00e9 ses 100 ans en 2006","date":"13 octobre 2005","format":false,"excerpt":"Le merlot tessinois a cent ans Un coup de poker gagnant La premi\u00e8re fois que du merlot fut vinifi\u00e9 au Tessin, c\u2019\u00e9tait en 1906. L\u2019an prochain, le vignoble reconverti au c\u00e9page bordelais (apr\u00e8s les ravages du phyllox\u00e9ra) sera en f\u00eate toute l\u2019ann\u00e9e. Et les meilleures cuv\u00e9es de l\u2019exotique mill\u00e9sime 2003\u2026","rel":"","context":"Dans &quot;Vins suisses&quot;","img":{"alt_text":"","src":"","width":0,"height":0},"classes":[]},{"id":18682,"url":"https:\/\/thomasvino.ch\/?p=18682","url_meta":{"origin":9254,"position":2},"title":"Merlots du Tessin: prendrez-vous une caisse d\u2019audace?","date":"8 mars 2026","format":false,"excerpt":"Le jeu de mots est facile: sous le nom de \u00abDodas\u00bb, douze vigneronnes et vignerons du Tessin, quasi \u00e0 parit\u00e9, viennent de pr\u00e9senter une caisse de chacun de leur meilleur merlot, \u00e9lev\u00e9 pour tenir dans le temps, \u00e0 Lugano, la capitale \u00e9conomique et culturelle du seul canton suisse d\u2019expression italophone.\u2026","rel":"","context":"Dans &quot;Tendance&quot;","img":{"alt_text":"","src":"https:\/\/i0.wp.com\/thomasvino.ch\/wp-content\/uploads\/2026\/03\/dodas_trio-225x300.jpg?resize=350%2C200&ssl=1","width":350,"height":200},"classes":[]},{"id":10333,"url":"https:\/\/thomasvino.ch\/?p=10333","url_meta":{"origin":9254,"position":3},"title":"D\u00e9zaley et Calamin: retour officiel parmi les grands crus vaudois!","date":"2 avril 2013","format":false,"excerpt":"On l\u2019avait\u00a0d\u00e9j\u00e0 \u00e9crit ici\u00a0: D\u00e9zaley (moins de 54 hectares, exactement 53,8, y compris le D\u00e9zaley-Marsens, 3,8 ha) et Calamin (16 ha) allaient revenir dans le giron des AOC, mais sous la forme d\u2019un Grand Cru \u00abautomatique\u00bb. Une sorte de compromis \u00e0 la vaudoise, pour tenir compte de la hi\u00e9rarchie des\u2026","rel":"","context":"Dans &quot;Vins suisses&quot;","img":{"alt_text":"","src":"","width":0,"height":0},"classes":[]},{"id":11409,"url":"https:\/\/thomasvino.ch\/?p=11409","url_meta":{"origin":9254,"position":4},"title":"Mill\u00e9sime 2013   Les chiffres de Changins et les al\u00e9as de la m\u00e9t\u00e9o","date":"18 octobre 2013","format":false,"excerpt":"O\u00f9 se situe, pour ce qu\u2019on en sait \u00e0 ce jour (mi-octobre 2013), alors que les vendanges ne sont pas termin\u00e9es, le mill\u00e9sime 2013\u00a0? Agroscope Changins-W\u00e4denswil a publi\u00e9 un communiqu\u00e9, dont on peut tirer les chiffres suivants, bas\u00e9s sur des observations entam\u00e9es il y a 89 ans d\u00e9j\u00e0. D\u00e9marrage poussif,\u2026","rel":"","context":"Dans &quot;Actus - News&quot;","img":{"alt_text":"","src":"","width":0,"height":0},"classes":[]},{"id":8823,"url":"https:\/\/thomasvino.ch\/?p=8823","url_meta":{"origin":9254,"position":5},"title":"Le triomphe du Merlot del Ticino","date":"29 novembre 2008","format":false,"excerpt":"Grand Jury de 24 Heures Le triomphe du Merlot del Ticino Quatri\u00e8me manche de notre match Nouveau contre Ancien Monde. L\u2019outsider tessinois a bien jou\u00e9 son coup : sur douze merlots finalistes, six vins, tous en t\u00eate, sauf pour la m\u00e9daille de bronze, valdo-californienne. Pierre Thomas Ce fut le match\u2026","rel":"","context":"Dans &quot;Grand Jury 24 Heures&quot;","img":{"alt_text":"","src":"","width":0,"height":0},"classes":[]}],"_links":{"self":[{"href":"https:\/\/thomasvino.ch\/index.php?rest_route=\/wp\/v2\/posts\/9254"}],"collection":[{"href":"https:\/\/thomasvino.ch\/index.php?rest_route=\/wp\/v2\/posts"}],"about":[{"href":"https:\/\/thomasvino.ch\/index.php?rest_route=\/wp\/v2\/types\/post"}],"author":[{"embeddable":true,"href":"https:\/\/thomasvino.ch\/index.php?rest_route=\/wp\/v2\/users\/3"}],"replies":[{"embeddable":true,"href":"https:\/\/thomasvino.ch\/index.php?rest_route=%2Fwp%2Fv2%2Fcomments&post=9254"}],"version-history":[{"count":0,"href":"https:\/\/thomasvino.ch\/index.php?rest_route=\/wp\/v2\/posts\/9254\/revisions"}],"wp:attachment":[{"href":"https:\/\/thomasvino.ch\/index.php?rest_route=%2Fwp%2Fv2%2Fmedia&parent=9254"}],"wp:term":[{"taxonomy":"category","embeddable":true,"href":"https:\/\/thomasvino.ch\/index.php?rest_route=%2Fwp%2Fv2%2Fcategories&post=9254"},{"taxonomy":"post_tag","embeddable":true,"href":"https:\/\/thomasvino.ch\/index.php?rest_route=%2Fwp%2Fv2%2Ftags&post=9254"}],"curies":[{"name":"wp","href":"https:\/\/api.w.org\/{rel}","templated":true}]}}